{"id":4866,"date":"2021-07-02T10:45:28","date_gmt":"2021-07-02T10:45:28","guid":{"rendered":"https:\/\/www.consuladordholanda.com\/?p=4866"},"modified":"2021-07-02T10:45:28","modified_gmt":"2021-07-02T10:45:28","slug":"sr-luis-manuel-diaz-tomo-posesion-como-viceconsul-del-consulado-general-de-amsterdam","status":"publish","type":"post","link":"https:\/\/nld.mirex.gob.do\/consular\/amsterdam\/sr-luis-manuel-diaz-tomo-posesion-como-viceconsul-del-consulado-general-de-amsterdam\/","title":{"rendered":"Sr. Luis Manuel D\u00edaz tom\u00f3 posesi\u00f3n como Vicec\u00f3nsul del Consulado General de \u00c1msterdam"},"content":{"rendered":"<p><a href=\"https:\/\/www.consuladordholanda.com\/wp-content\/uploads\/2021\/07\/Sr.-Luis-Manuel-Diaz-tomo-posesion-como-Viceconsul-del-Consulado-General-de-Amsterdam-1.jpg\"><img fetchpriority=\"high\" decoding=\"async\" class=\"alignnone size-full wp-image-4867\" src=\"https:\/\/www.consuladordholanda.com\/wp-content\/uploads\/2021\/07\/Sr.-Luis-Manuel-Diaz-tomo-posesion-como-Viceconsul-del-Consulado-General-de-Amsterdam-1.jpg\" alt=\"\" width=\"1080\" height=\"1350\"><\/a><\/p>\n<p>En el d\u00eda de hoy el <strong>Sr. Luis Manuel D\u00edaz<\/strong> tom\u00f3 posesi\u00f3n como<strong> Vicec\u00f3nsul del Consulado General de la Rep\u00fablica Dominicana en los Pa\u00edses Bajos<\/strong>, \u00c1msterdam.<\/p>\n<p>El Sr. Luis Manuel D\u00edaz se une a este consulado con el objetivo de <strong>seguir trabajando para el beneficio de todos los dominicanos residentes en los Pa\u00edses Bajos<\/strong>, y para asegurar que cada dominicano que visite nuestro consulado, sienta una parte de nuestra tierra.<\/p>\n\n","protected":false},"excerpt":{"rendered":"<p>En el d\u00eda de hoy el Sr. Luis Manuel D\u00edaz tom\u00f3 posesi\u00f3n como Vicec\u00f3nsul del Consulado General de la Rep\u00fablica Dominicana en los Pa\u00edses Bajos, \u00c1msterdam. El Sr. Luis Manuel D\u00edaz se une a este consulado con el objetivo de seguir trabajando para el beneficio de todos los dominicanos residentes en los Pa\u00edses Bajos, y [&hellip;]<\/p>\n","protected":false},"author":8,"featured_media":4868,"comment_status":"closed","ping_status":"open","sticky":false,"template":"","format":"standard","meta":{"site-sidebar-layout":"default","site-content-layout":"","ast-site-content-layout":"default","site-content-style":"default","site-sidebar-style":"default","ast-global-header-display":"","ast-banner-title-visibility":"","ast-main-header-display":"","ast-hfb-above-header-display":"","ast-hfb-below-header-display":"","ast-hfb-mobile-header-display":"","site-post-title":"","ast-breadcrumbs-content":"","ast-featured-img":"","footer-sml-layout":"","ast-disable-related-posts":"","theme-transparent-header-meta":"","adv-header-id-meta":"","stick-header-meta":"","header-above-stick-meta":"","header-main-stick-meta":"","header-below-stick-meta":"","astra-migrate-meta-layouts":"default","ast-page-background-enabled":"default","ast-page-background-meta":{"desktop":{"background-color":"","background-image":"","background-repeat":"repeat","background-position":"center center","background-size":"auto","background-attachment":"scroll","background-type":"","background-media":"","overlay-type":"","overlay-color":"","overlay-opacity":"","overlay-gradient":""},"tablet":{"background-color":"","background-image":"","background-repeat":"repeat","background-position":"center center","background-size":"auto","background-attachment":"scroll","background-type":"","background-media":"","overlay-type":"","overlay-color":"","overlay-opacity":"","overlay-gradient":""},"mobile":{"background-color":"","background-image":"","background-repeat":"repeat","background-position":"center center","background-size":"auto","background-attachment":"scroll","background-type":"","background-media":"","overlay-type":"","overlay-color":"","overlay-opacity":"","overlay-gradient":""}},"ast-content-background-meta":{"desktop":{"background-color":"var(--ast-global-color-5)","background-image":"","background-repeat":"repeat","background-position":"center center","background-size":"auto","background-attachment":"scroll","background-type":"","background-media":"","overlay-type":"","overlay-color":"","overlay-opacity":"","overlay-gradient":""},"tablet":{"background-color":"var(--ast-global-color-5)","background-image":"","background-repeat":"repeat","background-position":"center center","background-size":"auto","background-attachment":"scroll","background-type":"","background-media":"","overlay-type":"","overlay-color":"","overlay-opacity":"","overlay-gradient":""},"mobile":{"background-color":"var(--ast-global-color-5)","background-image":"","background-repeat":"repeat","background-position":"center center","background-size":"auto","background-attachment":"scroll","background-type":"","background-media":"","overlay-type":"","overlay-color":"","overlay-opacity":"","overlay-gradient":""}},"footnotes":""},"categories":[66,405],"tags":[466],"class_list":["post-4866","post","type-post","status-publish","format-standard","has-post-thumbnail","hentry","category-novedades","category-novedades-en-portada","tag-sr-luis-manuel-diaz"],"yoast_head":"<!-- This site is optimized with the Yoast SEO plugin v27.4 - https:\/\/yoast.com\/product\/yoast-seo-wordpress\/ -->\n<title>Sr. Luis Manuel D\u00edaz tom\u00f3 posesi\u00f3n como Vicec\u00f3nsul del Consulado General de \u00c1msterdam - Consulado General de la Rep\u00fablica Dominicana en La Haya, Reino de los Pa\u00edses Bajos<\/title>\n<meta name=\"robots\" content=\"index, follow, max-snippet:-1, max-image-preview:large, max-video-preview:-1\" \/>\n<link rel=\"canonical\" href=\"https:\/\/nld.mirex.gob.do\/consular\/amsterdam\/sr-luis-manuel-diaz-tomo-posesion-como-viceconsul-del-consulado-general-de-amsterdam\/\" \/>\n<meta property=\"og:locale\" content=\"en_US\" \/>\n<meta property=\"og:type\" content=\"article\" \/>\n<meta property=\"og:title\" content=\"Sr. Luis Manuel D\u00edaz tom\u00f3 posesi\u00f3n como Vicec\u00f3nsul del Consulado General de \u00c1msterdam - Consulado General de la Rep\u00fablica Dominicana en La Haya, Reino de los Pa\u00edses Bajos\" \/>\n<meta property=\"og:description\" content=\"En el d\u00eda de hoy el Sr. Luis Manuel D\u00edaz tom\u00f3 posesi\u00f3n como Vicec\u00f3nsul del Consulado General de la Rep\u00fablica Dominicana en los Pa\u00edses Bajos, \u00c1msterdam. El Sr. Luis Manuel D\u00edaz se une a este consulado con el objetivo de seguir trabajando para el beneficio de todos los dominicanos residentes en los Pa\u00edses Bajos, y [&hellip;]\" \/>\n<meta property=\"og:url\" content=\"https:\/\/nld.mirex.gob.do\/consular\/amsterdam\/sr-luis-manuel-diaz-tomo-posesion-como-viceconsul-del-consulado-general-de-amsterdam\/\" \/>\n<meta property=\"og:site_name\" content=\"Consulado General de la Rep\u00fablica Dominicana en La Haya, Reino de los Pa\u00edses Bajos\" \/>\n<meta property=\"article:published_time\" content=\"2021-07-02T10:45:28+00:00\" \/>\n<meta name=\"author\" content=\"Michael Antonio Melo Andujar\" \/>\n<meta name=\"twitter:card\" content=\"summary_large_image\" \/>\n<meta name=\"twitter:label1\" content=\"Written by\" \/>\n\t<meta name=\"twitter:data1\" content=\"Michael Antonio Melo Andujar\" \/>\n\t<meta name=\"twitter:label2\" content=\"Est. reading time\" \/>\n\t<meta name=\"twitter:data2\" content=\"1 minute\" \/>\n<script type=\"application\/ld+json\" class=\"yoast-schema-graph\">{\"@context\":\"https:\\\/\\\/schema.org\",\"@graph\":[{\"@type\":\"Article\",\"@id\":\"https:\\\/\\\/nld.mirex.gob.do\\\/consular\\\/amsterdam\\\/sr-luis-manuel-diaz-tomo-posesion-como-viceconsul-del-consulado-general-de-amsterdam\\\/#article\",\"isPartOf\":{\"@id\":\"https:\\\/\\\/nld.mirex.gob.do\\\/consular\\\/amsterdam\\\/sr-luis-manuel-diaz-tomo-posesion-como-viceconsul-del-consulado-general-de-amsterdam\\\/\"},\"author\":{\"name\":\"Michael Antonio Melo Andujar\",\"@id\":\"https:\\\/\\\/nld.mirex.gob.do\\\/consular\\\/amsterdam\\\/#\\\/schema\\\/person\\\/772a9951ade6a7e4ab978b618b619ff8\"},\"headline\":\"Sr. Luis Manuel D\u00edaz tom\u00f3 posesi\u00f3n como Vicec\u00f3nsul del Consulado General de \u00c1msterdam\",\"datePublished\":\"2021-07-02T10:45:28+00:00\",\"mainEntityOfPage\":{\"@id\":\"https:\\\/\\\/nld.mirex.gob.do\\\/consular\\\/amsterdam\\\/sr-luis-manuel-diaz-tomo-posesion-como-viceconsul-del-consulado-general-de-amsterdam\\\/\"},\"wordCount\":96,\"publisher\":{\"@id\":\"https:\\\/\\\/nld.mirex.gob.do\\\/consular\\\/amsterdam\\\/#organization\"},\"image\":{\"@id\":\"https:\\\/\\\/nld.mirex.gob.do\\\/consular\\\/amsterdam\\\/sr-luis-manuel-diaz-tomo-posesion-como-viceconsul-del-consulado-general-de-amsterdam\\\/#primaryimage\"},\"thumbnailUrl\":\"\",\"keywords\":[\"Sr. Luis Manuel D\u00edaz\"],\"articleSection\":[\"Novedades\",\"Novedades en portada\"],\"inLanguage\":\"en-US\"},{\"@type\":\"WebPage\",\"@id\":\"https:\\\/\\\/nld.mirex.gob.do\\\/consular\\\/amsterdam\\\/sr-luis-manuel-diaz-tomo-posesion-como-viceconsul-del-consulado-general-de-amsterdam\\\/\",\"url\":\"https:\\\/\\\/nld.mirex.gob.do\\\/consular\\\/amsterdam\\\/sr-luis-manuel-diaz-tomo-posesion-como-viceconsul-del-consulado-general-de-amsterdam\\\/\",\"name\":\"Sr. Luis Manuel D\u00edaz tom\u00f3 posesi\u00f3n como Vicec\u00f3nsul del Consulado General de \u00c1msterdam - Consulado General de la Rep\u00fablica Dominicana en La Haya, Reino de los Pa\u00edses Bajos\",\"isPartOf\":{\"@id\":\"https:\\\/\\\/nld.mirex.gob.do\\\/consular\\\/amsterdam\\\/#website\"},\"primaryImageOfPage\":{\"@id\":\"https:\\\/\\\/nld.mirex.gob.do\\\/consular\\\/amsterdam\\\/sr-luis-manuel-diaz-tomo-posesion-como-viceconsul-del-consulado-general-de-amsterdam\\\/#primaryimage\"},\"image\":{\"@id\":\"https:\\\/\\\/nld.mirex.gob.do\\\/consular\\\/amsterdam\\\/sr-luis-manuel-diaz-tomo-posesion-como-viceconsul-del-consulado-general-de-amsterdam\\\/#primaryimage\"},\"thumbnailUrl\":\"\",\"datePublished\":\"2021-07-02T10:45:28+00:00\",\"breadcrumb\":{\"@id\":\"https:\\\/\\\/nld.mirex.gob.do\\\/consular\\\/amsterdam\\\/sr-luis-manuel-diaz-tomo-posesion-como-viceconsul-del-consulado-general-de-amsterdam\\\/#breadcrumb\"},\"inLanguage\":\"en-US\",\"potentialAction\":[{\"@type\":\"ReadAction\",\"target\":[\"https:\\\/\\\/nld.mirex.gob.do\\\/consular\\\/amsterdam\\\/sr-luis-manuel-diaz-tomo-posesion-como-viceconsul-del-consulado-general-de-amsterdam\\\/\"]}]},{\"@type\":\"ImageObject\",\"inLanguage\":\"en-US\",\"@id\":\"https:\\\/\\\/nld.mirex.gob.do\\\/consular\\\/amsterdam\\\/sr-luis-manuel-diaz-tomo-posesion-como-viceconsul-del-consulado-general-de-amsterdam\\\/#primaryimage\",\"url\":\"\",\"contentUrl\":\"\"},{\"@type\":\"BreadcrumbList\",\"@id\":\"https:\\\/\\\/nld.mirex.gob.do\\\/consular\\\/amsterdam\\\/sr-luis-manuel-diaz-tomo-posesion-como-viceconsul-del-consulado-general-de-amsterdam\\\/#breadcrumb\",\"itemListElement\":[{\"@type\":\"ListItem\",\"position\":1,\"name\":\"Inicio\",\"item\":\"https:\\\/\\\/nld.mirex.gob.do\\\/consular\\\/amsterdam\\\/\"},{\"@type\":\"ListItem\",\"position\":2,\"name\":\"Sr. Luis Manuel D\u00edaz tom\u00f3 posesi\u00f3n como Vicec\u00f3nsul del Consulado General de \u00c1msterdam\"}]},{\"@type\":\"WebSite\",\"@id\":\"https:\\\/\\\/nld.mirex.gob.do\\\/consular\\\/amsterdam\\\/#website\",\"url\":\"https:\\\/\\\/nld.mirex.gob.do\\\/consular\\\/amsterdam\\\/\",\"name\":\"Consulado General de la Rep\u00fablica Dominicana en La Haya, Reino de los Pa\u00edses Bajos\",\"description\":\"\",\"publisher\":{\"@id\":\"https:\\\/\\\/nld.mirex.gob.do\\\/consular\\\/amsterdam\\\/#organization\"},\"potentialAction\":[{\"@type\":\"SearchAction\",\"target\":{\"@type\":\"EntryPoint\",\"urlTemplate\":\"https:\\\/\\\/nld.mirex.gob.do\\\/consular\\\/amsterdam\\\/?s={search_term_string}\"},\"query-input\":{\"@type\":\"PropertyValueSpecification\",\"valueRequired\":true,\"valueName\":\"search_term_string\"}}],\"inLanguage\":\"en-US\"},{\"@type\":\"Organization\",\"@id\":\"https:\\\/\\\/nld.mirex.gob.do\\\/consular\\\/amsterdam\\\/#organization\",\"name\":\"Consulado General de la Rep\u00fablica Dominicana en La Haya, Reino de los Pa\u00edses Bajos\",\"url\":\"https:\\\/\\\/nld.mirex.gob.do\\\/consular\\\/amsterdam\\\/\",\"logo\":{\"@type\":\"ImageObject\",\"inLanguage\":\"en-US\",\"@id\":\"https:\\\/\\\/nld.mirex.gob.do\\\/consular\\\/amsterdam\\\/#\\\/schema\\\/logo\\\/image\\\/\",\"url\":\"https:\\\/\\\/nld.mirex.gob.do\\\/consular\\\/amsterdam\\\/wp-content\\\/uploads\\\/2024\\\/04\\\/cropped-consulado_la_haya_reinode_los_Paises_Bajos.jpg\",\"contentUrl\":\"https:\\\/\\\/nld.mirex.gob.do\\\/consular\\\/amsterdam\\\/wp-content\\\/uploads\\\/2024\\\/04\\\/cropped-consulado_la_haya_reinode_los_Paises_Bajos.jpg\",\"width\":999,\"height\":407,\"caption\":\"Consulado General de la Rep\u00fablica Dominicana en La Haya, Reino de los Pa\u00edses Bajos\"},\"image\":{\"@id\":\"https:\\\/\\\/nld.mirex.gob.do\\\/consular\\\/amsterdam\\\/#\\\/schema\\\/logo\\\/image\\\/\"}},{\"@type\":\"Person\",\"@id\":\"https:\\\/\\\/nld.mirex.gob.do\\\/consular\\\/amsterdam\\\/#\\\/schema\\\/person\\\/772a9951ade6a7e4ab978b618b619ff8\",\"name\":\"Michael Antonio Melo Andujar\",\"image\":{\"@type\":\"ImageObject\",\"inLanguage\":\"en-US\",\"@id\":\"https:\\\/\\\/secure.gravatar.com\\\/avatar\\\/f8862d24b6945a30d30c9727ef9dfcd533ee25a18a27afc92991446aeb0e652d?s=96&d=mm&r=g\",\"url\":\"https:\\\/\\\/secure.gravatar.com\\\/avatar\\\/f8862d24b6945a30d30c9727ef9dfcd533ee25a18a27afc92991446aeb0e652d?s=96&d=mm&r=g\",\"contentUrl\":\"https:\\\/\\\/secure.gravatar.com\\\/avatar\\\/f8862d24b6945a30d30c9727ef9dfcd533ee25a18a27afc92991446aeb0e652d?s=96&d=mm&r=g\",\"caption\":\"Michael Antonio Melo Andujar\"}}]}<\/script>\n<!-- \/ Yoast SEO plugin. -->","yoast_head_json":{"title":"Sr. Luis Manuel D\u00edaz tom\u00f3 posesi\u00f3n como Vicec\u00f3nsul del Consulado General de \u00c1msterdam - Consulado General de la Rep\u00fablica Dominicana en La Haya, Reino de los Pa\u00edses Bajos","robots":{"index":"index","follow":"follow","max-snippet":"max-snippet:-1","max-image-preview":"max-image-preview:large","max-video-preview":"max-video-preview:-1"},"canonical":"https:\/\/nld.mirex.gob.do\/consular\/amsterdam\/sr-luis-manuel-diaz-tomo-posesion-como-viceconsul-del-consulado-general-de-amsterdam\/","og_locale":"en_US","og_type":"article","og_title":"Sr. Luis Manuel D\u00edaz tom\u00f3 posesi\u00f3n como Vicec\u00f3nsul del Consulado General de \u00c1msterdam - Consulado General de la Rep\u00fablica Dominicana en La Haya, Reino de los Pa\u00edses Bajos","og_description":"En el d\u00eda de hoy el Sr. Luis Manuel D\u00edaz tom\u00f3 posesi\u00f3n como Vicec\u00f3nsul del Consulado General de la Rep\u00fablica Dominicana en los Pa\u00edses Bajos, \u00c1msterdam. El Sr. Luis Manuel D\u00edaz se une a este consulado con el objetivo de seguir trabajando para el beneficio de todos los dominicanos residentes en los Pa\u00edses Bajos, y [&hellip;]","og_url":"https:\/\/nld.mirex.gob.do\/consular\/amsterdam\/sr-luis-manuel-diaz-tomo-posesion-como-viceconsul-del-consulado-general-de-amsterdam\/","og_site_name":"Consulado General de la Rep\u00fablica Dominicana en La Haya, Reino de los Pa\u00edses Bajos","article_published_time":"2021-07-02T10:45:28+00:00","author":"Michael Antonio Melo Andujar","twitter_card":"summary_large_image","twitter_misc":{"Written by":"Michael Antonio Melo Andujar","Est. reading time":"1 minute"},"schema":{"@context":"https:\/\/schema.org","@graph":[{"@type":"Article","@id":"https:\/\/nld.mirex.gob.do\/consular\/amsterdam\/sr-luis-manuel-diaz-tomo-posesion-como-viceconsul-del-consulado-general-de-amsterdam\/#article","isPartOf":{"@id":"https:\/\/nld.mirex.gob.do\/consular\/amsterdam\/sr-luis-manuel-diaz-tomo-posesion-como-viceconsul-del-consulado-general-de-amsterdam\/"},"author":{"name":"Michael Antonio Melo Andujar","@id":"https:\/\/nld.mirex.gob.do\/consular\/amsterdam\/#\/schema\/person\/772a9951ade6a7e4ab978b618b619ff8"},"headline":"Sr. Luis Manuel D\u00edaz tom\u00f3 posesi\u00f3n como Vicec\u00f3nsul del Consulado General de \u00c1msterdam","datePublished":"2021-07-02T10:45:28+00:00","mainEntityOfPage":{"@id":"https:\/\/nld.mirex.gob.do\/consular\/amsterdam\/sr-luis-manuel-diaz-tomo-posesion-como-viceconsul-del-consulado-general-de-amsterdam\/"},"wordCount":96,"publisher":{"@id":"https:\/\/nld.mirex.gob.do\/consular\/amsterdam\/#organization"},"image":{"@id":"https:\/\/nld.mirex.gob.do\/consular\/amsterdam\/sr-luis-manuel-diaz-tomo-posesion-como-viceconsul-del-consulado-general-de-amsterdam\/#primaryimage"},"thumbnailUrl":"","keywords":["Sr. Luis Manuel D\u00edaz"],"articleSection":["Novedades","Novedades en portada"],"inLanguage":"en-US"},{"@type":"WebPage","@id":"https:\/\/nld.mirex.gob.do\/consular\/amsterdam\/sr-luis-manuel-diaz-tomo-posesion-como-viceconsul-del-consulado-general-de-amsterdam\/","url":"https:\/\/nld.mirex.gob.do\/consular\/amsterdam\/sr-luis-manuel-diaz-tomo-posesion-como-viceconsul-del-consulado-general-de-amsterdam\/","name":"Sr. Luis Manuel D\u00edaz tom\u00f3 posesi\u00f3n como Vicec\u00f3nsul del Consulado General de \u00c1msterdam - Consulado General de la Rep\u00fablica Dominicana en La Haya, Reino de los Pa\u00edses Bajos","isPartOf":{"@id":"https:\/\/nld.mirex.gob.do\/consular\/amsterdam\/#website"},"primaryImageOfPage":{"@id":"https:\/\/nld.mirex.gob.do\/consular\/amsterdam\/sr-luis-manuel-diaz-tomo-posesion-como-viceconsul-del-consulado-general-de-amsterdam\/#primaryimage"},"image":{"@id":"https:\/\/nld.mirex.gob.do\/consular\/amsterdam\/sr-luis-manuel-diaz-tomo-posesion-como-viceconsul-del-consulado-general-de-amsterdam\/#primaryimage"},"thumbnailUrl":"","datePublished":"2021-07-02T10:45:28+00:00","breadcrumb":{"@id":"https:\/\/nld.mirex.gob.do\/consular\/amsterdam\/sr-luis-manuel-diaz-tomo-posesion-como-viceconsul-del-consulado-general-de-amsterdam\/#breadcrumb"},"inLanguage":"en-US","potentialAction":[{"@type":"ReadAction","target":["https:\/\/nld.mirex.gob.do\/consular\/amsterdam\/sr-luis-manuel-diaz-tomo-posesion-como-viceconsul-del-consulado-general-de-amsterdam\/"]}]},{"@type":"ImageObject","inLanguage":"en-US","@id":"https:\/\/nld.mirex.gob.do\/consular\/amsterdam\/sr-luis-manuel-diaz-tomo-posesion-como-viceconsul-del-consulado-general-de-amsterdam\/#primaryimage","url":"","contentUrl":""},{"@type":"BreadcrumbList","@id":"https:\/\/nld.mirex.gob.do\/consular\/amsterdam\/sr-luis-manuel-diaz-tomo-posesion-como-viceconsul-del-consulado-general-de-amsterdam\/#breadcrumb","itemListElement":[{"@type":"ListItem","position":1,"name":"Inicio","item":"https:\/\/nld.mirex.gob.do\/consular\/amsterdam\/"},{"@type":"ListItem","position":2,"name":"Sr. Luis Manuel D\u00edaz tom\u00f3 posesi\u00f3n como Vicec\u00f3nsul del Consulado General de \u00c1msterdam"}]},{"@type":"WebSite","@id":"https:\/\/nld.mirex.gob.do\/consular\/amsterdam\/#website","url":"https:\/\/nld.mirex.gob.do\/consular\/amsterdam\/","name":"Consulado General de la Rep\u00fablica Dominicana en La Haya, Reino de los Pa\u00edses Bajos","description":"","publisher":{"@id":"https:\/\/nld.mirex.gob.do\/consular\/amsterdam\/#organization"},"potentialAction":[{"@type":"SearchAction","target":{"@type":"EntryPoint","urlTemplate":"https:\/\/nld.mirex.gob.do\/consular\/amsterdam\/?s={search_term_string}"},"query-input":{"@type":"PropertyValueSpecification","valueRequired":true,"valueName":"search_term_string"}}],"inLanguage":"en-US"},{"@type":"Organization","@id":"https:\/\/nld.mirex.gob.do\/consular\/amsterdam\/#organization","name":"Consulado General de la Rep\u00fablica Dominicana en La Haya, Reino de los Pa\u00edses Bajos","url":"https:\/\/nld.mirex.gob.do\/consular\/amsterdam\/","logo":{"@type":"ImageObject","inLanguage":"en-US","@id":"https:\/\/nld.mirex.gob.do\/consular\/amsterdam\/#\/schema\/logo\/image\/","url":"https:\/\/nld.mirex.gob.do\/consular\/amsterdam\/wp-content\/uploads\/2024\/04\/cropped-consulado_la_haya_reinode_los_Paises_Bajos.jpg","contentUrl":"https:\/\/nld.mirex.gob.do\/consular\/amsterdam\/wp-content\/uploads\/2024\/04\/cropped-consulado_la_haya_reinode_los_Paises_Bajos.jpg","width":999,"height":407,"caption":"Consulado General de la Rep\u00fablica Dominicana en La Haya, Reino de los Pa\u00edses Bajos"},"image":{"@id":"https:\/\/nld.mirex.gob.do\/consular\/amsterdam\/#\/schema\/logo\/image\/"}},{"@type":"Person","@id":"https:\/\/nld.mirex.gob.do\/consular\/amsterdam\/#\/schema\/person\/772a9951ade6a7e4ab978b618b619ff8","name":"Michael Antonio Melo Andujar","image":{"@type":"ImageObject","inLanguage":"en-US","@id":"https:\/\/secure.gravatar.com\/avatar\/f8862d24b6945a30d30c9727ef9dfcd533ee25a18a27afc92991446aeb0e652d?s=96&d=mm&r=g","url":"https:\/\/secure.gravatar.com\/avatar\/f8862d24b6945a30d30c9727ef9dfcd533ee25a18a27afc92991446aeb0e652d?s=96&d=mm&r=g","contentUrl":"https:\/\/secure.gravatar.com\/avatar\/f8862d24b6945a30d30c9727ef9dfcd533ee25a18a27afc92991446aeb0e652d?s=96&d=mm&r=g","caption":"Michael Antonio Melo Andujar"}}]}},"_links":{"self":[{"href":"https:\/\/nld.mirex.gob.do\/consular\/amsterdam\/wp-json\/wp\/v2\/posts\/4866","targetHints":{"allow":["GET"]}}],"collection":[{"href":"https:\/\/nld.mirex.gob.do\/consular\/amsterdam\/wp-json\/wp\/v2\/posts"}],"about":[{"href":"https:\/\/nld.mirex.gob.do\/consular\/amsterdam\/wp-json\/wp\/v2\/types\/post"}],"author":[{"embeddable":true,"href":"https:\/\/nld.mirex.gob.do\/consular\/amsterdam\/wp-json\/wp\/v2\/users\/8"}],"replies":[{"embeddable":true,"href":"https:\/\/nld.mirex.gob.do\/consular\/amsterdam\/wp-json\/wp\/v2\/comments?post=4866"}],"version-history":[{"count":0,"href":"https:\/\/nld.mirex.gob.do\/consular\/amsterdam\/wp-json\/wp\/v2\/posts\/4866\/revisions"}],"wp:featuredmedia":[{"embeddable":true,"href":"https:\/\/nld.mirex.gob.do\/consular\/amsterdam\/wp-json\/"}],"wp:attachment":[{"href":"https:\/\/nld.mirex.gob.do\/consular\/amsterdam\/wp-json\/wp\/v2\/media?parent=4866"}],"wp:term":[{"taxonomy":"category","embeddable":true,"href":"https:\/\/nld.mirex.gob.do\/consular\/amsterdam\/wp-json\/wp\/v2\/categories?post=4866"},{"taxonomy":"post_tag","embeddable":true,"href":"https:\/\/nld.mirex.gob.do\/consular\/amsterdam\/wp-json\/wp\/v2\/tags?post=4866"}],"curies":[{"name":"wp","href":"https:\/\/api.w.org\/{rel}","templated":true}]}}