{"id":4840,"date":"2021-06-24T00:31:09","date_gmt":"2021-06-24T00:31:09","guid":{"rendered":"https:\/\/www.consuladordholanda.com\/?p=4840"},"modified":"2021-06-24T00:31:09","modified_gmt":"2021-06-24T00:31:09","slug":"proyeccion-del-ciclo-de-peliculas-y-documentales-dominicanos-dedicado-a-nuestra-diaspora","status":"publish","type":"post","link":"https:\/\/nld.mirex.gob.do\/consular\/amsterdam\/proyeccion-del-ciclo-de-peliculas-y-documentales-dominicanos-dedicado-a-nuestra-diaspora\/","title":{"rendered":"Proyecci\u00f3n del ciclo de pel\u00edculas y documentales dominicanos dedicado a nuestra di\u00e1spora"},"content":{"rendered":"<p><a href=\"https:\/\/www.consuladordholanda.com\/wp-content\/uploads\/2021\/06\/205185656_326570615619287_6490580270279577130_n.jpg\"><img fetchpriority=\"high\" decoding=\"async\" class=\"alignnone size-full wp-image-4841\" src=\"https:\/\/www.consuladordholanda.com\/wp-content\/uploads\/2021\/06\/205185656_326570615619287_6490580270279577130_n.jpg\" alt=\"\" width=\"1080\" height=\"1080\"><\/a><\/p>\n<p>Desde el <strong>Consulado General de la Rep\u00fablica Dominicana en los Pa\u00edses Bajos<\/strong>, nos unimos al <strong>Viceministerio para las Comunidades Dominicanas en el Exterior<\/strong>, <a href=\"https:\/\/www.instagram.com\/indexdomrd\/\">@indexdomrd<\/a>, <a href=\"https:\/\/www.instagram.com\/dgcinerd\/\">@dgcinerd<\/a> y <a href=\"https:\/\/www.instagram.com\/cinematecadomrd\/\">@cinematecadomrd<\/a>,para invitarles a disfrutar de la primera proyecci\u00f3n del ciclo de pel\u00edculas y documentales dominicanos dedicado a nuestra di\u00e1spora.<\/p>\n<p>Este pr\u00f3ximo s\u00e1bado 26 de junio, a las 2:00 p.m. (hora dominicana), se da inicio a esta temporada con el documental &#8220;<strong>Rep\u00fablica de Color<\/strong>&#8221;, de H\u00e9ctor M. Valdez (<a href=\"https:\/\/www.instagram.com\/hectorman\/\">@hectorman<\/a>), el cual realiza un recorrido pict\u00f3rico por las artes pl\u00e1sticas dominicanas y a su vez, presenta una b\u00fasqueda, a trav\u00e9s de testimonios de expertos y artistas visuales, del proceso de construcci\u00f3n de las artes en Rep\u00fablica Dominicana.<\/p>\n<p><strong>S\u00e1bado 26 de junio<\/strong><\/p>\n<p><strong>2:00 p.m. (Hora RD)<\/strong><\/p>\n<p>A trav\u00e9s del canal de Youtube de la Cinemateca Dominicana<\/p>\n<p><a href=\"https:\/\/www.youtube.com\/channel\/UCOyitPODWo6kUD-Jh6owgCg\" target=\"_blank\" rel=\"noopener\">https:\/\/www.youtube.com\/channel\/UCOyitPODWo6kUD-Jh6owgCg<\/a><\/p>\n<p>\u00a1Te esperamos!<\/p>\n<p><a href=\"https:\/\/www.instagram.com\/mirexrd\/\">@mirexrd<\/a>&nbsp; <a href=\"https:\/\/www.instagram.com\/explore\/tags\/mirexrd\/\">#MIREXRD<\/a> <a href=\"https:\/\/www.instagram.com\/explore\/tags\/indexdomrd\/\">#INDEXDOMRD<\/a><\/p>\n<p>&nbsp;<\/p>\n<p>&nbsp;<\/p>\n","protected":false},"excerpt":{"rendered":"<p>Desde el Consulado General de la Rep\u00fablica Dominicana en los Pa\u00edses Bajos, nos unimos al Viceministerio para las Comunidades Dominicanas en el Exterior, @indexdomrd, @dgcinerd y @cinematecadomrd,para invitarles a disfrutar de la primera proyecci\u00f3n del ciclo de pel\u00edculas y documentales dominicanos dedicado a nuestra di\u00e1spora. Este pr\u00f3ximo s\u00e1bado 26 de junio, a las 2:00 p.m. [&hellip;]<\/p>\n","protected":false},"author":8,"featured_media":4842,"comment_status":"closed","ping_status":"open","sticky":false,"template":"","format":"standard","meta":{"site-sidebar-layout":"default","site-content-layout":"","ast-site-content-layout":"default","site-content-style":"default","site-sidebar-style":"default","ast-global-header-display":"","ast-banner-title-visibility":"","ast-main-header-display":"","ast-hfb-above-header-display":"","ast-hfb-below-header-display":"","ast-hfb-mobile-header-display":"","site-post-title":"","ast-breadcrumbs-content":"","ast-featured-img":"","footer-sml-layout":"","ast-disable-related-posts":"","theme-transparent-header-meta":"","adv-header-id-meta":"","stick-header-meta":"","header-above-stick-meta":"","header-main-stick-meta":"","header-below-stick-meta":"","astra-migrate-meta-layouts":"default","ast-page-background-enabled":"default","ast-page-background-meta":{"desktop":{"background-color":"","background-image":"","background-repeat":"repeat","background-position":"center center","background-size":"auto","background-attachment":"scroll","background-type":"","background-media":"","overlay-type":"","overlay-color":"","overlay-opacity":"","overlay-gradient":""},"tablet":{"background-color":"","background-image":"","background-repeat":"repeat","background-position":"center center","background-size":"auto","background-attachment":"scroll","background-type":"","background-media":"","overlay-type":"","overlay-color":"","overlay-opacity":"","overlay-gradient":""},"mobile":{"background-color":"","background-image":"","background-repeat":"repeat","background-position":"center center","background-size":"auto","background-attachment":"scroll","background-type":"","background-media":"","overlay-type":"","overlay-color":"","overlay-opacity":"","overlay-gradient":""}},"ast-content-background-meta":{"desktop":{"background-color":"var(--ast-global-color-5)","background-image":"","background-repeat":"repeat","background-position":"center center","background-size":"auto","background-attachment":"scroll","background-type":"","background-media":"","overlay-type":"","overlay-color":"","overlay-opacity":"","overlay-gradient":""},"tablet":{"background-color":"var(--ast-global-color-5)","background-image":"","background-repeat":"repeat","background-position":"center center","background-size":"auto","background-attachment":"scroll","background-type":"","background-media":"","overlay-type":"","overlay-color":"","overlay-opacity":"","overlay-gradient":""},"mobile":{"background-color":"var(--ast-global-color-5)","background-image":"","background-repeat":"repeat","background-position":"center center","background-size":"auto","background-attachment":"scroll","background-type":"","background-media":"","overlay-type":"","overlay-color":"","overlay-opacity":"","overlay-gradient":""}},"footnotes":""},"categories":[101,408],"tags":[461,462,109],"class_list":["post-4840","post","type-post","status-publish","format-standard","has-post-thumbnail","hentry","category-actividades","category-actividades-en-portada","tag-cine","tag-cinemateca-dominicana","tag-documental"],"yoast_head":"<!-- This site is optimized with the Yoast SEO plugin v27.4 - https:\/\/yoast.com\/product\/yoast-seo-wordpress\/ -->\n<title>Proyecci\u00f3n del ciclo de pel\u00edculas y documentales dominicanos dedicado a nuestra di\u00e1spora - Consulado General de la Rep\u00fablica Dominicana en La Haya, Reino de los Pa\u00edses Bajos<\/title>\n<meta name=\"robots\" content=\"index, follow, max-snippet:-1, max-image-preview:large, max-video-preview:-1\" \/>\n<link rel=\"canonical\" href=\"https:\/\/nld.mirex.gob.do\/consular\/amsterdam\/proyeccion-del-ciclo-de-peliculas-y-documentales-dominicanos-dedicado-a-nuestra-diaspora\/\" \/>\n<meta property=\"og:locale\" content=\"en_US\" \/>\n<meta property=\"og:type\" content=\"article\" \/>\n<meta property=\"og:title\" content=\"Proyecci\u00f3n del ciclo de pel\u00edculas y documentales dominicanos dedicado a nuestra di\u00e1spora - Consulado General de la Rep\u00fablica Dominicana en La Haya, Reino de los Pa\u00edses Bajos\" \/>\n<meta property=\"og:description\" content=\"Desde el Consulado General de la Rep\u00fablica Dominicana en los Pa\u00edses Bajos, nos unimos al Viceministerio para las Comunidades Dominicanas en el Exterior, @indexdomrd, @dgcinerd y @cinematecadomrd,para invitarles a disfrutar de la primera proyecci\u00f3n del ciclo de pel\u00edculas y documentales dominicanos dedicado a nuestra di\u00e1spora. Este pr\u00f3ximo s\u00e1bado 26 de junio, a las 2:00 p.m. [&hellip;]\" \/>\n<meta property=\"og:url\" content=\"https:\/\/nld.mirex.gob.do\/consular\/amsterdam\/proyeccion-del-ciclo-de-peliculas-y-documentales-dominicanos-dedicado-a-nuestra-diaspora\/\" \/>\n<meta property=\"og:site_name\" content=\"Consulado General de la Rep\u00fablica Dominicana en La Haya, Reino de los Pa\u00edses Bajos\" \/>\n<meta property=\"article:published_time\" content=\"2021-06-24T00:31:09+00:00\" \/>\n<meta name=\"author\" content=\"Michael Antonio Melo Andujar\" \/>\n<meta name=\"twitter:card\" content=\"summary_large_image\" \/>\n<meta name=\"twitter:label1\" content=\"Written by\" \/>\n\t<meta name=\"twitter:data1\" content=\"Michael Antonio Melo Andujar\" \/>\n\t<meta name=\"twitter:label2\" content=\"Est. reading time\" \/>\n\t<meta name=\"twitter:data2\" content=\"1 minute\" \/>\n<script type=\"application\/ld+json\" class=\"yoast-schema-graph\">{\"@context\":\"https:\\\/\\\/schema.org\",\"@graph\":[{\"@type\":\"Article\",\"@id\":\"https:\\\/\\\/nld.mirex.gob.do\\\/consular\\\/amsterdam\\\/proyeccion-del-ciclo-de-peliculas-y-documentales-dominicanos-dedicado-a-nuestra-diaspora\\\/#article\",\"isPartOf\":{\"@id\":\"https:\\\/\\\/nld.mirex.gob.do\\\/consular\\\/amsterdam\\\/proyeccion-del-ciclo-de-peliculas-y-documentales-dominicanos-dedicado-a-nuestra-diaspora\\\/\"},\"author\":{\"name\":\"Michael Antonio Melo Andujar\",\"@id\":\"https:\\\/\\\/nld.mirex.gob.do\\\/consular\\\/amsterdam\\\/#\\\/schema\\\/person\\\/772a9951ade6a7e4ab978b618b619ff8\"},\"headline\":\"Proyecci\u00f3n del ciclo de pel\u00edculas y documentales dominicanos dedicado a nuestra di\u00e1spora\",\"datePublished\":\"2021-06-24T00:31:09+00:00\",\"mainEntityOfPage\":{\"@id\":\"https:\\\/\\\/nld.mirex.gob.do\\\/consular\\\/amsterdam\\\/proyeccion-del-ciclo-de-peliculas-y-documentales-dominicanos-dedicado-a-nuestra-diaspora\\\/\"},\"wordCount\":176,\"publisher\":{\"@id\":\"https:\\\/\\\/nld.mirex.gob.do\\\/consular\\\/amsterdam\\\/#organization\"},\"image\":{\"@id\":\"https:\\\/\\\/nld.mirex.gob.do\\\/consular\\\/amsterdam\\\/proyeccion-del-ciclo-de-peliculas-y-documentales-dominicanos-dedicado-a-nuestra-diaspora\\\/#primaryimage\"},\"thumbnailUrl\":\"\",\"keywords\":[\"Cine\",\"Cinemateca Dominicana\",\"Documental\"],\"articleSection\":[\"Actividades\",\"Actividades en portada\"],\"inLanguage\":\"en-US\"},{\"@type\":\"WebPage\",\"@id\":\"https:\\\/\\\/nld.mirex.gob.do\\\/consular\\\/amsterdam\\\/proyeccion-del-ciclo-de-peliculas-y-documentales-dominicanos-dedicado-a-nuestra-diaspora\\\/\",\"url\":\"https:\\\/\\\/nld.mirex.gob.do\\\/consular\\\/amsterdam\\\/proyeccion-del-ciclo-de-peliculas-y-documentales-dominicanos-dedicado-a-nuestra-diaspora\\\/\",\"name\":\"Proyecci\u00f3n del ciclo de pel\u00edculas y documentales dominicanos dedicado a nuestra di\u00e1spora - Consulado General de la Rep\u00fablica Dominicana en La Haya, Reino de los Pa\u00edses Bajos\",\"isPartOf\":{\"@id\":\"https:\\\/\\\/nld.mirex.gob.do\\\/consular\\\/amsterdam\\\/#website\"},\"primaryImageOfPage\":{\"@id\":\"https:\\\/\\\/nld.mirex.gob.do\\\/consular\\\/amsterdam\\\/proyeccion-del-ciclo-de-peliculas-y-documentales-dominicanos-dedicado-a-nuestra-diaspora\\\/#primaryimage\"},\"image\":{\"@id\":\"https:\\\/\\\/nld.mirex.gob.do\\\/consular\\\/amsterdam\\\/proyeccion-del-ciclo-de-peliculas-y-documentales-dominicanos-dedicado-a-nuestra-diaspora\\\/#primaryimage\"},\"thumbnailUrl\":\"\",\"datePublished\":\"2021-06-24T00:31:09+00:00\",\"breadcrumb\":{\"@id\":\"https:\\\/\\\/nld.mirex.gob.do\\\/consular\\\/amsterdam\\\/proyeccion-del-ciclo-de-peliculas-y-documentales-dominicanos-dedicado-a-nuestra-diaspora\\\/#breadcrumb\"},\"inLanguage\":\"en-US\",\"potentialAction\":[{\"@type\":\"ReadAction\",\"target\":[\"https:\\\/\\\/nld.mirex.gob.do\\\/consular\\\/amsterdam\\\/proyeccion-del-ciclo-de-peliculas-y-documentales-dominicanos-dedicado-a-nuestra-diaspora\\\/\"]}]},{\"@type\":\"ImageObject\",\"inLanguage\":\"en-US\",\"@id\":\"https:\\\/\\\/nld.mirex.gob.do\\\/consular\\\/amsterdam\\\/proyeccion-del-ciclo-de-peliculas-y-documentales-dominicanos-dedicado-a-nuestra-diaspora\\\/#primaryimage\",\"url\":\"\",\"contentUrl\":\"\"},{\"@type\":\"BreadcrumbList\",\"@id\":\"https:\\\/\\\/nld.mirex.gob.do\\\/consular\\\/amsterdam\\\/proyeccion-del-ciclo-de-peliculas-y-documentales-dominicanos-dedicado-a-nuestra-diaspora\\\/#breadcrumb\",\"itemListElement\":[{\"@type\":\"ListItem\",\"position\":1,\"name\":\"Inicio\",\"item\":\"https:\\\/\\\/nld.mirex.gob.do\\\/consular\\\/amsterdam\\\/\"},{\"@type\":\"ListItem\",\"position\":2,\"name\":\"Proyecci\u00f3n del ciclo de pel\u00edculas y documentales dominicanos dedicado a nuestra di\u00e1spora\"}]},{\"@type\":\"WebSite\",\"@id\":\"https:\\\/\\\/nld.mirex.gob.do\\\/consular\\\/amsterdam\\\/#website\",\"url\":\"https:\\\/\\\/nld.mirex.gob.do\\\/consular\\\/amsterdam\\\/\",\"name\":\"Consulado General de la Rep\u00fablica Dominicana en La Haya, Reino de los Pa\u00edses Bajos\",\"description\":\"\",\"publisher\":{\"@id\":\"https:\\\/\\\/nld.mirex.gob.do\\\/consular\\\/amsterdam\\\/#organization\"},\"potentialAction\":[{\"@type\":\"SearchAction\",\"target\":{\"@type\":\"EntryPoint\",\"urlTemplate\":\"https:\\\/\\\/nld.mirex.gob.do\\\/consular\\\/amsterdam\\\/?s={search_term_string}\"},\"query-input\":{\"@type\":\"PropertyValueSpecification\",\"valueRequired\":true,\"valueName\":\"search_term_string\"}}],\"inLanguage\":\"en-US\"},{\"@type\":\"Organization\",\"@id\":\"https:\\\/\\\/nld.mirex.gob.do\\\/consular\\\/amsterdam\\\/#organization\",\"name\":\"Consulado General de la Rep\u00fablica Dominicana en La Haya, Reino de los Pa\u00edses Bajos\",\"url\":\"https:\\\/\\\/nld.mirex.gob.do\\\/consular\\\/amsterdam\\\/\",\"logo\":{\"@type\":\"ImageObject\",\"inLanguage\":\"en-US\",\"@id\":\"https:\\\/\\\/nld.mirex.gob.do\\\/consular\\\/amsterdam\\\/#\\\/schema\\\/logo\\\/image\\\/\",\"url\":\"https:\\\/\\\/nld.mirex.gob.do\\\/consular\\\/amsterdam\\\/wp-content\\\/uploads\\\/2024\\\/04\\\/cropped-consulado_la_haya_reinode_los_Paises_Bajos.jpg\",\"contentUrl\":\"https:\\\/\\\/nld.mirex.gob.do\\\/consular\\\/amsterdam\\\/wp-content\\\/uploads\\\/2024\\\/04\\\/cropped-consulado_la_haya_reinode_los_Paises_Bajos.jpg\",\"width\":999,\"height\":407,\"caption\":\"Consulado General de la Rep\u00fablica Dominicana en La Haya, Reino de los Pa\u00edses Bajos\"},\"image\":{\"@id\":\"https:\\\/\\\/nld.mirex.gob.do\\\/consular\\\/amsterdam\\\/#\\\/schema\\\/logo\\\/image\\\/\"}},{\"@type\":\"Person\",\"@id\":\"https:\\\/\\\/nld.mirex.gob.do\\\/consular\\\/amsterdam\\\/#\\\/schema\\\/person\\\/772a9951ade6a7e4ab978b618b619ff8\",\"name\":\"Michael Antonio Melo Andujar\",\"image\":{\"@type\":\"ImageObject\",\"inLanguage\":\"en-US\",\"@id\":\"https:\\\/\\\/secure.gravatar.com\\\/avatar\\\/f8862d24b6945a30d30c9727ef9dfcd533ee25a18a27afc92991446aeb0e652d?s=96&d=mm&r=g\",\"url\":\"https:\\\/\\\/secure.gravatar.com\\\/avatar\\\/f8862d24b6945a30d30c9727ef9dfcd533ee25a18a27afc92991446aeb0e652d?s=96&d=mm&r=g\",\"contentUrl\":\"https:\\\/\\\/secure.gravatar.com\\\/avatar\\\/f8862d24b6945a30d30c9727ef9dfcd533ee25a18a27afc92991446aeb0e652d?s=96&d=mm&r=g\",\"caption\":\"Michael Antonio Melo Andujar\"}}]}<\/script>\n<!-- \/ Yoast SEO plugin. -->","yoast_head_json":{"title":"Proyecci\u00f3n del ciclo de pel\u00edculas y documentales dominicanos dedicado a nuestra di\u00e1spora - Consulado General de la Rep\u00fablica Dominicana en La Haya, Reino de los Pa\u00edses Bajos","robots":{"index":"index","follow":"follow","max-snippet":"max-snippet:-1","max-image-preview":"max-image-preview:large","max-video-preview":"max-video-preview:-1"},"canonical":"https:\/\/nld.mirex.gob.do\/consular\/amsterdam\/proyeccion-del-ciclo-de-peliculas-y-documentales-dominicanos-dedicado-a-nuestra-diaspora\/","og_locale":"en_US","og_type":"article","og_title":"Proyecci\u00f3n del ciclo de pel\u00edculas y documentales dominicanos dedicado a nuestra di\u00e1spora - Consulado General de la Rep\u00fablica Dominicana en La Haya, Reino de los Pa\u00edses Bajos","og_description":"Desde el Consulado General de la Rep\u00fablica Dominicana en los Pa\u00edses Bajos, nos unimos al Viceministerio para las Comunidades Dominicanas en el Exterior, @indexdomrd, @dgcinerd y @cinematecadomrd,para invitarles a disfrutar de la primera proyecci\u00f3n del ciclo de pel\u00edculas y documentales dominicanos dedicado a nuestra di\u00e1spora. Este pr\u00f3ximo s\u00e1bado 26 de junio, a las 2:00 p.m. [&hellip;]","og_url":"https:\/\/nld.mirex.gob.do\/consular\/amsterdam\/proyeccion-del-ciclo-de-peliculas-y-documentales-dominicanos-dedicado-a-nuestra-diaspora\/","og_site_name":"Consulado General de la Rep\u00fablica Dominicana en La Haya, Reino de los Pa\u00edses Bajos","article_published_time":"2021-06-24T00:31:09+00:00","author":"Michael Antonio Melo Andujar","twitter_card":"summary_large_image","twitter_misc":{"Written by":"Michael Antonio Melo Andujar","Est. reading time":"1 minute"},"schema":{"@context":"https:\/\/schema.org","@graph":[{"@type":"Article","@id":"https:\/\/nld.mirex.gob.do\/consular\/amsterdam\/proyeccion-del-ciclo-de-peliculas-y-documentales-dominicanos-dedicado-a-nuestra-diaspora\/#article","isPartOf":{"@id":"https:\/\/nld.mirex.gob.do\/consular\/amsterdam\/proyeccion-del-ciclo-de-peliculas-y-documentales-dominicanos-dedicado-a-nuestra-diaspora\/"},"author":{"name":"Michael Antonio Melo Andujar","@id":"https:\/\/nld.mirex.gob.do\/consular\/amsterdam\/#\/schema\/person\/772a9951ade6a7e4ab978b618b619ff8"},"headline":"Proyecci\u00f3n del ciclo de pel\u00edculas y documentales dominicanos dedicado a nuestra di\u00e1spora","datePublished":"2021-06-24T00:31:09+00:00","mainEntityOfPage":{"@id":"https:\/\/nld.mirex.gob.do\/consular\/amsterdam\/proyeccion-del-ciclo-de-peliculas-y-documentales-dominicanos-dedicado-a-nuestra-diaspora\/"},"wordCount":176,"publisher":{"@id":"https:\/\/nld.mirex.gob.do\/consular\/amsterdam\/#organization"},"image":{"@id":"https:\/\/nld.mirex.gob.do\/consular\/amsterdam\/proyeccion-del-ciclo-de-peliculas-y-documentales-dominicanos-dedicado-a-nuestra-diaspora\/#primaryimage"},"thumbnailUrl":"","keywords":["Cine","Cinemateca Dominicana","Documental"],"articleSection":["Actividades","Actividades en portada"],"inLanguage":"en-US"},{"@type":"WebPage","@id":"https:\/\/nld.mirex.gob.do\/consular\/amsterdam\/proyeccion-del-ciclo-de-peliculas-y-documentales-dominicanos-dedicado-a-nuestra-diaspora\/","url":"https:\/\/nld.mirex.gob.do\/consular\/amsterdam\/proyeccion-del-ciclo-de-peliculas-y-documentales-dominicanos-dedicado-a-nuestra-diaspora\/","name":"Proyecci\u00f3n del ciclo de pel\u00edculas y documentales dominicanos dedicado a nuestra di\u00e1spora - Consulado General de la Rep\u00fablica Dominicana en La Haya, Reino de los Pa\u00edses Bajos","isPartOf":{"@id":"https:\/\/nld.mirex.gob.do\/consular\/amsterdam\/#website"},"primaryImageOfPage":{"@id":"https:\/\/nld.mirex.gob.do\/consular\/amsterdam\/proyeccion-del-ciclo-de-peliculas-y-documentales-dominicanos-dedicado-a-nuestra-diaspora\/#primaryimage"},"image":{"@id":"https:\/\/nld.mirex.gob.do\/consular\/amsterdam\/proyeccion-del-ciclo-de-peliculas-y-documentales-dominicanos-dedicado-a-nuestra-diaspora\/#primaryimage"},"thumbnailUrl":"","datePublished":"2021-06-24T00:31:09+00:00","breadcrumb":{"@id":"https:\/\/nld.mirex.gob.do\/consular\/amsterdam\/proyeccion-del-ciclo-de-peliculas-y-documentales-dominicanos-dedicado-a-nuestra-diaspora\/#breadcrumb"},"inLanguage":"en-US","potentialAction":[{"@type":"ReadAction","target":["https:\/\/nld.mirex.gob.do\/consular\/amsterdam\/proyeccion-del-ciclo-de-peliculas-y-documentales-dominicanos-dedicado-a-nuestra-diaspora\/"]}]},{"@type":"ImageObject","inLanguage":"en-US","@id":"https:\/\/nld.mirex.gob.do\/consular\/amsterdam\/proyeccion-del-ciclo-de-peliculas-y-documentales-dominicanos-dedicado-a-nuestra-diaspora\/#primaryimage","url":"","contentUrl":""},{"@type":"BreadcrumbList","@id":"https:\/\/nld.mirex.gob.do\/consular\/amsterdam\/proyeccion-del-ciclo-de-peliculas-y-documentales-dominicanos-dedicado-a-nuestra-diaspora\/#breadcrumb","itemListElement":[{"@type":"ListItem","position":1,"name":"Inicio","item":"https:\/\/nld.mirex.gob.do\/consular\/amsterdam\/"},{"@type":"ListItem","position":2,"name":"Proyecci\u00f3n del ciclo de pel\u00edculas y documentales dominicanos dedicado a nuestra di\u00e1spora"}]},{"@type":"WebSite","@id":"https:\/\/nld.mirex.gob.do\/consular\/amsterdam\/#website","url":"https:\/\/nld.mirex.gob.do\/consular\/amsterdam\/","name":"Consulado General de la Rep\u00fablica Dominicana en La Haya, Reino de los Pa\u00edses Bajos","description":"","publisher":{"@id":"https:\/\/nld.mirex.gob.do\/consular\/amsterdam\/#organization"},"potentialAction":[{"@type":"SearchAction","target":{"@type":"EntryPoint","urlTemplate":"https:\/\/nld.mirex.gob.do\/consular\/amsterdam\/?s={search_term_string}"},"query-input":{"@type":"PropertyValueSpecification","valueRequired":true,"valueName":"search_term_string"}}],"inLanguage":"en-US"},{"@type":"Organization","@id":"https:\/\/nld.mirex.gob.do\/consular\/amsterdam\/#organization","name":"Consulado General de la Rep\u00fablica Dominicana en La Haya, Reino de los Pa\u00edses Bajos","url":"https:\/\/nld.mirex.gob.do\/consular\/amsterdam\/","logo":{"@type":"ImageObject","inLanguage":"en-US","@id":"https:\/\/nld.mirex.gob.do\/consular\/amsterdam\/#\/schema\/logo\/image\/","url":"https:\/\/nld.mirex.gob.do\/consular\/amsterdam\/wp-content\/uploads\/2024\/04\/cropped-consulado_la_haya_reinode_los_Paises_Bajos.jpg","contentUrl":"https:\/\/nld.mirex.gob.do\/consular\/amsterdam\/wp-content\/uploads\/2024\/04\/cropped-consulado_la_haya_reinode_los_Paises_Bajos.jpg","width":999,"height":407,"caption":"Consulado General de la Rep\u00fablica Dominicana en La Haya, Reino de los Pa\u00edses Bajos"},"image":{"@id":"https:\/\/nld.mirex.gob.do\/consular\/amsterdam\/#\/schema\/logo\/image\/"}},{"@type":"Person","@id":"https:\/\/nld.mirex.gob.do\/consular\/amsterdam\/#\/schema\/person\/772a9951ade6a7e4ab978b618b619ff8","name":"Michael Antonio Melo Andujar","image":{"@type":"ImageObject","inLanguage":"en-US","@id":"https:\/\/secure.gravatar.com\/avatar\/f8862d24b6945a30d30c9727ef9dfcd533ee25a18a27afc92991446aeb0e652d?s=96&d=mm&r=g","url":"https:\/\/secure.gravatar.com\/avatar\/f8862d24b6945a30d30c9727ef9dfcd533ee25a18a27afc92991446aeb0e652d?s=96&d=mm&r=g","contentUrl":"https:\/\/secure.gravatar.com\/avatar\/f8862d24b6945a30d30c9727ef9dfcd533ee25a18a27afc92991446aeb0e652d?s=96&d=mm&r=g","caption":"Michael Antonio Melo Andujar"}}]}},"_links":{"self":[{"href":"https:\/\/nld.mirex.gob.do\/consular\/amsterdam\/wp-json\/wp\/v2\/posts\/4840","targetHints":{"allow":["GET"]}}],"collection":[{"href":"https:\/\/nld.mirex.gob.do\/consular\/amsterdam\/wp-json\/wp\/v2\/posts"}],"about":[{"href":"https:\/\/nld.mirex.gob.do\/consular\/amsterdam\/wp-json\/wp\/v2\/types\/post"}],"author":[{"embeddable":true,"href":"https:\/\/nld.mirex.gob.do\/consular\/amsterdam\/wp-json\/wp\/v2\/users\/8"}],"replies":[{"embeddable":true,"href":"https:\/\/nld.mirex.gob.do\/consular\/amsterdam\/wp-json\/wp\/v2\/comments?post=4840"}],"version-history":[{"count":0,"href":"https:\/\/nld.mirex.gob.do\/consular\/amsterdam\/wp-json\/wp\/v2\/posts\/4840\/revisions"}],"wp:featuredmedia":[{"embeddable":true,"href":"https:\/\/nld.mirex.gob.do\/consular\/amsterdam\/wp-json\/"}],"wp:attachment":[{"href":"https:\/\/nld.mirex.gob.do\/consular\/amsterdam\/wp-json\/wp\/v2\/media?parent=4840"}],"wp:term":[{"taxonomy":"category","embeddable":true,"href":"https:\/\/nld.mirex.gob.do\/consular\/amsterdam\/wp-json\/wp\/v2\/categories?post=4840"},{"taxonomy":"post_tag","embeddable":true,"href":"https:\/\/nld.mirex.gob.do\/consular\/amsterdam\/wp-json\/wp\/v2\/tags?post=4840"}],"curies":[{"name":"wp","href":"https:\/\/api.w.org\/{rel}","templated":true}]}}