{"id":4642,"date":"2021-04-19T07:00:37","date_gmt":"2021-04-19T07:00:37","guid":{"rendered":"https:\/\/www.consuladordholanda.com\/?p=4642"},"modified":"2021-04-19T07:00:37","modified_gmt":"2021-04-19T07:00:37","slug":"republica-dominicana-se-prepara-para-asumir-la-secretaria-pro-tempore-de-la-conferencia-iberoamericana","status":"publish","type":"post","link":"https:\/\/nld.mirex.gob.do\/consular\/amsterdam\/republica-dominicana-se-prepara-para-asumir-la-secretaria-pro-tempore-de-la-conferencia-iberoamericana\/","title":{"rendered":"Rep\u00fablica Dominicana se prepara para asumir la Secretar\u00eda Pro Tempore de la Conferencia Iberoamericana"},"content":{"rendered":"<p><a href=\"https:\/\/www.consuladordholanda.com\/wp-content\/uploads\/2021\/04\/Republica-Dominicana-se-prepara-para-asumir-la-Secretaria-Pro-Tempore-de-la-Conferencia-Iberoamericana.jpg\"><img fetchpriority=\"high\" decoding=\"async\" class=\"alignnone size-full wp-image-4647\" src=\"https:\/\/www.consuladordholanda.com\/wp-content\/uploads\/2021\/04\/Republica-Dominicana-se-prepara-para-asumir-la-Secretaria-Pro-Tempore-de-la-Conferencia-Iberoamericana.jpg\" alt=\"\" width=\"1200\" height=\"1186\"><\/a><\/p>\n<p>Nuestro pa\u00eds&nbsp; tomar\u00e1 posesi\u00f3n durante la XXVII Cumbre Iberoamericana de Jefes de Estado y de Gobierno, que se celebrar\u00e1 este 21 de abril en el Principado de Andorra. @MIREXRD<\/p>\n<p>Este mes de abril de 2021 Rep\u00fablica Dominicana asumir\u00e1, la Secretar\u00eda Pro Tempore de la Conferencia Iberoamericana que ahora ostenta el Principado de Andorra, y nos corresponder\u00e1 celebrar, a finales del 2022, la XXVIII Cumbre Iberoamericana.<\/p>\n<p>Ser\u00e1 la segunda ocasi\u00f3n en que nuestro pa\u00eds tendr\u00e1 esa responsabilidad, la primera fue durante el a\u00f1o 2002, cuando realizamos, en el mes de noviembre, la XII Cumbre de Jefes de Estado y de Gobierno. Esta conferencia tiene como eje central la celebraci\u00f3n de la Cumbre Iberoamericana de Jefes de Estado y de Gobierno, donde se desarrollan temas en educaci\u00f3n, cultura, innovaci\u00f3n, empleo, fortalecimiento institucional, entre otros.<\/p>\n<p><strong>\u00a1Vamos juntos a la Cumbre Iberoamericana!<\/strong><\/p>\n<p>#RDRumboALaCumbre&nbsp;&nbsp;<\/p>\n<p>#Andorra2020<\/p>\n<p><a href=\"https:\/\/twitter.com\/search?q=\">&nbsp;#SomosIberoam\u00e9rica<\/a><\/p>\n<p>#CaminoAlaCumbre<\/p>\n<p>&nbsp;<\/p>\n","protected":false},"excerpt":{"rendered":"<p>Nuestro pa\u00eds&nbsp; tomar\u00e1 posesi\u00f3n durante la XXVII Cumbre Iberoamericana de Jefes de Estado y de Gobierno, que se celebrar\u00e1 este 21 de abril en el Principado de Andorra. @MIREXRD Este mes de abril de 2021 Rep\u00fablica Dominicana asumir\u00e1, la Secretar\u00eda Pro Tempore de la Conferencia Iberoamericana que ahora ostenta el Principado de Andorra, y nos [&hellip;]<\/p>\n","protected":false},"author":8,"featured_media":4651,"comment_status":"closed","ping_status":"open","sticky":false,"template":"","format":"standard","meta":{"site-sidebar-layout":"default","site-content-layout":"","ast-site-content-layout":"default","site-content-style":"default","site-sidebar-style":"default","ast-global-header-display":"","ast-banner-title-visibility":"","ast-main-header-display":"","ast-hfb-above-header-display":"","ast-hfb-below-header-display":"","ast-hfb-mobile-header-display":"","site-post-title":"","ast-breadcrumbs-content":"","ast-featured-img":"","footer-sml-layout":"","ast-disable-related-posts":"","theme-transparent-header-meta":"","adv-header-id-meta":"","stick-header-meta":"","header-above-stick-meta":"","header-main-stick-meta":"","header-below-stick-meta":"","astra-migrate-meta-layouts":"default","ast-page-background-enabled":"default","ast-page-background-meta":{"desktop":{"background-color":"","background-image":"","background-repeat":"repeat","background-position":"center center","background-size":"auto","background-attachment":"scroll","background-type":"","background-media":"","overlay-type":"","overlay-color":"","overlay-opacity":"","overlay-gradient":""},"tablet":{"background-color":"","background-image":"","background-repeat":"repeat","background-position":"center center","background-size":"auto","background-attachment":"scroll","background-type":"","background-media":"","overlay-type":"","overlay-color":"","overlay-opacity":"","overlay-gradient":""},"mobile":{"background-color":"","background-image":"","background-repeat":"repeat","background-position":"center center","background-size":"auto","background-attachment":"scroll","background-type":"","background-media":"","overlay-type":"","overlay-color":"","overlay-opacity":"","overlay-gradient":""}},"ast-content-background-meta":{"desktop":{"background-color":"var(--ast-global-color-5)","background-image":"","background-repeat":"repeat","background-position":"center center","background-size":"auto","background-attachment":"scroll","background-type":"","background-media":"","overlay-type":"","overlay-color":"","overlay-opacity":"","overlay-gradient":""},"tablet":{"background-color":"var(--ast-global-color-5)","background-image":"","background-repeat":"repeat","background-position":"center center","background-size":"auto","background-attachment":"scroll","background-type":"","background-media":"","overlay-type":"","overlay-color":"","overlay-opacity":"","overlay-gradient":""},"mobile":{"background-color":"var(--ast-global-color-5)","background-image":"","background-repeat":"repeat","background-position":"center center","background-size":"auto","background-attachment":"scroll","background-type":"","background-media":"","overlay-type":"","overlay-color":"","overlay-opacity":"","overlay-gradient":""}},"footnotes":""},"categories":[66,405],"tags":[426,348,427],"class_list":["post-4642","post","type-post","status-publish","format-standard","has-post-thumbnail","hentry","category-novedades","category-novedades-en-portada","tag-cumbre-iberoamericana","tag-mirex","tag-secretaria-pro-tempore"],"yoast_head":"<!-- This site is optimized with the Yoast SEO plugin v27.4 - https:\/\/yoast.com\/product\/yoast-seo-wordpress\/ -->\n<title>Rep\u00fablica Dominicana se prepara para asumir la Secretar\u00eda Pro Tempore de la Conferencia Iberoamericana - Consulado General de la Rep\u00fablica Dominicana en La Haya, Reino de los Pa\u00edses Bajos<\/title>\n<meta name=\"robots\" content=\"index, follow, max-snippet:-1, max-image-preview:large, max-video-preview:-1\" \/>\n<link rel=\"canonical\" href=\"https:\/\/nld.mirex.gob.do\/consular\/amsterdam\/republica-dominicana-se-prepara-para-asumir-la-secretaria-pro-tempore-de-la-conferencia-iberoamericana\/\" \/>\n<meta property=\"og:locale\" content=\"en_US\" \/>\n<meta property=\"og:type\" content=\"article\" \/>\n<meta property=\"og:title\" content=\"Rep\u00fablica Dominicana se prepara para asumir la Secretar\u00eda Pro Tempore de la Conferencia Iberoamericana - Consulado General de la Rep\u00fablica Dominicana en La Haya, Reino de los Pa\u00edses Bajos\" \/>\n<meta property=\"og:description\" content=\"Nuestro pa\u00eds&nbsp; tomar\u00e1 posesi\u00f3n durante la XXVII Cumbre Iberoamericana de Jefes de Estado y de Gobierno, que se celebrar\u00e1 este 21 de abril en el Principado de Andorra. @MIREXRD Este mes de abril de 2021 Rep\u00fablica Dominicana asumir\u00e1, la Secretar\u00eda Pro Tempore de la Conferencia Iberoamericana que ahora ostenta el Principado de Andorra, y nos [&hellip;]\" \/>\n<meta property=\"og:url\" content=\"https:\/\/nld.mirex.gob.do\/consular\/amsterdam\/republica-dominicana-se-prepara-para-asumir-la-secretaria-pro-tempore-de-la-conferencia-iberoamericana\/\" \/>\n<meta property=\"og:site_name\" content=\"Consulado General de la Rep\u00fablica Dominicana en La Haya, Reino de los Pa\u00edses Bajos\" \/>\n<meta property=\"article:published_time\" content=\"2021-04-19T07:00:37+00:00\" \/>\n<meta name=\"author\" content=\"Michael Antonio Melo Andujar\" \/>\n<meta name=\"twitter:card\" content=\"summary_large_image\" \/>\n<meta name=\"twitter:label1\" content=\"Written by\" \/>\n\t<meta name=\"twitter:data1\" content=\"Michael Antonio Melo Andujar\" \/>\n\t<meta name=\"twitter:label2\" content=\"Est. reading time\" \/>\n\t<meta name=\"twitter:data2\" content=\"1 minute\" \/>\n<script type=\"application\/ld+json\" class=\"yoast-schema-graph\">{\"@context\":\"https:\\\/\\\/schema.org\",\"@graph\":[{\"@type\":\"Article\",\"@id\":\"https:\\\/\\\/nld.mirex.gob.do\\\/consular\\\/amsterdam\\\/republica-dominicana-se-prepara-para-asumir-la-secretaria-pro-tempore-de-la-conferencia-iberoamericana\\\/#article\",\"isPartOf\":{\"@id\":\"https:\\\/\\\/nld.mirex.gob.do\\\/consular\\\/amsterdam\\\/republica-dominicana-se-prepara-para-asumir-la-secretaria-pro-tempore-de-la-conferencia-iberoamericana\\\/\"},\"author\":{\"name\":\"Michael Antonio Melo Andujar\",\"@id\":\"https:\\\/\\\/nld.mirex.gob.do\\\/consular\\\/amsterdam\\\/#\\\/schema\\\/person\\\/772a9951ade6a7e4ab978b618b619ff8\"},\"headline\":\"Rep\u00fablica Dominicana se prepara para asumir la Secretar\u00eda Pro Tempore de la Conferencia Iberoamericana\",\"datePublished\":\"2021-04-19T07:00:37+00:00\",\"mainEntityOfPage\":{\"@id\":\"https:\\\/\\\/nld.mirex.gob.do\\\/consular\\\/amsterdam\\\/republica-dominicana-se-prepara-para-asumir-la-secretaria-pro-tempore-de-la-conferencia-iberoamericana\\\/\"},\"wordCount\":170,\"publisher\":{\"@id\":\"https:\\\/\\\/nld.mirex.gob.do\\\/consular\\\/amsterdam\\\/#organization\"},\"image\":{\"@id\":\"https:\\\/\\\/nld.mirex.gob.do\\\/consular\\\/amsterdam\\\/republica-dominicana-se-prepara-para-asumir-la-secretaria-pro-tempore-de-la-conferencia-iberoamericana\\\/#primaryimage\"},\"thumbnailUrl\":\"\",\"keywords\":[\"Cumbre Iberoamericana\",\"MIREX\",\"Secretar\u00eda Pro Tempore\"],\"articleSection\":[\"Novedades\",\"Novedades en portada\"],\"inLanguage\":\"en-US\"},{\"@type\":\"WebPage\",\"@id\":\"https:\\\/\\\/nld.mirex.gob.do\\\/consular\\\/amsterdam\\\/republica-dominicana-se-prepara-para-asumir-la-secretaria-pro-tempore-de-la-conferencia-iberoamericana\\\/\",\"url\":\"https:\\\/\\\/nld.mirex.gob.do\\\/consular\\\/amsterdam\\\/republica-dominicana-se-prepara-para-asumir-la-secretaria-pro-tempore-de-la-conferencia-iberoamericana\\\/\",\"name\":\"Rep\u00fablica Dominicana se prepara para asumir la Secretar\u00eda Pro Tempore de la Conferencia Iberoamericana - Consulado General de la Rep\u00fablica Dominicana en La Haya, Reino de los Pa\u00edses Bajos\",\"isPartOf\":{\"@id\":\"https:\\\/\\\/nld.mirex.gob.do\\\/consular\\\/amsterdam\\\/#website\"},\"primaryImageOfPage\":{\"@id\":\"https:\\\/\\\/nld.mirex.gob.do\\\/consular\\\/amsterdam\\\/republica-dominicana-se-prepara-para-asumir-la-secretaria-pro-tempore-de-la-conferencia-iberoamericana\\\/#primaryimage\"},\"image\":{\"@id\":\"https:\\\/\\\/nld.mirex.gob.do\\\/consular\\\/amsterdam\\\/republica-dominicana-se-prepara-para-asumir-la-secretaria-pro-tempore-de-la-conferencia-iberoamericana\\\/#primaryimage\"},\"thumbnailUrl\":\"\",\"datePublished\":\"2021-04-19T07:00:37+00:00\",\"breadcrumb\":{\"@id\":\"https:\\\/\\\/nld.mirex.gob.do\\\/consular\\\/amsterdam\\\/republica-dominicana-se-prepara-para-asumir-la-secretaria-pro-tempore-de-la-conferencia-iberoamericana\\\/#breadcrumb\"},\"inLanguage\":\"en-US\",\"potentialAction\":[{\"@type\":\"ReadAction\",\"target\":[\"https:\\\/\\\/nld.mirex.gob.do\\\/consular\\\/amsterdam\\\/republica-dominicana-se-prepara-para-asumir-la-secretaria-pro-tempore-de-la-conferencia-iberoamericana\\\/\"]}]},{\"@type\":\"ImageObject\",\"inLanguage\":\"en-US\",\"@id\":\"https:\\\/\\\/nld.mirex.gob.do\\\/consular\\\/amsterdam\\\/republica-dominicana-se-prepara-para-asumir-la-secretaria-pro-tempore-de-la-conferencia-iberoamericana\\\/#primaryimage\",\"url\":\"\",\"contentUrl\":\"\"},{\"@type\":\"BreadcrumbList\",\"@id\":\"https:\\\/\\\/nld.mirex.gob.do\\\/consular\\\/amsterdam\\\/republica-dominicana-se-prepara-para-asumir-la-secretaria-pro-tempore-de-la-conferencia-iberoamericana\\\/#breadcrumb\",\"itemListElement\":[{\"@type\":\"ListItem\",\"position\":1,\"name\":\"Inicio\",\"item\":\"https:\\\/\\\/nld.mirex.gob.do\\\/consular\\\/amsterdam\\\/\"},{\"@type\":\"ListItem\",\"position\":2,\"name\":\"Rep\u00fablica Dominicana se prepara para asumir la Secretar\u00eda Pro Tempore de la Conferencia Iberoamericana\"}]},{\"@type\":\"WebSite\",\"@id\":\"https:\\\/\\\/nld.mirex.gob.do\\\/consular\\\/amsterdam\\\/#website\",\"url\":\"https:\\\/\\\/nld.mirex.gob.do\\\/consular\\\/amsterdam\\\/\",\"name\":\"Consulado General de la Rep\u00fablica Dominicana en La Haya, Reino de los Pa\u00edses Bajos\",\"description\":\"\",\"publisher\":{\"@id\":\"https:\\\/\\\/nld.mirex.gob.do\\\/consular\\\/amsterdam\\\/#organization\"},\"potentialAction\":[{\"@type\":\"SearchAction\",\"target\":{\"@type\":\"EntryPoint\",\"urlTemplate\":\"https:\\\/\\\/nld.mirex.gob.do\\\/consular\\\/amsterdam\\\/?s={search_term_string}\"},\"query-input\":{\"@type\":\"PropertyValueSpecification\",\"valueRequired\":true,\"valueName\":\"search_term_string\"}}],\"inLanguage\":\"en-US\"},{\"@type\":\"Organization\",\"@id\":\"https:\\\/\\\/nld.mirex.gob.do\\\/consular\\\/amsterdam\\\/#organization\",\"name\":\"Consulado General de la Rep\u00fablica Dominicana en La Haya, Reino de los Pa\u00edses Bajos\",\"url\":\"https:\\\/\\\/nld.mirex.gob.do\\\/consular\\\/amsterdam\\\/\",\"logo\":{\"@type\":\"ImageObject\",\"inLanguage\":\"en-US\",\"@id\":\"https:\\\/\\\/nld.mirex.gob.do\\\/consular\\\/amsterdam\\\/#\\\/schema\\\/logo\\\/image\\\/\",\"url\":\"https:\\\/\\\/nld.mirex.gob.do\\\/consular\\\/amsterdam\\\/wp-content\\\/uploads\\\/2024\\\/04\\\/cropped-consulado_la_haya_reinode_los_Paises_Bajos.jpg\",\"contentUrl\":\"https:\\\/\\\/nld.mirex.gob.do\\\/consular\\\/amsterdam\\\/wp-content\\\/uploads\\\/2024\\\/04\\\/cropped-consulado_la_haya_reinode_los_Paises_Bajos.jpg\",\"width\":999,\"height\":407,\"caption\":\"Consulado General de la Rep\u00fablica Dominicana en La Haya, Reino de los Pa\u00edses Bajos\"},\"image\":{\"@id\":\"https:\\\/\\\/nld.mirex.gob.do\\\/consular\\\/amsterdam\\\/#\\\/schema\\\/logo\\\/image\\\/\"}},{\"@type\":\"Person\",\"@id\":\"https:\\\/\\\/nld.mirex.gob.do\\\/consular\\\/amsterdam\\\/#\\\/schema\\\/person\\\/772a9951ade6a7e4ab978b618b619ff8\",\"name\":\"Michael Antonio Melo Andujar\",\"image\":{\"@type\":\"ImageObject\",\"inLanguage\":\"en-US\",\"@id\":\"https:\\\/\\\/secure.gravatar.com\\\/avatar\\\/f8862d24b6945a30d30c9727ef9dfcd533ee25a18a27afc92991446aeb0e652d?s=96&d=mm&r=g\",\"url\":\"https:\\\/\\\/secure.gravatar.com\\\/avatar\\\/f8862d24b6945a30d30c9727ef9dfcd533ee25a18a27afc92991446aeb0e652d?s=96&d=mm&r=g\",\"contentUrl\":\"https:\\\/\\\/secure.gravatar.com\\\/avatar\\\/f8862d24b6945a30d30c9727ef9dfcd533ee25a18a27afc92991446aeb0e652d?s=96&d=mm&r=g\",\"caption\":\"Michael Antonio Melo Andujar\"}}]}<\/script>\n<!-- \/ Yoast SEO plugin. -->","yoast_head_json":{"title":"Rep\u00fablica Dominicana se prepara para asumir la Secretar\u00eda Pro Tempore de la Conferencia Iberoamericana - Consulado General de la Rep\u00fablica Dominicana en La Haya, Reino de los Pa\u00edses Bajos","robots":{"index":"index","follow":"follow","max-snippet":"max-snippet:-1","max-image-preview":"max-image-preview:large","max-video-preview":"max-video-preview:-1"},"canonical":"https:\/\/nld.mirex.gob.do\/consular\/amsterdam\/republica-dominicana-se-prepara-para-asumir-la-secretaria-pro-tempore-de-la-conferencia-iberoamericana\/","og_locale":"en_US","og_type":"article","og_title":"Rep\u00fablica Dominicana se prepara para asumir la Secretar\u00eda Pro Tempore de la Conferencia Iberoamericana - Consulado General de la Rep\u00fablica Dominicana en La Haya, Reino de los Pa\u00edses Bajos","og_description":"Nuestro pa\u00eds&nbsp; tomar\u00e1 posesi\u00f3n durante la XXVII Cumbre Iberoamericana de Jefes de Estado y de Gobierno, que se celebrar\u00e1 este 21 de abril en el Principado de Andorra. @MIREXRD Este mes de abril de 2021 Rep\u00fablica Dominicana asumir\u00e1, la Secretar\u00eda Pro Tempore de la Conferencia Iberoamericana que ahora ostenta el Principado de Andorra, y nos [&hellip;]","og_url":"https:\/\/nld.mirex.gob.do\/consular\/amsterdam\/republica-dominicana-se-prepara-para-asumir-la-secretaria-pro-tempore-de-la-conferencia-iberoamericana\/","og_site_name":"Consulado General de la Rep\u00fablica Dominicana en La Haya, Reino de los Pa\u00edses Bajos","article_published_time":"2021-04-19T07:00:37+00:00","author":"Michael Antonio Melo Andujar","twitter_card":"summary_large_image","twitter_misc":{"Written by":"Michael Antonio Melo Andujar","Est. reading time":"1 minute"},"schema":{"@context":"https:\/\/schema.org","@graph":[{"@type":"Article","@id":"https:\/\/nld.mirex.gob.do\/consular\/amsterdam\/republica-dominicana-se-prepara-para-asumir-la-secretaria-pro-tempore-de-la-conferencia-iberoamericana\/#article","isPartOf":{"@id":"https:\/\/nld.mirex.gob.do\/consular\/amsterdam\/republica-dominicana-se-prepara-para-asumir-la-secretaria-pro-tempore-de-la-conferencia-iberoamericana\/"},"author":{"name":"Michael Antonio Melo Andujar","@id":"https:\/\/nld.mirex.gob.do\/consular\/amsterdam\/#\/schema\/person\/772a9951ade6a7e4ab978b618b619ff8"},"headline":"Rep\u00fablica Dominicana se prepara para asumir la Secretar\u00eda Pro Tempore de la Conferencia Iberoamericana","datePublished":"2021-04-19T07:00:37+00:00","mainEntityOfPage":{"@id":"https:\/\/nld.mirex.gob.do\/consular\/amsterdam\/republica-dominicana-se-prepara-para-asumir-la-secretaria-pro-tempore-de-la-conferencia-iberoamericana\/"},"wordCount":170,"publisher":{"@id":"https:\/\/nld.mirex.gob.do\/consular\/amsterdam\/#organization"},"image":{"@id":"https:\/\/nld.mirex.gob.do\/consular\/amsterdam\/republica-dominicana-se-prepara-para-asumir-la-secretaria-pro-tempore-de-la-conferencia-iberoamericana\/#primaryimage"},"thumbnailUrl":"","keywords":["Cumbre Iberoamericana","MIREX","Secretar\u00eda Pro Tempore"],"articleSection":["Novedades","Novedades en portada"],"inLanguage":"en-US"},{"@type":"WebPage","@id":"https:\/\/nld.mirex.gob.do\/consular\/amsterdam\/republica-dominicana-se-prepara-para-asumir-la-secretaria-pro-tempore-de-la-conferencia-iberoamericana\/","url":"https:\/\/nld.mirex.gob.do\/consular\/amsterdam\/republica-dominicana-se-prepara-para-asumir-la-secretaria-pro-tempore-de-la-conferencia-iberoamericana\/","name":"Rep\u00fablica Dominicana se prepara para asumir la Secretar\u00eda Pro Tempore de la Conferencia Iberoamericana - Consulado General de la Rep\u00fablica Dominicana en La Haya, Reino de los Pa\u00edses Bajos","isPartOf":{"@id":"https:\/\/nld.mirex.gob.do\/consular\/amsterdam\/#website"},"primaryImageOfPage":{"@id":"https:\/\/nld.mirex.gob.do\/consular\/amsterdam\/republica-dominicana-se-prepara-para-asumir-la-secretaria-pro-tempore-de-la-conferencia-iberoamericana\/#primaryimage"},"image":{"@id":"https:\/\/nld.mirex.gob.do\/consular\/amsterdam\/republica-dominicana-se-prepara-para-asumir-la-secretaria-pro-tempore-de-la-conferencia-iberoamericana\/#primaryimage"},"thumbnailUrl":"","datePublished":"2021-04-19T07:00:37+00:00","breadcrumb":{"@id":"https:\/\/nld.mirex.gob.do\/consular\/amsterdam\/republica-dominicana-se-prepara-para-asumir-la-secretaria-pro-tempore-de-la-conferencia-iberoamericana\/#breadcrumb"},"inLanguage":"en-US","potentialAction":[{"@type":"ReadAction","target":["https:\/\/nld.mirex.gob.do\/consular\/amsterdam\/republica-dominicana-se-prepara-para-asumir-la-secretaria-pro-tempore-de-la-conferencia-iberoamericana\/"]}]},{"@type":"ImageObject","inLanguage":"en-US","@id":"https:\/\/nld.mirex.gob.do\/consular\/amsterdam\/republica-dominicana-se-prepara-para-asumir-la-secretaria-pro-tempore-de-la-conferencia-iberoamericana\/#primaryimage","url":"","contentUrl":""},{"@type":"BreadcrumbList","@id":"https:\/\/nld.mirex.gob.do\/consular\/amsterdam\/republica-dominicana-se-prepara-para-asumir-la-secretaria-pro-tempore-de-la-conferencia-iberoamericana\/#breadcrumb","itemListElement":[{"@type":"ListItem","position":1,"name":"Inicio","item":"https:\/\/nld.mirex.gob.do\/consular\/amsterdam\/"},{"@type":"ListItem","position":2,"name":"Rep\u00fablica Dominicana se prepara para asumir la Secretar\u00eda Pro Tempore de la Conferencia Iberoamericana"}]},{"@type":"WebSite","@id":"https:\/\/nld.mirex.gob.do\/consular\/amsterdam\/#website","url":"https:\/\/nld.mirex.gob.do\/consular\/amsterdam\/","name":"Consulado General de la Rep\u00fablica Dominicana en La Haya, Reino de los Pa\u00edses Bajos","description":"","publisher":{"@id":"https:\/\/nld.mirex.gob.do\/consular\/amsterdam\/#organization"},"potentialAction":[{"@type":"SearchAction","target":{"@type":"EntryPoint","urlTemplate":"https:\/\/nld.mirex.gob.do\/consular\/amsterdam\/?s={search_term_string}"},"query-input":{"@type":"PropertyValueSpecification","valueRequired":true,"valueName":"search_term_string"}}],"inLanguage":"en-US"},{"@type":"Organization","@id":"https:\/\/nld.mirex.gob.do\/consular\/amsterdam\/#organization","name":"Consulado General de la Rep\u00fablica Dominicana en La Haya, Reino de los Pa\u00edses Bajos","url":"https:\/\/nld.mirex.gob.do\/consular\/amsterdam\/","logo":{"@type":"ImageObject","inLanguage":"en-US","@id":"https:\/\/nld.mirex.gob.do\/consular\/amsterdam\/#\/schema\/logo\/image\/","url":"https:\/\/nld.mirex.gob.do\/consular\/amsterdam\/wp-content\/uploads\/2024\/04\/cropped-consulado_la_haya_reinode_los_Paises_Bajos.jpg","contentUrl":"https:\/\/nld.mirex.gob.do\/consular\/amsterdam\/wp-content\/uploads\/2024\/04\/cropped-consulado_la_haya_reinode_los_Paises_Bajos.jpg","width":999,"height":407,"caption":"Consulado General de la Rep\u00fablica Dominicana en La Haya, Reino de los Pa\u00edses Bajos"},"image":{"@id":"https:\/\/nld.mirex.gob.do\/consular\/amsterdam\/#\/schema\/logo\/image\/"}},{"@type":"Person","@id":"https:\/\/nld.mirex.gob.do\/consular\/amsterdam\/#\/schema\/person\/772a9951ade6a7e4ab978b618b619ff8","name":"Michael Antonio Melo Andujar","image":{"@type":"ImageObject","inLanguage":"en-US","@id":"https:\/\/secure.gravatar.com\/avatar\/f8862d24b6945a30d30c9727ef9dfcd533ee25a18a27afc92991446aeb0e652d?s=96&d=mm&r=g","url":"https:\/\/secure.gravatar.com\/avatar\/f8862d24b6945a30d30c9727ef9dfcd533ee25a18a27afc92991446aeb0e652d?s=96&d=mm&r=g","contentUrl":"https:\/\/secure.gravatar.com\/avatar\/f8862d24b6945a30d30c9727ef9dfcd533ee25a18a27afc92991446aeb0e652d?s=96&d=mm&r=g","caption":"Michael Antonio Melo Andujar"}}]}},"_links":{"self":[{"href":"https:\/\/nld.mirex.gob.do\/consular\/amsterdam\/wp-json\/wp\/v2\/posts\/4642","targetHints":{"allow":["GET"]}}],"collection":[{"href":"https:\/\/nld.mirex.gob.do\/consular\/amsterdam\/wp-json\/wp\/v2\/posts"}],"about":[{"href":"https:\/\/nld.mirex.gob.do\/consular\/amsterdam\/wp-json\/wp\/v2\/types\/post"}],"author":[{"embeddable":true,"href":"https:\/\/nld.mirex.gob.do\/consular\/amsterdam\/wp-json\/wp\/v2\/users\/8"}],"replies":[{"embeddable":true,"href":"https:\/\/nld.mirex.gob.do\/consular\/amsterdam\/wp-json\/wp\/v2\/comments?post=4642"}],"version-history":[{"count":0,"href":"https:\/\/nld.mirex.gob.do\/consular\/amsterdam\/wp-json\/wp\/v2\/posts\/4642\/revisions"}],"wp:featuredmedia":[{"embeddable":true,"href":"https:\/\/nld.mirex.gob.do\/consular\/amsterdam\/wp-json\/"}],"wp:attachment":[{"href":"https:\/\/nld.mirex.gob.do\/consular\/amsterdam\/wp-json\/wp\/v2\/media?parent=4642"}],"wp:term":[{"taxonomy":"category","embeddable":true,"href":"https:\/\/nld.mirex.gob.do\/consular\/amsterdam\/wp-json\/wp\/v2\/categories?post=4642"},{"taxonomy":"post_tag","embeddable":true,"href":"https:\/\/nld.mirex.gob.do\/consular\/amsterdam\/wp-json\/wp\/v2\/tags?post=4642"}],"curies":[{"name":"wp","href":"https:\/\/api.w.org\/{rel}","templated":true}]}}