{"id":4638,"date":"2021-04-07T12:08:33","date_gmt":"2021-04-07T12:08:33","guid":{"rendered":"https:\/\/www.consuladordholanda.com\/?p=4638"},"modified":"2021-04-07T12:08:33","modified_gmt":"2021-04-07T12:08:33","slug":"posicion-de-republica-dominicana-sobre-la-situacion-en-haiti","status":"publish","type":"post","link":"https:\/\/nld.mirex.gob.do\/consular\/amsterdam\/posicion-de-republica-dominicana-sobre-la-situacion-en-haiti\/","title":{"rendered":"Posici\u00f3n de Rep\u00fablica Dominicana sobre la situaci\u00f3n en Hait\u00ed"},"content":{"rendered":"<p><a href=\"https:\/\/www.consuladordholanda.com\/wp-content\/uploads\/2021\/04\/Posicion-de-Republica-Dominicana-sobre-la-situacion-en-Haiti.jpg\"><img fetchpriority=\"high\" decoding=\"async\" class=\"alignnone size-full wp-image-4639\" src=\"https:\/\/www.consuladordholanda.com\/wp-content\/uploads\/2021\/04\/Posicion-de-Republica-Dominicana-sobre-la-situacion-en-Haiti.jpg\" alt=\"\" width=\"1080\" height=\"1080\"><\/a><\/p>\n<p><strong>Santo Domingo<\/strong>, 07 de abril de 2021.- El Gobierno dominicano sigue con profunda preocupaci\u00f3n la evoluci\u00f3n de los acontecimientos en Hait\u00ed. El vecino pa\u00eds atraviesa por una situaci\u00f3n de inestabilidad pol\u00edtica marcada por el aumento de la violencia y la inseguridad, as\u00ed como por una grave crisis alimenticia que genera considerable descontento popular.<\/p>\n<p>Para Rep\u00fablica Dominicana es del m\u00e1s alto inter\u00e9s que Hait\u00ed pueda superar el clima de crispaci\u00f3n pol\u00edtica y lograr un gobierno cada vez m\u00e1s estable. El Gobierno dominicano reitera su compromiso de promover una pol\u00edtica de buena vecindad y cooperaci\u00f3n mutua, bajo el entendido de que la paz y la estabilidad de ambos lados de la frontera dependen de la democracia, as\u00ed como de un s\u00f3lido desarrollo humano y de la firme protecci\u00f3n de los derechos fundamentales en todo el territorio de La Hispaniola.<\/p>\n<p>Vemos con inquietud las dificultades para cumplir con el calendario electoral propuesto por el gobierno de Hait\u00ed. Esta dificultad deriva de dos elementos fundamentales: Primero, la falta de di\u00e1logo entre los principales actores llamados a participar en los diversos procesos electorales. Segundo, la gran lentitud con que se lleva a cabo el registro y carnetizaci\u00f3n de votantes. A la fecha, todos los estimados apuntan a que no se lograr\u00e1 la meta de completar el registro de votantes para el proceso electoral.<\/p>\n<p>Para asegurar un cambio de gobierno democr\u00e1tico, que garantice la estabilidad pol\u00edtica en Hait\u00ed, es imprescindible asegurar un proceso electoral de amplia participaci\u00f3n ciudadana y reconocimiento por parte de los partidos pol\u00edticos, avalado por una observaci\u00f3n electoral internacional. Una reforma constitucional, de amplia aceptaci\u00f3n por la mayor\u00eda de las fuerzas pol\u00edticas y sociales de Hait\u00ed, ser\u00eda el punto de partida para el desarrollo de una arquitectura institucional m\u00e1s apropiada para Hait\u00ed, la que promueva una mejor gobernanza.<\/p>\n<p>&#x1f4f2;M\u00e1s informaci\u00f3n en <a href=\"https:\/\/l.facebook.com\/l.php?u=http%3A%2F%2Fwww.mirex.gob.do%2F&amp;h=AT1bw5oJoU-stWbqXSxLFUgI61b84z3BjZPHpRfkifPUqC8EU-9N3ockoU-elU__urKbn9JMQS0PgggkeUjv7t4WV3kvdLHbaGh-Wm5MBOJt0z4BXdgTSTzxVJogfJbRfhzRJ3oGoAMxK6HBwauIzaOIXu19el3hDQAU0XAnayxV1mZVNCbJXdp_RiJQfkLqISM8wjYdWLogAQ2qnWFauvdwERGJcqTaBA3P9mneXciVpcHD0EoxG2hFTrTaguN_tGPgIS993bilXT2Xd0itvyu0QXTYcuXt9StbALpMBXIPnNE9tZJJNJUrJs0oeCH8v6gtxpP4nzmge45lePazg4LOLsgUawWnd6cvQGHwgQx6RvyCFw8yIhXAhowp6nuywDiFB8iqDMcDQe6XDYV6V0hfIkZUk5aholwNivgtRsmfSUeQtsQgotAQKK1jHD7JS_H1Ba5MIHIkcrGidR1Z98SE-6F55WAHA556ZV5eVm8QMhDKDoeeDfkxhnVyScqKm4GQGshcMF2CKOJY06qqqEykP9_kF5aU4suj1hqk5IjrgCo4HRJlrb4GhhfFKIc2oU3PqdIVMW4-qhqw_EaSIdBFUXDh9X5cscvJ\">www.mirex.gob.do<\/a><\/p>\n<p>&nbsp;<\/p>\n","protected":false},"excerpt":{"rendered":"<p>Santo Domingo, 07 de abril de 2021.- El Gobierno dominicano sigue con profunda preocupaci\u00f3n la evoluci\u00f3n de los acontecimientos en Hait\u00ed. El vecino pa\u00eds atraviesa por una situaci\u00f3n de inestabilidad pol\u00edtica marcada por el aumento de la violencia y la inseguridad, as\u00ed como por una grave crisis alimenticia que genera considerable descontento popular. Para Rep\u00fablica [&hellip;]<\/p>\n","protected":false},"author":8,"featured_media":4640,"comment_status":"closed","ping_status":"open","sticky":false,"template":"","format":"standard","meta":{"site-sidebar-layout":"default","site-content-layout":"","ast-site-content-layout":"default","site-content-style":"default","site-sidebar-style":"default","ast-global-header-display":"","ast-banner-title-visibility":"","ast-main-header-display":"","ast-hfb-above-header-display":"","ast-hfb-below-header-display":"","ast-hfb-mobile-header-display":"","site-post-title":"","ast-breadcrumbs-content":"","ast-featured-img":"","footer-sml-layout":"","ast-disable-related-posts":"","theme-transparent-header-meta":"","adv-header-id-meta":"","stick-header-meta":"","header-above-stick-meta":"","header-main-stick-meta":"","header-below-stick-meta":"","astra-migrate-meta-layouts":"default","ast-page-background-enabled":"default","ast-page-background-meta":{"desktop":{"background-color":"","background-image":"","background-repeat":"repeat","background-position":"center center","background-size":"auto","background-attachment":"scroll","background-type":"","background-media":"","overlay-type":"","overlay-color":"","overlay-opacity":"","overlay-gradient":""},"tablet":{"background-color":"","background-image":"","background-repeat":"repeat","background-position":"center center","background-size":"auto","background-attachment":"scroll","background-type":"","background-media":"","overlay-type":"","overlay-color":"","overlay-opacity":"","overlay-gradient":""},"mobile":{"background-color":"","background-image":"","background-repeat":"repeat","background-position":"center center","background-size":"auto","background-attachment":"scroll","background-type":"","background-media":"","overlay-type":"","overlay-color":"","overlay-opacity":"","overlay-gradient":""}},"ast-content-background-meta":{"desktop":{"background-color":"var(--ast-global-color-5)","background-image":"","background-repeat":"repeat","background-position":"center center","background-size":"auto","background-attachment":"scroll","background-type":"","background-media":"","overlay-type":"","overlay-color":"","overlay-opacity":"","overlay-gradient":""},"tablet":{"background-color":"var(--ast-global-color-5)","background-image":"","background-repeat":"repeat","background-position":"center center","background-size":"auto","background-attachment":"scroll","background-type":"","background-media":"","overlay-type":"","overlay-color":"","overlay-opacity":"","overlay-gradient":""},"mobile":{"background-color":"var(--ast-global-color-5)","background-image":"","background-repeat":"repeat","background-position":"center center","background-size":"auto","background-attachment":"scroll","background-type":"","background-media":"","overlay-type":"","overlay-color":"","overlay-opacity":"","overlay-gradient":""}},"footnotes":""},"categories":[66,405],"tags":[],"class_list":["post-4638","post","type-post","status-publish","format-standard","has-post-thumbnail","hentry","category-novedades","category-novedades-en-portada"],"yoast_head":"<!-- This site is optimized with the Yoast SEO plugin v27.4 - https:\/\/yoast.com\/product\/yoast-seo-wordpress\/ -->\n<title>Posici\u00f3n de Rep\u00fablica Dominicana sobre la situaci\u00f3n en Hait\u00ed - Consulado General de la Rep\u00fablica Dominicana en La Haya, Reino de los Pa\u00edses Bajos<\/title>\n<meta name=\"description\" content=\"El Gobierno dominicano sigue con profunda preocupaci\u00f3n la evoluci\u00f3n de los acontecimientos en Hait\u00ed. El vecino pa\u00eds atraviesa por una situaci\u00f3n de inestabilidad pol\u00edtica marcada por el aumento de la violencia y la inseguridad\" \/>\n<meta name=\"robots\" content=\"index, follow, max-snippet:-1, max-image-preview:large, max-video-preview:-1\" \/>\n<link rel=\"canonical\" href=\"https:\/\/nld.mirex.gob.do\/consular\/amsterdam\/posicion-de-republica-dominicana-sobre-la-situacion-en-haiti\/\" \/>\n<meta property=\"og:locale\" content=\"en_US\" \/>\n<meta property=\"og:type\" content=\"article\" \/>\n<meta property=\"og:title\" content=\"Posici\u00f3n de Rep\u00fablica Dominicana sobre la situaci\u00f3n en Hait\u00ed - Consulado General de la Rep\u00fablica Dominicana en La Haya, Reino de los Pa\u00edses Bajos\" \/>\n<meta property=\"og:description\" content=\"El Gobierno dominicano sigue con profunda preocupaci\u00f3n la evoluci\u00f3n de los acontecimientos en Hait\u00ed. El vecino pa\u00eds atraviesa por una situaci\u00f3n de inestabilidad pol\u00edtica marcada por el aumento de la violencia y la inseguridad\" \/>\n<meta property=\"og:url\" content=\"https:\/\/nld.mirex.gob.do\/consular\/amsterdam\/posicion-de-republica-dominicana-sobre-la-situacion-en-haiti\/\" \/>\n<meta property=\"og:site_name\" content=\"Consulado General de la Rep\u00fablica Dominicana en La Haya, Reino de los Pa\u00edses Bajos\" \/>\n<meta property=\"article:published_time\" content=\"2021-04-07T12:08:33+00:00\" \/>\n<meta name=\"author\" content=\"Michael Antonio Melo Andujar\" \/>\n<meta name=\"twitter:card\" content=\"summary_large_image\" \/>\n<meta name=\"twitter:label1\" content=\"Written by\" \/>\n\t<meta name=\"twitter:data1\" content=\"Michael Antonio Melo Andujar\" \/>\n\t<meta name=\"twitter:label2\" content=\"Est. reading time\" \/>\n\t<meta name=\"twitter:data2\" content=\"2 minutes\" \/>\n<script type=\"application\/ld+json\" class=\"yoast-schema-graph\">{\"@context\":\"https:\\\/\\\/schema.org\",\"@graph\":[{\"@type\":\"Article\",\"@id\":\"https:\\\/\\\/nld.mirex.gob.do\\\/consular\\\/amsterdam\\\/posicion-de-republica-dominicana-sobre-la-situacion-en-haiti\\\/#article\",\"isPartOf\":{\"@id\":\"https:\\\/\\\/nld.mirex.gob.do\\\/consular\\\/amsterdam\\\/posicion-de-republica-dominicana-sobre-la-situacion-en-haiti\\\/\"},\"author\":{\"name\":\"Michael Antonio Melo Andujar\",\"@id\":\"https:\\\/\\\/nld.mirex.gob.do\\\/consular\\\/amsterdam\\\/#\\\/schema\\\/person\\\/772a9951ade6a7e4ab978b618b619ff8\"},\"headline\":\"Posici\u00f3n de Rep\u00fablica Dominicana sobre la situaci\u00f3n en Hait\u00ed\",\"datePublished\":\"2021-04-07T12:08:33+00:00\",\"mainEntityOfPage\":{\"@id\":\"https:\\\/\\\/nld.mirex.gob.do\\\/consular\\\/amsterdam\\\/posicion-de-republica-dominicana-sobre-la-situacion-en-haiti\\\/\"},\"wordCount\":346,\"publisher\":{\"@id\":\"https:\\\/\\\/nld.mirex.gob.do\\\/consular\\\/amsterdam\\\/#organization\"},\"image\":{\"@id\":\"https:\\\/\\\/nld.mirex.gob.do\\\/consular\\\/amsterdam\\\/posicion-de-republica-dominicana-sobre-la-situacion-en-haiti\\\/#primaryimage\"},\"thumbnailUrl\":\"\",\"articleSection\":[\"Novedades\",\"Novedades en portada\"],\"inLanguage\":\"en-US\"},{\"@type\":\"WebPage\",\"@id\":\"https:\\\/\\\/nld.mirex.gob.do\\\/consular\\\/amsterdam\\\/posicion-de-republica-dominicana-sobre-la-situacion-en-haiti\\\/\",\"url\":\"https:\\\/\\\/nld.mirex.gob.do\\\/consular\\\/amsterdam\\\/posicion-de-republica-dominicana-sobre-la-situacion-en-haiti\\\/\",\"name\":\"Posici\u00f3n de Rep\u00fablica Dominicana sobre la situaci\u00f3n en Hait\u00ed - Consulado General de la Rep\u00fablica Dominicana en La Haya, Reino de los Pa\u00edses Bajos\",\"isPartOf\":{\"@id\":\"https:\\\/\\\/nld.mirex.gob.do\\\/consular\\\/amsterdam\\\/#website\"},\"primaryImageOfPage\":{\"@id\":\"https:\\\/\\\/nld.mirex.gob.do\\\/consular\\\/amsterdam\\\/posicion-de-republica-dominicana-sobre-la-situacion-en-haiti\\\/#primaryimage\"},\"image\":{\"@id\":\"https:\\\/\\\/nld.mirex.gob.do\\\/consular\\\/amsterdam\\\/posicion-de-republica-dominicana-sobre-la-situacion-en-haiti\\\/#primaryimage\"},\"thumbnailUrl\":\"\",\"datePublished\":\"2021-04-07T12:08:33+00:00\",\"description\":\"El Gobierno dominicano sigue con profunda preocupaci\u00f3n la evoluci\u00f3n de los acontecimientos en Hait\u00ed. El vecino pa\u00eds atraviesa por una situaci\u00f3n de inestabilidad pol\u00edtica marcada por el aumento de la violencia y la inseguridad\",\"breadcrumb\":{\"@id\":\"https:\\\/\\\/nld.mirex.gob.do\\\/consular\\\/amsterdam\\\/posicion-de-republica-dominicana-sobre-la-situacion-en-haiti\\\/#breadcrumb\"},\"inLanguage\":\"en-US\",\"potentialAction\":[{\"@type\":\"ReadAction\",\"target\":[\"https:\\\/\\\/nld.mirex.gob.do\\\/consular\\\/amsterdam\\\/posicion-de-republica-dominicana-sobre-la-situacion-en-haiti\\\/\"]}]},{\"@type\":\"ImageObject\",\"inLanguage\":\"en-US\",\"@id\":\"https:\\\/\\\/nld.mirex.gob.do\\\/consular\\\/amsterdam\\\/posicion-de-republica-dominicana-sobre-la-situacion-en-haiti\\\/#primaryimage\",\"url\":\"\",\"contentUrl\":\"\"},{\"@type\":\"BreadcrumbList\",\"@id\":\"https:\\\/\\\/nld.mirex.gob.do\\\/consular\\\/amsterdam\\\/posicion-de-republica-dominicana-sobre-la-situacion-en-haiti\\\/#breadcrumb\",\"itemListElement\":[{\"@type\":\"ListItem\",\"position\":1,\"name\":\"Inicio\",\"item\":\"https:\\\/\\\/nld.mirex.gob.do\\\/consular\\\/amsterdam\\\/\"},{\"@type\":\"ListItem\",\"position\":2,\"name\":\"Posici\u00f3n de Rep\u00fablica Dominicana sobre la situaci\u00f3n en Hait\u00ed\"}]},{\"@type\":\"WebSite\",\"@id\":\"https:\\\/\\\/nld.mirex.gob.do\\\/consular\\\/amsterdam\\\/#website\",\"url\":\"https:\\\/\\\/nld.mirex.gob.do\\\/consular\\\/amsterdam\\\/\",\"name\":\"Consulado General de la Rep\u00fablica Dominicana en La Haya, Reino de los Pa\u00edses Bajos\",\"description\":\"\",\"publisher\":{\"@id\":\"https:\\\/\\\/nld.mirex.gob.do\\\/consular\\\/amsterdam\\\/#organization\"},\"potentialAction\":[{\"@type\":\"SearchAction\",\"target\":{\"@type\":\"EntryPoint\",\"urlTemplate\":\"https:\\\/\\\/nld.mirex.gob.do\\\/consular\\\/amsterdam\\\/?s={search_term_string}\"},\"query-input\":{\"@type\":\"PropertyValueSpecification\",\"valueRequired\":true,\"valueName\":\"search_term_string\"}}],\"inLanguage\":\"en-US\"},{\"@type\":\"Organization\",\"@id\":\"https:\\\/\\\/nld.mirex.gob.do\\\/consular\\\/amsterdam\\\/#organization\",\"name\":\"Consulado General de la Rep\u00fablica Dominicana en La Haya, Reino de los Pa\u00edses Bajos\",\"url\":\"https:\\\/\\\/nld.mirex.gob.do\\\/consular\\\/amsterdam\\\/\",\"logo\":{\"@type\":\"ImageObject\",\"inLanguage\":\"en-US\",\"@id\":\"https:\\\/\\\/nld.mirex.gob.do\\\/consular\\\/amsterdam\\\/#\\\/schema\\\/logo\\\/image\\\/\",\"url\":\"https:\\\/\\\/nld.mirex.gob.do\\\/consular\\\/amsterdam\\\/wp-content\\\/uploads\\\/2024\\\/04\\\/cropped-consulado_la_haya_reinode_los_Paises_Bajos.jpg\",\"contentUrl\":\"https:\\\/\\\/nld.mirex.gob.do\\\/consular\\\/amsterdam\\\/wp-content\\\/uploads\\\/2024\\\/04\\\/cropped-consulado_la_haya_reinode_los_Paises_Bajos.jpg\",\"width\":999,\"height\":407,\"caption\":\"Consulado General de la Rep\u00fablica Dominicana en La Haya, Reino de los Pa\u00edses Bajos\"},\"image\":{\"@id\":\"https:\\\/\\\/nld.mirex.gob.do\\\/consular\\\/amsterdam\\\/#\\\/schema\\\/logo\\\/image\\\/\"}},{\"@type\":\"Person\",\"@id\":\"https:\\\/\\\/nld.mirex.gob.do\\\/consular\\\/amsterdam\\\/#\\\/schema\\\/person\\\/772a9951ade6a7e4ab978b618b619ff8\",\"name\":\"Michael Antonio Melo Andujar\",\"image\":{\"@type\":\"ImageObject\",\"inLanguage\":\"en-US\",\"@id\":\"https:\\\/\\\/secure.gravatar.com\\\/avatar\\\/f8862d24b6945a30d30c9727ef9dfcd533ee25a18a27afc92991446aeb0e652d?s=96&d=mm&r=g\",\"url\":\"https:\\\/\\\/secure.gravatar.com\\\/avatar\\\/f8862d24b6945a30d30c9727ef9dfcd533ee25a18a27afc92991446aeb0e652d?s=96&d=mm&r=g\",\"contentUrl\":\"https:\\\/\\\/secure.gravatar.com\\\/avatar\\\/f8862d24b6945a30d30c9727ef9dfcd533ee25a18a27afc92991446aeb0e652d?s=96&d=mm&r=g\",\"caption\":\"Michael Antonio Melo Andujar\"}}]}<\/script>\n<!-- \/ Yoast SEO plugin. -->","yoast_head_json":{"title":"Posici\u00f3n de Rep\u00fablica Dominicana sobre la situaci\u00f3n en Hait\u00ed - Consulado General de la Rep\u00fablica Dominicana en La Haya, Reino de los Pa\u00edses Bajos","description":"El Gobierno dominicano sigue con profunda preocupaci\u00f3n la evoluci\u00f3n de los acontecimientos en Hait\u00ed. El vecino pa\u00eds atraviesa por una situaci\u00f3n de inestabilidad pol\u00edtica marcada por el aumento de la violencia y la inseguridad","robots":{"index":"index","follow":"follow","max-snippet":"max-snippet:-1","max-image-preview":"max-image-preview:large","max-video-preview":"max-video-preview:-1"},"canonical":"https:\/\/nld.mirex.gob.do\/consular\/amsterdam\/posicion-de-republica-dominicana-sobre-la-situacion-en-haiti\/","og_locale":"en_US","og_type":"article","og_title":"Posici\u00f3n de Rep\u00fablica Dominicana sobre la situaci\u00f3n en Hait\u00ed - Consulado General de la Rep\u00fablica Dominicana en La Haya, Reino de los Pa\u00edses Bajos","og_description":"El Gobierno dominicano sigue con profunda preocupaci\u00f3n la evoluci\u00f3n de los acontecimientos en Hait\u00ed. El vecino pa\u00eds atraviesa por una situaci\u00f3n de inestabilidad pol\u00edtica marcada por el aumento de la violencia y la inseguridad","og_url":"https:\/\/nld.mirex.gob.do\/consular\/amsterdam\/posicion-de-republica-dominicana-sobre-la-situacion-en-haiti\/","og_site_name":"Consulado General de la Rep\u00fablica Dominicana en La Haya, Reino de los Pa\u00edses Bajos","article_published_time":"2021-04-07T12:08:33+00:00","author":"Michael Antonio Melo Andujar","twitter_card":"summary_large_image","twitter_misc":{"Written by":"Michael Antonio Melo Andujar","Est. reading time":"2 minutes"},"schema":{"@context":"https:\/\/schema.org","@graph":[{"@type":"Article","@id":"https:\/\/nld.mirex.gob.do\/consular\/amsterdam\/posicion-de-republica-dominicana-sobre-la-situacion-en-haiti\/#article","isPartOf":{"@id":"https:\/\/nld.mirex.gob.do\/consular\/amsterdam\/posicion-de-republica-dominicana-sobre-la-situacion-en-haiti\/"},"author":{"name":"Michael Antonio Melo Andujar","@id":"https:\/\/nld.mirex.gob.do\/consular\/amsterdam\/#\/schema\/person\/772a9951ade6a7e4ab978b618b619ff8"},"headline":"Posici\u00f3n de Rep\u00fablica Dominicana sobre la situaci\u00f3n en Hait\u00ed","datePublished":"2021-04-07T12:08:33+00:00","mainEntityOfPage":{"@id":"https:\/\/nld.mirex.gob.do\/consular\/amsterdam\/posicion-de-republica-dominicana-sobre-la-situacion-en-haiti\/"},"wordCount":346,"publisher":{"@id":"https:\/\/nld.mirex.gob.do\/consular\/amsterdam\/#organization"},"image":{"@id":"https:\/\/nld.mirex.gob.do\/consular\/amsterdam\/posicion-de-republica-dominicana-sobre-la-situacion-en-haiti\/#primaryimage"},"thumbnailUrl":"","articleSection":["Novedades","Novedades en portada"],"inLanguage":"en-US"},{"@type":"WebPage","@id":"https:\/\/nld.mirex.gob.do\/consular\/amsterdam\/posicion-de-republica-dominicana-sobre-la-situacion-en-haiti\/","url":"https:\/\/nld.mirex.gob.do\/consular\/amsterdam\/posicion-de-republica-dominicana-sobre-la-situacion-en-haiti\/","name":"Posici\u00f3n de Rep\u00fablica Dominicana sobre la situaci\u00f3n en Hait\u00ed - Consulado General de la Rep\u00fablica Dominicana en La Haya, Reino de los Pa\u00edses Bajos","isPartOf":{"@id":"https:\/\/nld.mirex.gob.do\/consular\/amsterdam\/#website"},"primaryImageOfPage":{"@id":"https:\/\/nld.mirex.gob.do\/consular\/amsterdam\/posicion-de-republica-dominicana-sobre-la-situacion-en-haiti\/#primaryimage"},"image":{"@id":"https:\/\/nld.mirex.gob.do\/consular\/amsterdam\/posicion-de-republica-dominicana-sobre-la-situacion-en-haiti\/#primaryimage"},"thumbnailUrl":"","datePublished":"2021-04-07T12:08:33+00:00","description":"El Gobierno dominicano sigue con profunda preocupaci\u00f3n la evoluci\u00f3n de los acontecimientos en Hait\u00ed. El vecino pa\u00eds atraviesa por una situaci\u00f3n de inestabilidad pol\u00edtica marcada por el aumento de la violencia y la inseguridad","breadcrumb":{"@id":"https:\/\/nld.mirex.gob.do\/consular\/amsterdam\/posicion-de-republica-dominicana-sobre-la-situacion-en-haiti\/#breadcrumb"},"inLanguage":"en-US","potentialAction":[{"@type":"ReadAction","target":["https:\/\/nld.mirex.gob.do\/consular\/amsterdam\/posicion-de-republica-dominicana-sobre-la-situacion-en-haiti\/"]}]},{"@type":"ImageObject","inLanguage":"en-US","@id":"https:\/\/nld.mirex.gob.do\/consular\/amsterdam\/posicion-de-republica-dominicana-sobre-la-situacion-en-haiti\/#primaryimage","url":"","contentUrl":""},{"@type":"BreadcrumbList","@id":"https:\/\/nld.mirex.gob.do\/consular\/amsterdam\/posicion-de-republica-dominicana-sobre-la-situacion-en-haiti\/#breadcrumb","itemListElement":[{"@type":"ListItem","position":1,"name":"Inicio","item":"https:\/\/nld.mirex.gob.do\/consular\/amsterdam\/"},{"@type":"ListItem","position":2,"name":"Posici\u00f3n de Rep\u00fablica Dominicana sobre la situaci\u00f3n en Hait\u00ed"}]},{"@type":"WebSite","@id":"https:\/\/nld.mirex.gob.do\/consular\/amsterdam\/#website","url":"https:\/\/nld.mirex.gob.do\/consular\/amsterdam\/","name":"Consulado General de la Rep\u00fablica Dominicana en La Haya, Reino de los Pa\u00edses Bajos","description":"","publisher":{"@id":"https:\/\/nld.mirex.gob.do\/consular\/amsterdam\/#organization"},"potentialAction":[{"@type":"SearchAction","target":{"@type":"EntryPoint","urlTemplate":"https:\/\/nld.mirex.gob.do\/consular\/amsterdam\/?s={search_term_string}"},"query-input":{"@type":"PropertyValueSpecification","valueRequired":true,"valueName":"search_term_string"}}],"inLanguage":"en-US"},{"@type":"Organization","@id":"https:\/\/nld.mirex.gob.do\/consular\/amsterdam\/#organization","name":"Consulado General de la Rep\u00fablica Dominicana en La Haya, Reino de los Pa\u00edses Bajos","url":"https:\/\/nld.mirex.gob.do\/consular\/amsterdam\/","logo":{"@type":"ImageObject","inLanguage":"en-US","@id":"https:\/\/nld.mirex.gob.do\/consular\/amsterdam\/#\/schema\/logo\/image\/","url":"https:\/\/nld.mirex.gob.do\/consular\/amsterdam\/wp-content\/uploads\/2024\/04\/cropped-consulado_la_haya_reinode_los_Paises_Bajos.jpg","contentUrl":"https:\/\/nld.mirex.gob.do\/consular\/amsterdam\/wp-content\/uploads\/2024\/04\/cropped-consulado_la_haya_reinode_los_Paises_Bajos.jpg","width":999,"height":407,"caption":"Consulado General de la Rep\u00fablica Dominicana en La Haya, Reino de los Pa\u00edses Bajos"},"image":{"@id":"https:\/\/nld.mirex.gob.do\/consular\/amsterdam\/#\/schema\/logo\/image\/"}},{"@type":"Person","@id":"https:\/\/nld.mirex.gob.do\/consular\/amsterdam\/#\/schema\/person\/772a9951ade6a7e4ab978b618b619ff8","name":"Michael Antonio Melo Andujar","image":{"@type":"ImageObject","inLanguage":"en-US","@id":"https:\/\/secure.gravatar.com\/avatar\/f8862d24b6945a30d30c9727ef9dfcd533ee25a18a27afc92991446aeb0e652d?s=96&d=mm&r=g","url":"https:\/\/secure.gravatar.com\/avatar\/f8862d24b6945a30d30c9727ef9dfcd533ee25a18a27afc92991446aeb0e652d?s=96&d=mm&r=g","contentUrl":"https:\/\/secure.gravatar.com\/avatar\/f8862d24b6945a30d30c9727ef9dfcd533ee25a18a27afc92991446aeb0e652d?s=96&d=mm&r=g","caption":"Michael Antonio Melo Andujar"}}]}},"_links":{"self":[{"href":"https:\/\/nld.mirex.gob.do\/consular\/amsterdam\/wp-json\/wp\/v2\/posts\/4638","targetHints":{"allow":["GET"]}}],"collection":[{"href":"https:\/\/nld.mirex.gob.do\/consular\/amsterdam\/wp-json\/wp\/v2\/posts"}],"about":[{"href":"https:\/\/nld.mirex.gob.do\/consular\/amsterdam\/wp-json\/wp\/v2\/types\/post"}],"author":[{"embeddable":true,"href":"https:\/\/nld.mirex.gob.do\/consular\/amsterdam\/wp-json\/wp\/v2\/users\/8"}],"replies":[{"embeddable":true,"href":"https:\/\/nld.mirex.gob.do\/consular\/amsterdam\/wp-json\/wp\/v2\/comments?post=4638"}],"version-history":[{"count":0,"href":"https:\/\/nld.mirex.gob.do\/consular\/amsterdam\/wp-json\/wp\/v2\/posts\/4638\/revisions"}],"wp:featuredmedia":[{"embeddable":true,"href":"https:\/\/nld.mirex.gob.do\/consular\/amsterdam\/wp-json\/"}],"wp:attachment":[{"href":"https:\/\/nld.mirex.gob.do\/consular\/amsterdam\/wp-json\/wp\/v2\/media?parent=4638"}],"wp:term":[{"taxonomy":"category","embeddable":true,"href":"https:\/\/nld.mirex.gob.do\/consular\/amsterdam\/wp-json\/wp\/v2\/categories?post=4638"},{"taxonomy":"post_tag","embeddable":true,"href":"https:\/\/nld.mirex.gob.do\/consular\/amsterdam\/wp-json\/wp\/v2\/tags?post=4638"}],"curies":[{"name":"wp","href":"https:\/\/api.w.org\/{rel}","templated":true}]}}