{"id":4448,"date":"2021-01-07T18:33:48","date_gmt":"2021-01-07T18:33:48","guid":{"rendered":"https:\/\/www.consuladordholanda.com\/?p=4448"},"modified":"2021-01-07T18:33:48","modified_gmt":"2021-01-07T18:33:48","slug":"por-que-a-la-abuelita-se-le-olvidan-las-cosas-inusual-cuento-sobre-el-alzheimer","status":"publish","type":"post","link":"https:\/\/nld.mirex.gob.do\/consular\/amsterdam\/por-que-a-la-abuelita-se-le-olvidan-las-cosas-inusual-cuento-sobre-el-alzheimer\/","title":{"rendered":"\u00bfPor qu\u00e9 a la abuelita se le olvidan las cosas?, inusual cuento sobre el Alzh\u00e9imer"},"content":{"rendered":"<h4 class=\"bajada\">Julissa Cruz, m\u00e9dico en especializaci\u00f3n neurol\u00f3gica, y escritora dominicana residente en Holanda, nos sorprende con una ficci\u00f3n infantil y juvenil, con objetivo did\u00e1ctico sobre una condici\u00f3n de salud poco comprendida.<\/h4>\n<p><a href=\"https:\/\/www.consuladordholanda.com\/wp-content\/uploads\/2021\/01\/I00001H88aIOSTE4.jpg\"><img fetchpriority=\"high\" decoding=\"async\" class=\" wp-image-4450 alignnone\" src=\"https:\/\/www.consuladordholanda.com\/wp-content\/uploads\/2021\/01\/I00001H88aIOSTE4.jpg\" alt=\"\" width=\"596\" height=\"295\"><\/a><\/p>\n<p><a href=\"https:\/\/acento.com.do\/cultura\/por-que-a-la-abuelita-se-le-olvidan-las-cosas-inusual-cuento-sobre-el-alzheimer-8897688.html?__twitter_impression=true\" target=\"_blank\" rel=\"noopener\">Por JOS\u00c9 RAFAEL SOSA (ACENTO.COM.DO)<\/a><\/p>\n<p><strong>SANTO DOMINGO, Rep\u00fablica Dominicana.-<\/strong>Una m\u00e9dico y escritora dominicana, que actualmente se especializa en Holanda en geriatr\u00eda, acaba de publicar, por la Editorial Calibrama, de Madrid,&nbsp;<strong>\u00bfPor qu\u00e9 a la abuelita se le olvidan las cosas?,<\/strong>&nbsp;cuento ilustrado sobre la p\u00e9rdida de memoria.<\/p>\n<p>La doctora &nbsp;Julissa Cruz, logra explicar adaptando los complejos procesos del cerebro a un lenguaje coloquial y accesible a ni\u00f1os y j\u00f3venes,&nbsp; describe en un viaje a los confines del sistema nervioso &nbsp;que opera &nbsp;como &nbsp;gu\u00eda educativa para ni\u00f1os, j\u00f3venes, padres, tutores y cuidadores, en concordancia con los lineamientos de la Organizaci\u00f3n Mundial de la Salud y la Asociaci\u00f3n Internacional del Alzheimer, que estudia y educa&nbsp; sobre esta condici\u00f3n neurol\u00f3gica que &nbsp;afecta&nbsp;a m\u00e1s de 35 millones de personas en el mundo,<\/p>\n<p>La especialista toma el g\u00e9nero de narraci\u00f3n breve y sobre una historia real a partir de su madre y su sobrina, logra un relato para educar sobre la p\u00e9rdida de memoria en particular, como de la demencia y su impacto a nivel mundial.<\/p>\n<p><strong>El ilustrador<\/strong><\/p>\n<p>La autora toma una experiencia personal y crea una obra llena de alegr\u00eda, apoyara en un aporte de excelencia del ilustrador argentino Gustavo Desimone (http:\/\/gustavodesimone-infantiles.blogspot.com\/) y un texto did\u00e1ctico, gr\u00e1cil y preciso, a pesar de lo complejo de tema, he ah\u00ed la fuerza y efectividad docente del cuento.<\/p>\n<p>Desimone es un artista de la ilustraci\u00f3n con conciencia de su rol, lo que se expresa en el manejo de su graf\u00eda, su capacidad para ajustar el perfil de sus creaciones al planteado en el texto de Cruz.<\/p>\n<p>En Argentina se le considera como una de las figuras de mayor consistencia. Su vida es ilustrar y su ilustraci\u00f3n produce un rico deleite de lo bien logrado.<\/p>\n<p>El punto a mejorar es lograr una fisonom\u00eda m\u00e1s latinoamericana, y mulata, en sus personajes, cuya tendencia visual es a lo predominantemente blanco y n\u00f3rdico, de acuerdo a lo que se observa en su portafolio digital. En este cuento de Cruz, hay personajes mulatos.<\/p>\n<p><strong>El cuento<\/strong><\/p>\n<p>Cruz expone la aventura de la ni\u00f1a Alyssa y el ni\u00f1o Nan\u00edn quienes viajan el cerebro de su abuela, Mamina, quien desde hace tiempo tiene problemas con su memoria.<\/p>\n<p>Cruz plasma de una manera l\u00facida e inteligente un tema que se rodea de una enorme preocupaci\u00f3n y responde preguntas de dif\u00edcil respuesta. Lo que queda al final es la satisfacci\u00f3n de una aventura infantil bien plasmada y el cumulo de conocimientos que establecen los nuevos criterios sobre esta condici\u00f3n neurol\u00f3gica.<\/p>\n<p><strong>La autora<\/strong><\/p>\n<figure id=\"attachment_4454\" aria-describedby=\"caption-attachment-4454\" style=\"width: 300px\" class=\"wp-caption alignnone\"><a href=\"https:\/\/www.consuladordholanda.com\/wp-content\/uploads\/2021\/01\/Julissa-Cruz-escritora-dominicana-en-Paises-Bajos.jpg\"><img decoding=\"async\" class=\"wp-image-4454 size-medium\" src=\"https:\/\/www.consuladordholanda.com\/wp-content\/uploads\/2021\/01\/Julissa-Cruz-escritora-dominicana-en-Paises-Bajos-300x300.jpg\" alt=\"Julissa Cruz escritora dominicana residente en Pa\u00edses Bajos\" width=\"300\" height=\"300\"><\/a><figcaption id=\"caption-attachment-4454\" class=\"wp-caption-text\">Julissa Cruz escritora dominicana residente en Pa\u00edses Bajos<\/figcaption><\/figure>\n<p>Cruz G\u00f3mez naci\u00f3 en Rep\u00fablica Dominicana. Es doctora en medicina y sigue estudios de especializaci\u00f3n en los Pa\u00edses Bajos, donde tambi\u00e9n vive y ejerce.<\/p>\n<p>Para conocer m\u00e1s de la autora: <a href=\"https:\/\/www.julissacruz.com\/contacto\">https:\/\/www.julissacruz.com\/contacto<\/a>.<\/p>\n","protected":false},"excerpt":{"rendered":"<p>Julissa Cruz, m\u00e9dico en especializaci\u00f3n neurol\u00f3gica, y escritora dominicana residente en Holanda, nos sorprende con una ficci\u00f3n infantil y juvenil, con objetivo did\u00e1ctico sobre una condici\u00f3n de salud poco comprendida. Por JOS\u00c9 RAFAEL SOSA (ACENTO.COM.DO) SANTO DOMINGO, Rep\u00fablica Dominicana.-Una m\u00e9dico y escritora dominicana, que actualmente se especializa en Holanda en geriatr\u00eda, acaba de publicar, por [&hellip;]<\/p>\n","protected":false},"author":8,"featured_media":4449,"comment_status":"closed","ping_status":"open","sticky":false,"template":"","format":"standard","meta":{"site-sidebar-layout":"default","site-content-layout":"","ast-site-content-layout":"default","site-content-style":"default","site-sidebar-style":"default","ast-global-header-display":"","ast-banner-title-visibility":"","ast-main-header-display":"","ast-hfb-above-header-display":"","ast-hfb-below-header-display":"","ast-hfb-mobile-header-display":"","site-post-title":"","ast-breadcrumbs-content":"","ast-featured-img":"","footer-sml-layout":"","ast-disable-related-posts":"","theme-transparent-header-meta":"","adv-header-id-meta":"","stick-header-meta":"","header-above-stick-meta":"","header-main-stick-meta":"","header-below-stick-meta":"","astra-migrate-meta-layouts":"default","ast-page-background-enabled":"default","ast-page-background-meta":{"desktop":{"background-color":"","background-image":"","background-repeat":"repeat","background-position":"center center","background-size":"auto","background-attachment":"scroll","background-type":"","background-media":"","overlay-type":"","overlay-color":"","overlay-opacity":"","overlay-gradient":""},"tablet":{"background-color":"","background-image":"","background-repeat":"repeat","background-position":"center center","background-size":"auto","background-attachment":"scroll","background-type":"","background-media":"","overlay-type":"","overlay-color":"","overlay-opacity":"","overlay-gradient":""},"mobile":{"background-color":"","background-image":"","background-repeat":"repeat","background-position":"center center","background-size":"auto","background-attachment":"scroll","background-type":"","background-media":"","overlay-type":"","overlay-color":"","overlay-opacity":"","overlay-gradient":""}},"ast-content-background-meta":{"desktop":{"background-color":"var(--ast-global-color-5)","background-image":"","background-repeat":"repeat","background-position":"center center","background-size":"auto","background-attachment":"scroll","background-type":"","background-media":"","overlay-type":"","overlay-color":"","overlay-opacity":"","overlay-gradient":""},"tablet":{"background-color":"var(--ast-global-color-5)","background-image":"","background-repeat":"repeat","background-position":"center center","background-size":"auto","background-attachment":"scroll","background-type":"","background-media":"","overlay-type":"","overlay-color":"","overlay-opacity":"","overlay-gradient":""},"mobile":{"background-color":"var(--ast-global-color-5)","background-image":"","background-repeat":"repeat","background-position":"center center","background-size":"auto","background-attachment":"scroll","background-type":"","background-media":"","overlay-type":"","overlay-color":"","overlay-opacity":"","overlay-gradient":""}},"footnotes":""},"categories":[66,405],"tags":[],"class_list":["post-4448","post","type-post","status-publish","format-standard","has-post-thumbnail","hentry","category-novedades","category-novedades-en-portada"],"yoast_head":"<!-- This site is optimized with the Yoast SEO plugin v27.4 - https:\/\/yoast.com\/product\/yoast-seo-wordpress\/ -->\n<title>\u00bfPor qu\u00e9 a la abuelita se le olvidan las cosas?, inusual cuento sobre el Alzh\u00e9imer - Consulado General de la Rep\u00fablica Dominicana en La Haya, Reino de los Pa\u00edses Bajos<\/title>\n<meta name=\"robots\" content=\"index, follow, max-snippet:-1, max-image-preview:large, max-video-preview:-1\" \/>\n<link rel=\"canonical\" href=\"https:\/\/nld.mirex.gob.do\/consular\/amsterdam\/por-que-a-la-abuelita-se-le-olvidan-las-cosas-inusual-cuento-sobre-el-alzheimer\/\" \/>\n<meta property=\"og:locale\" content=\"en_US\" \/>\n<meta property=\"og:type\" content=\"article\" \/>\n<meta property=\"og:title\" content=\"\u00bfPor qu\u00e9 a la abuelita se le olvidan las cosas?, inusual cuento sobre el Alzh\u00e9imer - Consulado General de la Rep\u00fablica Dominicana en La Haya, Reino de los Pa\u00edses Bajos\" \/>\n<meta property=\"og:description\" content=\"Julissa Cruz, m\u00e9dico en especializaci\u00f3n neurol\u00f3gica, y escritora dominicana residente en Holanda, nos sorprende con una ficci\u00f3n infantil y juvenil, con objetivo did\u00e1ctico sobre una condici\u00f3n de salud poco comprendida. Por JOS\u00c9 RAFAEL SOSA (ACENTO.COM.DO) SANTO DOMINGO, Rep\u00fablica Dominicana.-Una m\u00e9dico y escritora dominicana, que actualmente se especializa en Holanda en geriatr\u00eda, acaba de publicar, por [&hellip;]\" \/>\n<meta property=\"og:url\" content=\"https:\/\/nld.mirex.gob.do\/consular\/amsterdam\/por-que-a-la-abuelita-se-le-olvidan-las-cosas-inusual-cuento-sobre-el-alzheimer\/\" \/>\n<meta property=\"og:site_name\" content=\"Consulado General de la Rep\u00fablica Dominicana en La Haya, Reino de los Pa\u00edses Bajos\" \/>\n<meta property=\"article:published_time\" content=\"2021-01-07T18:33:48+00:00\" \/>\n<meta name=\"author\" content=\"Michael Antonio Melo Andujar\" \/>\n<meta name=\"twitter:card\" content=\"summary_large_image\" \/>\n<meta name=\"twitter:label1\" content=\"Written by\" \/>\n\t<meta name=\"twitter:data1\" content=\"Michael Antonio Melo Andujar\" \/>\n\t<meta name=\"twitter:label2\" content=\"Est. reading time\" \/>\n\t<meta name=\"twitter:data2\" content=\"3 minutes\" \/>\n<script type=\"application\/ld+json\" class=\"yoast-schema-graph\">{\"@context\":\"https:\\\/\\\/schema.org\",\"@graph\":[{\"@type\":\"Article\",\"@id\":\"https:\\\/\\\/nld.mirex.gob.do\\\/consular\\\/amsterdam\\\/por-que-a-la-abuelita-se-le-olvidan-las-cosas-inusual-cuento-sobre-el-alzheimer\\\/#article\",\"isPartOf\":{\"@id\":\"https:\\\/\\\/nld.mirex.gob.do\\\/consular\\\/amsterdam\\\/por-que-a-la-abuelita-se-le-olvidan-las-cosas-inusual-cuento-sobre-el-alzheimer\\\/\"},\"author\":{\"name\":\"Michael Antonio Melo Andujar\",\"@id\":\"https:\\\/\\\/nld.mirex.gob.do\\\/consular\\\/amsterdam\\\/#\\\/schema\\\/person\\\/772a9951ade6a7e4ab978b618b619ff8\"},\"headline\":\"\u00bfPor qu\u00e9 a la abuelita se le olvidan las cosas?, inusual cuento sobre el Alzh\u00e9imer\",\"datePublished\":\"2021-01-07T18:33:48+00:00\",\"mainEntityOfPage\":{\"@id\":\"https:\\\/\\\/nld.mirex.gob.do\\\/consular\\\/amsterdam\\\/por-que-a-la-abuelita-se-le-olvidan-las-cosas-inusual-cuento-sobre-el-alzheimer\\\/\"},\"wordCount\":575,\"publisher\":{\"@id\":\"https:\\\/\\\/nld.mirex.gob.do\\\/consular\\\/amsterdam\\\/#organization\"},\"image\":{\"@id\":\"https:\\\/\\\/nld.mirex.gob.do\\\/consular\\\/amsterdam\\\/por-que-a-la-abuelita-se-le-olvidan-las-cosas-inusual-cuento-sobre-el-alzheimer\\\/#primaryimage\"},\"thumbnailUrl\":\"\",\"articleSection\":[\"Novedades\",\"Novedades en portada\"],\"inLanguage\":\"en-US\"},{\"@type\":\"WebPage\",\"@id\":\"https:\\\/\\\/nld.mirex.gob.do\\\/consular\\\/amsterdam\\\/por-que-a-la-abuelita-se-le-olvidan-las-cosas-inusual-cuento-sobre-el-alzheimer\\\/\",\"url\":\"https:\\\/\\\/nld.mirex.gob.do\\\/consular\\\/amsterdam\\\/por-que-a-la-abuelita-se-le-olvidan-las-cosas-inusual-cuento-sobre-el-alzheimer\\\/\",\"name\":\"\u00bfPor qu\u00e9 a la abuelita se le olvidan las cosas?, inusual cuento sobre el Alzh\u00e9imer - Consulado General de la Rep\u00fablica Dominicana en La Haya, Reino de los Pa\u00edses Bajos\",\"isPartOf\":{\"@id\":\"https:\\\/\\\/nld.mirex.gob.do\\\/consular\\\/amsterdam\\\/#website\"},\"primaryImageOfPage\":{\"@id\":\"https:\\\/\\\/nld.mirex.gob.do\\\/consular\\\/amsterdam\\\/por-que-a-la-abuelita-se-le-olvidan-las-cosas-inusual-cuento-sobre-el-alzheimer\\\/#primaryimage\"},\"image\":{\"@id\":\"https:\\\/\\\/nld.mirex.gob.do\\\/consular\\\/amsterdam\\\/por-que-a-la-abuelita-se-le-olvidan-las-cosas-inusual-cuento-sobre-el-alzheimer\\\/#primaryimage\"},\"thumbnailUrl\":\"\",\"datePublished\":\"2021-01-07T18:33:48+00:00\",\"breadcrumb\":{\"@id\":\"https:\\\/\\\/nld.mirex.gob.do\\\/consular\\\/amsterdam\\\/por-que-a-la-abuelita-se-le-olvidan-las-cosas-inusual-cuento-sobre-el-alzheimer\\\/#breadcrumb\"},\"inLanguage\":\"en-US\",\"potentialAction\":[{\"@type\":\"ReadAction\",\"target\":[\"https:\\\/\\\/nld.mirex.gob.do\\\/consular\\\/amsterdam\\\/por-que-a-la-abuelita-se-le-olvidan-las-cosas-inusual-cuento-sobre-el-alzheimer\\\/\"]}]},{\"@type\":\"ImageObject\",\"inLanguage\":\"en-US\",\"@id\":\"https:\\\/\\\/nld.mirex.gob.do\\\/consular\\\/amsterdam\\\/por-que-a-la-abuelita-se-le-olvidan-las-cosas-inusual-cuento-sobre-el-alzheimer\\\/#primaryimage\",\"url\":\"\",\"contentUrl\":\"\"},{\"@type\":\"BreadcrumbList\",\"@id\":\"https:\\\/\\\/nld.mirex.gob.do\\\/consular\\\/amsterdam\\\/por-que-a-la-abuelita-se-le-olvidan-las-cosas-inusual-cuento-sobre-el-alzheimer\\\/#breadcrumb\",\"itemListElement\":[{\"@type\":\"ListItem\",\"position\":1,\"name\":\"Inicio\",\"item\":\"https:\\\/\\\/nld.mirex.gob.do\\\/consular\\\/amsterdam\\\/\"},{\"@type\":\"ListItem\",\"position\":2,\"name\":\"\u00bfPor qu\u00e9 a la abuelita se le olvidan las cosas?, inusual cuento sobre el Alzh\u00e9imer\"}]},{\"@type\":\"WebSite\",\"@id\":\"https:\\\/\\\/nld.mirex.gob.do\\\/consular\\\/amsterdam\\\/#website\",\"url\":\"https:\\\/\\\/nld.mirex.gob.do\\\/consular\\\/amsterdam\\\/\",\"name\":\"Consulado General de la Rep\u00fablica Dominicana en La Haya, Reino de los Pa\u00edses Bajos\",\"description\":\"\",\"publisher\":{\"@id\":\"https:\\\/\\\/nld.mirex.gob.do\\\/consular\\\/amsterdam\\\/#organization\"},\"potentialAction\":[{\"@type\":\"SearchAction\",\"target\":{\"@type\":\"EntryPoint\",\"urlTemplate\":\"https:\\\/\\\/nld.mirex.gob.do\\\/consular\\\/amsterdam\\\/?s={search_term_string}\"},\"query-input\":{\"@type\":\"PropertyValueSpecification\",\"valueRequired\":true,\"valueName\":\"search_term_string\"}}],\"inLanguage\":\"en-US\"},{\"@type\":\"Organization\",\"@id\":\"https:\\\/\\\/nld.mirex.gob.do\\\/consular\\\/amsterdam\\\/#organization\",\"name\":\"Consulado General de la Rep\u00fablica Dominicana en La Haya, Reino de los Pa\u00edses Bajos\",\"url\":\"https:\\\/\\\/nld.mirex.gob.do\\\/consular\\\/amsterdam\\\/\",\"logo\":{\"@type\":\"ImageObject\",\"inLanguage\":\"en-US\",\"@id\":\"https:\\\/\\\/nld.mirex.gob.do\\\/consular\\\/amsterdam\\\/#\\\/schema\\\/logo\\\/image\\\/\",\"url\":\"https:\\\/\\\/nld.mirex.gob.do\\\/consular\\\/amsterdam\\\/wp-content\\\/uploads\\\/2024\\\/04\\\/cropped-consulado_la_haya_reinode_los_Paises_Bajos.jpg\",\"contentUrl\":\"https:\\\/\\\/nld.mirex.gob.do\\\/consular\\\/amsterdam\\\/wp-content\\\/uploads\\\/2024\\\/04\\\/cropped-consulado_la_haya_reinode_los_Paises_Bajos.jpg\",\"width\":999,\"height\":407,\"caption\":\"Consulado General de la Rep\u00fablica Dominicana en La Haya, Reino de los Pa\u00edses Bajos\"},\"image\":{\"@id\":\"https:\\\/\\\/nld.mirex.gob.do\\\/consular\\\/amsterdam\\\/#\\\/schema\\\/logo\\\/image\\\/\"}},{\"@type\":\"Person\",\"@id\":\"https:\\\/\\\/nld.mirex.gob.do\\\/consular\\\/amsterdam\\\/#\\\/schema\\\/person\\\/772a9951ade6a7e4ab978b618b619ff8\",\"name\":\"Michael Antonio Melo Andujar\",\"image\":{\"@type\":\"ImageObject\",\"inLanguage\":\"en-US\",\"@id\":\"https:\\\/\\\/secure.gravatar.com\\\/avatar\\\/f8862d24b6945a30d30c9727ef9dfcd533ee25a18a27afc92991446aeb0e652d?s=96&d=mm&r=g\",\"url\":\"https:\\\/\\\/secure.gravatar.com\\\/avatar\\\/f8862d24b6945a30d30c9727ef9dfcd533ee25a18a27afc92991446aeb0e652d?s=96&d=mm&r=g\",\"contentUrl\":\"https:\\\/\\\/secure.gravatar.com\\\/avatar\\\/f8862d24b6945a30d30c9727ef9dfcd533ee25a18a27afc92991446aeb0e652d?s=96&d=mm&r=g\",\"caption\":\"Michael Antonio Melo Andujar\"}}]}<\/script>\n<!-- \/ Yoast SEO plugin. -->","yoast_head_json":{"title":"\u00bfPor qu\u00e9 a la abuelita se le olvidan las cosas?, inusual cuento sobre el Alzh\u00e9imer - Consulado General de la Rep\u00fablica Dominicana en La Haya, Reino de los Pa\u00edses Bajos","robots":{"index":"index","follow":"follow","max-snippet":"max-snippet:-1","max-image-preview":"max-image-preview:large","max-video-preview":"max-video-preview:-1"},"canonical":"https:\/\/nld.mirex.gob.do\/consular\/amsterdam\/por-que-a-la-abuelita-se-le-olvidan-las-cosas-inusual-cuento-sobre-el-alzheimer\/","og_locale":"en_US","og_type":"article","og_title":"\u00bfPor qu\u00e9 a la abuelita se le olvidan las cosas?, inusual cuento sobre el Alzh\u00e9imer - Consulado General de la Rep\u00fablica Dominicana en La Haya, Reino de los Pa\u00edses Bajos","og_description":"Julissa Cruz, m\u00e9dico en especializaci\u00f3n neurol\u00f3gica, y escritora dominicana residente en Holanda, nos sorprende con una ficci\u00f3n infantil y juvenil, con objetivo did\u00e1ctico sobre una condici\u00f3n de salud poco comprendida. Por JOS\u00c9 RAFAEL SOSA (ACENTO.COM.DO) SANTO DOMINGO, Rep\u00fablica Dominicana.-Una m\u00e9dico y escritora dominicana, que actualmente se especializa en Holanda en geriatr\u00eda, acaba de publicar, por [&hellip;]","og_url":"https:\/\/nld.mirex.gob.do\/consular\/amsterdam\/por-que-a-la-abuelita-se-le-olvidan-las-cosas-inusual-cuento-sobre-el-alzheimer\/","og_site_name":"Consulado General de la Rep\u00fablica Dominicana en La Haya, Reino de los Pa\u00edses Bajos","article_published_time":"2021-01-07T18:33:48+00:00","author":"Michael Antonio Melo Andujar","twitter_card":"summary_large_image","twitter_misc":{"Written by":"Michael Antonio Melo Andujar","Est. reading time":"3 minutes"},"schema":{"@context":"https:\/\/schema.org","@graph":[{"@type":"Article","@id":"https:\/\/nld.mirex.gob.do\/consular\/amsterdam\/por-que-a-la-abuelita-se-le-olvidan-las-cosas-inusual-cuento-sobre-el-alzheimer\/#article","isPartOf":{"@id":"https:\/\/nld.mirex.gob.do\/consular\/amsterdam\/por-que-a-la-abuelita-se-le-olvidan-las-cosas-inusual-cuento-sobre-el-alzheimer\/"},"author":{"name":"Michael Antonio Melo Andujar","@id":"https:\/\/nld.mirex.gob.do\/consular\/amsterdam\/#\/schema\/person\/772a9951ade6a7e4ab978b618b619ff8"},"headline":"\u00bfPor qu\u00e9 a la abuelita se le olvidan las cosas?, inusual cuento sobre el Alzh\u00e9imer","datePublished":"2021-01-07T18:33:48+00:00","mainEntityOfPage":{"@id":"https:\/\/nld.mirex.gob.do\/consular\/amsterdam\/por-que-a-la-abuelita-se-le-olvidan-las-cosas-inusual-cuento-sobre-el-alzheimer\/"},"wordCount":575,"publisher":{"@id":"https:\/\/nld.mirex.gob.do\/consular\/amsterdam\/#organization"},"image":{"@id":"https:\/\/nld.mirex.gob.do\/consular\/amsterdam\/por-que-a-la-abuelita-se-le-olvidan-las-cosas-inusual-cuento-sobre-el-alzheimer\/#primaryimage"},"thumbnailUrl":"","articleSection":["Novedades","Novedades en portada"],"inLanguage":"en-US"},{"@type":"WebPage","@id":"https:\/\/nld.mirex.gob.do\/consular\/amsterdam\/por-que-a-la-abuelita-se-le-olvidan-las-cosas-inusual-cuento-sobre-el-alzheimer\/","url":"https:\/\/nld.mirex.gob.do\/consular\/amsterdam\/por-que-a-la-abuelita-se-le-olvidan-las-cosas-inusual-cuento-sobre-el-alzheimer\/","name":"\u00bfPor qu\u00e9 a la abuelita se le olvidan las cosas?, inusual cuento sobre el Alzh\u00e9imer - Consulado General de la Rep\u00fablica Dominicana en La Haya, Reino de los Pa\u00edses Bajos","isPartOf":{"@id":"https:\/\/nld.mirex.gob.do\/consular\/amsterdam\/#website"},"primaryImageOfPage":{"@id":"https:\/\/nld.mirex.gob.do\/consular\/amsterdam\/por-que-a-la-abuelita-se-le-olvidan-las-cosas-inusual-cuento-sobre-el-alzheimer\/#primaryimage"},"image":{"@id":"https:\/\/nld.mirex.gob.do\/consular\/amsterdam\/por-que-a-la-abuelita-se-le-olvidan-las-cosas-inusual-cuento-sobre-el-alzheimer\/#primaryimage"},"thumbnailUrl":"","datePublished":"2021-01-07T18:33:48+00:00","breadcrumb":{"@id":"https:\/\/nld.mirex.gob.do\/consular\/amsterdam\/por-que-a-la-abuelita-se-le-olvidan-las-cosas-inusual-cuento-sobre-el-alzheimer\/#breadcrumb"},"inLanguage":"en-US","potentialAction":[{"@type":"ReadAction","target":["https:\/\/nld.mirex.gob.do\/consular\/amsterdam\/por-que-a-la-abuelita-se-le-olvidan-las-cosas-inusual-cuento-sobre-el-alzheimer\/"]}]},{"@type":"ImageObject","inLanguage":"en-US","@id":"https:\/\/nld.mirex.gob.do\/consular\/amsterdam\/por-que-a-la-abuelita-se-le-olvidan-las-cosas-inusual-cuento-sobre-el-alzheimer\/#primaryimage","url":"","contentUrl":""},{"@type":"BreadcrumbList","@id":"https:\/\/nld.mirex.gob.do\/consular\/amsterdam\/por-que-a-la-abuelita-se-le-olvidan-las-cosas-inusual-cuento-sobre-el-alzheimer\/#breadcrumb","itemListElement":[{"@type":"ListItem","position":1,"name":"Inicio","item":"https:\/\/nld.mirex.gob.do\/consular\/amsterdam\/"},{"@type":"ListItem","position":2,"name":"\u00bfPor qu\u00e9 a la abuelita se le olvidan las cosas?, inusual cuento sobre el Alzh\u00e9imer"}]},{"@type":"WebSite","@id":"https:\/\/nld.mirex.gob.do\/consular\/amsterdam\/#website","url":"https:\/\/nld.mirex.gob.do\/consular\/amsterdam\/","name":"Consulado General de la Rep\u00fablica Dominicana en La Haya, Reino de los Pa\u00edses Bajos","description":"","publisher":{"@id":"https:\/\/nld.mirex.gob.do\/consular\/amsterdam\/#organization"},"potentialAction":[{"@type":"SearchAction","target":{"@type":"EntryPoint","urlTemplate":"https:\/\/nld.mirex.gob.do\/consular\/amsterdam\/?s={search_term_string}"},"query-input":{"@type":"PropertyValueSpecification","valueRequired":true,"valueName":"search_term_string"}}],"inLanguage":"en-US"},{"@type":"Organization","@id":"https:\/\/nld.mirex.gob.do\/consular\/amsterdam\/#organization","name":"Consulado General de la Rep\u00fablica Dominicana en La Haya, Reino de los Pa\u00edses Bajos","url":"https:\/\/nld.mirex.gob.do\/consular\/amsterdam\/","logo":{"@type":"ImageObject","inLanguage":"en-US","@id":"https:\/\/nld.mirex.gob.do\/consular\/amsterdam\/#\/schema\/logo\/image\/","url":"https:\/\/nld.mirex.gob.do\/consular\/amsterdam\/wp-content\/uploads\/2024\/04\/cropped-consulado_la_haya_reinode_los_Paises_Bajos.jpg","contentUrl":"https:\/\/nld.mirex.gob.do\/consular\/amsterdam\/wp-content\/uploads\/2024\/04\/cropped-consulado_la_haya_reinode_los_Paises_Bajos.jpg","width":999,"height":407,"caption":"Consulado General de la Rep\u00fablica Dominicana en La Haya, Reino de los Pa\u00edses Bajos"},"image":{"@id":"https:\/\/nld.mirex.gob.do\/consular\/amsterdam\/#\/schema\/logo\/image\/"}},{"@type":"Person","@id":"https:\/\/nld.mirex.gob.do\/consular\/amsterdam\/#\/schema\/person\/772a9951ade6a7e4ab978b618b619ff8","name":"Michael Antonio Melo Andujar","image":{"@type":"ImageObject","inLanguage":"en-US","@id":"https:\/\/secure.gravatar.com\/avatar\/f8862d24b6945a30d30c9727ef9dfcd533ee25a18a27afc92991446aeb0e652d?s=96&d=mm&r=g","url":"https:\/\/secure.gravatar.com\/avatar\/f8862d24b6945a30d30c9727ef9dfcd533ee25a18a27afc92991446aeb0e652d?s=96&d=mm&r=g","contentUrl":"https:\/\/secure.gravatar.com\/avatar\/f8862d24b6945a30d30c9727ef9dfcd533ee25a18a27afc92991446aeb0e652d?s=96&d=mm&r=g","caption":"Michael Antonio Melo Andujar"}}]}},"_links":{"self":[{"href":"https:\/\/nld.mirex.gob.do\/consular\/amsterdam\/wp-json\/wp\/v2\/posts\/4448","targetHints":{"allow":["GET"]}}],"collection":[{"href":"https:\/\/nld.mirex.gob.do\/consular\/amsterdam\/wp-json\/wp\/v2\/posts"}],"about":[{"href":"https:\/\/nld.mirex.gob.do\/consular\/amsterdam\/wp-json\/wp\/v2\/types\/post"}],"author":[{"embeddable":true,"href":"https:\/\/nld.mirex.gob.do\/consular\/amsterdam\/wp-json\/wp\/v2\/users\/8"}],"replies":[{"embeddable":true,"href":"https:\/\/nld.mirex.gob.do\/consular\/amsterdam\/wp-json\/wp\/v2\/comments?post=4448"}],"version-history":[{"count":0,"href":"https:\/\/nld.mirex.gob.do\/consular\/amsterdam\/wp-json\/wp\/v2\/posts\/4448\/revisions"}],"wp:featuredmedia":[{"embeddable":true,"href":"https:\/\/nld.mirex.gob.do\/consular\/amsterdam\/wp-json\/"}],"wp:attachment":[{"href":"https:\/\/nld.mirex.gob.do\/consular\/amsterdam\/wp-json\/wp\/v2\/media?parent=4448"}],"wp:term":[{"taxonomy":"category","embeddable":true,"href":"https:\/\/nld.mirex.gob.do\/consular\/amsterdam\/wp-json\/wp\/v2\/categories?post=4448"},{"taxonomy":"post_tag","embeddable":true,"href":"https:\/\/nld.mirex.gob.do\/consular\/amsterdam\/wp-json\/wp\/v2\/tags?post=4448"}],"curies":[{"name":"wp","href":"https:\/\/api.w.org\/{rel}","templated":true}]}}