{"id":4220,"date":"2020-03-13T22:37:59","date_gmt":"2020-03-13T22:37:59","guid":{"rendered":"https:\/\/www.consuladordholanda.com\/?p=4220"},"modified":"2020-03-13T22:37:59","modified_gmt":"2020-03-13T22:37:59","slug":"nueva-fecha-en-septiembre-para-el-hub-camara-santo-domingo","status":"publish","type":"post","link":"https:\/\/nld.mirex.gob.do\/consular\/amsterdam\/nueva-fecha-en-septiembre-para-el-hub-camara-santo-domingo\/","title":{"rendered":"Nueva fecha en septiembre, para el HUB C\u00e1mara Santo Domingo"},"content":{"rendered":"<div id=\"pl-4220\"  class=\"panel-layout\" >\n<div id=\"pg-4220-0\"  class=\"panel-grid panel-no-style\" >\n<div id=\"pgc-4220-0-0\"  class=\"panel-grid-cell\"  data-weight=\"1\" >\n<div id=\"panel-4220-0-0-0\" class=\"so-panel widget widget_metaslider_widget panel-first-child\" data-index=\"0\" data-style=\"{&quot;background_image_attachment&quot;:false,&quot;background_display&quot;:&quot;tile&quot;}\" >[siteorigin_widget class=&#8221;MetaSlider_Widget&#8221;]<input type=\"hidden\" value=\"{&quot;instance&quot;:{&quot;slider_id&quot;:&quot;4162&quot;,&quot;title&quot;:&quot;&quot;,&quot;so_sidebar_emulator_id&quot;:&quot;metaslider_widget-422010000&quot;,&quot;option_name&quot;:&quot;widget_metaslider_widget&quot;},&quot;args&quot;:{&quot;before_widget&quot;:&quot;&lt;div id=\\&quot;panel-4220-0-0-0\\&quot; class=\\&quot;so-panel widget widget_metaslider_widget panel-first-child\\&quot; data-index=\\&quot;0\\&quot; data-style=\\&quot;{&amp;quot;background_image_attachment&amp;quot;:false,&amp;quot;background_display&amp;quot;:&amp;quot;tile&amp;quot;}\\&quot; &gt;&quot;,&quot;after_widget&quot;:&quot;&lt;\\\/div&gt;&quot;,&quot;before_title&quot;:&quot;&lt;h3 class=\\&quot;widget-title\\&quot;&gt;&quot;,&quot;after_title&quot;:&quot;&lt;\\\/h3&gt;&quot;,&quot;widget_id&quot;:&quot;widget-0-0-0&quot;}}\" \/>[\/siteorigin_widget]<\/div>\n<div id=\"panel-4220-0-0-1\" class=\"so-panel widget widget_sow-editor panel-last-child\" data-index=\"1\" >\n<div class=\"so-widget-sow-editor so-widget-sow-editor-base\">\n<div class=\"siteorigin-widget-tinymce textwidget\">\n<p>&nbsp;<\/p>\n<p>El comit\u00e9 organizador de la mayor plataforma de la oferta exportadora de Rep\u00fablica Dominicana <a class=\"profileLink\" href=\"https:\/\/www.facebook.com\/MIREXRDo\/?fref=mentions&amp;__xts__%5B0%5D=68.ARCh_OmT6rZLdIDMRXqf1SZ5uCi-Nz85EGuOJlCm40_WofOWfpDCdtnEQRpPx-6MRSk_K1diBF7ie2AZHQwBwvsZdEKfab6LhfQx0qp2flC5c2XrLfp6FFKZBgE-EMse6C-rB4Vfx9C1CfIxdkqOqCjdYykgvp0NB-j83FazBnTn48LucbL9YA__vjTNks3xzRsbW-79qfjTzl9F9JhhSBLUSgBZOhTeikLV2ZicG7rSc__gfvRQBQbve36qfYkSNJGUC1MyC_Gugr-wIBLXIIwoB10iTbNR4YAeBXvLiNNJzMi0sc3aG0ciu7HXVyppT5lEXOWxErCdZCnDodLLygo&amp;__tn__=K-R\">Ministerio de Relaciones Exteriores Rep\u00fablica Dominicana<\/a>, <a class=\"profileLink\" href=\"https:\/\/www.facebook.com\/ceird\/?fref=mentions&amp;__xts__%5B0%5D=68.ARCh_OmT6rZLdIDMRXqf1SZ5uCi-Nz85EGuOJlCm40_WofOWfpDCdtnEQRpPx-6MRSk_K1diBF7ie2AZHQwBwvsZdEKfab6LhfQx0qp2flC5c2XrLfp6FFKZBgE-EMse6C-rB4Vfx9C1CfIxdkqOqCjdYykgvp0NB-j83FazBnTn48LucbL9YA__vjTNks3xzRsbW-79qfjTzl9F9JhhSBLUSgBZOhTeikLV2ZicG7rSc__gfvRQBQbve36qfYkSNJGUC1MyC_Gugr-wIBLXIIwoB10iTbNR4YAeBXvLiNNJzMi0sc3aG0ciu7HXVyppT5lEXOWxErCdZCnDodLLygo&amp;__tn__=K-R\">Centro de Exportaci\u00f3n e Inversi\u00f3n de Rep\u00fablica Dominicana | CEI-RD<\/a>, <a class=\"profileLink\" href=\"https:\/\/www.facebook.com\/adoexpo\/?fref=mentions&amp;__xts__%5B0%5D=68.ARCh_OmT6rZLdIDMRXqf1SZ5uCi-Nz85EGuOJlCm40_WofOWfpDCdtnEQRpPx-6MRSk_K1diBF7ie2AZHQwBwvsZdEKfab6LhfQx0qp2flC5c2XrLfp6FFKZBgE-EMse6C-rB4Vfx9C1CfIxdkqOqCjdYykgvp0NB-j83FazBnTn48LucbL9YA__vjTNks3xzRsbW-79qfjTzl9F9JhhSBLUSgBZOhTeikLV2ZicG7rSc__gfvRQBQbve36qfYkSNJGUC1MyC_Gugr-wIBLXIIwoB10iTbNR4YAeBXvLiNNJzMi0sc3aG0ciu7HXVyppT5lEXOWxErCdZCnDodLLygo&amp;__tn__=K-R\">Asociaci\u00f3n Dominicana de Exportadores (ADOEXPO)<\/a>, han emitido un comunicado, en el que informan la reprogramaci\u00f3n de las fechas del <a class=\"profileLink\" href=\"https:\/\/www.facebook.com\/hubcamarasd\/?fref=mentions&amp;__xts__%5B0%5D=68.ARCh_OmT6rZLdIDMRXqf1SZ5uCi-Nz85EGuOJlCm40_WofOWfpDCdtnEQRpPx-6MRSk_K1diBF7ie2AZHQwBwvsZdEKfab6LhfQx0qp2flC5c2XrLfp6FFKZBgE-EMse6C-rB4Vfx9C1CfIxdkqOqCjdYykgvp0NB-j83FazBnTn48LucbL9YA__vjTNks3xzRsbW-79qfjTzl9F9JhhSBLUSgBZOhTeikLV2ZicG7rSc__gfvRQBQbve36qfYkSNJGUC1MyC_Gugr-wIBLXIIwoB10iTbNR4YAeBXvLiNNJzMi0sc3aG0ciu7HXVyppT5lEXOWxErCdZCnDodLLygo&amp;__tn__=K-R\">HUB C\u00e1mara Santo Domingo<\/a>, para el mes de Septiembre de 2020.<\/p>\n<div class=\"text_exposed_show\">\n<p>Esta decisi\u00f3n ha sido tomada en virtud de las recomendaciones del Ministerio de Salud P\u00fablica de la Rep\u00fablica Dominicana, debido a los altos riesgos de propagaci\u00f3n del COVID-19 y priorizar las garant\u00edas necesarias para la seguridad de todas las personas nacionales e internacionales que participan en el mismo.<\/p>\n<p><a class=\"_58cn\" href=\"https:\/\/www.facebook.com\/hashtag\/hubcamarasd?source=feed_text&amp;epa=HASHTAG&amp;__xts__%5B0%5D=68.ARCh_OmT6rZLdIDMRXqf1SZ5uCi-Nz85EGuOJlCm40_WofOWfpDCdtnEQRpPx-6MRSk_K1diBF7ie2AZHQwBwvsZdEKfab6LhfQx0qp2flC5c2XrLfp6FFKZBgE-EMse6C-rB4Vfx9C1CfIxdkqOqCjdYykgvp0NB-j83FazBnTn48LucbL9YA__vjTNks3xzRsbW-79qfjTzl9F9JhhSBLUSgBZOhTeikLV2ZicG7rSc__gfvRQBQbve36qfYkSNJGUC1MyC_Gugr-wIBLXIIwoB10iTbNR4YAeBXvLiNNJzMi0sc3aG0ciu7HXVyppT5lEXOWxErCdZCnDodLLygo&amp;__tn__=%2ANK-R\" data-ft=\"{&quot;type&quot;:104,&quot;tn&quot;:&quot;*N&quot;}\"><span class=\"_5afx\"><span class=\"_58cl _5afz\" aria-label=\"hashtag\">#<\/span><span class=\"_58cm\">hubcamarasd<\/span><\/span><\/a> <a class=\"_58cn\" href=\"https:\/\/www.facebook.com\/hashtag\/republicadominicana?source=feed_text&amp;epa=HASHTAG&amp;__xts__%5B0%5D=68.ARCh_OmT6rZLdIDMRXqf1SZ5uCi-Nz85EGuOJlCm40_WofOWfpDCdtnEQRpPx-6MRSk_K1diBF7ie2AZHQwBwvsZdEKfab6LhfQx0qp2flC5c2XrLfp6FFKZBgE-EMse6C-rB4Vfx9C1CfIxdkqOqCjdYykgvp0NB-j83FazBnTn48LucbL9YA__vjTNks3xzRsbW-79qfjTzl9F9JhhSBLUSgBZOhTeikLV2ZicG7rSc__gfvRQBQbve36qfYkSNJGUC1MyC_Gugr-wIBLXIIwoB10iTbNR4YAeBXvLiNNJzMi0sc3aG0ciu7HXVyppT5lEXOWxErCdZCnDodLLygo&amp;__tn__=%2ANK-R\" data-ft=\"{&quot;type&quot;:104,&quot;tn&quot;:&quot;*N&quot;}\"><span class=\"_5afx\"><span class=\"_58cl _5afz\" aria-label=\"hashtag\">#<\/span><span class=\"_58cm\">RepublicaDominicana<\/span><\/span><\/a> <a class=\"_58cn\" href=\"https:\/\/www.facebook.com\/hashtag\/covid19rd?source=feed_text&amp;epa=HASHTAG&amp;__xts__%5B0%5D=68.ARCh_OmT6rZLdIDMRXqf1SZ5uCi-Nz85EGuOJlCm40_WofOWfpDCdtnEQRpPx-6MRSk_K1diBF7ie2AZHQwBwvsZdEKfab6LhfQx0qp2flC5c2XrLfp6FFKZBgE-EMse6C-rB4Vfx9C1CfIxdkqOqCjdYykgvp0NB-j83FazBnTn48LucbL9YA__vjTNks3xzRsbW-79qfjTzl9F9JhhSBLUSgBZOhTeikLV2ZicG7rSc__gfvRQBQbve36qfYkSNJGUC1MyC_Gugr-wIBLXIIwoB10iTbNR4YAeBXvLiNNJzMi0sc3aG0ciu7HXVyppT5lEXOWxErCdZCnDodLLygo&amp;__tn__=%2ANK-R\" data-ft=\"{&quot;type&quot;:104,&quot;tn&quot;:&quot;*N&quot;}\"><span class=\"_5afx\"><span class=\"_58cl _5afz\" aria-label=\"hashtag\">#<\/span><span class=\"_58cm\">covid19rd<\/span><\/span><\/a> <a class=\"_58cn\" href=\"https:\/\/www.facebook.com\/hashtag\/invierteenrd?source=feed_text&amp;epa=HASHTAG&amp;__xts__%5B0%5D=68.ARCh_OmT6rZLdIDMRXqf1SZ5uCi-Nz85EGuOJlCm40_WofOWfpDCdtnEQRpPx-6MRSk_K1diBF7ie2AZHQwBwvsZdEKfab6LhfQx0qp2flC5c2XrLfp6FFKZBgE-EMse6C-rB4Vfx9C1CfIxdkqOqCjdYykgvp0NB-j83FazBnTn48LucbL9YA__vjTNks3xzRsbW-79qfjTzl9F9JhhSBLUSgBZOhTeikLV2ZicG7rSc__gfvRQBQbve36qfYkSNJGUC1MyC_Gugr-wIBLXIIwoB10iTbNR4YAeBXvLiNNJzMi0sc3aG0ciu7HXVyppT5lEXOWxErCdZCnDodLLygo&amp;__tn__=%2ANK-R\" data-ft=\"{&quot;type&quot;:104,&quot;tn&quot;:&quot;*N&quot;}\"><span class=\"_5afx\"><span class=\"_58cl _5afz\" aria-label=\"hashtag\">#<\/span><span class=\"_58cm\">invierteenRD<\/span><\/span><\/a> <a class=\"_58cn\" href=\"https:\/\/www.facebook.com\/hashtag\/negociosrd?source=feed_text&amp;epa=HASHTAG&amp;__xts__%5B0%5D=68.ARCh_OmT6rZLdIDMRXqf1SZ5uCi-Nz85EGuOJlCm40_WofOWfpDCdtnEQRpPx-6MRSk_K1diBF7ie2AZHQwBwvsZdEKfab6LhfQx0qp2flC5c2XrLfp6FFKZBgE-EMse6C-rB4Vfx9C1CfIxdkqOqCjdYykgvp0NB-j83FazBnTn48LucbL9YA__vjTNks3xzRsbW-79qfjTzl9F9JhhSBLUSgBZOhTeikLV2ZicG7rSc__gfvRQBQbve36qfYkSNJGUC1MyC_Gugr-wIBLXIIwoB10iTbNR4YAeBXvLiNNJzMi0sc3aG0ciu7HXVyppT5lEXOWxErCdZCnDodLLygo&amp;__tn__=%2ANK-R\" data-ft=\"{&quot;type&quot;:104,&quot;tn&quot;:&quot;*N&quot;}\"><span class=\"_5afx\"><span class=\"_58cl _5afz\" aria-label=\"hashtag\">#<\/span><span class=\"_58cm\">negociosRD<\/span><\/span><\/a><\/p>\n<\/div>\n<\/div>\n<\/div>\n<\/div>\n<\/div>\n<\/div>\n<\/div>\n","protected":false},"excerpt":{"rendered":"<p>[siteorigin_widget class=&#8221;MetaSlider_Widget&#8221;][\/siteorigin_widget] &nbsp; El comit\u00e9 organizador de la mayor plataforma de la oferta exportadora de Rep\u00fablica Dominicana Ministerio de Relaciones Exteriores Rep\u00fablica Dominicana, Centro de Exportaci\u00f3n e Inversi\u00f3n de Rep\u00fablica Dominicana | CEI-RD, Asociaci\u00f3n Dominicana de Exportadores (ADOEXPO), han emitido un comunicado, en el que informan la reprogramaci\u00f3n de las fechas del HUB C\u00e1mara Santo [&hellip;]<\/p>\n","protected":false},"author":8,"featured_media":4224,"comment_status":"closed","ping_status":"open","sticky":false,"template":"","format":"standard","meta":{"site-sidebar-layout":"default","site-content-layout":"","ast-site-content-layout":"default","site-content-style":"default","site-sidebar-style":"default","ast-global-header-display":"","ast-banner-title-visibility":"","ast-main-header-display":"","ast-hfb-above-header-display":"","ast-hfb-below-header-display":"","ast-hfb-mobile-header-display":"","site-post-title":"","ast-breadcrumbs-content":"","ast-featured-img":"","footer-sml-layout":"","ast-disable-related-posts":"","theme-transparent-header-meta":"","adv-header-id-meta":"","stick-header-meta":"","header-above-stick-meta":"","header-main-stick-meta":"","header-below-stick-meta":"","astra-migrate-meta-layouts":"default","ast-page-background-enabled":"default","ast-page-background-meta":{"desktop":{"background-color":"","background-image":"","background-repeat":"repeat","background-position":"center center","background-size":"auto","background-attachment":"scroll","background-type":"","background-media":"","overlay-type":"","overlay-color":"","overlay-opacity":"","overlay-gradient":""},"tablet":{"background-color":"","background-image":"","background-repeat":"repeat","background-position":"center center","background-size":"auto","background-attachment":"scroll","background-type":"","background-media":"","overlay-type":"","overlay-color":"","overlay-opacity":"","overlay-gradient":""},"mobile":{"background-color":"","background-image":"","background-repeat":"repeat","background-position":"center center","background-size":"auto","background-attachment":"scroll","background-type":"","background-media":"","overlay-type":"","overlay-color":"","overlay-opacity":"","overlay-gradient":""}},"ast-content-background-meta":{"desktop":{"background-color":"var(--ast-global-color-5)","background-image":"","background-repeat":"repeat","background-position":"center center","background-size":"auto","background-attachment":"scroll","background-type":"","background-media":"","overlay-type":"","overlay-color":"","overlay-opacity":"","overlay-gradient":""},"tablet":{"background-color":"var(--ast-global-color-5)","background-image":"","background-repeat":"repeat","background-position":"center center","background-size":"auto","background-attachment":"scroll","background-type":"","background-media":"","overlay-type":"","overlay-color":"","overlay-opacity":"","overlay-gradient":""},"mobile":{"background-color":"var(--ast-global-color-5)","background-image":"","background-repeat":"repeat","background-position":"center center","background-size":"auto","background-attachment":"scroll","background-type":"","background-media":"","overlay-type":"","overlay-color":"","overlay-opacity":"","overlay-gradient":""}},"footnotes":""},"categories":[101,408],"tags":[],"class_list":["post-4220","post","type-post","status-publish","format-standard","has-post-thumbnail","hentry","category-actividades","category-actividades-en-portada"],"yoast_head":"<!-- This site is optimized with the Yoast SEO plugin v27.4 - https:\/\/yoast.com\/product\/yoast-seo-wordpress\/ -->\n<title>Nueva fecha en septiembre, para el HUB C\u00e1mara Santo Domingo - Consulado General de la Rep\u00fablica Dominicana en La Haya, Reino de los Pa\u00edses Bajos<\/title>\n<meta name=\"robots\" content=\"index, follow, max-snippet:-1, max-image-preview:large, max-video-preview:-1\" \/>\n<link rel=\"canonical\" href=\"https:\/\/nld.mirex.gob.do\/consular\/amsterdam\/nueva-fecha-en-septiembre-para-el-hub-camara-santo-domingo\/\" \/>\n<meta property=\"og:locale\" content=\"en_US\" \/>\n<meta property=\"og:type\" content=\"article\" \/>\n<meta property=\"og:title\" content=\"Nueva fecha en septiembre, para el HUB C\u00e1mara Santo Domingo - Consulado General de la Rep\u00fablica Dominicana en La Haya, Reino de los Pa\u00edses Bajos\" \/>\n<meta property=\"og:description\" content=\"[siteorigin_widget class=&#8221;MetaSlider_Widget&#8221;][\/siteorigin_widget] &nbsp; El comit\u00e9 organizador de la mayor plataforma de la oferta exportadora de Rep\u00fablica Dominicana Ministerio de Relaciones Exteriores Rep\u00fablica Dominicana, Centro de Exportaci\u00f3n e Inversi\u00f3n de Rep\u00fablica Dominicana | CEI-RD, Asociaci\u00f3n Dominicana de Exportadores (ADOEXPO), han emitido un comunicado, en el que informan la reprogramaci\u00f3n de las fechas del HUB C\u00e1mara Santo [&hellip;]\" \/>\n<meta property=\"og:url\" content=\"https:\/\/nld.mirex.gob.do\/consular\/amsterdam\/nueva-fecha-en-septiembre-para-el-hub-camara-santo-domingo\/\" \/>\n<meta property=\"og:site_name\" content=\"Consulado General de la Rep\u00fablica Dominicana en La Haya, Reino de los Pa\u00edses Bajos\" \/>\n<meta property=\"article:published_time\" content=\"2020-03-13T22:37:59+00:00\" \/>\n<meta name=\"author\" content=\"Michael Antonio Melo Andujar\" \/>\n<meta name=\"twitter:card\" content=\"summary_large_image\" \/>\n<meta name=\"twitter:label1\" content=\"Written by\" \/>\n\t<meta name=\"twitter:data1\" content=\"Michael Antonio Melo Andujar\" \/>\n\t<meta name=\"twitter:label2\" content=\"Est. reading time\" \/>\n\t<meta name=\"twitter:data2\" content=\"1 minute\" \/>\n<script type=\"application\/ld+json\" class=\"yoast-schema-graph\">{\"@context\":\"https:\\\/\\\/schema.org\",\"@graph\":[{\"@type\":\"Article\",\"@id\":\"https:\\\/\\\/nld.mirex.gob.do\\\/consular\\\/amsterdam\\\/nueva-fecha-en-septiembre-para-el-hub-camara-santo-domingo\\\/#article\",\"isPartOf\":{\"@id\":\"https:\\\/\\\/nld.mirex.gob.do\\\/consular\\\/amsterdam\\\/nueva-fecha-en-septiembre-para-el-hub-camara-santo-domingo\\\/\"},\"author\":{\"name\":\"Michael Antonio Melo Andujar\",\"@id\":\"https:\\\/\\\/nld.mirex.gob.do\\\/consular\\\/amsterdam\\\/#\\\/schema\\\/person\\\/772a9951ade6a7e4ab978b618b619ff8\"},\"headline\":\"Nueva fecha en septiembre, para el HUB C\u00e1mara Santo Domingo\",\"datePublished\":\"2020-03-13T22:37:59+00:00\",\"mainEntityOfPage\":{\"@id\":\"https:\\\/\\\/nld.mirex.gob.do\\\/consular\\\/amsterdam\\\/nueva-fecha-en-septiembre-para-el-hub-camara-santo-domingo\\\/\"},\"wordCount\":144,\"publisher\":{\"@id\":\"https:\\\/\\\/nld.mirex.gob.do\\\/consular\\\/amsterdam\\\/#organization\"},\"image\":{\"@id\":\"https:\\\/\\\/nld.mirex.gob.do\\\/consular\\\/amsterdam\\\/nueva-fecha-en-septiembre-para-el-hub-camara-santo-domingo\\\/#primaryimage\"},\"thumbnailUrl\":\"\",\"articleSection\":[\"Actividades\",\"Actividades en portada\"],\"inLanguage\":\"en-US\"},{\"@type\":\"WebPage\",\"@id\":\"https:\\\/\\\/nld.mirex.gob.do\\\/consular\\\/amsterdam\\\/nueva-fecha-en-septiembre-para-el-hub-camara-santo-domingo\\\/\",\"url\":\"https:\\\/\\\/nld.mirex.gob.do\\\/consular\\\/amsterdam\\\/nueva-fecha-en-septiembre-para-el-hub-camara-santo-domingo\\\/\",\"name\":\"Nueva fecha en septiembre, para el HUB C\u00e1mara Santo Domingo - Consulado General de la Rep\u00fablica Dominicana en La Haya, Reino de los Pa\u00edses Bajos\",\"isPartOf\":{\"@id\":\"https:\\\/\\\/nld.mirex.gob.do\\\/consular\\\/amsterdam\\\/#website\"},\"primaryImageOfPage\":{\"@id\":\"https:\\\/\\\/nld.mirex.gob.do\\\/consular\\\/amsterdam\\\/nueva-fecha-en-septiembre-para-el-hub-camara-santo-domingo\\\/#primaryimage\"},\"image\":{\"@id\":\"https:\\\/\\\/nld.mirex.gob.do\\\/consular\\\/amsterdam\\\/nueva-fecha-en-septiembre-para-el-hub-camara-santo-domingo\\\/#primaryimage\"},\"thumbnailUrl\":\"\",\"datePublished\":\"2020-03-13T22:37:59+00:00\",\"breadcrumb\":{\"@id\":\"https:\\\/\\\/nld.mirex.gob.do\\\/consular\\\/amsterdam\\\/nueva-fecha-en-septiembre-para-el-hub-camara-santo-domingo\\\/#breadcrumb\"},\"inLanguage\":\"en-US\",\"potentialAction\":[{\"@type\":\"ReadAction\",\"target\":[\"https:\\\/\\\/nld.mirex.gob.do\\\/consular\\\/amsterdam\\\/nueva-fecha-en-septiembre-para-el-hub-camara-santo-domingo\\\/\"]}]},{\"@type\":\"ImageObject\",\"inLanguage\":\"en-US\",\"@id\":\"https:\\\/\\\/nld.mirex.gob.do\\\/consular\\\/amsterdam\\\/nueva-fecha-en-septiembre-para-el-hub-camara-santo-domingo\\\/#primaryimage\",\"url\":\"\",\"contentUrl\":\"\"},{\"@type\":\"BreadcrumbList\",\"@id\":\"https:\\\/\\\/nld.mirex.gob.do\\\/consular\\\/amsterdam\\\/nueva-fecha-en-septiembre-para-el-hub-camara-santo-domingo\\\/#breadcrumb\",\"itemListElement\":[{\"@type\":\"ListItem\",\"position\":1,\"name\":\"Inicio\",\"item\":\"https:\\\/\\\/nld.mirex.gob.do\\\/consular\\\/amsterdam\\\/\"},{\"@type\":\"ListItem\",\"position\":2,\"name\":\"Nueva fecha en septiembre, para el HUB C\u00e1mara Santo Domingo\"}]},{\"@type\":\"WebSite\",\"@id\":\"https:\\\/\\\/nld.mirex.gob.do\\\/consular\\\/amsterdam\\\/#website\",\"url\":\"https:\\\/\\\/nld.mirex.gob.do\\\/consular\\\/amsterdam\\\/\",\"name\":\"Consulado General de la Rep\u00fablica Dominicana en La Haya, Reino de los Pa\u00edses Bajos\",\"description\":\"\",\"publisher\":{\"@id\":\"https:\\\/\\\/nld.mirex.gob.do\\\/consular\\\/amsterdam\\\/#organization\"},\"potentialAction\":[{\"@type\":\"SearchAction\",\"target\":{\"@type\":\"EntryPoint\",\"urlTemplate\":\"https:\\\/\\\/nld.mirex.gob.do\\\/consular\\\/amsterdam\\\/?s={search_term_string}\"},\"query-input\":{\"@type\":\"PropertyValueSpecification\",\"valueRequired\":true,\"valueName\":\"search_term_string\"}}],\"inLanguage\":\"en-US\"},{\"@type\":\"Organization\",\"@id\":\"https:\\\/\\\/nld.mirex.gob.do\\\/consular\\\/amsterdam\\\/#organization\",\"name\":\"Consulado General de la Rep\u00fablica Dominicana en La Haya, Reino de los Pa\u00edses Bajos\",\"url\":\"https:\\\/\\\/nld.mirex.gob.do\\\/consular\\\/amsterdam\\\/\",\"logo\":{\"@type\":\"ImageObject\",\"inLanguage\":\"en-US\",\"@id\":\"https:\\\/\\\/nld.mirex.gob.do\\\/consular\\\/amsterdam\\\/#\\\/schema\\\/logo\\\/image\\\/\",\"url\":\"https:\\\/\\\/nld.mirex.gob.do\\\/consular\\\/amsterdam\\\/wp-content\\\/uploads\\\/2024\\\/04\\\/cropped-consulado_la_haya_reinode_los_Paises_Bajos.jpg\",\"contentUrl\":\"https:\\\/\\\/nld.mirex.gob.do\\\/consular\\\/amsterdam\\\/wp-content\\\/uploads\\\/2024\\\/04\\\/cropped-consulado_la_haya_reinode_los_Paises_Bajos.jpg\",\"width\":999,\"height\":407,\"caption\":\"Consulado General de la Rep\u00fablica Dominicana en La Haya, Reino de los Pa\u00edses Bajos\"},\"image\":{\"@id\":\"https:\\\/\\\/nld.mirex.gob.do\\\/consular\\\/amsterdam\\\/#\\\/schema\\\/logo\\\/image\\\/\"}},{\"@type\":\"Person\",\"@id\":\"https:\\\/\\\/nld.mirex.gob.do\\\/consular\\\/amsterdam\\\/#\\\/schema\\\/person\\\/772a9951ade6a7e4ab978b618b619ff8\",\"name\":\"Michael Antonio Melo Andujar\",\"image\":{\"@type\":\"ImageObject\",\"inLanguage\":\"en-US\",\"@id\":\"https:\\\/\\\/secure.gravatar.com\\\/avatar\\\/f8862d24b6945a30d30c9727ef9dfcd533ee25a18a27afc92991446aeb0e652d?s=96&d=mm&r=g\",\"url\":\"https:\\\/\\\/secure.gravatar.com\\\/avatar\\\/f8862d24b6945a30d30c9727ef9dfcd533ee25a18a27afc92991446aeb0e652d?s=96&d=mm&r=g\",\"contentUrl\":\"https:\\\/\\\/secure.gravatar.com\\\/avatar\\\/f8862d24b6945a30d30c9727ef9dfcd533ee25a18a27afc92991446aeb0e652d?s=96&d=mm&r=g\",\"caption\":\"Michael Antonio Melo Andujar\"}}]}<\/script>\n<!-- \/ Yoast SEO plugin. -->","yoast_head_json":{"title":"Nueva fecha en septiembre, para el HUB C\u00e1mara Santo Domingo - Consulado General de la Rep\u00fablica Dominicana en La Haya, Reino de los Pa\u00edses Bajos","robots":{"index":"index","follow":"follow","max-snippet":"max-snippet:-1","max-image-preview":"max-image-preview:large","max-video-preview":"max-video-preview:-1"},"canonical":"https:\/\/nld.mirex.gob.do\/consular\/amsterdam\/nueva-fecha-en-septiembre-para-el-hub-camara-santo-domingo\/","og_locale":"en_US","og_type":"article","og_title":"Nueva fecha en septiembre, para el HUB C\u00e1mara Santo Domingo - Consulado General de la Rep\u00fablica Dominicana en La Haya, Reino de los Pa\u00edses Bajos","og_description":"[siteorigin_widget class=&#8221;MetaSlider_Widget&#8221;][\/siteorigin_widget] &nbsp; El comit\u00e9 organizador de la mayor plataforma de la oferta exportadora de Rep\u00fablica Dominicana Ministerio de Relaciones Exteriores Rep\u00fablica Dominicana, Centro de Exportaci\u00f3n e Inversi\u00f3n de Rep\u00fablica Dominicana | CEI-RD, Asociaci\u00f3n Dominicana de Exportadores (ADOEXPO), han emitido un comunicado, en el que informan la reprogramaci\u00f3n de las fechas del HUB C\u00e1mara Santo [&hellip;]","og_url":"https:\/\/nld.mirex.gob.do\/consular\/amsterdam\/nueva-fecha-en-septiembre-para-el-hub-camara-santo-domingo\/","og_site_name":"Consulado General de la Rep\u00fablica Dominicana en La Haya, Reino de los Pa\u00edses Bajos","article_published_time":"2020-03-13T22:37:59+00:00","author":"Michael Antonio Melo Andujar","twitter_card":"summary_large_image","twitter_misc":{"Written by":"Michael Antonio Melo Andujar","Est. reading time":"1 minute"},"schema":{"@context":"https:\/\/schema.org","@graph":[{"@type":"Article","@id":"https:\/\/nld.mirex.gob.do\/consular\/amsterdam\/nueva-fecha-en-septiembre-para-el-hub-camara-santo-domingo\/#article","isPartOf":{"@id":"https:\/\/nld.mirex.gob.do\/consular\/amsterdam\/nueva-fecha-en-septiembre-para-el-hub-camara-santo-domingo\/"},"author":{"name":"Michael Antonio Melo Andujar","@id":"https:\/\/nld.mirex.gob.do\/consular\/amsterdam\/#\/schema\/person\/772a9951ade6a7e4ab978b618b619ff8"},"headline":"Nueva fecha en septiembre, para el HUB C\u00e1mara Santo Domingo","datePublished":"2020-03-13T22:37:59+00:00","mainEntityOfPage":{"@id":"https:\/\/nld.mirex.gob.do\/consular\/amsterdam\/nueva-fecha-en-septiembre-para-el-hub-camara-santo-domingo\/"},"wordCount":144,"publisher":{"@id":"https:\/\/nld.mirex.gob.do\/consular\/amsterdam\/#organization"},"image":{"@id":"https:\/\/nld.mirex.gob.do\/consular\/amsterdam\/nueva-fecha-en-septiembre-para-el-hub-camara-santo-domingo\/#primaryimage"},"thumbnailUrl":"","articleSection":["Actividades","Actividades en portada"],"inLanguage":"en-US"},{"@type":"WebPage","@id":"https:\/\/nld.mirex.gob.do\/consular\/amsterdam\/nueva-fecha-en-septiembre-para-el-hub-camara-santo-domingo\/","url":"https:\/\/nld.mirex.gob.do\/consular\/amsterdam\/nueva-fecha-en-septiembre-para-el-hub-camara-santo-domingo\/","name":"Nueva fecha en septiembre, para el HUB C\u00e1mara Santo Domingo - Consulado General de la Rep\u00fablica Dominicana en La Haya, Reino de los Pa\u00edses Bajos","isPartOf":{"@id":"https:\/\/nld.mirex.gob.do\/consular\/amsterdam\/#website"},"primaryImageOfPage":{"@id":"https:\/\/nld.mirex.gob.do\/consular\/amsterdam\/nueva-fecha-en-septiembre-para-el-hub-camara-santo-domingo\/#primaryimage"},"image":{"@id":"https:\/\/nld.mirex.gob.do\/consular\/amsterdam\/nueva-fecha-en-septiembre-para-el-hub-camara-santo-domingo\/#primaryimage"},"thumbnailUrl":"","datePublished":"2020-03-13T22:37:59+00:00","breadcrumb":{"@id":"https:\/\/nld.mirex.gob.do\/consular\/amsterdam\/nueva-fecha-en-septiembre-para-el-hub-camara-santo-domingo\/#breadcrumb"},"inLanguage":"en-US","potentialAction":[{"@type":"ReadAction","target":["https:\/\/nld.mirex.gob.do\/consular\/amsterdam\/nueva-fecha-en-septiembre-para-el-hub-camara-santo-domingo\/"]}]},{"@type":"ImageObject","inLanguage":"en-US","@id":"https:\/\/nld.mirex.gob.do\/consular\/amsterdam\/nueva-fecha-en-septiembre-para-el-hub-camara-santo-domingo\/#primaryimage","url":"","contentUrl":""},{"@type":"BreadcrumbList","@id":"https:\/\/nld.mirex.gob.do\/consular\/amsterdam\/nueva-fecha-en-septiembre-para-el-hub-camara-santo-domingo\/#breadcrumb","itemListElement":[{"@type":"ListItem","position":1,"name":"Inicio","item":"https:\/\/nld.mirex.gob.do\/consular\/amsterdam\/"},{"@type":"ListItem","position":2,"name":"Nueva fecha en septiembre, para el HUB C\u00e1mara Santo Domingo"}]},{"@type":"WebSite","@id":"https:\/\/nld.mirex.gob.do\/consular\/amsterdam\/#website","url":"https:\/\/nld.mirex.gob.do\/consular\/amsterdam\/","name":"Consulado General de la Rep\u00fablica Dominicana en La Haya, Reino de los Pa\u00edses Bajos","description":"","publisher":{"@id":"https:\/\/nld.mirex.gob.do\/consular\/amsterdam\/#organization"},"potentialAction":[{"@type":"SearchAction","target":{"@type":"EntryPoint","urlTemplate":"https:\/\/nld.mirex.gob.do\/consular\/amsterdam\/?s={search_term_string}"},"query-input":{"@type":"PropertyValueSpecification","valueRequired":true,"valueName":"search_term_string"}}],"inLanguage":"en-US"},{"@type":"Organization","@id":"https:\/\/nld.mirex.gob.do\/consular\/amsterdam\/#organization","name":"Consulado General de la Rep\u00fablica Dominicana en La Haya, Reino de los Pa\u00edses Bajos","url":"https:\/\/nld.mirex.gob.do\/consular\/amsterdam\/","logo":{"@type":"ImageObject","inLanguage":"en-US","@id":"https:\/\/nld.mirex.gob.do\/consular\/amsterdam\/#\/schema\/logo\/image\/","url":"https:\/\/nld.mirex.gob.do\/consular\/amsterdam\/wp-content\/uploads\/2024\/04\/cropped-consulado_la_haya_reinode_los_Paises_Bajos.jpg","contentUrl":"https:\/\/nld.mirex.gob.do\/consular\/amsterdam\/wp-content\/uploads\/2024\/04\/cropped-consulado_la_haya_reinode_los_Paises_Bajos.jpg","width":999,"height":407,"caption":"Consulado General de la Rep\u00fablica Dominicana en La Haya, Reino de los Pa\u00edses Bajos"},"image":{"@id":"https:\/\/nld.mirex.gob.do\/consular\/amsterdam\/#\/schema\/logo\/image\/"}},{"@type":"Person","@id":"https:\/\/nld.mirex.gob.do\/consular\/amsterdam\/#\/schema\/person\/772a9951ade6a7e4ab978b618b619ff8","name":"Michael Antonio Melo Andujar","image":{"@type":"ImageObject","inLanguage":"en-US","@id":"https:\/\/secure.gravatar.com\/avatar\/f8862d24b6945a30d30c9727ef9dfcd533ee25a18a27afc92991446aeb0e652d?s=96&d=mm&r=g","url":"https:\/\/secure.gravatar.com\/avatar\/f8862d24b6945a30d30c9727ef9dfcd533ee25a18a27afc92991446aeb0e652d?s=96&d=mm&r=g","contentUrl":"https:\/\/secure.gravatar.com\/avatar\/f8862d24b6945a30d30c9727ef9dfcd533ee25a18a27afc92991446aeb0e652d?s=96&d=mm&r=g","caption":"Michael Antonio Melo Andujar"}}]}},"_links":{"self":[{"href":"https:\/\/nld.mirex.gob.do\/consular\/amsterdam\/wp-json\/wp\/v2\/posts\/4220","targetHints":{"allow":["GET"]}}],"collection":[{"href":"https:\/\/nld.mirex.gob.do\/consular\/amsterdam\/wp-json\/wp\/v2\/posts"}],"about":[{"href":"https:\/\/nld.mirex.gob.do\/consular\/amsterdam\/wp-json\/wp\/v2\/types\/post"}],"author":[{"embeddable":true,"href":"https:\/\/nld.mirex.gob.do\/consular\/amsterdam\/wp-json\/wp\/v2\/users\/8"}],"replies":[{"embeddable":true,"href":"https:\/\/nld.mirex.gob.do\/consular\/amsterdam\/wp-json\/wp\/v2\/comments?post=4220"}],"version-history":[{"count":0,"href":"https:\/\/nld.mirex.gob.do\/consular\/amsterdam\/wp-json\/wp\/v2\/posts\/4220\/revisions"}],"wp:featuredmedia":[{"embeddable":true,"href":"https:\/\/nld.mirex.gob.do\/consular\/amsterdam\/wp-json\/"}],"wp:attachment":[{"href":"https:\/\/nld.mirex.gob.do\/consular\/amsterdam\/wp-json\/wp\/v2\/media?parent=4220"}],"wp:term":[{"taxonomy":"category","embeddable":true,"href":"https:\/\/nld.mirex.gob.do\/consular\/amsterdam\/wp-json\/wp\/v2\/categories?post=4220"},{"taxonomy":"post_tag","embeddable":true,"href":"https:\/\/nld.mirex.gob.do\/consular\/amsterdam\/wp-json\/wp\/v2\/tags?post=4220"}],"curies":[{"name":"wp","href":"https:\/\/api.w.org\/{rel}","templated":true}]}}