{"id":321,"date":"2014-12-11T01:31:41","date_gmt":"2014-12-11T01:31:41","guid":{"rendered":"http:\/\/www.consuladordvalencia.com\/?p=321"},"modified":"2014-12-11T01:31:41","modified_gmt":"2014-12-11T01:31:41","slug":"requisitos-de-entrada-en-espana","status":"publish","type":"post","link":"https:\/\/nld.mirex.gob.do\/consular\/amsterdam\/requisitos-de-entrada-en-espana\/","title":{"rendered":"Requisitos de entrada en Holanda"},"content":{"rendered":"<div class=\"content contenidoLayout\">\n<div id=\"ctl00_PlaceHolderMain_ctl01_ctl03__ControlWrapper_RichHtmlField\" class=\"ms-rtestate-field\">\n<div><\/div>\n<div>Los nacionales dominicanos (no residentes en Holanda), <span style=\"text-decoration: underline;\">cada vez<\/span> que entren en territorio holand\u00e9s para una estancia no superior a 90 d\u00edas por semestre, deber\u00e1n tener la siguiente documentaci\u00f3n que se la podr\u00e1n exigir en el momento de hacer su entrada:<\/div>\n<div><\/div>\n<div><\/div>\n<div class=\"ms-rteThemeForeColor-7-4\"><b>1. Pasaporte v\u00e1lido y en vigor<\/b><\/div>\n<div class=\"ms-rteThemeForeColor-7-4\"><b>\u00a0<\/b><\/div>\n<div class=\"ms-rteThemeForeColor-7-4\"><b>2. Visado v\u00e1lido y en vigor<\/b><\/div>\n<div class=\"ms-rteThemeForeColor-7-4\"><b>\u00a0<\/b><\/div>\n<div class=\"ms-rteThemeForeColor-7-4\"><b>3. Seguro Schengen vigente para el per\u00edodo que va a estar en territorio Schengen.<\/b><\/div>\n<div class=\"ms-rteThemeForeColor-7-4\"><b>\u00a0<\/b><\/div>\n<div class=\"ms-rteThemeForeColor-7-4\"><strong>4. Documentos que justifiquen el objeto y condiciones de la estancia y disponer de medios econ\u00f3micos suficientes para su sostenimiento durante el periodo de permanencia en Espa\u00f1a.<\/strong><\/div>\n<div class=\"ms-rteThemeForeColor-7-4\"><strong>\u00a0<\/strong><\/div>\n<div class=\"ms-rteThemeForeColor-7-4\"><strong>\u00a0<\/strong><\/div>\n<div class=\"ms-rteThemeForeColor-7-4\"><strong>\u00a0<\/strong><\/div>\n<div class=\"ms-rteThemeForeColor-7-4\"><strong>&#8211;\u00a0 Viajes de car\u00e1cter tur\u00edstico o privado.<\/strong><\/div>\n<div><strong>\u00a0<\/strong><\/div>\n<div>En estos casos se podr\u00e1 exigir la presentaci\u00f3n de alguno de los siguientes documentos:<\/div>\n<div><\/div>\n<div>1.\u00a0 Documento justificativo del establecimiento de hospedaje o carta de invitaci\u00f3n de un particular, si se hospeda en su domicilio, expedida por la Comisar\u00eda de Polic\u00eda correspondiente a su lugar de residencia.<\/div>\n<div><\/div>\n<div class=\"ms-rteThemeForeColor-5-3\"><span class=\"ms-rteThemeForeColor-7-4\">IMPORTANTE:<\/span> <b><span class=\"ms-rteThemeForeColor-7-4\">En ning\u00fan caso, la carta de invitaci\u00f3n suplir\u00e1 la acreditaci\u00f3n por el extranjero de los dem\u00e1s requisitos exigidos para la entrada<\/span>.<\/b><\/div>\n<div><b>\u00a0<\/b><\/div>\n<div>2.\u00a0\u00a0 Confirmaci\u00f3n de la reserva de un viaje organizado, con el itinerario.<\/div>\n<div><\/div>\n<div>3.\u00a0\u00a0 Billete de vuelta o circuito tur\u00edstico<\/div>\n<div><\/div>\n<div>Para la acreditaci\u00f3n de los medios econ\u00f3micos, se tendr\u00e1 en cuenta lo dispuesto en la Orden PRE\/1282\/2007, de 10 de mayo, sobre medios econ\u00f3micos cuya disposici\u00f3n habr\u00e1n de acreditar los extranjeros para poder efectuar su entrada en Espa\u00f1a. La cantidad m\u00ednima a acreditar es de 64,53 euros por persona y d\u00eda, con un m\u00ednimo de 580,77 euros o su equivalente legal en moneda extranjera.<\/div>\n<div>La disponibilidad por los extranjeros de los medios econ\u00f3micos se\u00f1alados <span style=\"text-decoration: underline;\">se acreditar\u00e1 mediante exhibici\u00f3n de los mismos, en el caso de que los posean en efectivo, o mediante la presentaci\u00f3n de cheques certificados, cheques de viaje, cartas de pago, o tarjetas de cr\u00e9dito, que deber\u00e1n ir acompa\u00f1adas del extracto de la cuenta bancaria o una libreta bancaria puesta al d\u00eda ( no se admitir\u00e1n cartas de entidades bancarias ni extractos bancarios de Internet) o cualquier otro medio con el que se acredite fehacientemente la cantidad disponible como cr\u00e9dito de la citada tarjeta o cuenta bancaria.<\/span><\/div>\n<div><\/div>\n<div><\/div>\n<div><\/div>\n<div><strong>&#8211; <span class=\"ms-rteThemeForeColor-7-4\">Viajes de car\u00e1cter profesional, pol\u00edtico, cient\u00edfico, deportivo o religioso o por otros motivos.<\/span><\/strong><\/div>\n<div><strong>\u00a0<\/strong><\/div>\n<div>Se podr\u00e1 exigir la presentaci\u00f3n de alguno de los siguientes documentos:<\/div>\n<div>1.\u00a0 La invitaci\u00f3n de una empresa o de una autoridad para participar en reuniones, convenciones, etc., de car\u00e1cter comercial, industrial, etc.<\/div>\n<div>2. Documento que acredite la existencia de relaciones comerciales, industriales, etc.<\/div>\n<div>3. Tarjetas de acceso a ferias, congresos, convenciones, etc.<\/div>\n<div>4. Invitaciones, tarjetas de entrada, reservas o programas con indicaci\u00f3n, en la medida de lo posible, del nombre del organismo que invita y la duraci\u00f3n de la estancia o cualquier otro documento que indique el prop\u00f3sito de la visita.<\/div>\n<div><\/div>\n<div><\/div>\n<div class=\"ms-rteThemeForeColor-5-3\"><strong>&#8211; <span class=\"ms-rteThemeForeColor-7-4\">Viajes de estudios u otro tipo de formaci\u00f3n.<\/span><\/strong><\/div>\n<div class=\"ms-rteThemeForeColor-5-3\"><\/div>\n<div>Se podr\u00e1 exigir la presentaci\u00f3n de alguno de los siguientes documentos:<\/div>\n<div>1. Documento de matr\u00edcula de un centro de ense\u00f1anza para participar en cursos te\u00f3ricos y pr\u00e1cticos de formaci\u00f3n.<\/div>\n<div>2. Certificados relativos a los cursos seguidos.<\/div>\n<p>&nbsp;<\/p>\n<\/div>\n<\/div>\n","protected":false},"excerpt":{"rendered":"<p>Los nacionales dominicanos (no residentes en Holanda), cada vez que entren en territorio holand\u00e9s para una estancia no superior a 90 d\u00edas por semestre, deber\u00e1n tener la siguiente documentaci\u00f3n que se la podr\u00e1n exigir en el momento de hacer su entrada: 1. Pasaporte v\u00e1lido y en vigor \u00a0 2. Visado v\u00e1lido y en vigor \u00a0 [&hellip;]<\/p>\n","protected":false},"author":8,"featured_media":0,"comment_status":"closed","ping_status":"closed","sticky":false,"template":"","format":"standard","meta":{"site-sidebar-layout":"default","site-content-layout":"","ast-site-content-layout":"default","site-content-style":"default","site-sidebar-style":"default","ast-global-header-display":"","ast-banner-title-visibility":"","ast-main-header-display":"","ast-hfb-above-header-display":"","ast-hfb-below-header-display":"","ast-hfb-mobile-header-display":"","site-post-title":"","ast-breadcrumbs-content":"","ast-featured-img":"","footer-sml-layout":"","ast-disable-related-posts":"","theme-transparent-header-meta":"","adv-header-id-meta":"","stick-header-meta":"","header-above-stick-meta":"","header-main-stick-meta":"","header-below-stick-meta":"","astra-migrate-meta-layouts":"default","ast-page-background-enabled":"default","ast-page-background-meta":{"desktop":{"background-color":"","background-image":"","background-repeat":"repeat","background-position":"center center","background-size":"auto","background-attachment":"scroll","background-type":"","background-media":"","overlay-type":"","overlay-color":"","overlay-opacity":"","overlay-gradient":""},"tablet":{"background-color":"","background-image":"","background-repeat":"repeat","background-position":"center center","background-size":"auto","background-attachment":"scroll","background-type":"","background-media":"","overlay-type":"","overlay-color":"","overlay-opacity":"","overlay-gradient":""},"mobile":{"background-color":"","background-image":"","background-repeat":"repeat","background-position":"center center","background-size":"auto","background-attachment":"scroll","background-type":"","background-media":"","overlay-type":"","overlay-color":"","overlay-opacity":"","overlay-gradient":""}},"ast-content-background-meta":{"desktop":{"background-color":"var(--ast-global-color-5)","background-image":"","background-repeat":"repeat","background-position":"center center","background-size":"auto","background-attachment":"scroll","background-type":"","background-media":"","overlay-type":"","overlay-color":"","overlay-opacity":"","overlay-gradient":""},"tablet":{"background-color":"var(--ast-global-color-5)","background-image":"","background-repeat":"repeat","background-position":"center center","background-size":"auto","background-attachment":"scroll","background-type":"","background-media":"","overlay-type":"","overlay-color":"","overlay-opacity":"","overlay-gradient":""},"mobile":{"background-color":"var(--ast-global-color-5)","background-image":"","background-repeat":"repeat","background-position":"center center","background-size":"auto","background-attachment":"scroll","background-type":"","background-media":"","overlay-type":"","overlay-color":"","overlay-opacity":"","overlay-gradient":""}},"footnotes":""},"categories":[44],"tags":[],"class_list":["post-321","post","type-post","status-publish","format-standard","hentry","category-informacion"],"yoast_head":"<!-- This site is optimized with the Yoast SEO plugin v27.4 - https:\/\/yoast.com\/product\/yoast-seo-wordpress\/ -->\n<title>Requisitos de entrada en Holanda - Consulado General de la Rep\u00fablica Dominicana en La Haya, Reino de los Pa\u00edses Bajos<\/title>\n<meta name=\"description\" content=\"Los nacionales dominicanos (no residentes en Espa\u00f1a), cada vez que entren en territorio espa\u00f1ol para una estancia no superior a 90 d\u00edas por semestre, deber\u00e1n tener la siguiente documentaci\u00f3n que se la podr\u00e1n exigir en el momento de hacer su entrada...\" \/>\n<meta name=\"robots\" content=\"index, follow, max-snippet:-1, max-image-preview:large, max-video-preview:-1\" \/>\n<link rel=\"canonical\" href=\"https:\/\/nld.mirex.gob.do\/consular\/amsterdam\/requisitos-de-entrada-en-espana\/\" \/>\n<meta property=\"og:locale\" content=\"en_US\" \/>\n<meta property=\"og:type\" content=\"article\" \/>\n<meta property=\"og:title\" content=\"Requisitos de entrada en Holanda - Consulado General de la Rep\u00fablica Dominicana en La Haya, Reino de los Pa\u00edses Bajos\" \/>\n<meta property=\"og:description\" content=\"Los nacionales dominicanos (no residentes en Espa\u00f1a), cada vez que entren en territorio espa\u00f1ol para una estancia no superior a 90 d\u00edas por semestre, deber\u00e1n tener la siguiente documentaci\u00f3n que se la podr\u00e1n exigir en el momento de hacer su entrada...\" \/>\n<meta property=\"og:url\" content=\"https:\/\/nld.mirex.gob.do\/consular\/amsterdam\/requisitos-de-entrada-en-espana\/\" \/>\n<meta property=\"og:site_name\" content=\"Consulado General de la Rep\u00fablica Dominicana en La Haya, Reino de los Pa\u00edses Bajos\" \/>\n<meta property=\"article:published_time\" content=\"2014-12-11T01:31:41+00:00\" \/>\n<meta name=\"author\" content=\"Michael Antonio Melo Andujar\" \/>\n<meta name=\"twitter:card\" content=\"summary_large_image\" \/>\n<meta name=\"twitter:label1\" content=\"Written by\" \/>\n\t<meta name=\"twitter:data1\" content=\"Michael Antonio Melo Andujar\" \/>\n\t<meta name=\"twitter:label2\" content=\"Est. reading time\" \/>\n\t<meta name=\"twitter:data2\" content=\"3 minutes\" \/>\n<script type=\"application\/ld+json\" class=\"yoast-schema-graph\">{\"@context\":\"https:\\\/\\\/schema.org\",\"@graph\":[{\"@type\":\"Article\",\"@id\":\"https:\\\/\\\/nld.mirex.gob.do\\\/consular\\\/amsterdam\\\/requisitos-de-entrada-en-espana\\\/#article\",\"isPartOf\":{\"@id\":\"https:\\\/\\\/nld.mirex.gob.do\\\/consular\\\/amsterdam\\\/requisitos-de-entrada-en-espana\\\/\"},\"author\":{\"name\":\"Michael Antonio Melo Andujar\",\"@id\":\"https:\\\/\\\/nld.mirex.gob.do\\\/consular\\\/amsterdam\\\/#\\\/schema\\\/person\\\/772a9951ade6a7e4ab978b618b619ff8\"},\"headline\":\"Requisitos de entrada en Holanda\",\"datePublished\":\"2014-12-11T01:31:41+00:00\",\"mainEntityOfPage\":{\"@id\":\"https:\\\/\\\/nld.mirex.gob.do\\\/consular\\\/amsterdam\\\/requisitos-de-entrada-en-espana\\\/\"},\"wordCount\":542,\"publisher\":{\"@id\":\"https:\\\/\\\/nld.mirex.gob.do\\\/consular\\\/amsterdam\\\/#organization\"},\"articleSection\":[\"Informaci\u00f3n\"],\"inLanguage\":\"en-US\"},{\"@type\":\"WebPage\",\"@id\":\"https:\\\/\\\/nld.mirex.gob.do\\\/consular\\\/amsterdam\\\/requisitos-de-entrada-en-espana\\\/\",\"url\":\"https:\\\/\\\/nld.mirex.gob.do\\\/consular\\\/amsterdam\\\/requisitos-de-entrada-en-espana\\\/\",\"name\":\"Requisitos de entrada en Holanda - Consulado General de la Rep\u00fablica Dominicana en La Haya, Reino de los Pa\u00edses Bajos\",\"isPartOf\":{\"@id\":\"https:\\\/\\\/nld.mirex.gob.do\\\/consular\\\/amsterdam\\\/#website\"},\"datePublished\":\"2014-12-11T01:31:41+00:00\",\"description\":\"Los nacionales dominicanos (no residentes en Espa\u00f1a), cada vez que entren en territorio espa\u00f1ol para una estancia no superior a 90 d\u00edas por semestre, deber\u00e1n tener la siguiente documentaci\u00f3n que se la podr\u00e1n exigir en el momento de hacer su entrada...\",\"breadcrumb\":{\"@id\":\"https:\\\/\\\/nld.mirex.gob.do\\\/consular\\\/amsterdam\\\/requisitos-de-entrada-en-espana\\\/#breadcrumb\"},\"inLanguage\":\"en-US\",\"potentialAction\":[{\"@type\":\"ReadAction\",\"target\":[\"https:\\\/\\\/nld.mirex.gob.do\\\/consular\\\/amsterdam\\\/requisitos-de-entrada-en-espana\\\/\"]}]},{\"@type\":\"BreadcrumbList\",\"@id\":\"https:\\\/\\\/nld.mirex.gob.do\\\/consular\\\/amsterdam\\\/requisitos-de-entrada-en-espana\\\/#breadcrumb\",\"itemListElement\":[{\"@type\":\"ListItem\",\"position\":1,\"name\":\"Inicio\",\"item\":\"https:\\\/\\\/nld.mirex.gob.do\\\/consular\\\/amsterdam\\\/\"},{\"@type\":\"ListItem\",\"position\":2,\"name\":\"Requisitos de entrada en Holanda\"}]},{\"@type\":\"WebSite\",\"@id\":\"https:\\\/\\\/nld.mirex.gob.do\\\/consular\\\/amsterdam\\\/#website\",\"url\":\"https:\\\/\\\/nld.mirex.gob.do\\\/consular\\\/amsterdam\\\/\",\"name\":\"Consulado General de la Rep\u00fablica Dominicana en La Haya, Reino de los Pa\u00edses Bajos\",\"description\":\"\",\"publisher\":{\"@id\":\"https:\\\/\\\/nld.mirex.gob.do\\\/consular\\\/amsterdam\\\/#organization\"},\"potentialAction\":[{\"@type\":\"SearchAction\",\"target\":{\"@type\":\"EntryPoint\",\"urlTemplate\":\"https:\\\/\\\/nld.mirex.gob.do\\\/consular\\\/amsterdam\\\/?s={search_term_string}\"},\"query-input\":{\"@type\":\"PropertyValueSpecification\",\"valueRequired\":true,\"valueName\":\"search_term_string\"}}],\"inLanguage\":\"en-US\"},{\"@type\":\"Organization\",\"@id\":\"https:\\\/\\\/nld.mirex.gob.do\\\/consular\\\/amsterdam\\\/#organization\",\"name\":\"Consulado General de la Rep\u00fablica Dominicana en La Haya, Reino de los Pa\u00edses Bajos\",\"url\":\"https:\\\/\\\/nld.mirex.gob.do\\\/consular\\\/amsterdam\\\/\",\"logo\":{\"@type\":\"ImageObject\",\"inLanguage\":\"en-US\",\"@id\":\"https:\\\/\\\/nld.mirex.gob.do\\\/consular\\\/amsterdam\\\/#\\\/schema\\\/logo\\\/image\\\/\",\"url\":\"https:\\\/\\\/nld.mirex.gob.do\\\/consular\\\/amsterdam\\\/wp-content\\\/uploads\\\/2024\\\/04\\\/cropped-consulado_la_haya_reinode_los_Paises_Bajos.jpg\",\"contentUrl\":\"https:\\\/\\\/nld.mirex.gob.do\\\/consular\\\/amsterdam\\\/wp-content\\\/uploads\\\/2024\\\/04\\\/cropped-consulado_la_haya_reinode_los_Paises_Bajos.jpg\",\"width\":999,\"height\":407,\"caption\":\"Consulado General de la Rep\u00fablica Dominicana en La Haya, Reino de los Pa\u00edses Bajos\"},\"image\":{\"@id\":\"https:\\\/\\\/nld.mirex.gob.do\\\/consular\\\/amsterdam\\\/#\\\/schema\\\/logo\\\/image\\\/\"}},{\"@type\":\"Person\",\"@id\":\"https:\\\/\\\/nld.mirex.gob.do\\\/consular\\\/amsterdam\\\/#\\\/schema\\\/person\\\/772a9951ade6a7e4ab978b618b619ff8\",\"name\":\"Michael Antonio Melo Andujar\",\"image\":{\"@type\":\"ImageObject\",\"inLanguage\":\"en-US\",\"@id\":\"https:\\\/\\\/secure.gravatar.com\\\/avatar\\\/f8862d24b6945a30d30c9727ef9dfcd533ee25a18a27afc92991446aeb0e652d?s=96&d=mm&r=g\",\"url\":\"https:\\\/\\\/secure.gravatar.com\\\/avatar\\\/f8862d24b6945a30d30c9727ef9dfcd533ee25a18a27afc92991446aeb0e652d?s=96&d=mm&r=g\",\"contentUrl\":\"https:\\\/\\\/secure.gravatar.com\\\/avatar\\\/f8862d24b6945a30d30c9727ef9dfcd533ee25a18a27afc92991446aeb0e652d?s=96&d=mm&r=g\",\"caption\":\"Michael Antonio Melo Andujar\"}}]}<\/script>\n<!-- \/ Yoast SEO plugin. -->","yoast_head_json":{"title":"Requisitos de entrada en Holanda - Consulado General de la Rep\u00fablica Dominicana en La Haya, Reino de los Pa\u00edses Bajos","description":"Los nacionales dominicanos (no residentes en Espa\u00f1a), cada vez que entren en territorio espa\u00f1ol para una estancia no superior a 90 d\u00edas por semestre, deber\u00e1n tener la siguiente documentaci\u00f3n que se la podr\u00e1n exigir en el momento de hacer su entrada...","robots":{"index":"index","follow":"follow","max-snippet":"max-snippet:-1","max-image-preview":"max-image-preview:large","max-video-preview":"max-video-preview:-1"},"canonical":"https:\/\/nld.mirex.gob.do\/consular\/amsterdam\/requisitos-de-entrada-en-espana\/","og_locale":"en_US","og_type":"article","og_title":"Requisitos de entrada en Holanda - Consulado General de la Rep\u00fablica Dominicana en La Haya, Reino de los Pa\u00edses Bajos","og_description":"Los nacionales dominicanos (no residentes en Espa\u00f1a), cada vez que entren en territorio espa\u00f1ol para una estancia no superior a 90 d\u00edas por semestre, deber\u00e1n tener la siguiente documentaci\u00f3n que se la podr\u00e1n exigir en el momento de hacer su entrada...","og_url":"https:\/\/nld.mirex.gob.do\/consular\/amsterdam\/requisitos-de-entrada-en-espana\/","og_site_name":"Consulado General de la Rep\u00fablica Dominicana en La Haya, Reino de los Pa\u00edses Bajos","article_published_time":"2014-12-11T01:31:41+00:00","author":"Michael Antonio Melo Andujar","twitter_card":"summary_large_image","twitter_misc":{"Written by":"Michael Antonio Melo Andujar","Est. reading time":"3 minutes"},"schema":{"@context":"https:\/\/schema.org","@graph":[{"@type":"Article","@id":"https:\/\/nld.mirex.gob.do\/consular\/amsterdam\/requisitos-de-entrada-en-espana\/#article","isPartOf":{"@id":"https:\/\/nld.mirex.gob.do\/consular\/amsterdam\/requisitos-de-entrada-en-espana\/"},"author":{"name":"Michael Antonio Melo Andujar","@id":"https:\/\/nld.mirex.gob.do\/consular\/amsterdam\/#\/schema\/person\/772a9951ade6a7e4ab978b618b619ff8"},"headline":"Requisitos de entrada en Holanda","datePublished":"2014-12-11T01:31:41+00:00","mainEntityOfPage":{"@id":"https:\/\/nld.mirex.gob.do\/consular\/amsterdam\/requisitos-de-entrada-en-espana\/"},"wordCount":542,"publisher":{"@id":"https:\/\/nld.mirex.gob.do\/consular\/amsterdam\/#organization"},"articleSection":["Informaci\u00f3n"],"inLanguage":"en-US"},{"@type":"WebPage","@id":"https:\/\/nld.mirex.gob.do\/consular\/amsterdam\/requisitos-de-entrada-en-espana\/","url":"https:\/\/nld.mirex.gob.do\/consular\/amsterdam\/requisitos-de-entrada-en-espana\/","name":"Requisitos de entrada en Holanda - Consulado General de la Rep\u00fablica Dominicana en La Haya, Reino de los Pa\u00edses Bajos","isPartOf":{"@id":"https:\/\/nld.mirex.gob.do\/consular\/amsterdam\/#website"},"datePublished":"2014-12-11T01:31:41+00:00","description":"Los nacionales dominicanos (no residentes en Espa\u00f1a), cada vez que entren en territorio espa\u00f1ol para una estancia no superior a 90 d\u00edas por semestre, deber\u00e1n tener la siguiente documentaci\u00f3n que se la podr\u00e1n exigir en el momento de hacer su entrada...","breadcrumb":{"@id":"https:\/\/nld.mirex.gob.do\/consular\/amsterdam\/requisitos-de-entrada-en-espana\/#breadcrumb"},"inLanguage":"en-US","potentialAction":[{"@type":"ReadAction","target":["https:\/\/nld.mirex.gob.do\/consular\/amsterdam\/requisitos-de-entrada-en-espana\/"]}]},{"@type":"BreadcrumbList","@id":"https:\/\/nld.mirex.gob.do\/consular\/amsterdam\/requisitos-de-entrada-en-espana\/#breadcrumb","itemListElement":[{"@type":"ListItem","position":1,"name":"Inicio","item":"https:\/\/nld.mirex.gob.do\/consular\/amsterdam\/"},{"@type":"ListItem","position":2,"name":"Requisitos de entrada en Holanda"}]},{"@type":"WebSite","@id":"https:\/\/nld.mirex.gob.do\/consular\/amsterdam\/#website","url":"https:\/\/nld.mirex.gob.do\/consular\/amsterdam\/","name":"Consulado General de la Rep\u00fablica Dominicana en La Haya, Reino de los Pa\u00edses Bajos","description":"","publisher":{"@id":"https:\/\/nld.mirex.gob.do\/consular\/amsterdam\/#organization"},"potentialAction":[{"@type":"SearchAction","target":{"@type":"EntryPoint","urlTemplate":"https:\/\/nld.mirex.gob.do\/consular\/amsterdam\/?s={search_term_string}"},"query-input":{"@type":"PropertyValueSpecification","valueRequired":true,"valueName":"search_term_string"}}],"inLanguage":"en-US"},{"@type":"Organization","@id":"https:\/\/nld.mirex.gob.do\/consular\/amsterdam\/#organization","name":"Consulado General de la Rep\u00fablica Dominicana en La Haya, Reino de los Pa\u00edses Bajos","url":"https:\/\/nld.mirex.gob.do\/consular\/amsterdam\/","logo":{"@type":"ImageObject","inLanguage":"en-US","@id":"https:\/\/nld.mirex.gob.do\/consular\/amsterdam\/#\/schema\/logo\/image\/","url":"https:\/\/nld.mirex.gob.do\/consular\/amsterdam\/wp-content\/uploads\/2024\/04\/cropped-consulado_la_haya_reinode_los_Paises_Bajos.jpg","contentUrl":"https:\/\/nld.mirex.gob.do\/consular\/amsterdam\/wp-content\/uploads\/2024\/04\/cropped-consulado_la_haya_reinode_los_Paises_Bajos.jpg","width":999,"height":407,"caption":"Consulado General de la Rep\u00fablica Dominicana en La Haya, Reino de los Pa\u00edses Bajos"},"image":{"@id":"https:\/\/nld.mirex.gob.do\/consular\/amsterdam\/#\/schema\/logo\/image\/"}},{"@type":"Person","@id":"https:\/\/nld.mirex.gob.do\/consular\/amsterdam\/#\/schema\/person\/772a9951ade6a7e4ab978b618b619ff8","name":"Michael Antonio Melo Andujar","image":{"@type":"ImageObject","inLanguage":"en-US","@id":"https:\/\/secure.gravatar.com\/avatar\/f8862d24b6945a30d30c9727ef9dfcd533ee25a18a27afc92991446aeb0e652d?s=96&d=mm&r=g","url":"https:\/\/secure.gravatar.com\/avatar\/f8862d24b6945a30d30c9727ef9dfcd533ee25a18a27afc92991446aeb0e652d?s=96&d=mm&r=g","contentUrl":"https:\/\/secure.gravatar.com\/avatar\/f8862d24b6945a30d30c9727ef9dfcd533ee25a18a27afc92991446aeb0e652d?s=96&d=mm&r=g","caption":"Michael Antonio Melo Andujar"}}]}},"_links":{"self":[{"href":"https:\/\/nld.mirex.gob.do\/consular\/amsterdam\/wp-json\/wp\/v2\/posts\/321","targetHints":{"allow":["GET"]}}],"collection":[{"href":"https:\/\/nld.mirex.gob.do\/consular\/amsterdam\/wp-json\/wp\/v2\/posts"}],"about":[{"href":"https:\/\/nld.mirex.gob.do\/consular\/amsterdam\/wp-json\/wp\/v2\/types\/post"}],"author":[{"embeddable":true,"href":"https:\/\/nld.mirex.gob.do\/consular\/amsterdam\/wp-json\/wp\/v2\/users\/8"}],"replies":[{"embeddable":true,"href":"https:\/\/nld.mirex.gob.do\/consular\/amsterdam\/wp-json\/wp\/v2\/comments?post=321"}],"version-history":[{"count":0,"href":"https:\/\/nld.mirex.gob.do\/consular\/amsterdam\/wp-json\/wp\/v2\/posts\/321\/revisions"}],"wp:attachment":[{"href":"https:\/\/nld.mirex.gob.do\/consular\/amsterdam\/wp-json\/wp\/v2\/media?parent=321"}],"wp:term":[{"taxonomy":"category","embeddable":true,"href":"https:\/\/nld.mirex.gob.do\/consular\/amsterdam\/wp-json\/wp\/v2\/categories?post=321"},{"taxonomy":"post_tag","embeddable":true,"href":"https:\/\/nld.mirex.gob.do\/consular\/amsterdam\/wp-json\/wp\/v2\/tags?post=321"}],"curies":[{"name":"wp","href":"https:\/\/api.w.org\/{rel}","templated":true}]}}