{"id":3042,"date":"2018-02-08T20:15:37","date_gmt":"2018-02-08T20:15:37","guid":{"rendered":"https:\/\/www.consuladordholanda.com\/?p=3042"},"modified":"2018-02-08T20:15:37","modified_gmt":"2018-02-08T20:15:37","slug":"aparece-teresa-maria-diaz-nerio-quien-tenia-mas-20-dias-desaparecida-holanda","status":"publish","type":"post","link":"https:\/\/nld.mirex.gob.do\/consular\/amsterdam\/aparece-teresa-maria-diaz-nerio-quien-tenia-mas-20-dias-desaparecida-holanda\/","title":{"rendered":"Aparece Teresa Mar\u00eda D\u00edaz Nerio, quien ten\u00eda m\u00e1s de 20 d\u00edas desaparecida en Holanda"},"content":{"rendered":"<p><a href=\"https:\/\/www.consuladordholanda.com\/wp-content\/uploads\/2018\/02\/Aparece-con-vida-Teresa-Diaz-Nerio-copia.png\"><img fetchpriority=\"high\" decoding=\"async\" class=\"alignnone size-full wp-image-3045\" src=\"https:\/\/www.consuladordholanda.com\/wp-content\/uploads\/2018\/02\/Aparece-con-vida-Teresa-Diaz-Nerio-copia.png\" alt=\"\" width=\"800\" height=\"600\"><\/a><\/p>\n<p>Fue hallada con vida, \u201csana y salva\u201d la artista visual dominicana Teresa Mar\u00eda D\u00edaz Nerio, quien fue reportada como desaparecida desde el 17 enero, en \u00c1msterdam, donde reside desde hace m\u00e1s de siete a\u00f1os.<\/p>\n<p>As\u00ed lo confirma un publicaci\u00f3n realizada en una p\u00e1gina de Facebook que fue creada con el objetivo de realizar publicaciones que ayudaran a encontrarla. En el mismo post piden eliminar los reportes digitales sobre el caso de la artista.<\/p>\n<p>\u201c<strong>Nos gustar\u00eda informarles que Teresa est\u00e1 sana y de regreso. Les agradecemos su ayuda en la b\u00fasqueda y le pedimos que, en favor de la privacidad de Teresa, le den la tranquilidad y el espacio para que pueda retomar su vida. Ser\u00eda bueno si nos ayudan con una limpieza (digital) y eliminan los mensajes sobre su desaparici\u00f3n. Muchas gracias.<\/strong>\u201d, dice el texto publicado en tres idiomas.<\/p>\n<p>Hasta el momento se desconocen los detalles de su desaparici\u00f3n y las circunstancias en que apareci\u00f3, ya que <strong>la noticia de su aparici\u00f3n fue hoy 8 de febrero de 2018 a las 18 hs. aproximadamente.<br \/>\n<\/strong><\/p>\n<p>Teresa Mar\u00eda naci\u00f3 en Santo Domingo y vive en Holanda desde hace 17 a\u00f1os cuando fue a estudiar a Fine Arts, en la Academia Gerrit Rietveld en Amsterdam, donde dur\u00f3 5 a\u00f1os de estudios de Arte, premiada en el segundo lugar por la tesis de finalizaci\u00f3n de la carrera.<\/p>\n<p>Como artista visual, Teresa Mar\u00eda D\u00edaz Nerio, realiz\u00f3 varias presentaciones en diferentes pa\u00edses de Europa, desarrollando un arte inspirado en la isla que la vio nacer, siendo una digna representante de nuestro pa\u00eds.<\/p>\n","protected":false},"excerpt":{"rendered":"<p>Fue hallada con vida, \u201csana y salva\u201d la artista visual dominicana Teresa Mar\u00eda D\u00edaz Nerio, quien fue reportada como desaparecida desde el 17 enero, en \u00c1msterdam, donde reside desde hace m\u00e1s de siete a\u00f1os. As\u00ed lo confirma un publicaci\u00f3n realizada en una p\u00e1gina de Facebook que fue creada con el objetivo de realizar publicaciones que [&hellip;]<\/p>\n","protected":false},"author":8,"featured_media":3045,"comment_status":"closed","ping_status":"open","sticky":false,"template":"","format":"standard","meta":{"site-sidebar-layout":"default","site-content-layout":"","ast-site-content-layout":"default","site-content-style":"default","site-sidebar-style":"default","ast-global-header-display":"","ast-banner-title-visibility":"","ast-main-header-display":"","ast-hfb-above-header-display":"","ast-hfb-below-header-display":"","ast-hfb-mobile-header-display":"","site-post-title":"","ast-breadcrumbs-content":"","ast-featured-img":"","footer-sml-layout":"","ast-disable-related-posts":"","theme-transparent-header-meta":"","adv-header-id-meta":"","stick-header-meta":"","header-above-stick-meta":"","header-main-stick-meta":"","header-below-stick-meta":"","astra-migrate-meta-layouts":"default","ast-page-background-enabled":"default","ast-page-background-meta":{"desktop":{"background-color":"","background-image":"","background-repeat":"repeat","background-position":"center center","background-size":"auto","background-attachment":"scroll","background-type":"","background-media":"","overlay-type":"","overlay-color":"","overlay-opacity":"","overlay-gradient":""},"tablet":{"background-color":"","background-image":"","background-repeat":"repeat","background-position":"center center","background-size":"auto","background-attachment":"scroll","background-type":"","background-media":"","overlay-type":"","overlay-color":"","overlay-opacity":"","overlay-gradient":""},"mobile":{"background-color":"","background-image":"","background-repeat":"repeat","background-position":"center center","background-size":"auto","background-attachment":"scroll","background-type":"","background-media":"","overlay-type":"","overlay-color":"","overlay-opacity":"","overlay-gradient":""}},"ast-content-background-meta":{"desktop":{"background-color":"var(--ast-global-color-5)","background-image":"","background-repeat":"repeat","background-position":"center center","background-size":"auto","background-attachment":"scroll","background-type":"","background-media":"","overlay-type":"","overlay-color":"","overlay-opacity":"","overlay-gradient":""},"tablet":{"background-color":"var(--ast-global-color-5)","background-image":"","background-repeat":"repeat","background-position":"center center","background-size":"auto","background-attachment":"scroll","background-type":"","background-media":"","overlay-type":"","overlay-color":"","overlay-opacity":"","overlay-gradient":""},"mobile":{"background-color":"var(--ast-global-color-5)","background-image":"","background-repeat":"repeat","background-position":"center center","background-size":"auto","background-attachment":"scroll","background-type":"","background-media":"","overlay-type":"","overlay-color":"","overlay-opacity":"","overlay-gradient":""}},"footnotes":""},"categories":[60],"tags":[],"class_list":["post-3042","post","type-post","status-publish","format-standard","has-post-thumbnail","hentry","category-sin-categoria"],"yoast_head":"<!-- This site is optimized with the Yoast SEO plugin v27.4 - https:\/\/yoast.com\/product\/yoast-seo-wordpress\/ -->\n<title>Aparece Teresa Mar\u00eda D\u00edaz Nerio, quien ten\u00eda m\u00e1s de 20 d\u00edas desaparecida en Holanda - Consulado General de la Rep\u00fablica Dominicana en La Haya, Reino de los Pa\u00edses Bajos<\/title>\n<meta name=\"robots\" content=\"index, follow, max-snippet:-1, max-image-preview:large, max-video-preview:-1\" \/>\n<link rel=\"canonical\" href=\"https:\/\/nld.mirex.gob.do\/consular\/amsterdam\/aparece-teresa-maria-diaz-nerio-quien-tenia-mas-20-dias-desaparecida-holanda\/\" \/>\n<meta property=\"og:locale\" content=\"en_US\" \/>\n<meta property=\"og:type\" content=\"article\" \/>\n<meta property=\"og:title\" content=\"Aparece Teresa Mar\u00eda D\u00edaz Nerio, quien ten\u00eda m\u00e1s de 20 d\u00edas desaparecida en Holanda - Consulado General de la Rep\u00fablica Dominicana en La Haya, Reino de los Pa\u00edses Bajos\" \/>\n<meta property=\"og:description\" content=\"Fue hallada con vida, \u201csana y salva\u201d la artista visual dominicana Teresa Mar\u00eda D\u00edaz Nerio, quien fue reportada como desaparecida desde el 17 enero, en \u00c1msterdam, donde reside desde hace m\u00e1s de siete a\u00f1os. As\u00ed lo confirma un publicaci\u00f3n realizada en una p\u00e1gina de Facebook que fue creada con el objetivo de realizar publicaciones que [&hellip;]\" \/>\n<meta property=\"og:url\" content=\"https:\/\/nld.mirex.gob.do\/consular\/amsterdam\/aparece-teresa-maria-diaz-nerio-quien-tenia-mas-20-dias-desaparecida-holanda\/\" \/>\n<meta property=\"og:site_name\" content=\"Consulado General de la Rep\u00fablica Dominicana en La Haya, Reino de los Pa\u00edses Bajos\" \/>\n<meta property=\"article:published_time\" content=\"2018-02-08T20:15:37+00:00\" \/>\n<meta name=\"author\" content=\"Michael Antonio Melo Andujar\" \/>\n<meta name=\"twitter:card\" content=\"summary_large_image\" \/>\n<meta name=\"twitter:label1\" content=\"Written by\" \/>\n\t<meta name=\"twitter:data1\" content=\"Michael Antonio Melo Andujar\" \/>\n\t<meta name=\"twitter:label2\" content=\"Est. reading time\" \/>\n\t<meta name=\"twitter:data2\" content=\"1 minute\" \/>\n<script type=\"application\/ld+json\" class=\"yoast-schema-graph\">{\"@context\":\"https:\\\/\\\/schema.org\",\"@graph\":[{\"@type\":\"Article\",\"@id\":\"https:\\\/\\\/nld.mirex.gob.do\\\/consular\\\/amsterdam\\\/aparece-teresa-maria-diaz-nerio-quien-tenia-mas-20-dias-desaparecida-holanda\\\/#article\",\"isPartOf\":{\"@id\":\"https:\\\/\\\/nld.mirex.gob.do\\\/consular\\\/amsterdam\\\/aparece-teresa-maria-diaz-nerio-quien-tenia-mas-20-dias-desaparecida-holanda\\\/\"},\"author\":{\"name\":\"Michael Antonio Melo Andujar\",\"@id\":\"https:\\\/\\\/nld.mirex.gob.do\\\/consular\\\/amsterdam\\\/#\\\/schema\\\/person\\\/772a9951ade6a7e4ab978b618b619ff8\"},\"headline\":\"Aparece Teresa Mar\u00eda D\u00edaz Nerio, quien ten\u00eda m\u00e1s de 20 d\u00edas desaparecida en Holanda\",\"datePublished\":\"2018-02-08T20:15:37+00:00\",\"mainEntityOfPage\":{\"@id\":\"https:\\\/\\\/nld.mirex.gob.do\\\/consular\\\/amsterdam\\\/aparece-teresa-maria-diaz-nerio-quien-tenia-mas-20-dias-desaparecida-holanda\\\/\"},\"wordCount\":288,\"publisher\":{\"@id\":\"https:\\\/\\\/nld.mirex.gob.do\\\/consular\\\/amsterdam\\\/#organization\"},\"image\":{\"@id\":\"https:\\\/\\\/nld.mirex.gob.do\\\/consular\\\/amsterdam\\\/aparece-teresa-maria-diaz-nerio-quien-tenia-mas-20-dias-desaparecida-holanda\\\/#primaryimage\"},\"thumbnailUrl\":\"\",\"articleSection\":[\"Sin categor\u00eda\"],\"inLanguage\":\"en-US\"},{\"@type\":\"WebPage\",\"@id\":\"https:\\\/\\\/nld.mirex.gob.do\\\/consular\\\/amsterdam\\\/aparece-teresa-maria-diaz-nerio-quien-tenia-mas-20-dias-desaparecida-holanda\\\/\",\"url\":\"https:\\\/\\\/nld.mirex.gob.do\\\/consular\\\/amsterdam\\\/aparece-teresa-maria-diaz-nerio-quien-tenia-mas-20-dias-desaparecida-holanda\\\/\",\"name\":\"Aparece Teresa Mar\u00eda D\u00edaz Nerio, quien ten\u00eda m\u00e1s de 20 d\u00edas desaparecida en Holanda - Consulado General de la Rep\u00fablica Dominicana en La Haya, Reino de los Pa\u00edses Bajos\",\"isPartOf\":{\"@id\":\"https:\\\/\\\/nld.mirex.gob.do\\\/consular\\\/amsterdam\\\/#website\"},\"primaryImageOfPage\":{\"@id\":\"https:\\\/\\\/nld.mirex.gob.do\\\/consular\\\/amsterdam\\\/aparece-teresa-maria-diaz-nerio-quien-tenia-mas-20-dias-desaparecida-holanda\\\/#primaryimage\"},\"image\":{\"@id\":\"https:\\\/\\\/nld.mirex.gob.do\\\/consular\\\/amsterdam\\\/aparece-teresa-maria-diaz-nerio-quien-tenia-mas-20-dias-desaparecida-holanda\\\/#primaryimage\"},\"thumbnailUrl\":\"\",\"datePublished\":\"2018-02-08T20:15:37+00:00\",\"breadcrumb\":{\"@id\":\"https:\\\/\\\/nld.mirex.gob.do\\\/consular\\\/amsterdam\\\/aparece-teresa-maria-diaz-nerio-quien-tenia-mas-20-dias-desaparecida-holanda\\\/#breadcrumb\"},\"inLanguage\":\"en-US\",\"potentialAction\":[{\"@type\":\"ReadAction\",\"target\":[\"https:\\\/\\\/nld.mirex.gob.do\\\/consular\\\/amsterdam\\\/aparece-teresa-maria-diaz-nerio-quien-tenia-mas-20-dias-desaparecida-holanda\\\/\"]}]},{\"@type\":\"ImageObject\",\"inLanguage\":\"en-US\",\"@id\":\"https:\\\/\\\/nld.mirex.gob.do\\\/consular\\\/amsterdam\\\/aparece-teresa-maria-diaz-nerio-quien-tenia-mas-20-dias-desaparecida-holanda\\\/#primaryimage\",\"url\":\"\",\"contentUrl\":\"\"},{\"@type\":\"BreadcrumbList\",\"@id\":\"https:\\\/\\\/nld.mirex.gob.do\\\/consular\\\/amsterdam\\\/aparece-teresa-maria-diaz-nerio-quien-tenia-mas-20-dias-desaparecida-holanda\\\/#breadcrumb\",\"itemListElement\":[{\"@type\":\"ListItem\",\"position\":1,\"name\":\"Inicio\",\"item\":\"https:\\\/\\\/nld.mirex.gob.do\\\/consular\\\/amsterdam\\\/\"},{\"@type\":\"ListItem\",\"position\":2,\"name\":\"Aparece Teresa Mar\u00eda D\u00edaz Nerio, quien ten\u00eda m\u00e1s de 20 d\u00edas desaparecida en Holanda\"}]},{\"@type\":\"WebSite\",\"@id\":\"https:\\\/\\\/nld.mirex.gob.do\\\/consular\\\/amsterdam\\\/#website\",\"url\":\"https:\\\/\\\/nld.mirex.gob.do\\\/consular\\\/amsterdam\\\/\",\"name\":\"Consulado General de la Rep\u00fablica Dominicana en La Haya, Reino de los Pa\u00edses Bajos\",\"description\":\"\",\"publisher\":{\"@id\":\"https:\\\/\\\/nld.mirex.gob.do\\\/consular\\\/amsterdam\\\/#organization\"},\"potentialAction\":[{\"@type\":\"SearchAction\",\"target\":{\"@type\":\"EntryPoint\",\"urlTemplate\":\"https:\\\/\\\/nld.mirex.gob.do\\\/consular\\\/amsterdam\\\/?s={search_term_string}\"},\"query-input\":{\"@type\":\"PropertyValueSpecification\",\"valueRequired\":true,\"valueName\":\"search_term_string\"}}],\"inLanguage\":\"en-US\"},{\"@type\":\"Organization\",\"@id\":\"https:\\\/\\\/nld.mirex.gob.do\\\/consular\\\/amsterdam\\\/#organization\",\"name\":\"Consulado General de la Rep\u00fablica Dominicana en La Haya, Reino de los Pa\u00edses Bajos\",\"url\":\"https:\\\/\\\/nld.mirex.gob.do\\\/consular\\\/amsterdam\\\/\",\"logo\":{\"@type\":\"ImageObject\",\"inLanguage\":\"en-US\",\"@id\":\"https:\\\/\\\/nld.mirex.gob.do\\\/consular\\\/amsterdam\\\/#\\\/schema\\\/logo\\\/image\\\/\",\"url\":\"https:\\\/\\\/nld.mirex.gob.do\\\/consular\\\/amsterdam\\\/wp-content\\\/uploads\\\/2024\\\/04\\\/cropped-consulado_la_haya_reinode_los_Paises_Bajos.jpg\",\"contentUrl\":\"https:\\\/\\\/nld.mirex.gob.do\\\/consular\\\/amsterdam\\\/wp-content\\\/uploads\\\/2024\\\/04\\\/cropped-consulado_la_haya_reinode_los_Paises_Bajos.jpg\",\"width\":999,\"height\":407,\"caption\":\"Consulado General de la Rep\u00fablica Dominicana en La Haya, Reino de los Pa\u00edses Bajos\"},\"image\":{\"@id\":\"https:\\\/\\\/nld.mirex.gob.do\\\/consular\\\/amsterdam\\\/#\\\/schema\\\/logo\\\/image\\\/\"}},{\"@type\":\"Person\",\"@id\":\"https:\\\/\\\/nld.mirex.gob.do\\\/consular\\\/amsterdam\\\/#\\\/schema\\\/person\\\/772a9951ade6a7e4ab978b618b619ff8\",\"name\":\"Michael Antonio Melo Andujar\",\"image\":{\"@type\":\"ImageObject\",\"inLanguage\":\"en-US\",\"@id\":\"https:\\\/\\\/secure.gravatar.com\\\/avatar\\\/f8862d24b6945a30d30c9727ef9dfcd533ee25a18a27afc92991446aeb0e652d?s=96&d=mm&r=g\",\"url\":\"https:\\\/\\\/secure.gravatar.com\\\/avatar\\\/f8862d24b6945a30d30c9727ef9dfcd533ee25a18a27afc92991446aeb0e652d?s=96&d=mm&r=g\",\"contentUrl\":\"https:\\\/\\\/secure.gravatar.com\\\/avatar\\\/f8862d24b6945a30d30c9727ef9dfcd533ee25a18a27afc92991446aeb0e652d?s=96&d=mm&r=g\",\"caption\":\"Michael Antonio Melo Andujar\"}}]}<\/script>\n<!-- \/ Yoast SEO plugin. -->","yoast_head_json":{"title":"Aparece Teresa Mar\u00eda D\u00edaz Nerio, quien ten\u00eda m\u00e1s de 20 d\u00edas desaparecida en Holanda - Consulado General de la Rep\u00fablica Dominicana en La Haya, Reino de los Pa\u00edses Bajos","robots":{"index":"index","follow":"follow","max-snippet":"max-snippet:-1","max-image-preview":"max-image-preview:large","max-video-preview":"max-video-preview:-1"},"canonical":"https:\/\/nld.mirex.gob.do\/consular\/amsterdam\/aparece-teresa-maria-diaz-nerio-quien-tenia-mas-20-dias-desaparecida-holanda\/","og_locale":"en_US","og_type":"article","og_title":"Aparece Teresa Mar\u00eda D\u00edaz Nerio, quien ten\u00eda m\u00e1s de 20 d\u00edas desaparecida en Holanda - Consulado General de la Rep\u00fablica Dominicana en La Haya, Reino de los Pa\u00edses Bajos","og_description":"Fue hallada con vida, \u201csana y salva\u201d la artista visual dominicana Teresa Mar\u00eda D\u00edaz Nerio, quien fue reportada como desaparecida desde el 17 enero, en \u00c1msterdam, donde reside desde hace m\u00e1s de siete a\u00f1os. As\u00ed lo confirma un publicaci\u00f3n realizada en una p\u00e1gina de Facebook que fue creada con el objetivo de realizar publicaciones que [&hellip;]","og_url":"https:\/\/nld.mirex.gob.do\/consular\/amsterdam\/aparece-teresa-maria-diaz-nerio-quien-tenia-mas-20-dias-desaparecida-holanda\/","og_site_name":"Consulado General de la Rep\u00fablica Dominicana en La Haya, Reino de los Pa\u00edses Bajos","article_published_time":"2018-02-08T20:15:37+00:00","author":"Michael Antonio Melo Andujar","twitter_card":"summary_large_image","twitter_misc":{"Written by":"Michael Antonio Melo Andujar","Est. reading time":"1 minute"},"schema":{"@context":"https:\/\/schema.org","@graph":[{"@type":"Article","@id":"https:\/\/nld.mirex.gob.do\/consular\/amsterdam\/aparece-teresa-maria-diaz-nerio-quien-tenia-mas-20-dias-desaparecida-holanda\/#article","isPartOf":{"@id":"https:\/\/nld.mirex.gob.do\/consular\/amsterdam\/aparece-teresa-maria-diaz-nerio-quien-tenia-mas-20-dias-desaparecida-holanda\/"},"author":{"name":"Michael Antonio Melo Andujar","@id":"https:\/\/nld.mirex.gob.do\/consular\/amsterdam\/#\/schema\/person\/772a9951ade6a7e4ab978b618b619ff8"},"headline":"Aparece Teresa Mar\u00eda D\u00edaz Nerio, quien ten\u00eda m\u00e1s de 20 d\u00edas desaparecida en Holanda","datePublished":"2018-02-08T20:15:37+00:00","mainEntityOfPage":{"@id":"https:\/\/nld.mirex.gob.do\/consular\/amsterdam\/aparece-teresa-maria-diaz-nerio-quien-tenia-mas-20-dias-desaparecida-holanda\/"},"wordCount":288,"publisher":{"@id":"https:\/\/nld.mirex.gob.do\/consular\/amsterdam\/#organization"},"image":{"@id":"https:\/\/nld.mirex.gob.do\/consular\/amsterdam\/aparece-teresa-maria-diaz-nerio-quien-tenia-mas-20-dias-desaparecida-holanda\/#primaryimage"},"thumbnailUrl":"","articleSection":["Sin categor\u00eda"],"inLanguage":"en-US"},{"@type":"WebPage","@id":"https:\/\/nld.mirex.gob.do\/consular\/amsterdam\/aparece-teresa-maria-diaz-nerio-quien-tenia-mas-20-dias-desaparecida-holanda\/","url":"https:\/\/nld.mirex.gob.do\/consular\/amsterdam\/aparece-teresa-maria-diaz-nerio-quien-tenia-mas-20-dias-desaparecida-holanda\/","name":"Aparece Teresa Mar\u00eda D\u00edaz Nerio, quien ten\u00eda m\u00e1s de 20 d\u00edas desaparecida en Holanda - Consulado General de la Rep\u00fablica Dominicana en La Haya, Reino de los Pa\u00edses Bajos","isPartOf":{"@id":"https:\/\/nld.mirex.gob.do\/consular\/amsterdam\/#website"},"primaryImageOfPage":{"@id":"https:\/\/nld.mirex.gob.do\/consular\/amsterdam\/aparece-teresa-maria-diaz-nerio-quien-tenia-mas-20-dias-desaparecida-holanda\/#primaryimage"},"image":{"@id":"https:\/\/nld.mirex.gob.do\/consular\/amsterdam\/aparece-teresa-maria-diaz-nerio-quien-tenia-mas-20-dias-desaparecida-holanda\/#primaryimage"},"thumbnailUrl":"","datePublished":"2018-02-08T20:15:37+00:00","breadcrumb":{"@id":"https:\/\/nld.mirex.gob.do\/consular\/amsterdam\/aparece-teresa-maria-diaz-nerio-quien-tenia-mas-20-dias-desaparecida-holanda\/#breadcrumb"},"inLanguage":"en-US","potentialAction":[{"@type":"ReadAction","target":["https:\/\/nld.mirex.gob.do\/consular\/amsterdam\/aparece-teresa-maria-diaz-nerio-quien-tenia-mas-20-dias-desaparecida-holanda\/"]}]},{"@type":"ImageObject","inLanguage":"en-US","@id":"https:\/\/nld.mirex.gob.do\/consular\/amsterdam\/aparece-teresa-maria-diaz-nerio-quien-tenia-mas-20-dias-desaparecida-holanda\/#primaryimage","url":"","contentUrl":""},{"@type":"BreadcrumbList","@id":"https:\/\/nld.mirex.gob.do\/consular\/amsterdam\/aparece-teresa-maria-diaz-nerio-quien-tenia-mas-20-dias-desaparecida-holanda\/#breadcrumb","itemListElement":[{"@type":"ListItem","position":1,"name":"Inicio","item":"https:\/\/nld.mirex.gob.do\/consular\/amsterdam\/"},{"@type":"ListItem","position":2,"name":"Aparece Teresa Mar\u00eda D\u00edaz Nerio, quien ten\u00eda m\u00e1s de 20 d\u00edas desaparecida en Holanda"}]},{"@type":"WebSite","@id":"https:\/\/nld.mirex.gob.do\/consular\/amsterdam\/#website","url":"https:\/\/nld.mirex.gob.do\/consular\/amsterdam\/","name":"Consulado General de la Rep\u00fablica Dominicana en La Haya, Reino de los Pa\u00edses Bajos","description":"","publisher":{"@id":"https:\/\/nld.mirex.gob.do\/consular\/amsterdam\/#organization"},"potentialAction":[{"@type":"SearchAction","target":{"@type":"EntryPoint","urlTemplate":"https:\/\/nld.mirex.gob.do\/consular\/amsterdam\/?s={search_term_string}"},"query-input":{"@type":"PropertyValueSpecification","valueRequired":true,"valueName":"search_term_string"}}],"inLanguage":"en-US"},{"@type":"Organization","@id":"https:\/\/nld.mirex.gob.do\/consular\/amsterdam\/#organization","name":"Consulado General de la Rep\u00fablica Dominicana en La Haya, Reino de los Pa\u00edses Bajos","url":"https:\/\/nld.mirex.gob.do\/consular\/amsterdam\/","logo":{"@type":"ImageObject","inLanguage":"en-US","@id":"https:\/\/nld.mirex.gob.do\/consular\/amsterdam\/#\/schema\/logo\/image\/","url":"https:\/\/nld.mirex.gob.do\/consular\/amsterdam\/wp-content\/uploads\/2024\/04\/cropped-consulado_la_haya_reinode_los_Paises_Bajos.jpg","contentUrl":"https:\/\/nld.mirex.gob.do\/consular\/amsterdam\/wp-content\/uploads\/2024\/04\/cropped-consulado_la_haya_reinode_los_Paises_Bajos.jpg","width":999,"height":407,"caption":"Consulado General de la Rep\u00fablica Dominicana en La Haya, Reino de los Pa\u00edses Bajos"},"image":{"@id":"https:\/\/nld.mirex.gob.do\/consular\/amsterdam\/#\/schema\/logo\/image\/"}},{"@type":"Person","@id":"https:\/\/nld.mirex.gob.do\/consular\/amsterdam\/#\/schema\/person\/772a9951ade6a7e4ab978b618b619ff8","name":"Michael Antonio Melo Andujar","image":{"@type":"ImageObject","inLanguage":"en-US","@id":"https:\/\/secure.gravatar.com\/avatar\/f8862d24b6945a30d30c9727ef9dfcd533ee25a18a27afc92991446aeb0e652d?s=96&d=mm&r=g","url":"https:\/\/secure.gravatar.com\/avatar\/f8862d24b6945a30d30c9727ef9dfcd533ee25a18a27afc92991446aeb0e652d?s=96&d=mm&r=g","contentUrl":"https:\/\/secure.gravatar.com\/avatar\/f8862d24b6945a30d30c9727ef9dfcd533ee25a18a27afc92991446aeb0e652d?s=96&d=mm&r=g","caption":"Michael Antonio Melo Andujar"}}]}},"_links":{"self":[{"href":"https:\/\/nld.mirex.gob.do\/consular\/amsterdam\/wp-json\/wp\/v2\/posts\/3042","targetHints":{"allow":["GET"]}}],"collection":[{"href":"https:\/\/nld.mirex.gob.do\/consular\/amsterdam\/wp-json\/wp\/v2\/posts"}],"about":[{"href":"https:\/\/nld.mirex.gob.do\/consular\/amsterdam\/wp-json\/wp\/v2\/types\/post"}],"author":[{"embeddable":true,"href":"https:\/\/nld.mirex.gob.do\/consular\/amsterdam\/wp-json\/wp\/v2\/users\/8"}],"replies":[{"embeddable":true,"href":"https:\/\/nld.mirex.gob.do\/consular\/amsterdam\/wp-json\/wp\/v2\/comments?post=3042"}],"version-history":[{"count":0,"href":"https:\/\/nld.mirex.gob.do\/consular\/amsterdam\/wp-json\/wp\/v2\/posts\/3042\/revisions"}],"wp:featuredmedia":[{"embeddable":true,"href":"https:\/\/nld.mirex.gob.do\/consular\/amsterdam\/wp-json\/"}],"wp:attachment":[{"href":"https:\/\/nld.mirex.gob.do\/consular\/amsterdam\/wp-json\/wp\/v2\/media?parent=3042"}],"wp:term":[{"taxonomy":"category","embeddable":true,"href":"https:\/\/nld.mirex.gob.do\/consular\/amsterdam\/wp-json\/wp\/v2\/categories?post=3042"},{"taxonomy":"post_tag","embeddable":true,"href":"https:\/\/nld.mirex.gob.do\/consular\/amsterdam\/wp-json\/wp\/v2\/tags?post=3042"}],"curies":[{"name":"wp","href":"https:\/\/api.w.org\/{rel}","templated":true}]}}