{"id":2976,"date":"2017-11-23T10:38:55","date_gmt":"2017-11-23T10:38:55","guid":{"rendered":"https:\/\/www.consuladordholanda.com\/?p=2976"},"modified":"2017-11-23T10:38:55","modified_gmt":"2017-11-23T10:38:55","slug":"cancilleria-dispone-creacion-secciones-comerciales-embajadas-consulados","status":"publish","type":"post","link":"https:\/\/nld.mirex.gob.do\/consular\/amsterdam\/cancilleria-dispone-creacion-secciones-comerciales-embajadas-consulados\/","title":{"rendered":"Canciller\u00eda dispone creaci\u00f3n de secciones comerciales en embajadas y consulados"},"content":{"rendered":"<h4><img fetchpriority=\"high\" decoding=\"async\" class=\"alignnone size-full wp-image-2977\" src=\"https:\/\/www.consuladordholanda.com\/wp-content\/uploads\/2017\/11\/Canciller\u00eda-dispone-creaci\u00f3n-de-secciones-comerciales-en-embajadas-y-consulados.jpg\" alt=\"\" width=\"640\" height=\"427\"><\/h4>\n<h4>Vargas destac\u00f3 que esta iniciativa forma parte de la estrategia de diplomacia comercial que ejecuta la Canciller\u00eda<\/h4>\n<p><strong>Santo Domingo. \u2013<\/strong>&nbsp;El Ministerio de Relaciones Exteriores (MIREX) emiti\u00f3 la resoluci\u00f3n No. 05-2017 que crea secciones comerciales en las Embajadas y Consulados dominicanos para institucionalizar la responsabilidad que tienen los funcionarios del Servicio Exterior de promover las exportaciones, adem\u00e1s de atraer inversi\u00f3n extranjera y cooperaci\u00f3n internacional.<\/p>\n<p>La firma de la disposici\u00f3n administrativa tuvo lugar en la sede del Mirex, acto durante el cual el canciller Miguel Vargas afirm\u00f3 que \u201cesta resoluci\u00f3n es hist\u00f3rica y sin precedentes en la alianza p\u00fablico-privada estrat\u00e9gica en materia de comercio exterior que, sin duda, contribuir\u00e1 al progreso y desarrollo de nuestra naci\u00f3n.\u201d<\/p>\n<p>El titular de Relaciones Exteriores explic\u00f3 que el plan de promoci\u00f3n del pa\u00eds abarcar\u00e1 la definici\u00f3n del perfil del funcionario seleccionado como encargado de la secci\u00f3n comercial, capacitaci\u00f3n, seguimiento de metas establecidas y evaluaciones.<\/p>\n<p>Vargas destac\u00f3 que esta iniciativa forma parte de la estrategia de diplomacia comercial que ejecuta la Canciller\u00eda \u201cesta diplomacia la entendemos como la labor de los funcionarios diplom\u00e1ticos de apoyar a la internacionalizaci\u00f3n de las empresas dominicanas, de promocionar la atracci\u00f3n de inversi\u00f3n hacia nuestro pa\u00eds y posicionar nuestra Marca Pa\u00eds.\u201d<\/p>\n<p><strong>Contenido de la resoluci\u00f3n<\/strong><\/p>\n<p>Establece que el Mirex escoger\u00e1 a los encargados de las secciones comerciales entre los miembros del personal acreditados en la embajada o consulado de que se trate. S\u00f3lo de forma excepcional se designar\u00e1 a alguien que no est\u00e9 acreditado. Dicho funcionario recibir\u00e1 instrucciones directas del Viceministerio para Asuntos Econ\u00f3micos y de Cooperaci\u00f3n Internacional del Mirex.<\/p>\n<p>Otro mandato de la resoluci\u00f3n es la elaboraci\u00f3n anual del \u201cPlan de Promoci\u00f3n Comercial\u201d, que ser\u00e1 preparado por un equipo mixto del Mirex y del Centro de Exportaci\u00f3n e Inversi\u00f3n de la Rep\u00fablica Dominicana (CEI-RD), en virtud del acuerdo para promover el comercio exterior que ambas instituciones suscribieron en mayo pasado.<\/p>\n<p>Asimismo, &nbsp;se crea una Comisi\u00f3n Consultiva,&nbsp; a cuyos miembros el canciller Vargas tom\u00f3 juramento,&nbsp; encabezada por el Mirex y el CEI-RD, e integrada por el Consejo Nacional de la Empresa Privada, (CONEP); la Asociaci\u00f3n de Industrias de la Rep\u00fablica Dominicana (AIRD); la Asociaci\u00f3n Dominicana de Exportadores (ADOEXPO); y la Asociaci\u00f3n Dominicana de Zonas Francas (ADOZONA).<\/p>\n<p>Tambi\u00e9n, la Asociaci\u00f3n de Industriales de la Zona Norte (AIREN); la C\u00e1mara de Comercio y Producci\u00f3n de Santo Domingo y la C\u00e1mara de Comercio y Producci\u00f3n de Santiago.&nbsp; Igualmente, la Confederaci\u00f3n Dominicana de la Peque\u00f1a y Mediana Empresa (CODOPYME); la C\u00e1mara Americana de Comercio y Producci\u00f3n(AMCHAMDR); la Asociaci\u00f3n de Empresas Industriales de Herrera y provincia Santo Domingo (AEIH).<\/p>\n","protected":false},"excerpt":{"rendered":"<p>Vargas destac\u00f3 que esta iniciativa forma parte de la estrategia de diplomacia comercial que ejecuta la Canciller\u00eda Santo Domingo. \u2013&nbsp;El Ministerio de Relaciones Exteriores (MIREX) emiti\u00f3 la resoluci\u00f3n No. 05-2017 que crea secciones comerciales en las Embajadas y Consulados dominicanos para institucionalizar la responsabilidad que tienen los funcionarios del Servicio Exterior de promover las exportaciones, [&hellip;]<\/p>\n","protected":false},"author":8,"featured_media":2977,"comment_status":"closed","ping_status":"open","sticky":false,"template":"","format":"standard","meta":{"site-sidebar-layout":"default","site-content-layout":"","ast-site-content-layout":"default","site-content-style":"default","site-sidebar-style":"default","ast-global-header-display":"","ast-banner-title-visibility":"","ast-main-header-display":"","ast-hfb-above-header-display":"","ast-hfb-below-header-display":"","ast-hfb-mobile-header-display":"","site-post-title":"","ast-breadcrumbs-content":"","ast-featured-img":"","footer-sml-layout":"","ast-disable-related-posts":"","theme-transparent-header-meta":"","adv-header-id-meta":"","stick-header-meta":"","header-above-stick-meta":"","header-main-stick-meta":"","header-below-stick-meta":"","astra-migrate-meta-layouts":"default","ast-page-background-enabled":"default","ast-page-background-meta":{"desktop":{"background-color":"","background-image":"","background-repeat":"repeat","background-position":"center center","background-size":"auto","background-attachment":"scroll","background-type":"","background-media":"","overlay-type":"","overlay-color":"","overlay-opacity":"","overlay-gradient":""},"tablet":{"background-color":"","background-image":"","background-repeat":"repeat","background-position":"center center","background-size":"auto","background-attachment":"scroll","background-type":"","background-media":"","overlay-type":"","overlay-color":"","overlay-opacity":"","overlay-gradient":""},"mobile":{"background-color":"","background-image":"","background-repeat":"repeat","background-position":"center center","background-size":"auto","background-attachment":"scroll","background-type":"","background-media":"","overlay-type":"","overlay-color":"","overlay-opacity":"","overlay-gradient":""}},"ast-content-background-meta":{"desktop":{"background-color":"var(--ast-global-color-5)","background-image":"","background-repeat":"repeat","background-position":"center center","background-size":"auto","background-attachment":"scroll","background-type":"","background-media":"","overlay-type":"","overlay-color":"","overlay-opacity":"","overlay-gradient":""},"tablet":{"background-color":"var(--ast-global-color-5)","background-image":"","background-repeat":"repeat","background-position":"center center","background-size":"auto","background-attachment":"scroll","background-type":"","background-media":"","overlay-type":"","overlay-color":"","overlay-opacity":"","overlay-gradient":""},"mobile":{"background-color":"var(--ast-global-color-5)","background-image":"","background-repeat":"repeat","background-position":"center center","background-size":"auto","background-attachment":"scroll","background-type":"","background-media":"","overlay-type":"","overlay-color":"","overlay-opacity":"","overlay-gradient":""}},"footnotes":""},"categories":[332,96,66],"tags":[361,381,58,52],"class_list":["post-2976","post","type-post","status-publish","format-standard","has-post-thumbnail","hentry","category-invertir-portada","category-negocios","category-novedades","tag-cancilleria","tag-consulados-y-embajadas","tag-invertir-en-la-republica-dominicana","tag-negocios"],"yoast_head":"<!-- This site is optimized with the Yoast SEO plugin v27.4 - https:\/\/yoast.com\/product\/yoast-seo-wordpress\/ -->\n<title>Canciller\u00eda dispone creaci\u00f3n de secciones comerciales en embajadas y consulados - Consulado General de la Rep\u00fablica Dominicana en La Haya, Reino de los Pa\u00edses Bajos<\/title>\n<meta name=\"robots\" content=\"index, follow, max-snippet:-1, max-image-preview:large, max-video-preview:-1\" \/>\n<link rel=\"canonical\" href=\"https:\/\/nld.mirex.gob.do\/consular\/amsterdam\/cancilleria-dispone-creacion-secciones-comerciales-embajadas-consulados\/\" \/>\n<meta property=\"og:locale\" content=\"en_US\" \/>\n<meta property=\"og:type\" content=\"article\" \/>\n<meta property=\"og:title\" content=\"Canciller\u00eda dispone creaci\u00f3n de secciones comerciales en embajadas y consulados - Consulado General de la Rep\u00fablica Dominicana en La Haya, Reino de los Pa\u00edses Bajos\" \/>\n<meta property=\"og:description\" content=\"Vargas destac\u00f3 que esta iniciativa forma parte de la estrategia de diplomacia comercial que ejecuta la Canciller\u00eda Santo Domingo. \u2013&nbsp;El Ministerio de Relaciones Exteriores (MIREX) emiti\u00f3 la resoluci\u00f3n No. 05-2017 que crea secciones comerciales en las Embajadas y Consulados dominicanos para institucionalizar la responsabilidad que tienen los funcionarios del Servicio Exterior de promover las exportaciones, [&hellip;]\" \/>\n<meta property=\"og:url\" content=\"https:\/\/nld.mirex.gob.do\/consular\/amsterdam\/cancilleria-dispone-creacion-secciones-comerciales-embajadas-consulados\/\" \/>\n<meta property=\"og:site_name\" content=\"Consulado General de la Rep\u00fablica Dominicana en La Haya, Reino de los Pa\u00edses Bajos\" \/>\n<meta property=\"article:published_time\" content=\"2017-11-23T10:38:55+00:00\" \/>\n<meta name=\"author\" content=\"Michael Antonio Melo Andujar\" \/>\n<meta name=\"twitter:card\" content=\"summary_large_image\" \/>\n<meta name=\"twitter:label1\" content=\"Written by\" \/>\n\t<meta name=\"twitter:data1\" content=\"Michael Antonio Melo Andujar\" \/>\n\t<meta name=\"twitter:label2\" content=\"Est. reading time\" \/>\n\t<meta name=\"twitter:data2\" content=\"2 minutes\" \/>\n<script type=\"application\/ld+json\" class=\"yoast-schema-graph\">{\"@context\":\"https:\\\/\\\/schema.org\",\"@graph\":[{\"@type\":\"Article\",\"@id\":\"https:\\\/\\\/nld.mirex.gob.do\\\/consular\\\/amsterdam\\\/cancilleria-dispone-creacion-secciones-comerciales-embajadas-consulados\\\/#article\",\"isPartOf\":{\"@id\":\"https:\\\/\\\/nld.mirex.gob.do\\\/consular\\\/amsterdam\\\/cancilleria-dispone-creacion-secciones-comerciales-embajadas-consulados\\\/\"},\"author\":{\"name\":\"Michael Antonio Melo Andujar\",\"@id\":\"https:\\\/\\\/nld.mirex.gob.do\\\/consular\\\/amsterdam\\\/#\\\/schema\\\/person\\\/772a9951ade6a7e4ab978b618b619ff8\"},\"headline\":\"Canciller\u00eda dispone creaci\u00f3n de secciones comerciales en embajadas y consulados\",\"datePublished\":\"2017-11-23T10:38:55+00:00\",\"mainEntityOfPage\":{\"@id\":\"https:\\\/\\\/nld.mirex.gob.do\\\/consular\\\/amsterdam\\\/cancilleria-dispone-creacion-secciones-comerciales-embajadas-consulados\\\/\"},\"wordCount\":489,\"publisher\":{\"@id\":\"https:\\\/\\\/nld.mirex.gob.do\\\/consular\\\/amsterdam\\\/#organization\"},\"image\":{\"@id\":\"https:\\\/\\\/nld.mirex.gob.do\\\/consular\\\/amsterdam\\\/cancilleria-dispone-creacion-secciones-comerciales-embajadas-consulados\\\/#primaryimage\"},\"thumbnailUrl\":\"\",\"keywords\":[\"Cancilleria\",\"Consulados y Embajadas\",\"Invertir en la Rep\u00fablica Dominicana\",\"Negocios\"],\"articleSection\":[\"Invertir-Portada\",\"Negocios\",\"Novedades\"],\"inLanguage\":\"en-US\"},{\"@type\":\"WebPage\",\"@id\":\"https:\\\/\\\/nld.mirex.gob.do\\\/consular\\\/amsterdam\\\/cancilleria-dispone-creacion-secciones-comerciales-embajadas-consulados\\\/\",\"url\":\"https:\\\/\\\/nld.mirex.gob.do\\\/consular\\\/amsterdam\\\/cancilleria-dispone-creacion-secciones-comerciales-embajadas-consulados\\\/\",\"name\":\"Canciller\u00eda dispone creaci\u00f3n de secciones comerciales en embajadas y consulados - Consulado General de la Rep\u00fablica Dominicana en La Haya, Reino de los Pa\u00edses Bajos\",\"isPartOf\":{\"@id\":\"https:\\\/\\\/nld.mirex.gob.do\\\/consular\\\/amsterdam\\\/#website\"},\"primaryImageOfPage\":{\"@id\":\"https:\\\/\\\/nld.mirex.gob.do\\\/consular\\\/amsterdam\\\/cancilleria-dispone-creacion-secciones-comerciales-embajadas-consulados\\\/#primaryimage\"},\"image\":{\"@id\":\"https:\\\/\\\/nld.mirex.gob.do\\\/consular\\\/amsterdam\\\/cancilleria-dispone-creacion-secciones-comerciales-embajadas-consulados\\\/#primaryimage\"},\"thumbnailUrl\":\"\",\"datePublished\":\"2017-11-23T10:38:55+00:00\",\"breadcrumb\":{\"@id\":\"https:\\\/\\\/nld.mirex.gob.do\\\/consular\\\/amsterdam\\\/cancilleria-dispone-creacion-secciones-comerciales-embajadas-consulados\\\/#breadcrumb\"},\"inLanguage\":\"en-US\",\"potentialAction\":[{\"@type\":\"ReadAction\",\"target\":[\"https:\\\/\\\/nld.mirex.gob.do\\\/consular\\\/amsterdam\\\/cancilleria-dispone-creacion-secciones-comerciales-embajadas-consulados\\\/\"]}]},{\"@type\":\"ImageObject\",\"inLanguage\":\"en-US\",\"@id\":\"https:\\\/\\\/nld.mirex.gob.do\\\/consular\\\/amsterdam\\\/cancilleria-dispone-creacion-secciones-comerciales-embajadas-consulados\\\/#primaryimage\",\"url\":\"\",\"contentUrl\":\"\"},{\"@type\":\"BreadcrumbList\",\"@id\":\"https:\\\/\\\/nld.mirex.gob.do\\\/consular\\\/amsterdam\\\/cancilleria-dispone-creacion-secciones-comerciales-embajadas-consulados\\\/#breadcrumb\",\"itemListElement\":[{\"@type\":\"ListItem\",\"position\":1,\"name\":\"Inicio\",\"item\":\"https:\\\/\\\/nld.mirex.gob.do\\\/consular\\\/amsterdam\\\/\"},{\"@type\":\"ListItem\",\"position\":2,\"name\":\"Canciller\u00eda dispone creaci\u00f3n de secciones comerciales en embajadas y consulados\"}]},{\"@type\":\"WebSite\",\"@id\":\"https:\\\/\\\/nld.mirex.gob.do\\\/consular\\\/amsterdam\\\/#website\",\"url\":\"https:\\\/\\\/nld.mirex.gob.do\\\/consular\\\/amsterdam\\\/\",\"name\":\"Consulado General de la Rep\u00fablica Dominicana en La Haya, Reino de los Pa\u00edses Bajos\",\"description\":\"\",\"publisher\":{\"@id\":\"https:\\\/\\\/nld.mirex.gob.do\\\/consular\\\/amsterdam\\\/#organization\"},\"potentialAction\":[{\"@type\":\"SearchAction\",\"target\":{\"@type\":\"EntryPoint\",\"urlTemplate\":\"https:\\\/\\\/nld.mirex.gob.do\\\/consular\\\/amsterdam\\\/?s={search_term_string}\"},\"query-input\":{\"@type\":\"PropertyValueSpecification\",\"valueRequired\":true,\"valueName\":\"search_term_string\"}}],\"inLanguage\":\"en-US\"},{\"@type\":\"Organization\",\"@id\":\"https:\\\/\\\/nld.mirex.gob.do\\\/consular\\\/amsterdam\\\/#organization\",\"name\":\"Consulado General de la Rep\u00fablica Dominicana en La Haya, Reino de los Pa\u00edses Bajos\",\"url\":\"https:\\\/\\\/nld.mirex.gob.do\\\/consular\\\/amsterdam\\\/\",\"logo\":{\"@type\":\"ImageObject\",\"inLanguage\":\"en-US\",\"@id\":\"https:\\\/\\\/nld.mirex.gob.do\\\/consular\\\/amsterdam\\\/#\\\/schema\\\/logo\\\/image\\\/\",\"url\":\"https:\\\/\\\/nld.mirex.gob.do\\\/consular\\\/amsterdam\\\/wp-content\\\/uploads\\\/2024\\\/04\\\/cropped-consulado_la_haya_reinode_los_Paises_Bajos.jpg\",\"contentUrl\":\"https:\\\/\\\/nld.mirex.gob.do\\\/consular\\\/amsterdam\\\/wp-content\\\/uploads\\\/2024\\\/04\\\/cropped-consulado_la_haya_reinode_los_Paises_Bajos.jpg\",\"width\":999,\"height\":407,\"caption\":\"Consulado General de la Rep\u00fablica Dominicana en La Haya, Reino de los Pa\u00edses Bajos\"},\"image\":{\"@id\":\"https:\\\/\\\/nld.mirex.gob.do\\\/consular\\\/amsterdam\\\/#\\\/schema\\\/logo\\\/image\\\/\"}},{\"@type\":\"Person\",\"@id\":\"https:\\\/\\\/nld.mirex.gob.do\\\/consular\\\/amsterdam\\\/#\\\/schema\\\/person\\\/772a9951ade6a7e4ab978b618b619ff8\",\"name\":\"Michael Antonio Melo Andujar\",\"image\":{\"@type\":\"ImageObject\",\"inLanguage\":\"en-US\",\"@id\":\"https:\\\/\\\/secure.gravatar.com\\\/avatar\\\/f8862d24b6945a30d30c9727ef9dfcd533ee25a18a27afc92991446aeb0e652d?s=96&d=mm&r=g\",\"url\":\"https:\\\/\\\/secure.gravatar.com\\\/avatar\\\/f8862d24b6945a30d30c9727ef9dfcd533ee25a18a27afc92991446aeb0e652d?s=96&d=mm&r=g\",\"contentUrl\":\"https:\\\/\\\/secure.gravatar.com\\\/avatar\\\/f8862d24b6945a30d30c9727ef9dfcd533ee25a18a27afc92991446aeb0e652d?s=96&d=mm&r=g\",\"caption\":\"Michael Antonio Melo Andujar\"}}]}<\/script>\n<!-- \/ Yoast SEO plugin. -->","yoast_head_json":{"title":"Canciller\u00eda dispone creaci\u00f3n de secciones comerciales en embajadas y consulados - Consulado General de la Rep\u00fablica Dominicana en La Haya, Reino de los Pa\u00edses Bajos","robots":{"index":"index","follow":"follow","max-snippet":"max-snippet:-1","max-image-preview":"max-image-preview:large","max-video-preview":"max-video-preview:-1"},"canonical":"https:\/\/nld.mirex.gob.do\/consular\/amsterdam\/cancilleria-dispone-creacion-secciones-comerciales-embajadas-consulados\/","og_locale":"en_US","og_type":"article","og_title":"Canciller\u00eda dispone creaci\u00f3n de secciones comerciales en embajadas y consulados - Consulado General de la Rep\u00fablica Dominicana en La Haya, Reino de los Pa\u00edses Bajos","og_description":"Vargas destac\u00f3 que esta iniciativa forma parte de la estrategia de diplomacia comercial que ejecuta la Canciller\u00eda Santo Domingo. \u2013&nbsp;El Ministerio de Relaciones Exteriores (MIREX) emiti\u00f3 la resoluci\u00f3n No. 05-2017 que crea secciones comerciales en las Embajadas y Consulados dominicanos para institucionalizar la responsabilidad que tienen los funcionarios del Servicio Exterior de promover las exportaciones, [&hellip;]","og_url":"https:\/\/nld.mirex.gob.do\/consular\/amsterdam\/cancilleria-dispone-creacion-secciones-comerciales-embajadas-consulados\/","og_site_name":"Consulado General de la Rep\u00fablica Dominicana en La Haya, Reino de los Pa\u00edses Bajos","article_published_time":"2017-11-23T10:38:55+00:00","author":"Michael Antonio Melo Andujar","twitter_card":"summary_large_image","twitter_misc":{"Written by":"Michael Antonio Melo Andujar","Est. reading time":"2 minutes"},"schema":{"@context":"https:\/\/schema.org","@graph":[{"@type":"Article","@id":"https:\/\/nld.mirex.gob.do\/consular\/amsterdam\/cancilleria-dispone-creacion-secciones-comerciales-embajadas-consulados\/#article","isPartOf":{"@id":"https:\/\/nld.mirex.gob.do\/consular\/amsterdam\/cancilleria-dispone-creacion-secciones-comerciales-embajadas-consulados\/"},"author":{"name":"Michael Antonio Melo Andujar","@id":"https:\/\/nld.mirex.gob.do\/consular\/amsterdam\/#\/schema\/person\/772a9951ade6a7e4ab978b618b619ff8"},"headline":"Canciller\u00eda dispone creaci\u00f3n de secciones comerciales en embajadas y consulados","datePublished":"2017-11-23T10:38:55+00:00","mainEntityOfPage":{"@id":"https:\/\/nld.mirex.gob.do\/consular\/amsterdam\/cancilleria-dispone-creacion-secciones-comerciales-embajadas-consulados\/"},"wordCount":489,"publisher":{"@id":"https:\/\/nld.mirex.gob.do\/consular\/amsterdam\/#organization"},"image":{"@id":"https:\/\/nld.mirex.gob.do\/consular\/amsterdam\/cancilleria-dispone-creacion-secciones-comerciales-embajadas-consulados\/#primaryimage"},"thumbnailUrl":"","keywords":["Cancilleria","Consulados y Embajadas","Invertir en la Rep\u00fablica Dominicana","Negocios"],"articleSection":["Invertir-Portada","Negocios","Novedades"],"inLanguage":"en-US"},{"@type":"WebPage","@id":"https:\/\/nld.mirex.gob.do\/consular\/amsterdam\/cancilleria-dispone-creacion-secciones-comerciales-embajadas-consulados\/","url":"https:\/\/nld.mirex.gob.do\/consular\/amsterdam\/cancilleria-dispone-creacion-secciones-comerciales-embajadas-consulados\/","name":"Canciller\u00eda dispone creaci\u00f3n de secciones comerciales en embajadas y consulados - Consulado General de la Rep\u00fablica Dominicana en La Haya, Reino de los Pa\u00edses Bajos","isPartOf":{"@id":"https:\/\/nld.mirex.gob.do\/consular\/amsterdam\/#website"},"primaryImageOfPage":{"@id":"https:\/\/nld.mirex.gob.do\/consular\/amsterdam\/cancilleria-dispone-creacion-secciones-comerciales-embajadas-consulados\/#primaryimage"},"image":{"@id":"https:\/\/nld.mirex.gob.do\/consular\/amsterdam\/cancilleria-dispone-creacion-secciones-comerciales-embajadas-consulados\/#primaryimage"},"thumbnailUrl":"","datePublished":"2017-11-23T10:38:55+00:00","breadcrumb":{"@id":"https:\/\/nld.mirex.gob.do\/consular\/amsterdam\/cancilleria-dispone-creacion-secciones-comerciales-embajadas-consulados\/#breadcrumb"},"inLanguage":"en-US","potentialAction":[{"@type":"ReadAction","target":["https:\/\/nld.mirex.gob.do\/consular\/amsterdam\/cancilleria-dispone-creacion-secciones-comerciales-embajadas-consulados\/"]}]},{"@type":"ImageObject","inLanguage":"en-US","@id":"https:\/\/nld.mirex.gob.do\/consular\/amsterdam\/cancilleria-dispone-creacion-secciones-comerciales-embajadas-consulados\/#primaryimage","url":"","contentUrl":""},{"@type":"BreadcrumbList","@id":"https:\/\/nld.mirex.gob.do\/consular\/amsterdam\/cancilleria-dispone-creacion-secciones-comerciales-embajadas-consulados\/#breadcrumb","itemListElement":[{"@type":"ListItem","position":1,"name":"Inicio","item":"https:\/\/nld.mirex.gob.do\/consular\/amsterdam\/"},{"@type":"ListItem","position":2,"name":"Canciller\u00eda dispone creaci\u00f3n de secciones comerciales en embajadas y consulados"}]},{"@type":"WebSite","@id":"https:\/\/nld.mirex.gob.do\/consular\/amsterdam\/#website","url":"https:\/\/nld.mirex.gob.do\/consular\/amsterdam\/","name":"Consulado General de la Rep\u00fablica Dominicana en La Haya, Reino de los Pa\u00edses Bajos","description":"","publisher":{"@id":"https:\/\/nld.mirex.gob.do\/consular\/amsterdam\/#organization"},"potentialAction":[{"@type":"SearchAction","target":{"@type":"EntryPoint","urlTemplate":"https:\/\/nld.mirex.gob.do\/consular\/amsterdam\/?s={search_term_string}"},"query-input":{"@type":"PropertyValueSpecification","valueRequired":true,"valueName":"search_term_string"}}],"inLanguage":"en-US"},{"@type":"Organization","@id":"https:\/\/nld.mirex.gob.do\/consular\/amsterdam\/#organization","name":"Consulado General de la Rep\u00fablica Dominicana en La Haya, Reino de los Pa\u00edses Bajos","url":"https:\/\/nld.mirex.gob.do\/consular\/amsterdam\/","logo":{"@type":"ImageObject","inLanguage":"en-US","@id":"https:\/\/nld.mirex.gob.do\/consular\/amsterdam\/#\/schema\/logo\/image\/","url":"https:\/\/nld.mirex.gob.do\/consular\/amsterdam\/wp-content\/uploads\/2024\/04\/cropped-consulado_la_haya_reinode_los_Paises_Bajos.jpg","contentUrl":"https:\/\/nld.mirex.gob.do\/consular\/amsterdam\/wp-content\/uploads\/2024\/04\/cropped-consulado_la_haya_reinode_los_Paises_Bajos.jpg","width":999,"height":407,"caption":"Consulado General de la Rep\u00fablica Dominicana en La Haya, Reino de los Pa\u00edses Bajos"},"image":{"@id":"https:\/\/nld.mirex.gob.do\/consular\/amsterdam\/#\/schema\/logo\/image\/"}},{"@type":"Person","@id":"https:\/\/nld.mirex.gob.do\/consular\/amsterdam\/#\/schema\/person\/772a9951ade6a7e4ab978b618b619ff8","name":"Michael Antonio Melo Andujar","image":{"@type":"ImageObject","inLanguage":"en-US","@id":"https:\/\/secure.gravatar.com\/avatar\/f8862d24b6945a30d30c9727ef9dfcd533ee25a18a27afc92991446aeb0e652d?s=96&d=mm&r=g","url":"https:\/\/secure.gravatar.com\/avatar\/f8862d24b6945a30d30c9727ef9dfcd533ee25a18a27afc92991446aeb0e652d?s=96&d=mm&r=g","contentUrl":"https:\/\/secure.gravatar.com\/avatar\/f8862d24b6945a30d30c9727ef9dfcd533ee25a18a27afc92991446aeb0e652d?s=96&d=mm&r=g","caption":"Michael Antonio Melo Andujar"}}]}},"_links":{"self":[{"href":"https:\/\/nld.mirex.gob.do\/consular\/amsterdam\/wp-json\/wp\/v2\/posts\/2976","targetHints":{"allow":["GET"]}}],"collection":[{"href":"https:\/\/nld.mirex.gob.do\/consular\/amsterdam\/wp-json\/wp\/v2\/posts"}],"about":[{"href":"https:\/\/nld.mirex.gob.do\/consular\/amsterdam\/wp-json\/wp\/v2\/types\/post"}],"author":[{"embeddable":true,"href":"https:\/\/nld.mirex.gob.do\/consular\/amsterdam\/wp-json\/wp\/v2\/users\/8"}],"replies":[{"embeddable":true,"href":"https:\/\/nld.mirex.gob.do\/consular\/amsterdam\/wp-json\/wp\/v2\/comments?post=2976"}],"version-history":[{"count":0,"href":"https:\/\/nld.mirex.gob.do\/consular\/amsterdam\/wp-json\/wp\/v2\/posts\/2976\/revisions"}],"wp:featuredmedia":[{"embeddable":true,"href":"https:\/\/nld.mirex.gob.do\/consular\/amsterdam\/wp-json\/"}],"wp:attachment":[{"href":"https:\/\/nld.mirex.gob.do\/consular\/amsterdam\/wp-json\/wp\/v2\/media?parent=2976"}],"wp:term":[{"taxonomy":"category","embeddable":true,"href":"https:\/\/nld.mirex.gob.do\/consular\/amsterdam\/wp-json\/wp\/v2\/categories?post=2976"},{"taxonomy":"post_tag","embeddable":true,"href":"https:\/\/nld.mirex.gob.do\/consular\/amsterdam\/wp-json\/wp\/v2\/tags?post=2976"}],"curies":[{"name":"wp","href":"https:\/\/api.w.org\/{rel}","templated":true}]}}