{"id":2973,"date":"2017-11-23T10:35:04","date_gmt":"2017-11-23T10:35:04","guid":{"rendered":"https:\/\/www.consuladordholanda.com\/?p=2973"},"modified":"2017-11-23T10:35:04","modified_gmt":"2017-11-23T10:35:04","slug":"r-dominicana-promovera-su-cultura-a-traves-de-embajadas-y-consulados","status":"publish","type":"post","link":"https:\/\/nld.mirex.gob.do\/consular\/amsterdam\/r-dominicana-promovera-su-cultura-a-traves-de-embajadas-y-consulados\/","title":{"rendered":"R. Dominicana promover\u00e1 su cultura a trav\u00e9s de embajadas y consulados"},"content":{"rendered":"<p><img fetchpriority=\"high\" decoding=\"async\" class=\"alignnone size-full wp-image-2974\" src=\"https:\/\/www.consuladordholanda.com\/wp-content\/uploads\/2017\/11\/cultura-a-traves-de-consulados.jpg\" alt=\"\" width=\"2220\" height=\"1486\"><\/p>\n<p class=\"m_-7336916681056882058gmail-DETALLE_N_titulo\">El Ministerio de Relaciones Exteriores (Mirex) suscribi\u00f3 un acuerdo de ooperaci\u00f3n interinstitucional con el Ministerio de Cultura (Minc) para promover la cultura dominicana a trav\u00e9s de las embajadas y consulados del pa\u00eds en el exterior.<\/p>\n<div id=\"m_-7336916681056882058gmail-texto\" class=\"m_-7336916681056882058gmail-texto_txt\">\n<div class=\"m_-7336916681056882058gmail-DETALLE_N_texto\">\n<p><span id=\"m_-7336916681056882058gmail-ctl14_lblMostra\">\u201cHoy abrimos un nuevo cap\u00edtulo, el de la diplomacia cultural\u201d, proclam\u00f3 el canciller Miguel Vargas Maldonado, al firmar el convenio, junto al ministro de Cultura, Pedro Verg\u00e9s, en una ceremonia celebrada en el Centro de Convenciones del Mirex.<\/span><\/p>\n<p>Explic\u00f3 que, acorde con su nueva ley org\u00e1nica, el Mirex busca convertirse en una canal de difusi\u00f3n de los lineamientos de la pol\u00edtica cultural trazada por el presidente Danilo Medina.<\/p>\n<p>Agreg\u00f3 que el pacto permitir\u00e1 \u201crealizar intercambios culturales, v\u00ednculos entre acad\u00e9micos e intelectuales del extranjero, proyecci\u00f3n de nuestros artistas, de nuestra producci\u00f3n literaria, musical, cinematogr\u00e1fica, gastron\u00f3mica y deportiva, as\u00ed como, la presencia local en escenarios y eventos culturales internacionales.\u201d<\/p>\n<p>Entre otras acciones, el pacto contempla que el Mirex y Cultura promuevan las acciones culturales que emprenden los dominicanos en el exterior.<\/p>\n<p>Igualmente, la instalaci\u00f3n de bibliotecas sobre cultura e identidad dominicana en embajadas y consulados criollos; auspiciar publicaciones sobre esos temas e impulsar la industria cultural del pa\u00eds.<\/p>\n<p>Adem\u00e1s, que el Mirex apoye los eventos de car\u00e1cter internacional que organiza el Minc, como la Feria del Libro, el Festival de Teatro, la Bienal de Artes Visuales, entre otras.<\/p>\n<p>&nbsp;<\/p>\n<\/div>\n<\/div>\n","protected":false},"excerpt":{"rendered":"<p>El Ministerio de Relaciones Exteriores (Mirex) suscribi\u00f3 un acuerdo de ooperaci\u00f3n interinstitucional con el Ministerio de Cultura (Minc) para promover la cultura dominicana a trav\u00e9s de las embajadas y consulados del pa\u00eds en el exterior. \u201cHoy abrimos un nuevo cap\u00edtulo, el de la diplomacia cultural\u201d, proclam\u00f3 el canciller Miguel Vargas Maldonado, al firmar el convenio, [&hellip;]<\/p>\n","protected":false},"author":8,"featured_media":2974,"comment_status":"closed","ping_status":"open","sticky":false,"template":"","format":"standard","meta":{"site-sidebar-layout":"default","site-content-layout":"","ast-site-content-layout":"default","site-content-style":"default","site-sidebar-style":"default","ast-global-header-display":"","ast-banner-title-visibility":"","ast-main-header-display":"","ast-hfb-above-header-display":"","ast-hfb-below-header-display":"","ast-hfb-mobile-header-display":"","site-post-title":"","ast-breadcrumbs-content":"","ast-featured-img":"","footer-sml-layout":"","ast-disable-related-posts":"","theme-transparent-header-meta":"","adv-header-id-meta":"","stick-header-meta":"","header-above-stick-meta":"","header-main-stick-meta":"","header-below-stick-meta":"","astra-migrate-meta-layouts":"default","ast-page-background-enabled":"default","ast-page-background-meta":{"desktop":{"background-color":"","background-image":"","background-repeat":"repeat","background-position":"center center","background-size":"auto","background-attachment":"scroll","background-type":"","background-media":"","overlay-type":"","overlay-color":"","overlay-opacity":"","overlay-gradient":""},"tablet":{"background-color":"","background-image":"","background-repeat":"repeat","background-position":"center center","background-size":"auto","background-attachment":"scroll","background-type":"","background-media":"","overlay-type":"","overlay-color":"","overlay-opacity":"","overlay-gradient":""},"mobile":{"background-color":"","background-image":"","background-repeat":"repeat","background-position":"center center","background-size":"auto","background-attachment":"scroll","background-type":"","background-media":"","overlay-type":"","overlay-color":"","overlay-opacity":"","overlay-gradient":""}},"ast-content-background-meta":{"desktop":{"background-color":"var(--ast-global-color-5)","background-image":"","background-repeat":"repeat","background-position":"center center","background-size":"auto","background-attachment":"scroll","background-type":"","background-media":"","overlay-type":"","overlay-color":"","overlay-opacity":"","overlay-gradient":""},"tablet":{"background-color":"var(--ast-global-color-5)","background-image":"","background-repeat":"repeat","background-position":"center center","background-size":"auto","background-attachment":"scroll","background-type":"","background-media":"","overlay-type":"","overlay-color":"","overlay-opacity":"","overlay-gradient":""},"mobile":{"background-color":"var(--ast-global-color-5)","background-image":"","background-repeat":"repeat","background-position":"center center","background-size":"auto","background-attachment":"scroll","background-type":"","background-media":"","overlay-type":"","overlay-color":"","overlay-opacity":"","overlay-gradient":""}},"footnotes":""},"categories":[107,66],"tags":[381,382],"class_list":["post-2973","post","type-post","status-publish","format-standard","has-post-thumbnail","hentry","category-cultura","category-novedades","tag-consulados-y-embajadas","tag-ministerio-de-cultura"],"yoast_head":"<!-- This site is optimized with the Yoast SEO plugin v27.4 - https:\/\/yoast.com\/product\/yoast-seo-wordpress\/ -->\n<title>R. Dominicana promover\u00e1 su cultura a trav\u00e9s de embajadas y consulados - Consulado General de la Rep\u00fablica Dominicana en La Haya, Reino de los Pa\u00edses Bajos<\/title>\n<meta name=\"robots\" content=\"index, follow, max-snippet:-1, max-image-preview:large, max-video-preview:-1\" \/>\n<link rel=\"canonical\" href=\"https:\/\/nld.mirex.gob.do\/consular\/amsterdam\/r-dominicana-promovera-su-cultura-a-traves-de-embajadas-y-consulados\/\" \/>\n<meta property=\"og:locale\" content=\"en_US\" \/>\n<meta property=\"og:type\" content=\"article\" \/>\n<meta property=\"og:title\" content=\"R. Dominicana promover\u00e1 su cultura a trav\u00e9s de embajadas y consulados - Consulado General de la Rep\u00fablica Dominicana en La Haya, Reino de los Pa\u00edses Bajos\" \/>\n<meta property=\"og:description\" content=\"El Ministerio de Relaciones Exteriores (Mirex) suscribi\u00f3 un acuerdo de ooperaci\u00f3n interinstitucional con el Ministerio de Cultura (Minc) para promover la cultura dominicana a trav\u00e9s de las embajadas y consulados del pa\u00eds en el exterior. \u201cHoy abrimos un nuevo cap\u00edtulo, el de la diplomacia cultural\u201d, proclam\u00f3 el canciller Miguel Vargas Maldonado, al firmar el convenio, [&hellip;]\" \/>\n<meta property=\"og:url\" content=\"https:\/\/nld.mirex.gob.do\/consular\/amsterdam\/r-dominicana-promovera-su-cultura-a-traves-de-embajadas-y-consulados\/\" \/>\n<meta property=\"og:site_name\" content=\"Consulado General de la Rep\u00fablica Dominicana en La Haya, Reino de los Pa\u00edses Bajos\" \/>\n<meta property=\"article:published_time\" content=\"2017-11-23T10:35:04+00:00\" \/>\n<meta name=\"author\" content=\"Michael Antonio Melo Andujar\" \/>\n<meta name=\"twitter:card\" content=\"summary_large_image\" \/>\n<meta name=\"twitter:label1\" content=\"Written by\" \/>\n\t<meta name=\"twitter:data1\" content=\"Michael Antonio Melo Andujar\" \/>\n\t<meta name=\"twitter:label2\" content=\"Est. reading time\" \/>\n\t<meta name=\"twitter:data2\" content=\"1 minute\" \/>\n<script type=\"application\/ld+json\" class=\"yoast-schema-graph\">{\"@context\":\"https:\\\/\\\/schema.org\",\"@graph\":[{\"@type\":\"Article\",\"@id\":\"https:\\\/\\\/nld.mirex.gob.do\\\/consular\\\/amsterdam\\\/r-dominicana-promovera-su-cultura-a-traves-de-embajadas-y-consulados\\\/#article\",\"isPartOf\":{\"@id\":\"https:\\\/\\\/nld.mirex.gob.do\\\/consular\\\/amsterdam\\\/r-dominicana-promovera-su-cultura-a-traves-de-embajadas-y-consulados\\\/\"},\"author\":{\"name\":\"Michael Antonio Melo Andujar\",\"@id\":\"https:\\\/\\\/nld.mirex.gob.do\\\/consular\\\/amsterdam\\\/#\\\/schema\\\/person\\\/772a9951ade6a7e4ab978b618b619ff8\"},\"headline\":\"R. Dominicana promover\u00e1 su cultura a trav\u00e9s de embajadas y consulados\",\"datePublished\":\"2017-11-23T10:35:04+00:00\",\"mainEntityOfPage\":{\"@id\":\"https:\\\/\\\/nld.mirex.gob.do\\\/consular\\\/amsterdam\\\/r-dominicana-promovera-su-cultura-a-traves-de-embajadas-y-consulados\\\/\"},\"wordCount\":252,\"publisher\":{\"@id\":\"https:\\\/\\\/nld.mirex.gob.do\\\/consular\\\/amsterdam\\\/#organization\"},\"image\":{\"@id\":\"https:\\\/\\\/nld.mirex.gob.do\\\/consular\\\/amsterdam\\\/r-dominicana-promovera-su-cultura-a-traves-de-embajadas-y-consulados\\\/#primaryimage\"},\"thumbnailUrl\":\"\",\"keywords\":[\"Consulados y Embajadas\",\"Ministerio de Cultura\"],\"articleSection\":[\"Cultura\",\"Novedades\"],\"inLanguage\":\"en-US\"},{\"@type\":\"WebPage\",\"@id\":\"https:\\\/\\\/nld.mirex.gob.do\\\/consular\\\/amsterdam\\\/r-dominicana-promovera-su-cultura-a-traves-de-embajadas-y-consulados\\\/\",\"url\":\"https:\\\/\\\/nld.mirex.gob.do\\\/consular\\\/amsterdam\\\/r-dominicana-promovera-su-cultura-a-traves-de-embajadas-y-consulados\\\/\",\"name\":\"R. Dominicana promover\u00e1 su cultura a trav\u00e9s de embajadas y consulados - Consulado General de la Rep\u00fablica Dominicana en La Haya, Reino de los Pa\u00edses Bajos\",\"isPartOf\":{\"@id\":\"https:\\\/\\\/nld.mirex.gob.do\\\/consular\\\/amsterdam\\\/#website\"},\"primaryImageOfPage\":{\"@id\":\"https:\\\/\\\/nld.mirex.gob.do\\\/consular\\\/amsterdam\\\/r-dominicana-promovera-su-cultura-a-traves-de-embajadas-y-consulados\\\/#primaryimage\"},\"image\":{\"@id\":\"https:\\\/\\\/nld.mirex.gob.do\\\/consular\\\/amsterdam\\\/r-dominicana-promovera-su-cultura-a-traves-de-embajadas-y-consulados\\\/#primaryimage\"},\"thumbnailUrl\":\"\",\"datePublished\":\"2017-11-23T10:35:04+00:00\",\"breadcrumb\":{\"@id\":\"https:\\\/\\\/nld.mirex.gob.do\\\/consular\\\/amsterdam\\\/r-dominicana-promovera-su-cultura-a-traves-de-embajadas-y-consulados\\\/#breadcrumb\"},\"inLanguage\":\"en-US\",\"potentialAction\":[{\"@type\":\"ReadAction\",\"target\":[\"https:\\\/\\\/nld.mirex.gob.do\\\/consular\\\/amsterdam\\\/r-dominicana-promovera-su-cultura-a-traves-de-embajadas-y-consulados\\\/\"]}]},{\"@type\":\"ImageObject\",\"inLanguage\":\"en-US\",\"@id\":\"https:\\\/\\\/nld.mirex.gob.do\\\/consular\\\/amsterdam\\\/r-dominicana-promovera-su-cultura-a-traves-de-embajadas-y-consulados\\\/#primaryimage\",\"url\":\"\",\"contentUrl\":\"\"},{\"@type\":\"BreadcrumbList\",\"@id\":\"https:\\\/\\\/nld.mirex.gob.do\\\/consular\\\/amsterdam\\\/r-dominicana-promovera-su-cultura-a-traves-de-embajadas-y-consulados\\\/#breadcrumb\",\"itemListElement\":[{\"@type\":\"ListItem\",\"position\":1,\"name\":\"Inicio\",\"item\":\"https:\\\/\\\/nld.mirex.gob.do\\\/consular\\\/amsterdam\\\/\"},{\"@type\":\"ListItem\",\"position\":2,\"name\":\"R. Dominicana promover\u00e1 su cultura a trav\u00e9s de embajadas y consulados\"}]},{\"@type\":\"WebSite\",\"@id\":\"https:\\\/\\\/nld.mirex.gob.do\\\/consular\\\/amsterdam\\\/#website\",\"url\":\"https:\\\/\\\/nld.mirex.gob.do\\\/consular\\\/amsterdam\\\/\",\"name\":\"Consulado General de la Rep\u00fablica Dominicana en La Haya, Reino de los Pa\u00edses Bajos\",\"description\":\"\",\"publisher\":{\"@id\":\"https:\\\/\\\/nld.mirex.gob.do\\\/consular\\\/amsterdam\\\/#organization\"},\"potentialAction\":[{\"@type\":\"SearchAction\",\"target\":{\"@type\":\"EntryPoint\",\"urlTemplate\":\"https:\\\/\\\/nld.mirex.gob.do\\\/consular\\\/amsterdam\\\/?s={search_term_string}\"},\"query-input\":{\"@type\":\"PropertyValueSpecification\",\"valueRequired\":true,\"valueName\":\"search_term_string\"}}],\"inLanguage\":\"en-US\"},{\"@type\":\"Organization\",\"@id\":\"https:\\\/\\\/nld.mirex.gob.do\\\/consular\\\/amsterdam\\\/#organization\",\"name\":\"Consulado General de la Rep\u00fablica Dominicana en La Haya, Reino de los Pa\u00edses Bajos\",\"url\":\"https:\\\/\\\/nld.mirex.gob.do\\\/consular\\\/amsterdam\\\/\",\"logo\":{\"@type\":\"ImageObject\",\"inLanguage\":\"en-US\",\"@id\":\"https:\\\/\\\/nld.mirex.gob.do\\\/consular\\\/amsterdam\\\/#\\\/schema\\\/logo\\\/image\\\/\",\"url\":\"https:\\\/\\\/nld.mirex.gob.do\\\/consular\\\/amsterdam\\\/wp-content\\\/uploads\\\/2024\\\/04\\\/cropped-consulado_la_haya_reinode_los_Paises_Bajos.jpg\",\"contentUrl\":\"https:\\\/\\\/nld.mirex.gob.do\\\/consular\\\/amsterdam\\\/wp-content\\\/uploads\\\/2024\\\/04\\\/cropped-consulado_la_haya_reinode_los_Paises_Bajos.jpg\",\"width\":999,\"height\":407,\"caption\":\"Consulado General de la Rep\u00fablica Dominicana en La Haya, Reino de los Pa\u00edses Bajos\"},\"image\":{\"@id\":\"https:\\\/\\\/nld.mirex.gob.do\\\/consular\\\/amsterdam\\\/#\\\/schema\\\/logo\\\/image\\\/\"}},{\"@type\":\"Person\",\"@id\":\"https:\\\/\\\/nld.mirex.gob.do\\\/consular\\\/amsterdam\\\/#\\\/schema\\\/person\\\/772a9951ade6a7e4ab978b618b619ff8\",\"name\":\"Michael Antonio Melo Andujar\",\"image\":{\"@type\":\"ImageObject\",\"inLanguage\":\"en-US\",\"@id\":\"https:\\\/\\\/secure.gravatar.com\\\/avatar\\\/f8862d24b6945a30d30c9727ef9dfcd533ee25a18a27afc92991446aeb0e652d?s=96&d=mm&r=g\",\"url\":\"https:\\\/\\\/secure.gravatar.com\\\/avatar\\\/f8862d24b6945a30d30c9727ef9dfcd533ee25a18a27afc92991446aeb0e652d?s=96&d=mm&r=g\",\"contentUrl\":\"https:\\\/\\\/secure.gravatar.com\\\/avatar\\\/f8862d24b6945a30d30c9727ef9dfcd533ee25a18a27afc92991446aeb0e652d?s=96&d=mm&r=g\",\"caption\":\"Michael Antonio Melo Andujar\"}}]}<\/script>\n<!-- \/ Yoast SEO plugin. -->","yoast_head_json":{"title":"R. Dominicana promover\u00e1 su cultura a trav\u00e9s de embajadas y consulados - Consulado General de la Rep\u00fablica Dominicana en La Haya, Reino de los Pa\u00edses Bajos","robots":{"index":"index","follow":"follow","max-snippet":"max-snippet:-1","max-image-preview":"max-image-preview:large","max-video-preview":"max-video-preview:-1"},"canonical":"https:\/\/nld.mirex.gob.do\/consular\/amsterdam\/r-dominicana-promovera-su-cultura-a-traves-de-embajadas-y-consulados\/","og_locale":"en_US","og_type":"article","og_title":"R. Dominicana promover\u00e1 su cultura a trav\u00e9s de embajadas y consulados - Consulado General de la Rep\u00fablica Dominicana en La Haya, Reino de los Pa\u00edses Bajos","og_description":"El Ministerio de Relaciones Exteriores (Mirex) suscribi\u00f3 un acuerdo de ooperaci\u00f3n interinstitucional con el Ministerio de Cultura (Minc) para promover la cultura dominicana a trav\u00e9s de las embajadas y consulados del pa\u00eds en el exterior. \u201cHoy abrimos un nuevo cap\u00edtulo, el de la diplomacia cultural\u201d, proclam\u00f3 el canciller Miguel Vargas Maldonado, al firmar el convenio, [&hellip;]","og_url":"https:\/\/nld.mirex.gob.do\/consular\/amsterdam\/r-dominicana-promovera-su-cultura-a-traves-de-embajadas-y-consulados\/","og_site_name":"Consulado General de la Rep\u00fablica Dominicana en La Haya, Reino de los Pa\u00edses Bajos","article_published_time":"2017-11-23T10:35:04+00:00","author":"Michael Antonio Melo Andujar","twitter_card":"summary_large_image","twitter_misc":{"Written by":"Michael Antonio Melo Andujar","Est. reading time":"1 minute"},"schema":{"@context":"https:\/\/schema.org","@graph":[{"@type":"Article","@id":"https:\/\/nld.mirex.gob.do\/consular\/amsterdam\/r-dominicana-promovera-su-cultura-a-traves-de-embajadas-y-consulados\/#article","isPartOf":{"@id":"https:\/\/nld.mirex.gob.do\/consular\/amsterdam\/r-dominicana-promovera-su-cultura-a-traves-de-embajadas-y-consulados\/"},"author":{"name":"Michael Antonio Melo Andujar","@id":"https:\/\/nld.mirex.gob.do\/consular\/amsterdam\/#\/schema\/person\/772a9951ade6a7e4ab978b618b619ff8"},"headline":"R. Dominicana promover\u00e1 su cultura a trav\u00e9s de embajadas y consulados","datePublished":"2017-11-23T10:35:04+00:00","mainEntityOfPage":{"@id":"https:\/\/nld.mirex.gob.do\/consular\/amsterdam\/r-dominicana-promovera-su-cultura-a-traves-de-embajadas-y-consulados\/"},"wordCount":252,"publisher":{"@id":"https:\/\/nld.mirex.gob.do\/consular\/amsterdam\/#organization"},"image":{"@id":"https:\/\/nld.mirex.gob.do\/consular\/amsterdam\/r-dominicana-promovera-su-cultura-a-traves-de-embajadas-y-consulados\/#primaryimage"},"thumbnailUrl":"","keywords":["Consulados y Embajadas","Ministerio de Cultura"],"articleSection":["Cultura","Novedades"],"inLanguage":"en-US"},{"@type":"WebPage","@id":"https:\/\/nld.mirex.gob.do\/consular\/amsterdam\/r-dominicana-promovera-su-cultura-a-traves-de-embajadas-y-consulados\/","url":"https:\/\/nld.mirex.gob.do\/consular\/amsterdam\/r-dominicana-promovera-su-cultura-a-traves-de-embajadas-y-consulados\/","name":"R. Dominicana promover\u00e1 su cultura a trav\u00e9s de embajadas y consulados - Consulado General de la Rep\u00fablica Dominicana en La Haya, Reino de los Pa\u00edses Bajos","isPartOf":{"@id":"https:\/\/nld.mirex.gob.do\/consular\/amsterdam\/#website"},"primaryImageOfPage":{"@id":"https:\/\/nld.mirex.gob.do\/consular\/amsterdam\/r-dominicana-promovera-su-cultura-a-traves-de-embajadas-y-consulados\/#primaryimage"},"image":{"@id":"https:\/\/nld.mirex.gob.do\/consular\/amsterdam\/r-dominicana-promovera-su-cultura-a-traves-de-embajadas-y-consulados\/#primaryimage"},"thumbnailUrl":"","datePublished":"2017-11-23T10:35:04+00:00","breadcrumb":{"@id":"https:\/\/nld.mirex.gob.do\/consular\/amsterdam\/r-dominicana-promovera-su-cultura-a-traves-de-embajadas-y-consulados\/#breadcrumb"},"inLanguage":"en-US","potentialAction":[{"@type":"ReadAction","target":["https:\/\/nld.mirex.gob.do\/consular\/amsterdam\/r-dominicana-promovera-su-cultura-a-traves-de-embajadas-y-consulados\/"]}]},{"@type":"ImageObject","inLanguage":"en-US","@id":"https:\/\/nld.mirex.gob.do\/consular\/amsterdam\/r-dominicana-promovera-su-cultura-a-traves-de-embajadas-y-consulados\/#primaryimage","url":"","contentUrl":""},{"@type":"BreadcrumbList","@id":"https:\/\/nld.mirex.gob.do\/consular\/amsterdam\/r-dominicana-promovera-su-cultura-a-traves-de-embajadas-y-consulados\/#breadcrumb","itemListElement":[{"@type":"ListItem","position":1,"name":"Inicio","item":"https:\/\/nld.mirex.gob.do\/consular\/amsterdam\/"},{"@type":"ListItem","position":2,"name":"R. Dominicana promover\u00e1 su cultura a trav\u00e9s de embajadas y consulados"}]},{"@type":"WebSite","@id":"https:\/\/nld.mirex.gob.do\/consular\/amsterdam\/#website","url":"https:\/\/nld.mirex.gob.do\/consular\/amsterdam\/","name":"Consulado General de la Rep\u00fablica Dominicana en La Haya, Reino de los Pa\u00edses Bajos","description":"","publisher":{"@id":"https:\/\/nld.mirex.gob.do\/consular\/amsterdam\/#organization"},"potentialAction":[{"@type":"SearchAction","target":{"@type":"EntryPoint","urlTemplate":"https:\/\/nld.mirex.gob.do\/consular\/amsterdam\/?s={search_term_string}"},"query-input":{"@type":"PropertyValueSpecification","valueRequired":true,"valueName":"search_term_string"}}],"inLanguage":"en-US"},{"@type":"Organization","@id":"https:\/\/nld.mirex.gob.do\/consular\/amsterdam\/#organization","name":"Consulado General de la Rep\u00fablica Dominicana en La Haya, Reino de los Pa\u00edses Bajos","url":"https:\/\/nld.mirex.gob.do\/consular\/amsterdam\/","logo":{"@type":"ImageObject","inLanguage":"en-US","@id":"https:\/\/nld.mirex.gob.do\/consular\/amsterdam\/#\/schema\/logo\/image\/","url":"https:\/\/nld.mirex.gob.do\/consular\/amsterdam\/wp-content\/uploads\/2024\/04\/cropped-consulado_la_haya_reinode_los_Paises_Bajos.jpg","contentUrl":"https:\/\/nld.mirex.gob.do\/consular\/amsterdam\/wp-content\/uploads\/2024\/04\/cropped-consulado_la_haya_reinode_los_Paises_Bajos.jpg","width":999,"height":407,"caption":"Consulado General de la Rep\u00fablica Dominicana en La Haya, Reino de los Pa\u00edses Bajos"},"image":{"@id":"https:\/\/nld.mirex.gob.do\/consular\/amsterdam\/#\/schema\/logo\/image\/"}},{"@type":"Person","@id":"https:\/\/nld.mirex.gob.do\/consular\/amsterdam\/#\/schema\/person\/772a9951ade6a7e4ab978b618b619ff8","name":"Michael Antonio Melo Andujar","image":{"@type":"ImageObject","inLanguage":"en-US","@id":"https:\/\/secure.gravatar.com\/avatar\/f8862d24b6945a30d30c9727ef9dfcd533ee25a18a27afc92991446aeb0e652d?s=96&d=mm&r=g","url":"https:\/\/secure.gravatar.com\/avatar\/f8862d24b6945a30d30c9727ef9dfcd533ee25a18a27afc92991446aeb0e652d?s=96&d=mm&r=g","contentUrl":"https:\/\/secure.gravatar.com\/avatar\/f8862d24b6945a30d30c9727ef9dfcd533ee25a18a27afc92991446aeb0e652d?s=96&d=mm&r=g","caption":"Michael Antonio Melo Andujar"}}]}},"_links":{"self":[{"href":"https:\/\/nld.mirex.gob.do\/consular\/amsterdam\/wp-json\/wp\/v2\/posts\/2973","targetHints":{"allow":["GET"]}}],"collection":[{"href":"https:\/\/nld.mirex.gob.do\/consular\/amsterdam\/wp-json\/wp\/v2\/posts"}],"about":[{"href":"https:\/\/nld.mirex.gob.do\/consular\/amsterdam\/wp-json\/wp\/v2\/types\/post"}],"author":[{"embeddable":true,"href":"https:\/\/nld.mirex.gob.do\/consular\/amsterdam\/wp-json\/wp\/v2\/users\/8"}],"replies":[{"embeddable":true,"href":"https:\/\/nld.mirex.gob.do\/consular\/amsterdam\/wp-json\/wp\/v2\/comments?post=2973"}],"version-history":[{"count":0,"href":"https:\/\/nld.mirex.gob.do\/consular\/amsterdam\/wp-json\/wp\/v2\/posts\/2973\/revisions"}],"wp:featuredmedia":[{"embeddable":true,"href":"https:\/\/nld.mirex.gob.do\/consular\/amsterdam\/wp-json\/"}],"wp:attachment":[{"href":"https:\/\/nld.mirex.gob.do\/consular\/amsterdam\/wp-json\/wp\/v2\/media?parent=2973"}],"wp:term":[{"taxonomy":"category","embeddable":true,"href":"https:\/\/nld.mirex.gob.do\/consular\/amsterdam\/wp-json\/wp\/v2\/categories?post=2973"},{"taxonomy":"post_tag","embeddable":true,"href":"https:\/\/nld.mirex.gob.do\/consular\/amsterdam\/wp-json\/wp\/v2\/tags?post=2973"}],"curies":[{"name":"wp","href":"https:\/\/api.w.org\/{rel}","templated":true}]}}