{"id":2969,"date":"2017-08-25T19:53:32","date_gmt":"2017-08-25T19:53:32","guid":{"rendered":"https:\/\/www.consuladordholanda.com\/?p=2969"},"modified":"2017-08-25T19:53:32","modified_gmt":"2017-08-25T19:53:32","slug":"miguel-vargas-crea-instrumento-cooperacion-economica-paises-bajos","status":"publish","type":"post","link":"https:\/\/nld.mirex.gob.do\/consular\/amsterdam\/miguel-vargas-crea-instrumento-cooperacion-economica-paises-bajos\/","title":{"rendered":"Miguel Vargas crea instrumento de Cooperaci\u00f3n Econ\u00f3mica con Pa\u00edses Bajos"},"content":{"rendered":"<figure id=\"attachment_2970\" aria-describedby=\"caption-attachment-2970\" style=\"width: 800px\" class=\"wp-caption alignnone\"><img fetchpriority=\"high\" decoding=\"async\" class=\"wp-image-2970 size-full\" src=\"https:\/\/www.consuladordholanda.com\/wp-content\/uploads\/2017\/11\/Canciller-Miguel-Vargas.jpg\" alt=\"\" width=\"800\" height=\"500\"><figcaption id=\"caption-attachment-2970\" class=\"wp-caption-text\">Miguel Vargas crea instrumento de Cooperaci\u00f3n Econ\u00f3mica con Pa\u00edses Bajos<\/figcaption><\/figure>\n<p>&nbsp;<\/p>\n<p>El Gobierno dominicano suscribi\u00f3 este lunes en esta capital &nbsp;el Acta del Di\u00e1logo Pol\u00edtico con Curazao, Aruba, San Martin y &nbsp;los Pa\u00edses Bajos, &nbsp;mediante la cual se&nbsp;establecen&nbsp;mecanismos de implementaci\u00f3n del Memor\u00e1ndum de Entendimiento firmado por esos pa\u00edses en agosto del a\u00f1o pasado y crea grupos de trabajo para ejecutar los instrumentos de cooperaci\u00f3n econ\u00f3mica, turismo m\u00e9dico, desarrollo sostenible, conectividad entre las islas y otros temas de importancia.<\/p>\n<p>Una nota del Ministerio de Relaciones Exteriores (MIREX) expresa que el acuerdo fue firmado por el canciller Miguel Vargas, a nombre del Gobierno dominicano;&nbsp;Eugene Rhuggenaath, &nbsp;primer ministro de Curazao; William Mart\u00edn, primer ministro de San Mart\u00edn; &nbsp;y Liesbeth Mol, enviada Regional para el Caribe por los Pa\u00edses Bajos,&nbsp;durante la \u201cReuni\u00f3n&nbsp;de Seguimiento &nbsp;de Acuerdo de Grupos de Trabajos Curazao y Antillas Holandesas\u201d, celebrada con el objetivo de&nbsp; concretizar el Memor\u00e1ndum de Entendimiento antes citado.<\/p>\n<p>En virtud del documento firmado este lunes, &nbsp;se promover\u00e1n &nbsp;misiones comerciales, que fomentar\u00e1n importantes eventos que promuevan cada uno de estos pa\u00edses, &nbsp;entre los que citaron: &nbsp;la agroalimentaci\u00f3n (Rep\u00fablica Dominicana); Aruba Verde (En Aruba); Smart Investment Sumit (Curazao), o cualquier otra actividad que promuevan.<\/p>\n<p>Los participantes subrayaron la importancia de la ratificaci\u00f3n del Convenio sobre traslado de personas condenadas entre la Rep\u00fablica Dominicana y el Reino de los Pa\u00edses Bajos, suscrito en Santo Domingo el 25 de julio del pasado a\u00f1o, as\u00ed como el inter\u00e9s de ambas naciones en la negociaci\u00f3n de un Tratado de Asistencia Administrativa Mutua en Aduanas.<\/p>\n<p>Los suscribientes tambi\u00e9n convinieron iniciar los preparativos preliminares para una visita tentativa del presidente Danilo Medina a Aruba, Curazao y San Mart\u00edn, durante el primer trimestre de 2018.<\/p>\n<p><strong>Habla el Canciller Vargas<\/strong><\/p>\n<p>Al agotar un turno en la actividad, el canciller Vargas destac\u00f3 el empe\u00f1o mostrado por los pueblos y gobiernos representados en el encuentro &nbsp;de aunar voluntades pol\u00edticas para &nbsp;establecer alianzas estrat\u00e9gicas &nbsp;y lograr el desarrollo sostenible.<\/p>\n<p>En ese tenor, el&nbsp;funcionario dominicano&nbsp;dijo estar convencido de que las econom\u00edas de los cuatro pa\u00edses son complementarias.<\/p>\n<h4>A su juicio, las naciones que comparten la regi\u00f3n del Caribe deben trabajar juntas, a fin de lograr sinergias, constituyendo \u201cel camino m\u00e1s expedito hacia una alianza estrat\u00e9gica regional\u201d, y que la Rep\u00fablica Dominicana asume el compromiso de continuar trabajando con el Reino de los Pa\u00edses Bajos \u201cpara encaminarnos por esa ruta hacia el desarrollo sostenible de nuestros pueblos\u201d.<\/h4>\n<p>En la Reuni\u00f3n&nbsp;de Seguimiento de los Grupos de Trabajos participaron adem\u00e1s del&nbsp;canciller&nbsp;Vargas y Rhuggenaath, el primer ministro de San Martin, William Marlin; y la representante de Aruba, se\u00f1ora Liesbeth Mol.<\/p>\n<p><strong>Fuente<\/strong>: <a href=\"http:\/\/www.lavozdominicanaeneuropa.com\/miguel-vargas-crea-instrumento-cooperacion-economica-paises-bajos\/\" target=\"_blank\" rel=\"noopener\">La Voz Dominicana en Europa<\/a><\/p>\n<p>&nbsp;<\/p>\n","protected":false},"excerpt":{"rendered":"<p>&nbsp; El Gobierno dominicano suscribi\u00f3 este lunes en esta capital &nbsp;el Acta del Di\u00e1logo Pol\u00edtico con Curazao, Aruba, San Martin y &nbsp;los Pa\u00edses Bajos, &nbsp;mediante la cual se&nbsp;establecen&nbsp;mecanismos de implementaci\u00f3n del Memor\u00e1ndum de Entendimiento firmado por esos pa\u00edses en agosto del a\u00f1o pasado y crea grupos de trabajo para ejecutar los instrumentos de cooperaci\u00f3n econ\u00f3mica, [&hellip;]<\/p>\n","protected":false},"author":8,"featured_media":2970,"comment_status":"closed","ping_status":"open","sticky":false,"template":"","format":"standard","meta":{"site-sidebar-layout":"default","site-content-layout":"","ast-site-content-layout":"default","site-content-style":"default","site-sidebar-style":"default","ast-global-header-display":"","ast-banner-title-visibility":"","ast-main-header-display":"","ast-hfb-above-header-display":"","ast-hfb-below-header-display":"","ast-hfb-mobile-header-display":"","site-post-title":"","ast-breadcrumbs-content":"","ast-featured-img":"","footer-sml-layout":"","ast-disable-related-posts":"","theme-transparent-header-meta":"","adv-header-id-meta":"","stick-header-meta":"","header-above-stick-meta":"","header-main-stick-meta":"","header-below-stick-meta":"","astra-migrate-meta-layouts":"default","ast-page-background-enabled":"default","ast-page-background-meta":{"desktop":{"background-color":"","background-image":"","background-repeat":"repeat","background-position":"center center","background-size":"auto","background-attachment":"scroll","background-type":"","background-media":"","overlay-type":"","overlay-color":"","overlay-opacity":"","overlay-gradient":""},"tablet":{"background-color":"","background-image":"","background-repeat":"repeat","background-position":"center center","background-size":"auto","background-attachment":"scroll","background-type":"","background-media":"","overlay-type":"","overlay-color":"","overlay-opacity":"","overlay-gradient":""},"mobile":{"background-color":"","background-image":"","background-repeat":"repeat","background-position":"center center","background-size":"auto","background-attachment":"scroll","background-type":"","background-media":"","overlay-type":"","overlay-color":"","overlay-opacity":"","overlay-gradient":""}},"ast-content-background-meta":{"desktop":{"background-color":"var(--ast-global-color-5)","background-image":"","background-repeat":"repeat","background-position":"center center","background-size":"auto","background-attachment":"scroll","background-type":"","background-media":"","overlay-type":"","overlay-color":"","overlay-opacity":"","overlay-gradient":""},"tablet":{"background-color":"var(--ast-global-color-5)","background-image":"","background-repeat":"repeat","background-position":"center center","background-size":"auto","background-attachment":"scroll","background-type":"","background-media":"","overlay-type":"","overlay-color":"","overlay-opacity":"","overlay-gradient":""},"mobile":{"background-color":"var(--ast-global-color-5)","background-image":"","background-repeat":"repeat","background-position":"center center","background-size":"auto","background-attachment":"scroll","background-type":"","background-media":"","overlay-type":"","overlay-color":"","overlay-opacity":"","overlay-gradient":""}},"footnotes":""},"categories":[66],"tags":[],"class_list":["post-2969","post","type-post","status-publish","format-standard","has-post-thumbnail","hentry","category-novedades"],"yoast_head":"<!-- This site is optimized with the Yoast SEO plugin v27.4 - https:\/\/yoast.com\/product\/yoast-seo-wordpress\/ -->\n<title>Miguel Vargas crea instrumento de Cooperaci\u00f3n Econ\u00f3mica con Pa\u00edses Bajos - Consulado General de la Rep\u00fablica Dominicana en La Haya, Reino de los Pa\u00edses Bajos<\/title>\n<meta name=\"robots\" content=\"index, follow, max-snippet:-1, max-image-preview:large, max-video-preview:-1\" \/>\n<link rel=\"canonical\" href=\"https:\/\/nld.mirex.gob.do\/consular\/amsterdam\/miguel-vargas-crea-instrumento-cooperacion-economica-paises-bajos\/\" \/>\n<meta property=\"og:locale\" content=\"en_US\" \/>\n<meta property=\"og:type\" content=\"article\" \/>\n<meta property=\"og:title\" content=\"Miguel Vargas crea instrumento de Cooperaci\u00f3n Econ\u00f3mica con Pa\u00edses Bajos - Consulado General de la Rep\u00fablica Dominicana en La Haya, Reino de los Pa\u00edses Bajos\" \/>\n<meta property=\"og:description\" content=\"&nbsp; El Gobierno dominicano suscribi\u00f3 este lunes en esta capital &nbsp;el Acta del Di\u00e1logo Pol\u00edtico con Curazao, Aruba, San Martin y &nbsp;los Pa\u00edses Bajos, &nbsp;mediante la cual se&nbsp;establecen&nbsp;mecanismos de implementaci\u00f3n del Memor\u00e1ndum de Entendimiento firmado por esos pa\u00edses en agosto del a\u00f1o pasado y crea grupos de trabajo para ejecutar los instrumentos de cooperaci\u00f3n econ\u00f3mica, [&hellip;]\" \/>\n<meta property=\"og:url\" content=\"https:\/\/nld.mirex.gob.do\/consular\/amsterdam\/miguel-vargas-crea-instrumento-cooperacion-economica-paises-bajos\/\" \/>\n<meta property=\"og:site_name\" content=\"Consulado General de la Rep\u00fablica Dominicana en La Haya, Reino de los Pa\u00edses Bajos\" \/>\n<meta property=\"article:published_time\" content=\"2017-08-25T19:53:32+00:00\" \/>\n<meta name=\"author\" content=\"Michael Antonio Melo Andujar\" \/>\n<meta name=\"twitter:card\" content=\"summary_large_image\" \/>\n<meta name=\"twitter:label1\" content=\"Written by\" \/>\n\t<meta name=\"twitter:data1\" content=\"Michael Antonio Melo Andujar\" \/>\n\t<meta name=\"twitter:label2\" content=\"Est. reading time\" \/>\n\t<meta name=\"twitter:data2\" content=\"3 minutes\" \/>\n<script type=\"application\/ld+json\" class=\"yoast-schema-graph\">{\"@context\":\"https:\\\/\\\/schema.org\",\"@graph\":[{\"@type\":\"Article\",\"@id\":\"https:\\\/\\\/nld.mirex.gob.do\\\/consular\\\/amsterdam\\\/miguel-vargas-crea-instrumento-cooperacion-economica-paises-bajos\\\/#article\",\"isPartOf\":{\"@id\":\"https:\\\/\\\/nld.mirex.gob.do\\\/consular\\\/amsterdam\\\/miguel-vargas-crea-instrumento-cooperacion-economica-paises-bajos\\\/\"},\"author\":{\"name\":\"Michael Antonio Melo Andujar\",\"@id\":\"https:\\\/\\\/nld.mirex.gob.do\\\/consular\\\/amsterdam\\\/#\\\/schema\\\/person\\\/772a9951ade6a7e4ab978b618b619ff8\"},\"headline\":\"Miguel Vargas crea instrumento de Cooperaci\u00f3n Econ\u00f3mica con Pa\u00edses Bajos\",\"datePublished\":\"2017-08-25T19:53:32+00:00\",\"mainEntityOfPage\":{\"@id\":\"https:\\\/\\\/nld.mirex.gob.do\\\/consular\\\/amsterdam\\\/miguel-vargas-crea-instrumento-cooperacion-economica-paises-bajos\\\/\"},\"wordCount\":528,\"publisher\":{\"@id\":\"https:\\\/\\\/nld.mirex.gob.do\\\/consular\\\/amsterdam\\\/#organization\"},\"image\":{\"@id\":\"https:\\\/\\\/nld.mirex.gob.do\\\/consular\\\/amsterdam\\\/miguel-vargas-crea-instrumento-cooperacion-economica-paises-bajos\\\/#primaryimage\"},\"thumbnailUrl\":\"\",\"articleSection\":[\"Novedades\"],\"inLanguage\":\"en-US\"},{\"@type\":\"WebPage\",\"@id\":\"https:\\\/\\\/nld.mirex.gob.do\\\/consular\\\/amsterdam\\\/miguel-vargas-crea-instrumento-cooperacion-economica-paises-bajos\\\/\",\"url\":\"https:\\\/\\\/nld.mirex.gob.do\\\/consular\\\/amsterdam\\\/miguel-vargas-crea-instrumento-cooperacion-economica-paises-bajos\\\/\",\"name\":\"Miguel Vargas crea instrumento de Cooperaci\u00f3n Econ\u00f3mica con Pa\u00edses Bajos - Consulado General de la Rep\u00fablica Dominicana en La Haya, Reino de los Pa\u00edses Bajos\",\"isPartOf\":{\"@id\":\"https:\\\/\\\/nld.mirex.gob.do\\\/consular\\\/amsterdam\\\/#website\"},\"primaryImageOfPage\":{\"@id\":\"https:\\\/\\\/nld.mirex.gob.do\\\/consular\\\/amsterdam\\\/miguel-vargas-crea-instrumento-cooperacion-economica-paises-bajos\\\/#primaryimage\"},\"image\":{\"@id\":\"https:\\\/\\\/nld.mirex.gob.do\\\/consular\\\/amsterdam\\\/miguel-vargas-crea-instrumento-cooperacion-economica-paises-bajos\\\/#primaryimage\"},\"thumbnailUrl\":\"\",\"datePublished\":\"2017-08-25T19:53:32+00:00\",\"breadcrumb\":{\"@id\":\"https:\\\/\\\/nld.mirex.gob.do\\\/consular\\\/amsterdam\\\/miguel-vargas-crea-instrumento-cooperacion-economica-paises-bajos\\\/#breadcrumb\"},\"inLanguage\":\"en-US\",\"potentialAction\":[{\"@type\":\"ReadAction\",\"target\":[\"https:\\\/\\\/nld.mirex.gob.do\\\/consular\\\/amsterdam\\\/miguel-vargas-crea-instrumento-cooperacion-economica-paises-bajos\\\/\"]}]},{\"@type\":\"ImageObject\",\"inLanguage\":\"en-US\",\"@id\":\"https:\\\/\\\/nld.mirex.gob.do\\\/consular\\\/amsterdam\\\/miguel-vargas-crea-instrumento-cooperacion-economica-paises-bajos\\\/#primaryimage\",\"url\":\"\",\"contentUrl\":\"\"},{\"@type\":\"BreadcrumbList\",\"@id\":\"https:\\\/\\\/nld.mirex.gob.do\\\/consular\\\/amsterdam\\\/miguel-vargas-crea-instrumento-cooperacion-economica-paises-bajos\\\/#breadcrumb\",\"itemListElement\":[{\"@type\":\"ListItem\",\"position\":1,\"name\":\"Inicio\",\"item\":\"https:\\\/\\\/nld.mirex.gob.do\\\/consular\\\/amsterdam\\\/\"},{\"@type\":\"ListItem\",\"position\":2,\"name\":\"Miguel Vargas crea instrumento de Cooperaci\u00f3n Econ\u00f3mica con Pa\u00edses Bajos\"}]},{\"@type\":\"WebSite\",\"@id\":\"https:\\\/\\\/nld.mirex.gob.do\\\/consular\\\/amsterdam\\\/#website\",\"url\":\"https:\\\/\\\/nld.mirex.gob.do\\\/consular\\\/amsterdam\\\/\",\"name\":\"Consulado General de la Rep\u00fablica Dominicana en La Haya, Reino de los Pa\u00edses Bajos\",\"description\":\"\",\"publisher\":{\"@id\":\"https:\\\/\\\/nld.mirex.gob.do\\\/consular\\\/amsterdam\\\/#organization\"},\"potentialAction\":[{\"@type\":\"SearchAction\",\"target\":{\"@type\":\"EntryPoint\",\"urlTemplate\":\"https:\\\/\\\/nld.mirex.gob.do\\\/consular\\\/amsterdam\\\/?s={search_term_string}\"},\"query-input\":{\"@type\":\"PropertyValueSpecification\",\"valueRequired\":true,\"valueName\":\"search_term_string\"}}],\"inLanguage\":\"en-US\"},{\"@type\":\"Organization\",\"@id\":\"https:\\\/\\\/nld.mirex.gob.do\\\/consular\\\/amsterdam\\\/#organization\",\"name\":\"Consulado General de la Rep\u00fablica Dominicana en La Haya, Reino de los Pa\u00edses Bajos\",\"url\":\"https:\\\/\\\/nld.mirex.gob.do\\\/consular\\\/amsterdam\\\/\",\"logo\":{\"@type\":\"ImageObject\",\"inLanguage\":\"en-US\",\"@id\":\"https:\\\/\\\/nld.mirex.gob.do\\\/consular\\\/amsterdam\\\/#\\\/schema\\\/logo\\\/image\\\/\",\"url\":\"https:\\\/\\\/nld.mirex.gob.do\\\/consular\\\/amsterdam\\\/wp-content\\\/uploads\\\/2024\\\/04\\\/cropped-consulado_la_haya_reinode_los_Paises_Bajos.jpg\",\"contentUrl\":\"https:\\\/\\\/nld.mirex.gob.do\\\/consular\\\/amsterdam\\\/wp-content\\\/uploads\\\/2024\\\/04\\\/cropped-consulado_la_haya_reinode_los_Paises_Bajos.jpg\",\"width\":999,\"height\":407,\"caption\":\"Consulado General de la Rep\u00fablica Dominicana en La Haya, Reino de los Pa\u00edses Bajos\"},\"image\":{\"@id\":\"https:\\\/\\\/nld.mirex.gob.do\\\/consular\\\/amsterdam\\\/#\\\/schema\\\/logo\\\/image\\\/\"}},{\"@type\":\"Person\",\"@id\":\"https:\\\/\\\/nld.mirex.gob.do\\\/consular\\\/amsterdam\\\/#\\\/schema\\\/person\\\/772a9951ade6a7e4ab978b618b619ff8\",\"name\":\"Michael Antonio Melo Andujar\",\"image\":{\"@type\":\"ImageObject\",\"inLanguage\":\"en-US\",\"@id\":\"https:\\\/\\\/secure.gravatar.com\\\/avatar\\\/f8862d24b6945a30d30c9727ef9dfcd533ee25a18a27afc92991446aeb0e652d?s=96&d=mm&r=g\",\"url\":\"https:\\\/\\\/secure.gravatar.com\\\/avatar\\\/f8862d24b6945a30d30c9727ef9dfcd533ee25a18a27afc92991446aeb0e652d?s=96&d=mm&r=g\",\"contentUrl\":\"https:\\\/\\\/secure.gravatar.com\\\/avatar\\\/f8862d24b6945a30d30c9727ef9dfcd533ee25a18a27afc92991446aeb0e652d?s=96&d=mm&r=g\",\"caption\":\"Michael Antonio Melo Andujar\"}}]}<\/script>\n<!-- \/ Yoast SEO plugin. -->","yoast_head_json":{"title":"Miguel Vargas crea instrumento de Cooperaci\u00f3n Econ\u00f3mica con Pa\u00edses Bajos - Consulado General de la Rep\u00fablica Dominicana en La Haya, Reino de los Pa\u00edses Bajos","robots":{"index":"index","follow":"follow","max-snippet":"max-snippet:-1","max-image-preview":"max-image-preview:large","max-video-preview":"max-video-preview:-1"},"canonical":"https:\/\/nld.mirex.gob.do\/consular\/amsterdam\/miguel-vargas-crea-instrumento-cooperacion-economica-paises-bajos\/","og_locale":"en_US","og_type":"article","og_title":"Miguel Vargas crea instrumento de Cooperaci\u00f3n Econ\u00f3mica con Pa\u00edses Bajos - Consulado General de la Rep\u00fablica Dominicana en La Haya, Reino de los Pa\u00edses Bajos","og_description":"&nbsp; El Gobierno dominicano suscribi\u00f3 este lunes en esta capital &nbsp;el Acta del Di\u00e1logo Pol\u00edtico con Curazao, Aruba, San Martin y &nbsp;los Pa\u00edses Bajos, &nbsp;mediante la cual se&nbsp;establecen&nbsp;mecanismos de implementaci\u00f3n del Memor\u00e1ndum de Entendimiento firmado por esos pa\u00edses en agosto del a\u00f1o pasado y crea grupos de trabajo para ejecutar los instrumentos de cooperaci\u00f3n econ\u00f3mica, [&hellip;]","og_url":"https:\/\/nld.mirex.gob.do\/consular\/amsterdam\/miguel-vargas-crea-instrumento-cooperacion-economica-paises-bajos\/","og_site_name":"Consulado General de la Rep\u00fablica Dominicana en La Haya, Reino de los Pa\u00edses Bajos","article_published_time":"2017-08-25T19:53:32+00:00","author":"Michael Antonio Melo Andujar","twitter_card":"summary_large_image","twitter_misc":{"Written by":"Michael Antonio Melo Andujar","Est. reading time":"3 minutes"},"schema":{"@context":"https:\/\/schema.org","@graph":[{"@type":"Article","@id":"https:\/\/nld.mirex.gob.do\/consular\/amsterdam\/miguel-vargas-crea-instrumento-cooperacion-economica-paises-bajos\/#article","isPartOf":{"@id":"https:\/\/nld.mirex.gob.do\/consular\/amsterdam\/miguel-vargas-crea-instrumento-cooperacion-economica-paises-bajos\/"},"author":{"name":"Michael Antonio Melo Andujar","@id":"https:\/\/nld.mirex.gob.do\/consular\/amsterdam\/#\/schema\/person\/772a9951ade6a7e4ab978b618b619ff8"},"headline":"Miguel Vargas crea instrumento de Cooperaci\u00f3n Econ\u00f3mica con Pa\u00edses Bajos","datePublished":"2017-08-25T19:53:32+00:00","mainEntityOfPage":{"@id":"https:\/\/nld.mirex.gob.do\/consular\/amsterdam\/miguel-vargas-crea-instrumento-cooperacion-economica-paises-bajos\/"},"wordCount":528,"publisher":{"@id":"https:\/\/nld.mirex.gob.do\/consular\/amsterdam\/#organization"},"image":{"@id":"https:\/\/nld.mirex.gob.do\/consular\/amsterdam\/miguel-vargas-crea-instrumento-cooperacion-economica-paises-bajos\/#primaryimage"},"thumbnailUrl":"","articleSection":["Novedades"],"inLanguage":"en-US"},{"@type":"WebPage","@id":"https:\/\/nld.mirex.gob.do\/consular\/amsterdam\/miguel-vargas-crea-instrumento-cooperacion-economica-paises-bajos\/","url":"https:\/\/nld.mirex.gob.do\/consular\/amsterdam\/miguel-vargas-crea-instrumento-cooperacion-economica-paises-bajos\/","name":"Miguel Vargas crea instrumento de Cooperaci\u00f3n Econ\u00f3mica con Pa\u00edses Bajos - Consulado General de la Rep\u00fablica Dominicana en La Haya, Reino de los Pa\u00edses Bajos","isPartOf":{"@id":"https:\/\/nld.mirex.gob.do\/consular\/amsterdam\/#website"},"primaryImageOfPage":{"@id":"https:\/\/nld.mirex.gob.do\/consular\/amsterdam\/miguel-vargas-crea-instrumento-cooperacion-economica-paises-bajos\/#primaryimage"},"image":{"@id":"https:\/\/nld.mirex.gob.do\/consular\/amsterdam\/miguel-vargas-crea-instrumento-cooperacion-economica-paises-bajos\/#primaryimage"},"thumbnailUrl":"","datePublished":"2017-08-25T19:53:32+00:00","breadcrumb":{"@id":"https:\/\/nld.mirex.gob.do\/consular\/amsterdam\/miguel-vargas-crea-instrumento-cooperacion-economica-paises-bajos\/#breadcrumb"},"inLanguage":"en-US","potentialAction":[{"@type":"ReadAction","target":["https:\/\/nld.mirex.gob.do\/consular\/amsterdam\/miguel-vargas-crea-instrumento-cooperacion-economica-paises-bajos\/"]}]},{"@type":"ImageObject","inLanguage":"en-US","@id":"https:\/\/nld.mirex.gob.do\/consular\/amsterdam\/miguel-vargas-crea-instrumento-cooperacion-economica-paises-bajos\/#primaryimage","url":"","contentUrl":""},{"@type":"BreadcrumbList","@id":"https:\/\/nld.mirex.gob.do\/consular\/amsterdam\/miguel-vargas-crea-instrumento-cooperacion-economica-paises-bajos\/#breadcrumb","itemListElement":[{"@type":"ListItem","position":1,"name":"Inicio","item":"https:\/\/nld.mirex.gob.do\/consular\/amsterdam\/"},{"@type":"ListItem","position":2,"name":"Miguel Vargas crea instrumento de Cooperaci\u00f3n Econ\u00f3mica con Pa\u00edses Bajos"}]},{"@type":"WebSite","@id":"https:\/\/nld.mirex.gob.do\/consular\/amsterdam\/#website","url":"https:\/\/nld.mirex.gob.do\/consular\/amsterdam\/","name":"Consulado General de la Rep\u00fablica Dominicana en La Haya, Reino de los Pa\u00edses Bajos","description":"","publisher":{"@id":"https:\/\/nld.mirex.gob.do\/consular\/amsterdam\/#organization"},"potentialAction":[{"@type":"SearchAction","target":{"@type":"EntryPoint","urlTemplate":"https:\/\/nld.mirex.gob.do\/consular\/amsterdam\/?s={search_term_string}"},"query-input":{"@type":"PropertyValueSpecification","valueRequired":true,"valueName":"search_term_string"}}],"inLanguage":"en-US"},{"@type":"Organization","@id":"https:\/\/nld.mirex.gob.do\/consular\/amsterdam\/#organization","name":"Consulado General de la Rep\u00fablica Dominicana en La Haya, Reino de los Pa\u00edses Bajos","url":"https:\/\/nld.mirex.gob.do\/consular\/amsterdam\/","logo":{"@type":"ImageObject","inLanguage":"en-US","@id":"https:\/\/nld.mirex.gob.do\/consular\/amsterdam\/#\/schema\/logo\/image\/","url":"https:\/\/nld.mirex.gob.do\/consular\/amsterdam\/wp-content\/uploads\/2024\/04\/cropped-consulado_la_haya_reinode_los_Paises_Bajos.jpg","contentUrl":"https:\/\/nld.mirex.gob.do\/consular\/amsterdam\/wp-content\/uploads\/2024\/04\/cropped-consulado_la_haya_reinode_los_Paises_Bajos.jpg","width":999,"height":407,"caption":"Consulado General de la Rep\u00fablica Dominicana en La Haya, Reino de los Pa\u00edses Bajos"},"image":{"@id":"https:\/\/nld.mirex.gob.do\/consular\/amsterdam\/#\/schema\/logo\/image\/"}},{"@type":"Person","@id":"https:\/\/nld.mirex.gob.do\/consular\/amsterdam\/#\/schema\/person\/772a9951ade6a7e4ab978b618b619ff8","name":"Michael Antonio Melo Andujar","image":{"@type":"ImageObject","inLanguage":"en-US","@id":"https:\/\/secure.gravatar.com\/avatar\/f8862d24b6945a30d30c9727ef9dfcd533ee25a18a27afc92991446aeb0e652d?s=96&d=mm&r=g","url":"https:\/\/secure.gravatar.com\/avatar\/f8862d24b6945a30d30c9727ef9dfcd533ee25a18a27afc92991446aeb0e652d?s=96&d=mm&r=g","contentUrl":"https:\/\/secure.gravatar.com\/avatar\/f8862d24b6945a30d30c9727ef9dfcd533ee25a18a27afc92991446aeb0e652d?s=96&d=mm&r=g","caption":"Michael Antonio Melo Andujar"}}]}},"_links":{"self":[{"href":"https:\/\/nld.mirex.gob.do\/consular\/amsterdam\/wp-json\/wp\/v2\/posts\/2969","targetHints":{"allow":["GET"]}}],"collection":[{"href":"https:\/\/nld.mirex.gob.do\/consular\/amsterdam\/wp-json\/wp\/v2\/posts"}],"about":[{"href":"https:\/\/nld.mirex.gob.do\/consular\/amsterdam\/wp-json\/wp\/v2\/types\/post"}],"author":[{"embeddable":true,"href":"https:\/\/nld.mirex.gob.do\/consular\/amsterdam\/wp-json\/wp\/v2\/users\/8"}],"replies":[{"embeddable":true,"href":"https:\/\/nld.mirex.gob.do\/consular\/amsterdam\/wp-json\/wp\/v2\/comments?post=2969"}],"version-history":[{"count":0,"href":"https:\/\/nld.mirex.gob.do\/consular\/amsterdam\/wp-json\/wp\/v2\/posts\/2969\/revisions"}],"wp:featuredmedia":[{"embeddable":true,"href":"https:\/\/nld.mirex.gob.do\/consular\/amsterdam\/wp-json\/"}],"wp:attachment":[{"href":"https:\/\/nld.mirex.gob.do\/consular\/amsterdam\/wp-json\/wp\/v2\/media?parent=2969"}],"wp:term":[{"taxonomy":"category","embeddable":true,"href":"https:\/\/nld.mirex.gob.do\/consular\/amsterdam\/wp-json\/wp\/v2\/categories?post=2969"},{"taxonomy":"post_tag","embeddable":true,"href":"https:\/\/nld.mirex.gob.do\/consular\/amsterdam\/wp-json\/wp\/v2\/tags?post=2969"}],"curies":[{"name":"wp","href":"https:\/\/api.w.org\/{rel}","templated":true}]}}