{"id":2913,"date":"2017-08-16T12:48:08","date_gmt":"2017-08-16T12:48:08","guid":{"rendered":"https:\/\/www.consuladordholanda.com\/?p=2913"},"modified":"2017-08-16T12:48:08","modified_gmt":"2017-08-16T12:48:08","slug":"listin-diario-a-pintar-la-historia","status":"publish","type":"post","link":"https:\/\/nld.mirex.gob.do\/consular\/amsterdam\/listin-diario-a-pintar-la-historia\/","title":{"rendered":"List\u00edn Diario: \u00a1A pintar la historia!"},"content":{"rendered":"<div id=\"ArticleSourceDiv\" class=\"article-body-author\"><b>List\u00edn Diario &#8211; 10 de agosto de 2017<br \/>\n<\/b><a href=\"http:\/\/www.listindiario.com\/la-vida\/2017\/08\/10\/477602\/a-pintar-la-historia\" target=\"_blank\" rel=\"noopener\">http:\/\/www.listindiario.com\/la-vida\/2017\/08\/10\/477602\/a-pintar-la-historia<\/a><b><br \/>\n<\/b><\/div>\n<div>&nbsp;<\/div>\n<div class=\"article-body-author\"><strong>Santo Domingo<\/strong><\/div>\n<div id=\"ArticleBody\">\n<figure id=\"attachment_2915\" aria-describedby=\"caption-attachment-2915\" style=\"width: 300px\" class=\"wp-caption alignright\"><a href=\"https:\/\/www.consuladordholanda.com\/wp-content\/uploads\/2017\/08\/A-pintar-la-historia-Exposici\u00f3n-de-Julio-Reyes-en-Amsterdam-holanda-Paises-Bajos.jpeg\"><img fetchpriority=\"high\" decoding=\"async\" class=\"wp-image-2915\" src=\"https:\/\/www.consuladordholanda.com\/wp-content\/uploads\/2017\/08\/A-pintar-la-historia-Exposici\u00f3n-de-Julio-Reyes-en-Amsterdam-holanda-Paises-Bajos.jpeg\" alt=\"Ejemplo. Julio Reyes pinta la Restauraci\u00f3n dominicana, en \u00c1msterdam, Holanda, lo que es un motivo de orgullo, pues el joven artista est\u00e1 poniendo en alto el nombre del pa\u00eds en otras tierras.\" width=\"300\" height=\"375\"><\/a><figcaption id=\"caption-attachment-2915\" class=\"wp-caption-text\"><strong>Ejemplo<\/strong>. Julio Reyes pinta la Restauraci\u00f3n dominicana, en \u00c1msterdam, Holanda, lo que es un motivo de orgullo, pues el joven artista est\u00e1 poniendo en alto el nombre del pa\u00eds en otras tierras.<\/figcaption><\/figure>\n<p>El artista pl\u00e1stico Julio Reyes tiene una colorida cita el 18 de este mes a las 6:00 de la tarde en el Sal\u00f3n de Actos del Consulado General de Rep\u00fablica Dominicana en \u00c1msterdam, Pa\u00edses Bajos.<\/p>\n<p>El joven pintor dir\u00e1 presente en esa cita con la exposici\u00f3n Un Pedazo de la Historia, la cual cuenta con 17 obras realizadas en la t\u00e9cnica acr\u00edlico sobre lienzo, presentando momentos y monumentos hist\u00f3ricos de la Naci\u00f3n dominicana, ya que la muestra est\u00e1 dedicada a la Gesta Restauradora de \u00e9sta.<\/p>\n<p>Dicen los organizadores que en la muestra se podr\u00e1n apreciar, retratos de Gregorio Luper\u00f3n, escenas guerreras alusivas a la fecha, Monumento de los H\u00e9roes de la Restauraci\u00f3n, Plaza de la Bandera y otros emblemas nacionales. Julio Reyes presta servicios como militar con el rango de cabo de la Fuerza A\u00e9rea de Rep\u00fablica Dominicana (FARD), adem\u00e1s, es egresado de la Escuela de Arte Daysi Pimentel y de la Licenciatura en Publicidad de la Universidad Aut\u00f3noma de Santo Domingo (UASD). En la actualidad se encuentra en Valencia realizando una maestr\u00eda en Historia del Arte y Cultura Visual, en la Universidad de Valencia.&nbsp; &nbsp;<\/p>\n<p>La C\u00f3nsul dominicana en \u00c1msterdam, Mar\u00eda Brazob\u00e1n, asegura que la exposici\u00f3n es un homenaje a los gestores de la Restauraci\u00f3n y se convierte en una oportunidad para que los dominicanos revivan el amor por la tierra que los vi\u00f3 nacer y para que los holandeses conozcan m\u00e1s de Rep\u00fablica Dominicana. La exposici\u00f3n es muy oportuna, ya que el artista es un admirador de su pa\u00eds y gracias a su tem\u00e1tica patri\u00f3tica, plasma en sus obras desde s\u00edmbolos hasta personajes hist\u00f3ricos, como Gregorio Luper\u00f3n, y lugares emblem\u00e1ticos de la Patria.<\/p>\n<\/div>\n","protected":false},"excerpt":{"rendered":"<p>List\u00edn Diario &#8211; 10 de agosto de 2017 http:\/\/www.listindiario.com\/la-vida\/2017\/08\/10\/477602\/a-pintar-la-historia &nbsp; Santo Domingo El artista pl\u00e1stico Julio Reyes tiene una colorida cita el 18 de este mes a las 6:00 de la tarde en el Sal\u00f3n de Actos del Consulado General de Rep\u00fablica Dominicana en \u00c1msterdam, Pa\u00edses Bajos. El joven pintor dir\u00e1 presente en esa cita [&hellip;]<\/p>\n","protected":false},"author":8,"featured_media":2918,"comment_status":"closed","ping_status":"open","sticky":false,"template":"","format":"standard","meta":{"site-sidebar-layout":"default","site-content-layout":"","ast-site-content-layout":"default","site-content-style":"default","site-sidebar-style":"default","ast-global-header-display":"","ast-banner-title-visibility":"","ast-main-header-display":"","ast-hfb-above-header-display":"","ast-hfb-below-header-display":"","ast-hfb-mobile-header-display":"","site-post-title":"","ast-breadcrumbs-content":"","ast-featured-img":"","footer-sml-layout":"","ast-disable-related-posts":"","theme-transparent-header-meta":"","adv-header-id-meta":"","stick-header-meta":"","header-above-stick-meta":"","header-main-stick-meta":"","header-below-stick-meta":"","astra-migrate-meta-layouts":"default","ast-page-background-enabled":"default","ast-page-background-meta":{"desktop":{"background-color":"","background-image":"","background-repeat":"repeat","background-position":"center center","background-size":"auto","background-attachment":"scroll","background-type":"","background-media":"","overlay-type":"","overlay-color":"","overlay-opacity":"","overlay-gradient":""},"tablet":{"background-color":"","background-image":"","background-repeat":"repeat","background-position":"center center","background-size":"auto","background-attachment":"scroll","background-type":"","background-media":"","overlay-type":"","overlay-color":"","overlay-opacity":"","overlay-gradient":""},"mobile":{"background-color":"","background-image":"","background-repeat":"repeat","background-position":"center center","background-size":"auto","background-attachment":"scroll","background-type":"","background-media":"","overlay-type":"","overlay-color":"","overlay-opacity":"","overlay-gradient":""}},"ast-content-background-meta":{"desktop":{"background-color":"var(--ast-global-color-5)","background-image":"","background-repeat":"repeat","background-position":"center center","background-size":"auto","background-attachment":"scroll","background-type":"","background-media":"","overlay-type":"","overlay-color":"","overlay-opacity":"","overlay-gradient":""},"tablet":{"background-color":"var(--ast-global-color-5)","background-image":"","background-repeat":"repeat","background-position":"center center","background-size":"auto","background-attachment":"scroll","background-type":"","background-media":"","overlay-type":"","overlay-color":"","overlay-opacity":"","overlay-gradient":""},"mobile":{"background-color":"var(--ast-global-color-5)","background-image":"","background-repeat":"repeat","background-position":"center center","background-size":"auto","background-attachment":"scroll","background-type":"","background-media":"","overlay-type":"","overlay-color":"","overlay-opacity":"","overlay-gradient":""}},"footnotes":""},"categories":[107,66],"tags":[108,369,372,370],"class_list":["post-2913","post","type-post","status-publish","format-standard","has-post-thumbnail","hentry","category-cultura","category-novedades","tag-cultura","tag-exposicion","tag-julio-reyes","tag-pintura"],"yoast_head":"<!-- This site is optimized with the Yoast SEO plugin v27.4 - https:\/\/yoast.com\/product\/yoast-seo-wordpress\/ -->\n<title>List\u00edn Diario: \u00a1A pintar la historia! - Consulado General de la Rep\u00fablica Dominicana en La Haya, Reino de los Pa\u00edses Bajos<\/title>\n<meta name=\"robots\" content=\"index, follow, max-snippet:-1, max-image-preview:large, max-video-preview:-1\" \/>\n<link rel=\"canonical\" href=\"https:\/\/nld.mirex.gob.do\/consular\/amsterdam\/listin-diario-a-pintar-la-historia\/\" \/>\n<meta property=\"og:locale\" content=\"en_US\" \/>\n<meta property=\"og:type\" content=\"article\" \/>\n<meta property=\"og:title\" content=\"List\u00edn Diario: \u00a1A pintar la historia! - Consulado General de la Rep\u00fablica Dominicana en La Haya, Reino de los Pa\u00edses Bajos\" \/>\n<meta property=\"og:description\" content=\"List\u00edn Diario &#8211; 10 de agosto de 2017 http:\/\/www.listindiario.com\/la-vida\/2017\/08\/10\/477602\/a-pintar-la-historia &nbsp; Santo Domingo El artista pl\u00e1stico Julio Reyes tiene una colorida cita el 18 de este mes a las 6:00 de la tarde en el Sal\u00f3n de Actos del Consulado General de Rep\u00fablica Dominicana en \u00c1msterdam, Pa\u00edses Bajos. El joven pintor dir\u00e1 presente en esa cita [&hellip;]\" \/>\n<meta property=\"og:url\" content=\"https:\/\/nld.mirex.gob.do\/consular\/amsterdam\/listin-diario-a-pintar-la-historia\/\" \/>\n<meta property=\"og:site_name\" content=\"Consulado General de la Rep\u00fablica Dominicana en La Haya, Reino de los Pa\u00edses Bajos\" \/>\n<meta property=\"article:published_time\" content=\"2017-08-16T12:48:08+00:00\" \/>\n<meta name=\"author\" content=\"Michael Antonio Melo Andujar\" \/>\n<meta name=\"twitter:card\" content=\"summary_large_image\" \/>\n<meta name=\"twitter:label1\" content=\"Written by\" \/>\n\t<meta name=\"twitter:data1\" content=\"Michael Antonio Melo Andujar\" \/>\n\t<meta name=\"twitter:label2\" content=\"Est. reading time\" \/>\n\t<meta name=\"twitter:data2\" content=\"2 minutes\" \/>\n<script type=\"application\/ld+json\" class=\"yoast-schema-graph\">{\"@context\":\"https:\\\/\\\/schema.org\",\"@graph\":[{\"@type\":\"Article\",\"@id\":\"https:\\\/\\\/nld.mirex.gob.do\\\/consular\\\/amsterdam\\\/listin-diario-a-pintar-la-historia\\\/#article\",\"isPartOf\":{\"@id\":\"https:\\\/\\\/nld.mirex.gob.do\\\/consular\\\/amsterdam\\\/listin-diario-a-pintar-la-historia\\\/\"},\"author\":{\"name\":\"Michael Antonio Melo Andujar\",\"@id\":\"https:\\\/\\\/nld.mirex.gob.do\\\/consular\\\/amsterdam\\\/#\\\/schema\\\/person\\\/772a9951ade6a7e4ab978b618b619ff8\"},\"headline\":\"List\u00edn Diario: \u00a1A pintar la historia!\",\"datePublished\":\"2017-08-16T12:48:08+00:00\",\"mainEntityOfPage\":{\"@id\":\"https:\\\/\\\/nld.mirex.gob.do\\\/consular\\\/amsterdam\\\/listin-diario-a-pintar-la-historia\\\/\"},\"wordCount\":370,\"publisher\":{\"@id\":\"https:\\\/\\\/nld.mirex.gob.do\\\/consular\\\/amsterdam\\\/#organization\"},\"image\":{\"@id\":\"https:\\\/\\\/nld.mirex.gob.do\\\/consular\\\/amsterdam\\\/listin-diario-a-pintar-la-historia\\\/#primaryimage\"},\"thumbnailUrl\":\"\",\"keywords\":[\"Cultura\",\"Exposici\u00f3n\",\"Julio Reyes\",\"Pintura\"],\"articleSection\":[\"Cultura\",\"Novedades\"],\"inLanguage\":\"en-US\"},{\"@type\":\"WebPage\",\"@id\":\"https:\\\/\\\/nld.mirex.gob.do\\\/consular\\\/amsterdam\\\/listin-diario-a-pintar-la-historia\\\/\",\"url\":\"https:\\\/\\\/nld.mirex.gob.do\\\/consular\\\/amsterdam\\\/listin-diario-a-pintar-la-historia\\\/\",\"name\":\"List\u00edn Diario: \u00a1A pintar la historia! - Consulado General de la Rep\u00fablica Dominicana en La Haya, Reino de los Pa\u00edses Bajos\",\"isPartOf\":{\"@id\":\"https:\\\/\\\/nld.mirex.gob.do\\\/consular\\\/amsterdam\\\/#website\"},\"primaryImageOfPage\":{\"@id\":\"https:\\\/\\\/nld.mirex.gob.do\\\/consular\\\/amsterdam\\\/listin-diario-a-pintar-la-historia\\\/#primaryimage\"},\"image\":{\"@id\":\"https:\\\/\\\/nld.mirex.gob.do\\\/consular\\\/amsterdam\\\/listin-diario-a-pintar-la-historia\\\/#primaryimage\"},\"thumbnailUrl\":\"\",\"datePublished\":\"2017-08-16T12:48:08+00:00\",\"breadcrumb\":{\"@id\":\"https:\\\/\\\/nld.mirex.gob.do\\\/consular\\\/amsterdam\\\/listin-diario-a-pintar-la-historia\\\/#breadcrumb\"},\"inLanguage\":\"en-US\",\"potentialAction\":[{\"@type\":\"ReadAction\",\"target\":[\"https:\\\/\\\/nld.mirex.gob.do\\\/consular\\\/amsterdam\\\/listin-diario-a-pintar-la-historia\\\/\"]}]},{\"@type\":\"ImageObject\",\"inLanguage\":\"en-US\",\"@id\":\"https:\\\/\\\/nld.mirex.gob.do\\\/consular\\\/amsterdam\\\/listin-diario-a-pintar-la-historia\\\/#primaryimage\",\"url\":\"\",\"contentUrl\":\"\"},{\"@type\":\"BreadcrumbList\",\"@id\":\"https:\\\/\\\/nld.mirex.gob.do\\\/consular\\\/amsterdam\\\/listin-diario-a-pintar-la-historia\\\/#breadcrumb\",\"itemListElement\":[{\"@type\":\"ListItem\",\"position\":1,\"name\":\"Inicio\",\"item\":\"https:\\\/\\\/nld.mirex.gob.do\\\/consular\\\/amsterdam\\\/\"},{\"@type\":\"ListItem\",\"position\":2,\"name\":\"List\u00edn Diario: \u00a1A pintar la historia!\"}]},{\"@type\":\"WebSite\",\"@id\":\"https:\\\/\\\/nld.mirex.gob.do\\\/consular\\\/amsterdam\\\/#website\",\"url\":\"https:\\\/\\\/nld.mirex.gob.do\\\/consular\\\/amsterdam\\\/\",\"name\":\"Consulado General de la Rep\u00fablica Dominicana en La Haya, Reino de los Pa\u00edses Bajos\",\"description\":\"\",\"publisher\":{\"@id\":\"https:\\\/\\\/nld.mirex.gob.do\\\/consular\\\/amsterdam\\\/#organization\"},\"potentialAction\":[{\"@type\":\"SearchAction\",\"target\":{\"@type\":\"EntryPoint\",\"urlTemplate\":\"https:\\\/\\\/nld.mirex.gob.do\\\/consular\\\/amsterdam\\\/?s={search_term_string}\"},\"query-input\":{\"@type\":\"PropertyValueSpecification\",\"valueRequired\":true,\"valueName\":\"search_term_string\"}}],\"inLanguage\":\"en-US\"},{\"@type\":\"Organization\",\"@id\":\"https:\\\/\\\/nld.mirex.gob.do\\\/consular\\\/amsterdam\\\/#organization\",\"name\":\"Consulado General de la Rep\u00fablica Dominicana en La Haya, Reino de los Pa\u00edses Bajos\",\"url\":\"https:\\\/\\\/nld.mirex.gob.do\\\/consular\\\/amsterdam\\\/\",\"logo\":{\"@type\":\"ImageObject\",\"inLanguage\":\"en-US\",\"@id\":\"https:\\\/\\\/nld.mirex.gob.do\\\/consular\\\/amsterdam\\\/#\\\/schema\\\/logo\\\/image\\\/\",\"url\":\"https:\\\/\\\/nld.mirex.gob.do\\\/consular\\\/amsterdam\\\/wp-content\\\/uploads\\\/2024\\\/04\\\/cropped-consulado_la_haya_reinode_los_Paises_Bajos.jpg\",\"contentUrl\":\"https:\\\/\\\/nld.mirex.gob.do\\\/consular\\\/amsterdam\\\/wp-content\\\/uploads\\\/2024\\\/04\\\/cropped-consulado_la_haya_reinode_los_Paises_Bajos.jpg\",\"width\":999,\"height\":407,\"caption\":\"Consulado General de la Rep\u00fablica Dominicana en La Haya, Reino de los Pa\u00edses Bajos\"},\"image\":{\"@id\":\"https:\\\/\\\/nld.mirex.gob.do\\\/consular\\\/amsterdam\\\/#\\\/schema\\\/logo\\\/image\\\/\"}},{\"@type\":\"Person\",\"@id\":\"https:\\\/\\\/nld.mirex.gob.do\\\/consular\\\/amsterdam\\\/#\\\/schema\\\/person\\\/772a9951ade6a7e4ab978b618b619ff8\",\"name\":\"Michael Antonio Melo Andujar\",\"image\":{\"@type\":\"ImageObject\",\"inLanguage\":\"en-US\",\"@id\":\"https:\\\/\\\/secure.gravatar.com\\\/avatar\\\/f8862d24b6945a30d30c9727ef9dfcd533ee25a18a27afc92991446aeb0e652d?s=96&d=mm&r=g\",\"url\":\"https:\\\/\\\/secure.gravatar.com\\\/avatar\\\/f8862d24b6945a30d30c9727ef9dfcd533ee25a18a27afc92991446aeb0e652d?s=96&d=mm&r=g\",\"contentUrl\":\"https:\\\/\\\/secure.gravatar.com\\\/avatar\\\/f8862d24b6945a30d30c9727ef9dfcd533ee25a18a27afc92991446aeb0e652d?s=96&d=mm&r=g\",\"caption\":\"Michael Antonio Melo Andujar\"}}]}<\/script>\n<!-- \/ Yoast SEO plugin. -->","yoast_head_json":{"title":"List\u00edn Diario: \u00a1A pintar la historia! - Consulado General de la Rep\u00fablica Dominicana en La Haya, Reino de los Pa\u00edses Bajos","robots":{"index":"index","follow":"follow","max-snippet":"max-snippet:-1","max-image-preview":"max-image-preview:large","max-video-preview":"max-video-preview:-1"},"canonical":"https:\/\/nld.mirex.gob.do\/consular\/amsterdam\/listin-diario-a-pintar-la-historia\/","og_locale":"en_US","og_type":"article","og_title":"List\u00edn Diario: \u00a1A pintar la historia! - Consulado General de la Rep\u00fablica Dominicana en La Haya, Reino de los Pa\u00edses Bajos","og_description":"List\u00edn Diario &#8211; 10 de agosto de 2017 http:\/\/www.listindiario.com\/la-vida\/2017\/08\/10\/477602\/a-pintar-la-historia &nbsp; Santo Domingo El artista pl\u00e1stico Julio Reyes tiene una colorida cita el 18 de este mes a las 6:00 de la tarde en el Sal\u00f3n de Actos del Consulado General de Rep\u00fablica Dominicana en \u00c1msterdam, Pa\u00edses Bajos. El joven pintor dir\u00e1 presente en esa cita [&hellip;]","og_url":"https:\/\/nld.mirex.gob.do\/consular\/amsterdam\/listin-diario-a-pintar-la-historia\/","og_site_name":"Consulado General de la Rep\u00fablica Dominicana en La Haya, Reino de los Pa\u00edses Bajos","article_published_time":"2017-08-16T12:48:08+00:00","author":"Michael Antonio Melo Andujar","twitter_card":"summary_large_image","twitter_misc":{"Written by":"Michael Antonio Melo Andujar","Est. reading time":"2 minutes"},"schema":{"@context":"https:\/\/schema.org","@graph":[{"@type":"Article","@id":"https:\/\/nld.mirex.gob.do\/consular\/amsterdam\/listin-diario-a-pintar-la-historia\/#article","isPartOf":{"@id":"https:\/\/nld.mirex.gob.do\/consular\/amsterdam\/listin-diario-a-pintar-la-historia\/"},"author":{"name":"Michael Antonio Melo Andujar","@id":"https:\/\/nld.mirex.gob.do\/consular\/amsterdam\/#\/schema\/person\/772a9951ade6a7e4ab978b618b619ff8"},"headline":"List\u00edn Diario: \u00a1A pintar la historia!","datePublished":"2017-08-16T12:48:08+00:00","mainEntityOfPage":{"@id":"https:\/\/nld.mirex.gob.do\/consular\/amsterdam\/listin-diario-a-pintar-la-historia\/"},"wordCount":370,"publisher":{"@id":"https:\/\/nld.mirex.gob.do\/consular\/amsterdam\/#organization"},"image":{"@id":"https:\/\/nld.mirex.gob.do\/consular\/amsterdam\/listin-diario-a-pintar-la-historia\/#primaryimage"},"thumbnailUrl":"","keywords":["Cultura","Exposici\u00f3n","Julio Reyes","Pintura"],"articleSection":["Cultura","Novedades"],"inLanguage":"en-US"},{"@type":"WebPage","@id":"https:\/\/nld.mirex.gob.do\/consular\/amsterdam\/listin-diario-a-pintar-la-historia\/","url":"https:\/\/nld.mirex.gob.do\/consular\/amsterdam\/listin-diario-a-pintar-la-historia\/","name":"List\u00edn Diario: \u00a1A pintar la historia! - Consulado General de la Rep\u00fablica Dominicana en La Haya, Reino de los Pa\u00edses Bajos","isPartOf":{"@id":"https:\/\/nld.mirex.gob.do\/consular\/amsterdam\/#website"},"primaryImageOfPage":{"@id":"https:\/\/nld.mirex.gob.do\/consular\/amsterdam\/listin-diario-a-pintar-la-historia\/#primaryimage"},"image":{"@id":"https:\/\/nld.mirex.gob.do\/consular\/amsterdam\/listin-diario-a-pintar-la-historia\/#primaryimage"},"thumbnailUrl":"","datePublished":"2017-08-16T12:48:08+00:00","breadcrumb":{"@id":"https:\/\/nld.mirex.gob.do\/consular\/amsterdam\/listin-diario-a-pintar-la-historia\/#breadcrumb"},"inLanguage":"en-US","potentialAction":[{"@type":"ReadAction","target":["https:\/\/nld.mirex.gob.do\/consular\/amsterdam\/listin-diario-a-pintar-la-historia\/"]}]},{"@type":"ImageObject","inLanguage":"en-US","@id":"https:\/\/nld.mirex.gob.do\/consular\/amsterdam\/listin-diario-a-pintar-la-historia\/#primaryimage","url":"","contentUrl":""},{"@type":"BreadcrumbList","@id":"https:\/\/nld.mirex.gob.do\/consular\/amsterdam\/listin-diario-a-pintar-la-historia\/#breadcrumb","itemListElement":[{"@type":"ListItem","position":1,"name":"Inicio","item":"https:\/\/nld.mirex.gob.do\/consular\/amsterdam\/"},{"@type":"ListItem","position":2,"name":"List\u00edn Diario: \u00a1A pintar la historia!"}]},{"@type":"WebSite","@id":"https:\/\/nld.mirex.gob.do\/consular\/amsterdam\/#website","url":"https:\/\/nld.mirex.gob.do\/consular\/amsterdam\/","name":"Consulado General de la Rep\u00fablica Dominicana en La Haya, Reino de los Pa\u00edses Bajos","description":"","publisher":{"@id":"https:\/\/nld.mirex.gob.do\/consular\/amsterdam\/#organization"},"potentialAction":[{"@type":"SearchAction","target":{"@type":"EntryPoint","urlTemplate":"https:\/\/nld.mirex.gob.do\/consular\/amsterdam\/?s={search_term_string}"},"query-input":{"@type":"PropertyValueSpecification","valueRequired":true,"valueName":"search_term_string"}}],"inLanguage":"en-US"},{"@type":"Organization","@id":"https:\/\/nld.mirex.gob.do\/consular\/amsterdam\/#organization","name":"Consulado General de la Rep\u00fablica Dominicana en La Haya, Reino de los Pa\u00edses Bajos","url":"https:\/\/nld.mirex.gob.do\/consular\/amsterdam\/","logo":{"@type":"ImageObject","inLanguage":"en-US","@id":"https:\/\/nld.mirex.gob.do\/consular\/amsterdam\/#\/schema\/logo\/image\/","url":"https:\/\/nld.mirex.gob.do\/consular\/amsterdam\/wp-content\/uploads\/2024\/04\/cropped-consulado_la_haya_reinode_los_Paises_Bajos.jpg","contentUrl":"https:\/\/nld.mirex.gob.do\/consular\/amsterdam\/wp-content\/uploads\/2024\/04\/cropped-consulado_la_haya_reinode_los_Paises_Bajos.jpg","width":999,"height":407,"caption":"Consulado General de la Rep\u00fablica Dominicana en La Haya, Reino de los Pa\u00edses Bajos"},"image":{"@id":"https:\/\/nld.mirex.gob.do\/consular\/amsterdam\/#\/schema\/logo\/image\/"}},{"@type":"Person","@id":"https:\/\/nld.mirex.gob.do\/consular\/amsterdam\/#\/schema\/person\/772a9951ade6a7e4ab978b618b619ff8","name":"Michael Antonio Melo Andujar","image":{"@type":"ImageObject","inLanguage":"en-US","@id":"https:\/\/secure.gravatar.com\/avatar\/f8862d24b6945a30d30c9727ef9dfcd533ee25a18a27afc92991446aeb0e652d?s=96&d=mm&r=g","url":"https:\/\/secure.gravatar.com\/avatar\/f8862d24b6945a30d30c9727ef9dfcd533ee25a18a27afc92991446aeb0e652d?s=96&d=mm&r=g","contentUrl":"https:\/\/secure.gravatar.com\/avatar\/f8862d24b6945a30d30c9727ef9dfcd533ee25a18a27afc92991446aeb0e652d?s=96&d=mm&r=g","caption":"Michael Antonio Melo Andujar"}}]}},"_links":{"self":[{"href":"https:\/\/nld.mirex.gob.do\/consular\/amsterdam\/wp-json\/wp\/v2\/posts\/2913","targetHints":{"allow":["GET"]}}],"collection":[{"href":"https:\/\/nld.mirex.gob.do\/consular\/amsterdam\/wp-json\/wp\/v2\/posts"}],"about":[{"href":"https:\/\/nld.mirex.gob.do\/consular\/amsterdam\/wp-json\/wp\/v2\/types\/post"}],"author":[{"embeddable":true,"href":"https:\/\/nld.mirex.gob.do\/consular\/amsterdam\/wp-json\/wp\/v2\/users\/8"}],"replies":[{"embeddable":true,"href":"https:\/\/nld.mirex.gob.do\/consular\/amsterdam\/wp-json\/wp\/v2\/comments?post=2913"}],"version-history":[{"count":0,"href":"https:\/\/nld.mirex.gob.do\/consular\/amsterdam\/wp-json\/wp\/v2\/posts\/2913\/revisions"}],"wp:featuredmedia":[{"embeddable":true,"href":"https:\/\/nld.mirex.gob.do\/consular\/amsterdam\/wp-json\/"}],"wp:attachment":[{"href":"https:\/\/nld.mirex.gob.do\/consular\/amsterdam\/wp-json\/wp\/v2\/media?parent=2913"}],"wp:term":[{"taxonomy":"category","embeddable":true,"href":"https:\/\/nld.mirex.gob.do\/consular\/amsterdam\/wp-json\/wp\/v2\/categories?post=2913"},{"taxonomy":"post_tag","embeddable":true,"href":"https:\/\/nld.mirex.gob.do\/consular\/amsterdam\/wp-json\/wp\/v2\/tags?post=2913"}],"curies":[{"name":"wp","href":"https:\/\/api.w.org\/{rel}","templated":true}]}}