{"id":2890,"date":"2017-07-21T07:49:54","date_gmt":"2017-07-21T07:49:54","guid":{"rendered":"https:\/\/www.consuladordholanda.com\/?p=2890"},"modified":"2017-07-21T07:49:54","modified_gmt":"2017-07-21T07:49:54","slug":"creacion-del-premio-internacional-al-emigrante-dominicano-sr-oscar-la-renta","status":"publish","type":"post","link":"https:\/\/nld.mirex.gob.do\/consular\/amsterdam\/creacion-del-premio-internacional-al-emigrante-dominicano-sr-oscar-la-renta\/","title":{"rendered":"Creaci\u00f3n del \u201cPremio Internacional al Emigrante Dominicano Sr. Oscar de la Renta\u201d"},"content":{"rendered":"<p><img fetchpriority=\"high\" decoding=\"async\" class=\"alignnone size-full wp-image-2891\" src=\"https:\/\/www.consuladordholanda.com\/wp-content\/uploads\/2017\/08\/oscar-de-la-renta.png\" alt=\"\" width=\"800\" height=\"600\"><\/p>\n<p>La Canciller\u00eda dominicana y la compa\u00f1\u00eda Oscar de la Renta LLC, anunciaron hoy la creaci\u00f3n del \u201cPremio Internacional al Emigrante Dominicano Sr. Oscar de la Renta\u201d, en honor al fallecido dise\u00f1ador, un \u00edcono de la moda mundial que nunca olvid\u00f3 sus or\u00edgenes.<\/p>\n<p>El galard\u00f3n fue establecido mediante un decreto del Presidente de la Rep\u00fablica , Danilo Medina, y tiene como objetivo celebrar el legado y honrar la memoria del dise\u00f1ador y reconocer a los emigrantes \u201cque se vayan distinguiendo con aportes significativos al pa\u00eds donde residen, contribuyendo a elevar la imagen de la Rep\u00fablica Dominicana\u201d, precis\u00f3 el Canciller dominicano, Miguel Vargas.<\/p>\n<p>\u201cEl nombre del se\u00f1or Oscar de la Renta que se ha dado a este galard\u00f3n es particularmente apropiado, porque este dominicano ejemplar reuni\u00f3 durante su vida profesional todas las cualidades que el Gobierno ha querido resaltar en nuestros conciudadanos que se han asentado en otras naciones\u201d, subray\u00f3 Vargas.<\/p>\n<p><a href=\"https:\/\/www.consuladordholanda.com\/wp-content\/uploads\/2017\/08\/20246107_1425990500822498_595573701641427668_n.jpg\"><img decoding=\"async\" class=\"alignleft size-medium wp-image-2892\" src=\"https:\/\/www.consuladordholanda.com\/wp-content\/uploads\/2017\/08\/20246107_1425990500822498_595573701641427668_n-215x300.jpg\" alt=\"\" width=\"215\" height=\"300\"><\/a>Vargas firm\u00f3 hoy junto a Alexander L. Bolen, director ejecutivo de la compa\u00f1\u00eda Oscar de la Renta, LLC, el acuerdo a trav\u00e9s del cual se crea este premio en memoria del afamado dise\u00f1ador, quien naci\u00f3 el 22 de junio de 1932 en Santo Domingo y falleci\u00f3 el 20 de octubre de 2014 a los 82 a\u00f1os en su casa de Connecticut (Estados Unidos) despu\u00e9s de varios a\u00f1os luchando contra el c\u00e1ncer.<\/p>\n<p>Oscar de la Renta fue para muchos profesionales latinoamericanos, que buscaban su espacio en el mundo de la moda, \u201cun referente exitoso\u201d, dijo el funcionario dominicano.<\/p>\n<p>Y los logros que obtuvo durante su prol\u00edfica carrera \u201cson ya una meta, un sue\u00f1o que otros aspiran alcanzar\u201d, agreg\u00f3.<\/p>\n<p>\u201cSu historia de vida lo muestra como un modelo por excelencia para el prop\u00f3sito esencial con el que se cre\u00f3 este premio: el prop\u00f3sito de motivar a destacarse y a distinguirse a la poblaci\u00f3n dominicana emigrante y a sus descendientes\u201d, subray\u00f3 Vargas.<\/p>\n<p>Vargas repas\u00f3 la vida y obra del fallecido dise\u00f1ador y record\u00f3 que la migraci\u00f3n form\u00f3 parte de su vida, ya que su padre se instal\u00f3 en la Rep\u00fablica Dominicana tras llegar desde su natal Puerto Rico, mientras su abuela materna lleg\u00f3 a esta tierra desde Curazao.<\/p>\n<p>Al principio de su carrera Oscar de la Renta vivi\u00f3 en Madrid, donde trabaj\u00f3 con Crist\u00f3bal Balenciaga, y posteriormente se traslad\u00f3 a Par\u00eds, ciudad en la que trabaj\u00f3 con el espa\u00f1ol Antonio C\u00e1novas del Castillo, dise\u00f1ador de la casa Lanvin.<\/p>\n<p>A finales de los sesenta lleg\u00f3 a Nueva York, donde logr\u00f3 un contrato como dise\u00f1ador de alta costura para Elizabeth Arden.<\/p>\n<p>Se convirti\u00f3 en uno de los modistos m\u00e1s cotizados de Estados Unidos, donde visti\u00f3 a dos primeras damas, Hillary Clinton y Laura Bush, en numerosas ocasiones.<\/p>\n<p>Oscar de la Renta siempre estuvo comprometido con las causas sociales, sobretodo con las dirigidas a la ni\u00f1ez en su natal, Rep\u00fablica Dominicana donde fund\u00f3 el \u201cHogar del ni\u00f1o\u201d, que combina las funciones de centro docente y orfanato.<\/p>\n<p>Para facilitar la participaci\u00f3n de emigraci\u00f3n dominicana, la Canciller\u00eda dispuso que las misiones locales en el exterior y el Instituto del Dominicano en el Exterior, convoquen a organizaciones de la sociedad civil, empresariales, religiosas, instituciones sociales y personas individuales para que propongan a emigrantes que cuenten con los m\u00e9ritos para acceder a esta premiaci\u00f3n.<\/p>\n<p>Se estableci\u00f3 adem\u00e1s que la presentaci\u00f3n de candidatos se haga a trav\u00e9s de un formulario de inscripci\u00f3n, que estar\u00e1 disponible en la p\u00e1gina electr\u00f3nica de la Canciller\u00eda.<\/p>\n","protected":false},"excerpt":{"rendered":"<p>La Canciller\u00eda dominicana y la compa\u00f1\u00eda Oscar de la Renta LLC, anunciaron hoy la creaci\u00f3n del \u201cPremio Internacional al Emigrante Dominicano Sr. Oscar de la Renta\u201d, en honor al fallecido dise\u00f1ador, un \u00edcono de la moda mundial que nunca olvid\u00f3 sus or\u00edgenes. El galard\u00f3n fue establecido mediante un decreto del Presidente de la Rep\u00fablica , [&hellip;]<\/p>\n","protected":false},"author":8,"featured_media":2891,"comment_status":"closed","ping_status":"open","sticky":false,"template":"","format":"standard","meta":{"site-sidebar-layout":"default","site-content-layout":"","ast-site-content-layout":"default","site-content-style":"default","site-sidebar-style":"default","ast-global-header-display":"","ast-banner-title-visibility":"","ast-main-header-display":"","ast-hfb-above-header-display":"","ast-hfb-below-header-display":"","ast-hfb-mobile-header-display":"","site-post-title":"","ast-breadcrumbs-content":"","ast-featured-img":"","footer-sml-layout":"","ast-disable-related-posts":"","theme-transparent-header-meta":"","adv-header-id-meta":"","stick-header-meta":"","header-above-stick-meta":"","header-main-stick-meta":"","header-below-stick-meta":"","astra-migrate-meta-layouts":"default","ast-page-background-enabled":"default","ast-page-background-meta":{"desktop":{"background-color":"","background-image":"","background-repeat":"repeat","background-position":"center center","background-size":"auto","background-attachment":"scroll","background-type":"","background-media":"","overlay-type":"","overlay-color":"","overlay-opacity":"","overlay-gradient":""},"tablet":{"background-color":"","background-image":"","background-repeat":"repeat","background-position":"center center","background-size":"auto","background-attachment":"scroll","background-type":"","background-media":"","overlay-type":"","overlay-color":"","overlay-opacity":"","overlay-gradient":""},"mobile":{"background-color":"","background-image":"","background-repeat":"repeat","background-position":"center center","background-size":"auto","background-attachment":"scroll","background-type":"","background-media":"","overlay-type":"","overlay-color":"","overlay-opacity":"","overlay-gradient":""}},"ast-content-background-meta":{"desktop":{"background-color":"var(--ast-global-color-5)","background-image":"","background-repeat":"repeat","background-position":"center center","background-size":"auto","background-attachment":"scroll","background-type":"","background-media":"","overlay-type":"","overlay-color":"","overlay-opacity":"","overlay-gradient":""},"tablet":{"background-color":"var(--ast-global-color-5)","background-image":"","background-repeat":"repeat","background-position":"center center","background-size":"auto","background-attachment":"scroll","background-type":"","background-media":"","overlay-type":"","overlay-color":"","overlay-opacity":"","overlay-gradient":""},"mobile":{"background-color":"var(--ast-global-color-5)","background-image":"","background-repeat":"repeat","background-position":"center center","background-size":"auto","background-attachment":"scroll","background-type":"","background-media":"","overlay-type":"","overlay-color":"","overlay-opacity":"","overlay-gradient":""}},"footnotes":""},"categories":[66],"tags":[],"class_list":["post-2890","post","type-post","status-publish","format-standard","has-post-thumbnail","hentry","category-novedades"],"yoast_head":"<!-- This site is optimized with the Yoast SEO plugin v27.4 - https:\/\/yoast.com\/product\/yoast-seo-wordpress\/ -->\n<title>Creaci\u00f3n del \u201cPremio Internacional al Emigrante Dominicano Sr. Oscar de la Renta\u201d - Consulado General de la Rep\u00fablica Dominicana en La Haya, Reino de los Pa\u00edses Bajos<\/title>\n<meta name=\"robots\" content=\"index, follow, max-snippet:-1, max-image-preview:large, max-video-preview:-1\" \/>\n<link rel=\"canonical\" href=\"https:\/\/nld.mirex.gob.do\/consular\/amsterdam\/creacion-del-premio-internacional-al-emigrante-dominicano-sr-oscar-la-renta\/\" \/>\n<meta property=\"og:locale\" content=\"en_US\" \/>\n<meta property=\"og:type\" content=\"article\" \/>\n<meta property=\"og:title\" content=\"Creaci\u00f3n del \u201cPremio Internacional al Emigrante Dominicano Sr. Oscar de la Renta\u201d - Consulado General de la Rep\u00fablica Dominicana en La Haya, Reino de los Pa\u00edses Bajos\" \/>\n<meta property=\"og:description\" content=\"La Canciller\u00eda dominicana y la compa\u00f1\u00eda Oscar de la Renta LLC, anunciaron hoy la creaci\u00f3n del \u201cPremio Internacional al Emigrante Dominicano Sr. Oscar de la Renta\u201d, en honor al fallecido dise\u00f1ador, un \u00edcono de la moda mundial que nunca olvid\u00f3 sus or\u00edgenes. El galard\u00f3n fue establecido mediante un decreto del Presidente de la Rep\u00fablica , [&hellip;]\" \/>\n<meta property=\"og:url\" content=\"https:\/\/nld.mirex.gob.do\/consular\/amsterdam\/creacion-del-premio-internacional-al-emigrante-dominicano-sr-oscar-la-renta\/\" \/>\n<meta property=\"og:site_name\" content=\"Consulado General de la Rep\u00fablica Dominicana en La Haya, Reino de los Pa\u00edses Bajos\" \/>\n<meta property=\"article:published_time\" content=\"2017-07-21T07:49:54+00:00\" \/>\n<meta name=\"author\" content=\"Michael Antonio Melo Andujar\" \/>\n<meta name=\"twitter:card\" content=\"summary_large_image\" \/>\n<meta name=\"twitter:label1\" content=\"Written by\" \/>\n\t<meta name=\"twitter:data1\" content=\"Michael Antonio Melo Andujar\" \/>\n\t<meta name=\"twitter:label2\" content=\"Est. reading time\" \/>\n\t<meta name=\"twitter:data2\" content=\"3 minutes\" \/>\n<script type=\"application\/ld+json\" class=\"yoast-schema-graph\">{\"@context\":\"https:\\\/\\\/schema.org\",\"@graph\":[{\"@type\":\"Article\",\"@id\":\"https:\\\/\\\/nld.mirex.gob.do\\\/consular\\\/amsterdam\\\/creacion-del-premio-internacional-al-emigrante-dominicano-sr-oscar-la-renta\\\/#article\",\"isPartOf\":{\"@id\":\"https:\\\/\\\/nld.mirex.gob.do\\\/consular\\\/amsterdam\\\/creacion-del-premio-internacional-al-emigrante-dominicano-sr-oscar-la-renta\\\/\"},\"author\":{\"name\":\"Michael Antonio Melo Andujar\",\"@id\":\"https:\\\/\\\/nld.mirex.gob.do\\\/consular\\\/amsterdam\\\/#\\\/schema\\\/person\\\/772a9951ade6a7e4ab978b618b619ff8\"},\"headline\":\"Creaci\u00f3n del \u201cPremio Internacional al Emigrante Dominicano Sr. Oscar de la Renta\u201d\",\"datePublished\":\"2017-07-21T07:49:54+00:00\",\"mainEntityOfPage\":{\"@id\":\"https:\\\/\\\/nld.mirex.gob.do\\\/consular\\\/amsterdam\\\/creacion-del-premio-internacional-al-emigrante-dominicano-sr-oscar-la-renta\\\/\"},\"wordCount\":616,\"publisher\":{\"@id\":\"https:\\\/\\\/nld.mirex.gob.do\\\/consular\\\/amsterdam\\\/#organization\"},\"image\":{\"@id\":\"https:\\\/\\\/nld.mirex.gob.do\\\/consular\\\/amsterdam\\\/creacion-del-premio-internacional-al-emigrante-dominicano-sr-oscar-la-renta\\\/#primaryimage\"},\"thumbnailUrl\":\"\",\"articleSection\":[\"Novedades\"],\"inLanguage\":\"en-US\"},{\"@type\":\"WebPage\",\"@id\":\"https:\\\/\\\/nld.mirex.gob.do\\\/consular\\\/amsterdam\\\/creacion-del-premio-internacional-al-emigrante-dominicano-sr-oscar-la-renta\\\/\",\"url\":\"https:\\\/\\\/nld.mirex.gob.do\\\/consular\\\/amsterdam\\\/creacion-del-premio-internacional-al-emigrante-dominicano-sr-oscar-la-renta\\\/\",\"name\":\"Creaci\u00f3n del \u201cPremio Internacional al Emigrante Dominicano Sr. Oscar de la Renta\u201d - Consulado General de la Rep\u00fablica Dominicana en La Haya, Reino de los Pa\u00edses Bajos\",\"isPartOf\":{\"@id\":\"https:\\\/\\\/nld.mirex.gob.do\\\/consular\\\/amsterdam\\\/#website\"},\"primaryImageOfPage\":{\"@id\":\"https:\\\/\\\/nld.mirex.gob.do\\\/consular\\\/amsterdam\\\/creacion-del-premio-internacional-al-emigrante-dominicano-sr-oscar-la-renta\\\/#primaryimage\"},\"image\":{\"@id\":\"https:\\\/\\\/nld.mirex.gob.do\\\/consular\\\/amsterdam\\\/creacion-del-premio-internacional-al-emigrante-dominicano-sr-oscar-la-renta\\\/#primaryimage\"},\"thumbnailUrl\":\"\",\"datePublished\":\"2017-07-21T07:49:54+00:00\",\"breadcrumb\":{\"@id\":\"https:\\\/\\\/nld.mirex.gob.do\\\/consular\\\/amsterdam\\\/creacion-del-premio-internacional-al-emigrante-dominicano-sr-oscar-la-renta\\\/#breadcrumb\"},\"inLanguage\":\"en-US\",\"potentialAction\":[{\"@type\":\"ReadAction\",\"target\":[\"https:\\\/\\\/nld.mirex.gob.do\\\/consular\\\/amsterdam\\\/creacion-del-premio-internacional-al-emigrante-dominicano-sr-oscar-la-renta\\\/\"]}]},{\"@type\":\"ImageObject\",\"inLanguage\":\"en-US\",\"@id\":\"https:\\\/\\\/nld.mirex.gob.do\\\/consular\\\/amsterdam\\\/creacion-del-premio-internacional-al-emigrante-dominicano-sr-oscar-la-renta\\\/#primaryimage\",\"url\":\"\",\"contentUrl\":\"\"},{\"@type\":\"BreadcrumbList\",\"@id\":\"https:\\\/\\\/nld.mirex.gob.do\\\/consular\\\/amsterdam\\\/creacion-del-premio-internacional-al-emigrante-dominicano-sr-oscar-la-renta\\\/#breadcrumb\",\"itemListElement\":[{\"@type\":\"ListItem\",\"position\":1,\"name\":\"Inicio\",\"item\":\"https:\\\/\\\/nld.mirex.gob.do\\\/consular\\\/amsterdam\\\/\"},{\"@type\":\"ListItem\",\"position\":2,\"name\":\"Creaci\u00f3n del \u201cPremio Internacional al Emigrante Dominicano Sr. Oscar de la Renta\u201d\"}]},{\"@type\":\"WebSite\",\"@id\":\"https:\\\/\\\/nld.mirex.gob.do\\\/consular\\\/amsterdam\\\/#website\",\"url\":\"https:\\\/\\\/nld.mirex.gob.do\\\/consular\\\/amsterdam\\\/\",\"name\":\"Consulado General de la Rep\u00fablica Dominicana en La Haya, Reino de los Pa\u00edses Bajos\",\"description\":\"\",\"publisher\":{\"@id\":\"https:\\\/\\\/nld.mirex.gob.do\\\/consular\\\/amsterdam\\\/#organization\"},\"potentialAction\":[{\"@type\":\"SearchAction\",\"target\":{\"@type\":\"EntryPoint\",\"urlTemplate\":\"https:\\\/\\\/nld.mirex.gob.do\\\/consular\\\/amsterdam\\\/?s={search_term_string}\"},\"query-input\":{\"@type\":\"PropertyValueSpecification\",\"valueRequired\":true,\"valueName\":\"search_term_string\"}}],\"inLanguage\":\"en-US\"},{\"@type\":\"Organization\",\"@id\":\"https:\\\/\\\/nld.mirex.gob.do\\\/consular\\\/amsterdam\\\/#organization\",\"name\":\"Consulado General de la Rep\u00fablica Dominicana en La Haya, Reino de los Pa\u00edses Bajos\",\"url\":\"https:\\\/\\\/nld.mirex.gob.do\\\/consular\\\/amsterdam\\\/\",\"logo\":{\"@type\":\"ImageObject\",\"inLanguage\":\"en-US\",\"@id\":\"https:\\\/\\\/nld.mirex.gob.do\\\/consular\\\/amsterdam\\\/#\\\/schema\\\/logo\\\/image\\\/\",\"url\":\"https:\\\/\\\/nld.mirex.gob.do\\\/consular\\\/amsterdam\\\/wp-content\\\/uploads\\\/2024\\\/04\\\/cropped-consulado_la_haya_reinode_los_Paises_Bajos.jpg\",\"contentUrl\":\"https:\\\/\\\/nld.mirex.gob.do\\\/consular\\\/amsterdam\\\/wp-content\\\/uploads\\\/2024\\\/04\\\/cropped-consulado_la_haya_reinode_los_Paises_Bajos.jpg\",\"width\":999,\"height\":407,\"caption\":\"Consulado General de la Rep\u00fablica Dominicana en La Haya, Reino de los Pa\u00edses Bajos\"},\"image\":{\"@id\":\"https:\\\/\\\/nld.mirex.gob.do\\\/consular\\\/amsterdam\\\/#\\\/schema\\\/logo\\\/image\\\/\"}},{\"@type\":\"Person\",\"@id\":\"https:\\\/\\\/nld.mirex.gob.do\\\/consular\\\/amsterdam\\\/#\\\/schema\\\/person\\\/772a9951ade6a7e4ab978b618b619ff8\",\"name\":\"Michael Antonio Melo Andujar\",\"image\":{\"@type\":\"ImageObject\",\"inLanguage\":\"en-US\",\"@id\":\"https:\\\/\\\/secure.gravatar.com\\\/avatar\\\/f8862d24b6945a30d30c9727ef9dfcd533ee25a18a27afc92991446aeb0e652d?s=96&d=mm&r=g\",\"url\":\"https:\\\/\\\/secure.gravatar.com\\\/avatar\\\/f8862d24b6945a30d30c9727ef9dfcd533ee25a18a27afc92991446aeb0e652d?s=96&d=mm&r=g\",\"contentUrl\":\"https:\\\/\\\/secure.gravatar.com\\\/avatar\\\/f8862d24b6945a30d30c9727ef9dfcd533ee25a18a27afc92991446aeb0e652d?s=96&d=mm&r=g\",\"caption\":\"Michael Antonio Melo Andujar\"}}]}<\/script>\n<!-- \/ Yoast SEO plugin. -->","yoast_head_json":{"title":"Creaci\u00f3n del \u201cPremio Internacional al Emigrante Dominicano Sr. Oscar de la Renta\u201d - Consulado General de la Rep\u00fablica Dominicana en La Haya, Reino de los Pa\u00edses Bajos","robots":{"index":"index","follow":"follow","max-snippet":"max-snippet:-1","max-image-preview":"max-image-preview:large","max-video-preview":"max-video-preview:-1"},"canonical":"https:\/\/nld.mirex.gob.do\/consular\/amsterdam\/creacion-del-premio-internacional-al-emigrante-dominicano-sr-oscar-la-renta\/","og_locale":"en_US","og_type":"article","og_title":"Creaci\u00f3n del \u201cPremio Internacional al Emigrante Dominicano Sr. Oscar de la Renta\u201d - Consulado General de la Rep\u00fablica Dominicana en La Haya, Reino de los Pa\u00edses Bajos","og_description":"La Canciller\u00eda dominicana y la compa\u00f1\u00eda Oscar de la Renta LLC, anunciaron hoy la creaci\u00f3n del \u201cPremio Internacional al Emigrante Dominicano Sr. Oscar de la Renta\u201d, en honor al fallecido dise\u00f1ador, un \u00edcono de la moda mundial que nunca olvid\u00f3 sus or\u00edgenes. El galard\u00f3n fue establecido mediante un decreto del Presidente de la Rep\u00fablica , [&hellip;]","og_url":"https:\/\/nld.mirex.gob.do\/consular\/amsterdam\/creacion-del-premio-internacional-al-emigrante-dominicano-sr-oscar-la-renta\/","og_site_name":"Consulado General de la Rep\u00fablica Dominicana en La Haya, Reino de los Pa\u00edses Bajos","article_published_time":"2017-07-21T07:49:54+00:00","author":"Michael Antonio Melo Andujar","twitter_card":"summary_large_image","twitter_misc":{"Written by":"Michael Antonio Melo Andujar","Est. reading time":"3 minutes"},"schema":{"@context":"https:\/\/schema.org","@graph":[{"@type":"Article","@id":"https:\/\/nld.mirex.gob.do\/consular\/amsterdam\/creacion-del-premio-internacional-al-emigrante-dominicano-sr-oscar-la-renta\/#article","isPartOf":{"@id":"https:\/\/nld.mirex.gob.do\/consular\/amsterdam\/creacion-del-premio-internacional-al-emigrante-dominicano-sr-oscar-la-renta\/"},"author":{"name":"Michael Antonio Melo Andujar","@id":"https:\/\/nld.mirex.gob.do\/consular\/amsterdam\/#\/schema\/person\/772a9951ade6a7e4ab978b618b619ff8"},"headline":"Creaci\u00f3n del \u201cPremio Internacional al Emigrante Dominicano Sr. Oscar de la Renta\u201d","datePublished":"2017-07-21T07:49:54+00:00","mainEntityOfPage":{"@id":"https:\/\/nld.mirex.gob.do\/consular\/amsterdam\/creacion-del-premio-internacional-al-emigrante-dominicano-sr-oscar-la-renta\/"},"wordCount":616,"publisher":{"@id":"https:\/\/nld.mirex.gob.do\/consular\/amsterdam\/#organization"},"image":{"@id":"https:\/\/nld.mirex.gob.do\/consular\/amsterdam\/creacion-del-premio-internacional-al-emigrante-dominicano-sr-oscar-la-renta\/#primaryimage"},"thumbnailUrl":"","articleSection":["Novedades"],"inLanguage":"en-US"},{"@type":"WebPage","@id":"https:\/\/nld.mirex.gob.do\/consular\/amsterdam\/creacion-del-premio-internacional-al-emigrante-dominicano-sr-oscar-la-renta\/","url":"https:\/\/nld.mirex.gob.do\/consular\/amsterdam\/creacion-del-premio-internacional-al-emigrante-dominicano-sr-oscar-la-renta\/","name":"Creaci\u00f3n del \u201cPremio Internacional al Emigrante Dominicano Sr. Oscar de la Renta\u201d - Consulado General de la Rep\u00fablica Dominicana en La Haya, Reino de los Pa\u00edses Bajos","isPartOf":{"@id":"https:\/\/nld.mirex.gob.do\/consular\/amsterdam\/#website"},"primaryImageOfPage":{"@id":"https:\/\/nld.mirex.gob.do\/consular\/amsterdam\/creacion-del-premio-internacional-al-emigrante-dominicano-sr-oscar-la-renta\/#primaryimage"},"image":{"@id":"https:\/\/nld.mirex.gob.do\/consular\/amsterdam\/creacion-del-premio-internacional-al-emigrante-dominicano-sr-oscar-la-renta\/#primaryimage"},"thumbnailUrl":"","datePublished":"2017-07-21T07:49:54+00:00","breadcrumb":{"@id":"https:\/\/nld.mirex.gob.do\/consular\/amsterdam\/creacion-del-premio-internacional-al-emigrante-dominicano-sr-oscar-la-renta\/#breadcrumb"},"inLanguage":"en-US","potentialAction":[{"@type":"ReadAction","target":["https:\/\/nld.mirex.gob.do\/consular\/amsterdam\/creacion-del-premio-internacional-al-emigrante-dominicano-sr-oscar-la-renta\/"]}]},{"@type":"ImageObject","inLanguage":"en-US","@id":"https:\/\/nld.mirex.gob.do\/consular\/amsterdam\/creacion-del-premio-internacional-al-emigrante-dominicano-sr-oscar-la-renta\/#primaryimage","url":"","contentUrl":""},{"@type":"BreadcrumbList","@id":"https:\/\/nld.mirex.gob.do\/consular\/amsterdam\/creacion-del-premio-internacional-al-emigrante-dominicano-sr-oscar-la-renta\/#breadcrumb","itemListElement":[{"@type":"ListItem","position":1,"name":"Inicio","item":"https:\/\/nld.mirex.gob.do\/consular\/amsterdam\/"},{"@type":"ListItem","position":2,"name":"Creaci\u00f3n del \u201cPremio Internacional al Emigrante Dominicano Sr. Oscar de la Renta\u201d"}]},{"@type":"WebSite","@id":"https:\/\/nld.mirex.gob.do\/consular\/amsterdam\/#website","url":"https:\/\/nld.mirex.gob.do\/consular\/amsterdam\/","name":"Consulado General de la Rep\u00fablica Dominicana en La Haya, Reino de los Pa\u00edses Bajos","description":"","publisher":{"@id":"https:\/\/nld.mirex.gob.do\/consular\/amsterdam\/#organization"},"potentialAction":[{"@type":"SearchAction","target":{"@type":"EntryPoint","urlTemplate":"https:\/\/nld.mirex.gob.do\/consular\/amsterdam\/?s={search_term_string}"},"query-input":{"@type":"PropertyValueSpecification","valueRequired":true,"valueName":"search_term_string"}}],"inLanguage":"en-US"},{"@type":"Organization","@id":"https:\/\/nld.mirex.gob.do\/consular\/amsterdam\/#organization","name":"Consulado General de la Rep\u00fablica Dominicana en La Haya, Reino de los Pa\u00edses Bajos","url":"https:\/\/nld.mirex.gob.do\/consular\/amsterdam\/","logo":{"@type":"ImageObject","inLanguage":"en-US","@id":"https:\/\/nld.mirex.gob.do\/consular\/amsterdam\/#\/schema\/logo\/image\/","url":"https:\/\/nld.mirex.gob.do\/consular\/amsterdam\/wp-content\/uploads\/2024\/04\/cropped-consulado_la_haya_reinode_los_Paises_Bajos.jpg","contentUrl":"https:\/\/nld.mirex.gob.do\/consular\/amsterdam\/wp-content\/uploads\/2024\/04\/cropped-consulado_la_haya_reinode_los_Paises_Bajos.jpg","width":999,"height":407,"caption":"Consulado General de la Rep\u00fablica Dominicana en La Haya, Reino de los Pa\u00edses Bajos"},"image":{"@id":"https:\/\/nld.mirex.gob.do\/consular\/amsterdam\/#\/schema\/logo\/image\/"}},{"@type":"Person","@id":"https:\/\/nld.mirex.gob.do\/consular\/amsterdam\/#\/schema\/person\/772a9951ade6a7e4ab978b618b619ff8","name":"Michael Antonio Melo Andujar","image":{"@type":"ImageObject","inLanguage":"en-US","@id":"https:\/\/secure.gravatar.com\/avatar\/f8862d24b6945a30d30c9727ef9dfcd533ee25a18a27afc92991446aeb0e652d?s=96&d=mm&r=g","url":"https:\/\/secure.gravatar.com\/avatar\/f8862d24b6945a30d30c9727ef9dfcd533ee25a18a27afc92991446aeb0e652d?s=96&d=mm&r=g","contentUrl":"https:\/\/secure.gravatar.com\/avatar\/f8862d24b6945a30d30c9727ef9dfcd533ee25a18a27afc92991446aeb0e652d?s=96&d=mm&r=g","caption":"Michael Antonio Melo Andujar"}}]}},"_links":{"self":[{"href":"https:\/\/nld.mirex.gob.do\/consular\/amsterdam\/wp-json\/wp\/v2\/posts\/2890","targetHints":{"allow":["GET"]}}],"collection":[{"href":"https:\/\/nld.mirex.gob.do\/consular\/amsterdam\/wp-json\/wp\/v2\/posts"}],"about":[{"href":"https:\/\/nld.mirex.gob.do\/consular\/amsterdam\/wp-json\/wp\/v2\/types\/post"}],"author":[{"embeddable":true,"href":"https:\/\/nld.mirex.gob.do\/consular\/amsterdam\/wp-json\/wp\/v2\/users\/8"}],"replies":[{"embeddable":true,"href":"https:\/\/nld.mirex.gob.do\/consular\/amsterdam\/wp-json\/wp\/v2\/comments?post=2890"}],"version-history":[{"count":0,"href":"https:\/\/nld.mirex.gob.do\/consular\/amsterdam\/wp-json\/wp\/v2\/posts\/2890\/revisions"}],"wp:featuredmedia":[{"embeddable":true,"href":"https:\/\/nld.mirex.gob.do\/consular\/amsterdam\/wp-json\/"}],"wp:attachment":[{"href":"https:\/\/nld.mirex.gob.do\/consular\/amsterdam\/wp-json\/wp\/v2\/media?parent=2890"}],"wp:term":[{"taxonomy":"category","embeddable":true,"href":"https:\/\/nld.mirex.gob.do\/consular\/amsterdam\/wp-json\/wp\/v2\/categories?post=2890"},{"taxonomy":"post_tag","embeddable":true,"href":"https:\/\/nld.mirex.gob.do\/consular\/amsterdam\/wp-json\/wp\/v2\/tags?post=2890"}],"curies":[{"name":"wp","href":"https:\/\/api.w.org\/{rel}","templated":true}]}}