{"id":2886,"date":"2017-08-08T07:46:00","date_gmt":"2017-08-08T07:46:00","guid":{"rendered":"https:\/\/www.consuladordholanda.com\/?p=2886"},"modified":"2017-08-08T07:46:00","modified_gmt":"2017-08-08T07:46:00","slug":"cei-trabaja-propuesta-fomento-las-exportaciones","status":"publish","type":"post","link":"https:\/\/nld.mirex.gob.do\/consular\/amsterdam\/cei-trabaja-propuesta-fomento-las-exportaciones\/","title":{"rendered":"CEI trabaja propuesta fomento a las exportaciones"},"content":{"rendered":"<h5 id=\"ArticlePostTitleDiv\" class=\"art_postitulo\">El sector privado dispone de RD$6,000 millones para inversi\u00f3n y exportaci\u00f3n (RD$1,500 MM v\u00eda el Bandex y RD$4,500 del encaje legal bancario), recuerda el director del CEI-RD, Luis Henry Molina.<\/h5>\n<div class=\"ast-oembed-container \" style=\"height: 100%;\"><iframe title=\"CEI trabaja propuesta fomento a las exportaciones\" width=\"500\" height=\"281\" src=\"https:\/\/www.youtube.com\/embed\/N_fNswoOwFs?feature=oembed\" frameborder=\"0\" allow=\"accelerometer; autoplay; clipboard-write; encrypted-media; gyroscope; picture-in-picture; web-share\" referrerpolicy=\"strict-origin-when-cross-origin\" allowfullscreen><\/iframe><\/div>\n<p>El Gobierno dominicano ha puesto a disposici\u00f3n del sector privado recursos para dinamizar la econom\u00eda y el cr\u00e9dito al sector privado, con las m\u00e1s recientes medidas adoptadas por la Junta Monetaria.<\/p>\n<p>De forma paralela, se trabaja en una primera propuesta para impulsar el Plan de Fomento a las Exportaciones, afirm\u00f3 el director del Centro de Exportaci\u00f3n e Inversi\u00f3n (CEI-RD); Luis Henry Molina.<\/p>\n<p>Durante una entrevista para LIST\u00cdN DIARIO, Molina explic\u00f3 que esa propuesta para desarrollar ese plan ser\u00e1 elaborada a trav\u00e9s del Ministerio de Industria y Comercio y Mipymes, bajo la coordinaci\u00f3n de la economista Magdalena Lizardo, en aras de llevar el mensaje de que hay una pol\u00edtica estatal coordinada para facilitar las exportaciones y elevar la Marca Pa\u00eds de Rep\u00fablica Dominicana en los mercados internacionales.<\/p>\n<p>Mediante ese plan, que manda la Estrategia Nacional de Desarrollo, se podr\u00e1 determinar cu\u00e1les sectores, productos y hacia cu\u00e1les mercados ir, adem\u00e1s de c\u00f3mo deber\u00e1 enfocarse la producci\u00f3n industrial y la agr\u00edcola, y la elaboraci\u00f3n de bienes y servicios, dijo.<\/p>\n<p>En ese aspecto, record\u00f3 que el Banco Nacional de Exportaciones (Bandex) dispone de RD$1,500 millones; y las \u00faltimas medidas adoptadas por la Junta Monetaria han liberalizado RD$4,500 millones para el sector exportador del total de los RD$23,423 millones anunciados recientemente por el Banco Central.<\/p>\n<p>El funcionario asegur\u00f3 que el pa\u00eds est\u00e1 \u201cen un excelente momento\u201d y todo depende del cristal como se mire, en respuesta a que las exportaciones han sido poco din\u00e1micas por factores externos e internos y explic\u00f3 que el hecho de que las importaciones hayan aumentado m\u00e1s quiere decir que se est\u00e1n adquiriendo m\u00e1s insumos para la elaboraci\u00f3n de bienes, incluso industrializados. Puso de ejemplo que la empresa de cacao Rizek ha pasado a ser una agroindustria que elabora chocolates con un \u201ccacao \u00e9tico\u201d que se vende en varios mercados tan exigentes como el de Jap\u00f3n, \u201cy eso es un gran avance para nuestro pa\u00eds\u201d.<\/p>\n<p>Adem\u00e1s, el ron dominicano pas\u00f3 hacia la industrializaci\u00f3n y est\u00e1 en muchos mercados del exterior, y del cual derivados como el bagazo de la ca\u00f1a se est\u00e1 usando como biomasa para la generaci\u00f3n de energ\u00eda; y ya no es el ron artesanal de antes.<\/p>\n<p>El tabaco dominicano ocupa los primeros lugares, llevando al pa\u00eds a ser l\u00edder mundial en cigarros hechos a mano, los cuales deber\u00e1n ser encadenados a la marca destino de la industria del turismo que con su eslogan \u201cRep\u00fablica Dominicana lo tiene todo\u201d, ha creado una Marca- Pa\u00eds. Esto har\u00e1, agrega, que cuando las personas piensen en cacao, en ron, tabaco, piensen en Rep\u00fablica Dominicana, cuya labor debe ser hecha por todos y se trabaja en la facilitaci\u00f3n de permisos y la eliminaci\u00f3n de trabas.<\/p>\n<p><strong>Estrategia<\/strong><br \/>\nMolina enfatiza que la estrategia estatal se ha centrado en la atracci\u00f3n de inversi\u00f3n y el fomento a las exportaciones y para ello hay un proceso de facilitaci\u00f3n tanto en el CEI-RD en cuanto a la ventanilla \u00fanica de inversi\u00f3n, como en Aduanas, con la ventanilla \u00fanica de comercio exterior. En el pa\u00eds, seg\u00fan dijo, hay un importante avance en la industrializaci\u00f3n de bienes, que se ve con el aumento de las importaciones de insumos; pero tambi\u00e9n con la pol\u00edtica gubernamental de invertir en el campo. En ese contexto puso de ejemplo que la ropa que usa se elabora en el pa\u00eds y es de gran calidad; y el hecho de que un producto del agro como la pitahaya est\u00e1 siendo exportada y ha comenzado a escasear.<\/p>\n<div id=\"FIOnDemandWrapper_fiInstance_101888_7_7757967\" class=\"FIOnDemandWrapper\">\n<div class=\"apd_static_banner \"><ins class=\"adsbygoogle\" data-ad-client=\"ca-pub-3622156405313063\" data-ad-slot=\"c4fc8e3.01bb865\" data-adsbygoogle-status=\"done\"><ins id=\"aswift_2_expand\"><ins id=\"aswift_2_anchor\"><iframe id=\"aswift_2\" name=\"aswift_2\" marginwidth=\"0\" marginheight=\"0\" scrolling=\"no\" allowfullscreen=\"allowfullscreen\" data-mce-fragment=\"1\" width=\"336\" height=\"280\" frameborder=\"0\"><\/iframe><\/ins><\/ins><\/ins><\/div>\n<\/div>\n<p>De igual modo, en el proceso de la industrializaci\u00f3n del pl\u00e1stico y de la industria de qu\u00edmicos y dispositivos m\u00e9dicos y medicamentos.<\/p>\n<p>Cit\u00f3 el caso de una empresa ubicada en San Crist\u00f3bal que ha desarrollado una tecnolog\u00eda que permite mantener por 45 d\u00edas los pl\u00e1tanos pelados sin necesidad de refrigerarlos y est\u00e1 comprando todos los pl\u00e1tanos que puede con fines de exportaci\u00f3n. Otro inversionista est\u00e1 comprando todo el buenpan (casta\u00f1as) que puede para exportar a EE.UU. y Puerto Rico.<\/p>\n<p><strong>LAS RECOMENDACIONES DEL BID SE TRABAJAN<\/strong><br \/>\n<a href=\"https:\/\/www.consuladordholanda.com\/wp-content\/uploads\/2017\/08\/cei-trabaja-propuesta-fomento-a-las-exportaciones.jpeg\"><img fetchpriority=\"high\" decoding=\"async\" class=\"size-medium wp-image-2887 alignleft\" src=\"https:\/\/www.consuladordholanda.com\/wp-content\/uploads\/2017\/08\/cei-trabaja-propuesta-fomento-a-las-exportaciones-300x200.jpeg\" alt=\"\" width=\"300\" height=\"200\"><\/a>Luis Henry Molina recalca que el Gobierno a trav\u00e9s del Consejo Directivo del CEI-RD y la mesa de trabajo, junto con el Ministerio de Administrativo de la Presidencia est\u00e1 facilitando todos los procesos, a fin de lograr que en 15 a\u00f1os las exportaciones del pa\u00eds aumenten en un 50%, con relaci\u00f3n al nivel de ahora.<\/p>\n<p>Para ello, agreg\u00f3, se est\u00e1 tomando en cuenta todas las recomendaciones hechas por el Banco Interamericano de Desarrollo (BID) en su estudio m\u00e1s reciente \u201cPromover las exportaciones para mejorar la calidad de vida, elabora por expertos para el BID, la Asociaci\u00f3n Dominicana de Exportadores (Adoexpo); y el CEI-RD, con la finalidad de tener un diagn\u00f3stico.<\/p>\n<p><img decoding=\"async\" class=\"alignnone size-full wp-image-2888\" src=\"https:\/\/www.consuladordholanda.com\/wp-content\/uploads\/2017\/08\/201708062328582.png\" alt=\"\" width=\"523\" height=\"460\"><\/p>\n<p>Molina sostuvo que al comparar el primer trimestre de 2016 con el de 2017 se observa un aumento de las exportaciones, ya que en enero marzo del a\u00f1os anterior el crecimiento fue de 0.5% y en el de este 2017 cerr\u00f3 en 5%, especialmente en comercializaci\u00f3n de az\u00facar, exportaciones mineras y producci\u00f3n agr\u00edcola.<\/p>\n<p>\u201cNunca antes se hab\u00edan puesto de acuerdo tanto el sector p\u00fablico como el privado, las distintas asociaciones empresariales. Y nunca se hab\u00edan creado tantos mecanismos de apoyo al sector exportador ni se hab\u00edan creado tantas facilidades para la atracci\u00f3n de inversiones.<\/p>\n<p>Solo basta ver lo que ha estado pasando en las \u00faltimas semanas\u201d, afirm\u00f3.<\/p>\n<p>Recuerda que ante el almuerzo de la Adoexpo el ministro Administrativo de la Presidencia, Jos\u00e9 Ram\u00f3n Peralta, estableci\u00f3 la pol\u00edtica del Gobierno de apoyar las exportaciones, priorizando un primer momento hacia el Caribe y para ello se cre\u00f3 ya una comisi\u00f3n con esos fines.<\/p>\n","protected":false},"excerpt":{"rendered":"<p>El sector privado dispone de RD$6,000 millones para inversi\u00f3n y exportaci\u00f3n (RD$1,500 MM v\u00eda el Bandex y RD$4,500 del encaje legal bancario), recuerda el director del CEI-RD, Luis Henry Molina. El Gobierno dominicano ha puesto a disposici\u00f3n del sector privado recursos para dinamizar la econom\u00eda y el cr\u00e9dito al sector privado, con las m\u00e1s recientes [&hellip;]<\/p>\n","protected":false},"author":8,"featured_media":2887,"comment_status":"closed","ping_status":"open","sticky":false,"template":"","format":"standard","meta":{"site-sidebar-layout":"default","site-content-layout":"","ast-site-content-layout":"default","site-content-style":"default","site-sidebar-style":"default","ast-global-header-display":"","ast-banner-title-visibility":"","ast-main-header-display":"","ast-hfb-above-header-display":"","ast-hfb-below-header-display":"","ast-hfb-mobile-header-display":"","site-post-title":"","ast-breadcrumbs-content":"","ast-featured-img":"","footer-sml-layout":"","ast-disable-related-posts":"","theme-transparent-header-meta":"","adv-header-id-meta":"","stick-header-meta":"","header-above-stick-meta":"","header-main-stick-meta":"","header-below-stick-meta":"","astra-migrate-meta-layouts":"default","ast-page-background-enabled":"default","ast-page-background-meta":{"desktop":{"background-color":"","background-image":"","background-repeat":"repeat","background-position":"center center","background-size":"auto","background-attachment":"scroll","background-type":"","background-media":"","overlay-type":"","overlay-color":"","overlay-opacity":"","overlay-gradient":""},"tablet":{"background-color":"","background-image":"","background-repeat":"repeat","background-position":"center center","background-size":"auto","background-attachment":"scroll","background-type":"","background-media":"","overlay-type":"","overlay-color":"","overlay-opacity":"","overlay-gradient":""},"mobile":{"background-color":"","background-image":"","background-repeat":"repeat","background-position":"center center","background-size":"auto","background-attachment":"scroll","background-type":"","background-media":"","overlay-type":"","overlay-color":"","overlay-opacity":"","overlay-gradient":""}},"ast-content-background-meta":{"desktop":{"background-color":"var(--ast-global-color-5)","background-image":"","background-repeat":"repeat","background-position":"center center","background-size":"auto","background-attachment":"scroll","background-type":"","background-media":"","overlay-type":"","overlay-color":"","overlay-opacity":"","overlay-gradient":""},"tablet":{"background-color":"var(--ast-global-color-5)","background-image":"","background-repeat":"repeat","background-position":"center center","background-size":"auto","background-attachment":"scroll","background-type":"","background-media":"","overlay-type":"","overlay-color":"","overlay-opacity":"","overlay-gradient":""},"mobile":{"background-color":"var(--ast-global-color-5)","background-image":"","background-repeat":"repeat","background-position":"center center","background-size":"auto","background-attachment":"scroll","background-type":"","background-media":"","overlay-type":"","overlay-color":"","overlay-opacity":"","overlay-gradient":""}},"footnotes":""},"categories":[51,66],"tags":[],"class_list":["post-2886","post","type-post","status-publish","format-standard","has-post-thumbnail","hentry","category-invertir","category-novedades"],"yoast_head":"<!-- This site is optimized with the Yoast SEO plugin v27.4 - https:\/\/yoast.com\/product\/yoast-seo-wordpress\/ -->\n<title>CEI trabaja propuesta fomento a las exportaciones - Consulado General de la Rep\u00fablica Dominicana en La Haya, Reino de los Pa\u00edses Bajos<\/title>\n<meta name=\"robots\" content=\"index, follow, max-snippet:-1, max-image-preview:large, max-video-preview:-1\" \/>\n<link rel=\"canonical\" href=\"https:\/\/nld.mirex.gob.do\/consular\/amsterdam\/cei-trabaja-propuesta-fomento-las-exportaciones\/\" \/>\n<meta property=\"og:locale\" content=\"en_US\" \/>\n<meta property=\"og:type\" content=\"article\" \/>\n<meta property=\"og:title\" content=\"CEI trabaja propuesta fomento a las exportaciones - Consulado General de la Rep\u00fablica Dominicana en La Haya, Reino de los Pa\u00edses Bajos\" \/>\n<meta property=\"og:description\" content=\"El sector privado dispone de RD$6,000 millones para inversi\u00f3n y exportaci\u00f3n (RD$1,500 MM v\u00eda el Bandex y RD$4,500 del encaje legal bancario), recuerda el director del CEI-RD, Luis Henry Molina. El Gobierno dominicano ha puesto a disposici\u00f3n del sector privado recursos para dinamizar la econom\u00eda y el cr\u00e9dito al sector privado, con las m\u00e1s recientes [&hellip;]\" \/>\n<meta property=\"og:url\" content=\"https:\/\/nld.mirex.gob.do\/consular\/amsterdam\/cei-trabaja-propuesta-fomento-las-exportaciones\/\" \/>\n<meta property=\"og:site_name\" content=\"Consulado General de la Rep\u00fablica Dominicana en La Haya, Reino de los Pa\u00edses Bajos\" \/>\n<meta property=\"article:published_time\" content=\"2017-08-08T07:46:00+00:00\" \/>\n<meta name=\"author\" content=\"Michael Antonio Melo Andujar\" \/>\n<meta name=\"twitter:card\" content=\"summary_large_image\" \/>\n<meta name=\"twitter:label1\" content=\"Written by\" \/>\n\t<meta name=\"twitter:data1\" content=\"Michael Antonio Melo Andujar\" \/>\n\t<meta name=\"twitter:label2\" content=\"Est. reading time\" \/>\n\t<meta name=\"twitter:data2\" content=\"5 minutes\" \/>\n<script type=\"application\/ld+json\" class=\"yoast-schema-graph\">{\"@context\":\"https:\\\/\\\/schema.org\",\"@graph\":[{\"@type\":\"Article\",\"@id\":\"https:\\\/\\\/nld.mirex.gob.do\\\/consular\\\/amsterdam\\\/cei-trabaja-propuesta-fomento-las-exportaciones\\\/#article\",\"isPartOf\":{\"@id\":\"https:\\\/\\\/nld.mirex.gob.do\\\/consular\\\/amsterdam\\\/cei-trabaja-propuesta-fomento-las-exportaciones\\\/\"},\"author\":{\"name\":\"Michael Antonio Melo Andujar\",\"@id\":\"https:\\\/\\\/nld.mirex.gob.do\\\/consular\\\/amsterdam\\\/#\\\/schema\\\/person\\\/772a9951ade6a7e4ab978b618b619ff8\"},\"headline\":\"CEI trabaja propuesta fomento a las exportaciones\",\"datePublished\":\"2017-08-08T07:46:00+00:00\",\"mainEntityOfPage\":{\"@id\":\"https:\\\/\\\/nld.mirex.gob.do\\\/consular\\\/amsterdam\\\/cei-trabaja-propuesta-fomento-las-exportaciones\\\/\"},\"wordCount\":1038,\"publisher\":{\"@id\":\"https:\\\/\\\/nld.mirex.gob.do\\\/consular\\\/amsterdam\\\/#organization\"},\"image\":{\"@id\":\"https:\\\/\\\/nld.mirex.gob.do\\\/consular\\\/amsterdam\\\/cei-trabaja-propuesta-fomento-las-exportaciones\\\/#primaryimage\"},\"thumbnailUrl\":\"\",\"articleSection\":[\"Invertir en la Rep\u00fablica Dominicana\",\"Novedades\"],\"inLanguage\":\"en-US\"},{\"@type\":\"WebPage\",\"@id\":\"https:\\\/\\\/nld.mirex.gob.do\\\/consular\\\/amsterdam\\\/cei-trabaja-propuesta-fomento-las-exportaciones\\\/\",\"url\":\"https:\\\/\\\/nld.mirex.gob.do\\\/consular\\\/amsterdam\\\/cei-trabaja-propuesta-fomento-las-exportaciones\\\/\",\"name\":\"CEI trabaja propuesta fomento a las exportaciones - Consulado General de la Rep\u00fablica Dominicana en La Haya, Reino de los Pa\u00edses Bajos\",\"isPartOf\":{\"@id\":\"https:\\\/\\\/nld.mirex.gob.do\\\/consular\\\/amsterdam\\\/#website\"},\"primaryImageOfPage\":{\"@id\":\"https:\\\/\\\/nld.mirex.gob.do\\\/consular\\\/amsterdam\\\/cei-trabaja-propuesta-fomento-las-exportaciones\\\/#primaryimage\"},\"image\":{\"@id\":\"https:\\\/\\\/nld.mirex.gob.do\\\/consular\\\/amsterdam\\\/cei-trabaja-propuesta-fomento-las-exportaciones\\\/#primaryimage\"},\"thumbnailUrl\":\"\",\"datePublished\":\"2017-08-08T07:46:00+00:00\",\"breadcrumb\":{\"@id\":\"https:\\\/\\\/nld.mirex.gob.do\\\/consular\\\/amsterdam\\\/cei-trabaja-propuesta-fomento-las-exportaciones\\\/#breadcrumb\"},\"inLanguage\":\"en-US\",\"potentialAction\":[{\"@type\":\"ReadAction\",\"target\":[\"https:\\\/\\\/nld.mirex.gob.do\\\/consular\\\/amsterdam\\\/cei-trabaja-propuesta-fomento-las-exportaciones\\\/\"]}]},{\"@type\":\"ImageObject\",\"inLanguage\":\"en-US\",\"@id\":\"https:\\\/\\\/nld.mirex.gob.do\\\/consular\\\/amsterdam\\\/cei-trabaja-propuesta-fomento-las-exportaciones\\\/#primaryimage\",\"url\":\"\",\"contentUrl\":\"\"},{\"@type\":\"BreadcrumbList\",\"@id\":\"https:\\\/\\\/nld.mirex.gob.do\\\/consular\\\/amsterdam\\\/cei-trabaja-propuesta-fomento-las-exportaciones\\\/#breadcrumb\",\"itemListElement\":[{\"@type\":\"ListItem\",\"position\":1,\"name\":\"Inicio\",\"item\":\"https:\\\/\\\/nld.mirex.gob.do\\\/consular\\\/amsterdam\\\/\"},{\"@type\":\"ListItem\",\"position\":2,\"name\":\"CEI trabaja propuesta fomento a las exportaciones\"}]},{\"@type\":\"WebSite\",\"@id\":\"https:\\\/\\\/nld.mirex.gob.do\\\/consular\\\/amsterdam\\\/#website\",\"url\":\"https:\\\/\\\/nld.mirex.gob.do\\\/consular\\\/amsterdam\\\/\",\"name\":\"Consulado General de la Rep\u00fablica Dominicana en La Haya, Reino de los Pa\u00edses Bajos\",\"description\":\"\",\"publisher\":{\"@id\":\"https:\\\/\\\/nld.mirex.gob.do\\\/consular\\\/amsterdam\\\/#organization\"},\"potentialAction\":[{\"@type\":\"SearchAction\",\"target\":{\"@type\":\"EntryPoint\",\"urlTemplate\":\"https:\\\/\\\/nld.mirex.gob.do\\\/consular\\\/amsterdam\\\/?s={search_term_string}\"},\"query-input\":{\"@type\":\"PropertyValueSpecification\",\"valueRequired\":true,\"valueName\":\"search_term_string\"}}],\"inLanguage\":\"en-US\"},{\"@type\":\"Organization\",\"@id\":\"https:\\\/\\\/nld.mirex.gob.do\\\/consular\\\/amsterdam\\\/#organization\",\"name\":\"Consulado General de la Rep\u00fablica Dominicana en La Haya, Reino de los Pa\u00edses Bajos\",\"url\":\"https:\\\/\\\/nld.mirex.gob.do\\\/consular\\\/amsterdam\\\/\",\"logo\":{\"@type\":\"ImageObject\",\"inLanguage\":\"en-US\",\"@id\":\"https:\\\/\\\/nld.mirex.gob.do\\\/consular\\\/amsterdam\\\/#\\\/schema\\\/logo\\\/image\\\/\",\"url\":\"https:\\\/\\\/nld.mirex.gob.do\\\/consular\\\/amsterdam\\\/wp-content\\\/uploads\\\/2024\\\/04\\\/cropped-consulado_la_haya_reinode_los_Paises_Bajos.jpg\",\"contentUrl\":\"https:\\\/\\\/nld.mirex.gob.do\\\/consular\\\/amsterdam\\\/wp-content\\\/uploads\\\/2024\\\/04\\\/cropped-consulado_la_haya_reinode_los_Paises_Bajos.jpg\",\"width\":999,\"height\":407,\"caption\":\"Consulado General de la Rep\u00fablica Dominicana en La Haya, Reino de los Pa\u00edses Bajos\"},\"image\":{\"@id\":\"https:\\\/\\\/nld.mirex.gob.do\\\/consular\\\/amsterdam\\\/#\\\/schema\\\/logo\\\/image\\\/\"}},{\"@type\":\"Person\",\"@id\":\"https:\\\/\\\/nld.mirex.gob.do\\\/consular\\\/amsterdam\\\/#\\\/schema\\\/person\\\/772a9951ade6a7e4ab978b618b619ff8\",\"name\":\"Michael Antonio Melo Andujar\",\"image\":{\"@type\":\"ImageObject\",\"inLanguage\":\"en-US\",\"@id\":\"https:\\\/\\\/secure.gravatar.com\\\/avatar\\\/f8862d24b6945a30d30c9727ef9dfcd533ee25a18a27afc92991446aeb0e652d?s=96&d=mm&r=g\",\"url\":\"https:\\\/\\\/secure.gravatar.com\\\/avatar\\\/f8862d24b6945a30d30c9727ef9dfcd533ee25a18a27afc92991446aeb0e652d?s=96&d=mm&r=g\",\"contentUrl\":\"https:\\\/\\\/secure.gravatar.com\\\/avatar\\\/f8862d24b6945a30d30c9727ef9dfcd533ee25a18a27afc92991446aeb0e652d?s=96&d=mm&r=g\",\"caption\":\"Michael Antonio Melo Andujar\"}}]}<\/script>\n<!-- \/ Yoast SEO plugin. -->","yoast_head_json":{"title":"CEI trabaja propuesta fomento a las exportaciones - Consulado General de la Rep\u00fablica Dominicana en La Haya, Reino de los Pa\u00edses Bajos","robots":{"index":"index","follow":"follow","max-snippet":"max-snippet:-1","max-image-preview":"max-image-preview:large","max-video-preview":"max-video-preview:-1"},"canonical":"https:\/\/nld.mirex.gob.do\/consular\/amsterdam\/cei-trabaja-propuesta-fomento-las-exportaciones\/","og_locale":"en_US","og_type":"article","og_title":"CEI trabaja propuesta fomento a las exportaciones - Consulado General de la Rep\u00fablica Dominicana en La Haya, Reino de los Pa\u00edses Bajos","og_description":"El sector privado dispone de RD$6,000 millones para inversi\u00f3n y exportaci\u00f3n (RD$1,500 MM v\u00eda el Bandex y RD$4,500 del encaje legal bancario), recuerda el director del CEI-RD, Luis Henry Molina. El Gobierno dominicano ha puesto a disposici\u00f3n del sector privado recursos para dinamizar la econom\u00eda y el cr\u00e9dito al sector privado, con las m\u00e1s recientes [&hellip;]","og_url":"https:\/\/nld.mirex.gob.do\/consular\/amsterdam\/cei-trabaja-propuesta-fomento-las-exportaciones\/","og_site_name":"Consulado General de la Rep\u00fablica Dominicana en La Haya, Reino de los Pa\u00edses Bajos","article_published_time":"2017-08-08T07:46:00+00:00","author":"Michael Antonio Melo Andujar","twitter_card":"summary_large_image","twitter_misc":{"Written by":"Michael Antonio Melo Andujar","Est. reading time":"5 minutes"},"schema":{"@context":"https:\/\/schema.org","@graph":[{"@type":"Article","@id":"https:\/\/nld.mirex.gob.do\/consular\/amsterdam\/cei-trabaja-propuesta-fomento-las-exportaciones\/#article","isPartOf":{"@id":"https:\/\/nld.mirex.gob.do\/consular\/amsterdam\/cei-trabaja-propuesta-fomento-las-exportaciones\/"},"author":{"name":"Michael Antonio Melo Andujar","@id":"https:\/\/nld.mirex.gob.do\/consular\/amsterdam\/#\/schema\/person\/772a9951ade6a7e4ab978b618b619ff8"},"headline":"CEI trabaja propuesta fomento a las exportaciones","datePublished":"2017-08-08T07:46:00+00:00","mainEntityOfPage":{"@id":"https:\/\/nld.mirex.gob.do\/consular\/amsterdam\/cei-trabaja-propuesta-fomento-las-exportaciones\/"},"wordCount":1038,"publisher":{"@id":"https:\/\/nld.mirex.gob.do\/consular\/amsterdam\/#organization"},"image":{"@id":"https:\/\/nld.mirex.gob.do\/consular\/amsterdam\/cei-trabaja-propuesta-fomento-las-exportaciones\/#primaryimage"},"thumbnailUrl":"","articleSection":["Invertir en la Rep\u00fablica Dominicana","Novedades"],"inLanguage":"en-US"},{"@type":"WebPage","@id":"https:\/\/nld.mirex.gob.do\/consular\/amsterdam\/cei-trabaja-propuesta-fomento-las-exportaciones\/","url":"https:\/\/nld.mirex.gob.do\/consular\/amsterdam\/cei-trabaja-propuesta-fomento-las-exportaciones\/","name":"CEI trabaja propuesta fomento a las exportaciones - Consulado General de la Rep\u00fablica Dominicana en La Haya, Reino de los Pa\u00edses Bajos","isPartOf":{"@id":"https:\/\/nld.mirex.gob.do\/consular\/amsterdam\/#website"},"primaryImageOfPage":{"@id":"https:\/\/nld.mirex.gob.do\/consular\/amsterdam\/cei-trabaja-propuesta-fomento-las-exportaciones\/#primaryimage"},"image":{"@id":"https:\/\/nld.mirex.gob.do\/consular\/amsterdam\/cei-trabaja-propuesta-fomento-las-exportaciones\/#primaryimage"},"thumbnailUrl":"","datePublished":"2017-08-08T07:46:00+00:00","breadcrumb":{"@id":"https:\/\/nld.mirex.gob.do\/consular\/amsterdam\/cei-trabaja-propuesta-fomento-las-exportaciones\/#breadcrumb"},"inLanguage":"en-US","potentialAction":[{"@type":"ReadAction","target":["https:\/\/nld.mirex.gob.do\/consular\/amsterdam\/cei-trabaja-propuesta-fomento-las-exportaciones\/"]}]},{"@type":"ImageObject","inLanguage":"en-US","@id":"https:\/\/nld.mirex.gob.do\/consular\/amsterdam\/cei-trabaja-propuesta-fomento-las-exportaciones\/#primaryimage","url":"","contentUrl":""},{"@type":"BreadcrumbList","@id":"https:\/\/nld.mirex.gob.do\/consular\/amsterdam\/cei-trabaja-propuesta-fomento-las-exportaciones\/#breadcrumb","itemListElement":[{"@type":"ListItem","position":1,"name":"Inicio","item":"https:\/\/nld.mirex.gob.do\/consular\/amsterdam\/"},{"@type":"ListItem","position":2,"name":"CEI trabaja propuesta fomento a las exportaciones"}]},{"@type":"WebSite","@id":"https:\/\/nld.mirex.gob.do\/consular\/amsterdam\/#website","url":"https:\/\/nld.mirex.gob.do\/consular\/amsterdam\/","name":"Consulado General de la Rep\u00fablica Dominicana en La Haya, Reino de los Pa\u00edses Bajos","description":"","publisher":{"@id":"https:\/\/nld.mirex.gob.do\/consular\/amsterdam\/#organization"},"potentialAction":[{"@type":"SearchAction","target":{"@type":"EntryPoint","urlTemplate":"https:\/\/nld.mirex.gob.do\/consular\/amsterdam\/?s={search_term_string}"},"query-input":{"@type":"PropertyValueSpecification","valueRequired":true,"valueName":"search_term_string"}}],"inLanguage":"en-US"},{"@type":"Organization","@id":"https:\/\/nld.mirex.gob.do\/consular\/amsterdam\/#organization","name":"Consulado General de la Rep\u00fablica Dominicana en La Haya, Reino de los Pa\u00edses Bajos","url":"https:\/\/nld.mirex.gob.do\/consular\/amsterdam\/","logo":{"@type":"ImageObject","inLanguage":"en-US","@id":"https:\/\/nld.mirex.gob.do\/consular\/amsterdam\/#\/schema\/logo\/image\/","url":"https:\/\/nld.mirex.gob.do\/consular\/amsterdam\/wp-content\/uploads\/2024\/04\/cropped-consulado_la_haya_reinode_los_Paises_Bajos.jpg","contentUrl":"https:\/\/nld.mirex.gob.do\/consular\/amsterdam\/wp-content\/uploads\/2024\/04\/cropped-consulado_la_haya_reinode_los_Paises_Bajos.jpg","width":999,"height":407,"caption":"Consulado General de la Rep\u00fablica Dominicana en La Haya, Reino de los Pa\u00edses Bajos"},"image":{"@id":"https:\/\/nld.mirex.gob.do\/consular\/amsterdam\/#\/schema\/logo\/image\/"}},{"@type":"Person","@id":"https:\/\/nld.mirex.gob.do\/consular\/amsterdam\/#\/schema\/person\/772a9951ade6a7e4ab978b618b619ff8","name":"Michael Antonio Melo Andujar","image":{"@type":"ImageObject","inLanguage":"en-US","@id":"https:\/\/secure.gravatar.com\/avatar\/f8862d24b6945a30d30c9727ef9dfcd533ee25a18a27afc92991446aeb0e652d?s=96&d=mm&r=g","url":"https:\/\/secure.gravatar.com\/avatar\/f8862d24b6945a30d30c9727ef9dfcd533ee25a18a27afc92991446aeb0e652d?s=96&d=mm&r=g","contentUrl":"https:\/\/secure.gravatar.com\/avatar\/f8862d24b6945a30d30c9727ef9dfcd533ee25a18a27afc92991446aeb0e652d?s=96&d=mm&r=g","caption":"Michael Antonio Melo Andujar"}}]}},"_links":{"self":[{"href":"https:\/\/nld.mirex.gob.do\/consular\/amsterdam\/wp-json\/wp\/v2\/posts\/2886","targetHints":{"allow":["GET"]}}],"collection":[{"href":"https:\/\/nld.mirex.gob.do\/consular\/amsterdam\/wp-json\/wp\/v2\/posts"}],"about":[{"href":"https:\/\/nld.mirex.gob.do\/consular\/amsterdam\/wp-json\/wp\/v2\/types\/post"}],"author":[{"embeddable":true,"href":"https:\/\/nld.mirex.gob.do\/consular\/amsterdam\/wp-json\/wp\/v2\/users\/8"}],"replies":[{"embeddable":true,"href":"https:\/\/nld.mirex.gob.do\/consular\/amsterdam\/wp-json\/wp\/v2\/comments?post=2886"}],"version-history":[{"count":0,"href":"https:\/\/nld.mirex.gob.do\/consular\/amsterdam\/wp-json\/wp\/v2\/posts\/2886\/revisions"}],"wp:featuredmedia":[{"embeddable":true,"href":"https:\/\/nld.mirex.gob.do\/consular\/amsterdam\/wp-json\/"}],"wp:attachment":[{"href":"https:\/\/nld.mirex.gob.do\/consular\/amsterdam\/wp-json\/wp\/v2\/media?parent=2886"}],"wp:term":[{"taxonomy":"category","embeddable":true,"href":"https:\/\/nld.mirex.gob.do\/consular\/amsterdam\/wp-json\/wp\/v2\/categories?post=2886"},{"taxonomy":"post_tag","embeddable":true,"href":"https:\/\/nld.mirex.gob.do\/consular\/amsterdam\/wp-json\/wp\/v2\/tags?post=2886"}],"curies":[{"name":"wp","href":"https:\/\/api.w.org\/{rel}","templated":true}]}}