{"id":2868,"date":"2017-07-12T10:37:16","date_gmt":"2017-07-12T10:37:16","guid":{"rendered":"https:\/\/www.consuladordholanda.com\/?p=2868"},"modified":"2017-07-12T10:37:16","modified_gmt":"2017-07-12T10:37:16","slug":"reinas-del-caribe-se-destacan-holanda","status":"publish","type":"post","link":"https:\/\/nld.mirex.gob.do\/consular\/amsterdam\/reinas-del-caribe-se-destacan-holanda\/","title":{"rendered":"\u201cReinas del Caribe\u201d se destacan en Holanda"},"content":{"rendered":"<figure id=\"attachment_2869\" aria-describedby=\"caption-attachment-2869\" style=\"width: 560px\" class=\"wp-caption alignnone\"><a href=\"https:\/\/www.consuladordholanda.com\/wp-content\/uploads\/2017\/07\/reinas-del-caribe-ganan-a-tailandia-en-el-grand-prix-2017-560x416.jpeg\"><img fetchpriority=\"high\" decoding=\"async\" class=\"size-full wp-image-2869\" src=\"https:\/\/www.consuladordholanda.com\/wp-content\/uploads\/2017\/07\/reinas-del-caribe-ganan-a-tailandia-en-el-grand-prix-2017-560x416.jpeg\" alt=\"\" width=\"560\" height=\"416\"><\/a><figcaption id=\"caption-attachment-2869\" class=\"wp-caption-text\">Las reinas del caribe ganan a tailandia en el World Grand Prix 2017<\/figcaption><\/figure>\n<p>&nbsp;<\/p>\n<p>Fuente: <a href=\"http:\/\/www.lavozdominicanaeneuropa.com\/reinas-del-caribe-se-destacan-holanda\/\" target=\"_blank\" rel=\"noopener\">La Voz Dominicana en Europa<\/a><\/p>\n<p><strong><em>La C\u00f3nsul dominicana en Amsterdam,&nbsp;<\/em><\/strong><strong><em>Mar\u00eda Brazob\u00e1n &nbsp;felicita a la Selecci\u00f3n Nacional &nbsp;de Voleibol Femenino <\/em><\/strong><\/p>\n<p><a href=\"https:\/\/www.consuladordholanda.com\/wp-content\/uploads\/2017\/07\/Equipo-voleibol-femenino-de-Rep\u00fablica-Dominicana-en-Holanda-2.jpeg\"><img decoding=\"async\" class=\"size-medium wp-image-2866 alignleft\" src=\"https:\/\/www.consuladordholanda.com\/wp-content\/uploads\/2017\/07\/Equipo-voleibol-femenino-de-Rep\u00fablica-Dominicana-en-Holanda-2-300x225.jpeg\" alt=\"\" width=\"300\" height=\"225\"><\/a>\u00c1msterdam, Pa\u00edses Bajos. El Consulado General de la Rep\u00fablica Dominicana en \u00c1msterdam, representado por do\u00f1a Mar\u00eda Brazob\u00e1n felicit\u00f3 a la Selecci\u00f3n Nacional de Voleibol Femenino por las victorias obtenidas, la primera 3-1 contra Jap\u00f3n, y la segunda 1-3 contra Tailandia, en el World Grand Prix 2017 que tuvo lugar en la ciudad holandesa de Apeldoorn, el pasado fin de semana del 7 al 9 de Julio.<\/p>\n<p>Esas dos victorias atestiguan la perseverancia y esfuerzo de nuestra Selecci\u00f3n Nacional, por lo que, felicitamos a las jugadoras, al entrenador, a todo el cuerpo t\u00e9cnico, as\u00ed como a todos los seguidores de ese gran equipo deportivo.<\/p>\n<p>https:\/\/www.youtube.com\/watch?v=d9JyOxPM7ug<\/p>\n<p>Asimismo, queremos expresarles que nos sentimos satisfechos y orgullosos por &nbsp;lograr representarnos de forma tan digna y excelente en este pa\u00eds, Holanda, donde reside un importante n\u00famero de dominicanos,&nbsp; y por obtener la simpat\u00eda no s\u00f3lo de los dominicanos, sino tambi\u00e9n de muchos holandeses y ciudadanos de otras nacionalidades que se dieron cita y que enarbolaron con entusiasmo la bandera dominicana.<\/p>\n<p>Finalmente, les deseamos muchos \u00e9xitos en las&nbsp; pr\u00f3ximas competiciones que tendr\u00e1n&nbsp; internacionalmente. Ustedes son en estos momentos, nuestras embajadoras y&nbsp; son <strong>Marca Pa\u00eds<\/strong>.<\/p>\n","protected":false},"excerpt":{"rendered":"<p>&nbsp; Fuente: La Voz Dominicana en Europa La C\u00f3nsul dominicana en Amsterdam,&nbsp;Mar\u00eda Brazob\u00e1n &nbsp;felicita a la Selecci\u00f3n Nacional &nbsp;de Voleibol Femenino \u00c1msterdam, Pa\u00edses Bajos. El Consulado General de la Rep\u00fablica Dominicana en \u00c1msterdam, representado por do\u00f1a Mar\u00eda Brazob\u00e1n felicit\u00f3 a la Selecci\u00f3n Nacional de Voleibol Femenino por las victorias obtenidas, la primera 3-1 contra Jap\u00f3n, [&hellip;]<\/p>\n","protected":false},"author":8,"featured_media":2869,"comment_status":"closed","ping_status":"open","sticky":false,"template":"","format":"standard","meta":{"site-sidebar-layout":"default","site-content-layout":"","ast-site-content-layout":"default","site-content-style":"default","site-sidebar-style":"default","ast-global-header-display":"","ast-banner-title-visibility":"","ast-main-header-display":"","ast-hfb-above-header-display":"","ast-hfb-below-header-display":"","ast-hfb-mobile-header-display":"","site-post-title":"","ast-breadcrumbs-content":"","ast-featured-img":"","footer-sml-layout":"","ast-disable-related-posts":"","theme-transparent-header-meta":"","adv-header-id-meta":"","stick-header-meta":"","header-above-stick-meta":"","header-main-stick-meta":"","header-below-stick-meta":"","astra-migrate-meta-layouts":"default","ast-page-background-enabled":"default","ast-page-background-meta":{"desktop":{"background-color":"","background-image":"","background-repeat":"repeat","background-position":"center center","background-size":"auto","background-attachment":"scroll","background-type":"","background-media":"","overlay-type":"","overlay-color":"","overlay-opacity":"","overlay-gradient":""},"tablet":{"background-color":"","background-image":"","background-repeat":"repeat","background-position":"center center","background-size":"auto","background-attachment":"scroll","background-type":"","background-media":"","overlay-type":"","overlay-color":"","overlay-opacity":"","overlay-gradient":""},"mobile":{"background-color":"","background-image":"","background-repeat":"repeat","background-position":"center center","background-size":"auto","background-attachment":"scroll","background-type":"","background-media":"","overlay-type":"","overlay-color":"","overlay-opacity":"","overlay-gradient":""}},"ast-content-background-meta":{"desktop":{"background-color":"var(--ast-global-color-5)","background-image":"","background-repeat":"repeat","background-position":"center center","background-size":"auto","background-attachment":"scroll","background-type":"","background-media":"","overlay-type":"","overlay-color":"","overlay-opacity":"","overlay-gradient":""},"tablet":{"background-color":"var(--ast-global-color-5)","background-image":"","background-repeat":"repeat","background-position":"center center","background-size":"auto","background-attachment":"scroll","background-type":"","background-media":"","overlay-type":"","overlay-color":"","overlay-opacity":"","overlay-gradient":""},"mobile":{"background-color":"var(--ast-global-color-5)","background-image":"","background-repeat":"repeat","background-position":"center center","background-size":"auto","background-attachment":"scroll","background-type":"","background-media":"","overlay-type":"","overlay-color":"","overlay-opacity":"","overlay-gradient":""}},"footnotes":""},"categories":[66],"tags":[368],"class_list":["post-2868","post","type-post","status-publish","format-standard","has-post-thumbnail","hentry","category-novedades","tag-equipo-voleibol-femenino-de-republica-dominicana"],"yoast_head":"<!-- This site is optimized with the Yoast SEO plugin v27.4 - https:\/\/yoast.com\/product\/yoast-seo-wordpress\/ -->\n<title>\u201cReinas del Caribe\u201d se destacan en Holanda - Consulado General de la Rep\u00fablica Dominicana en La Haya, Reino de los Pa\u00edses Bajos<\/title>\n<meta name=\"robots\" content=\"index, follow, max-snippet:-1, max-image-preview:large, max-video-preview:-1\" \/>\n<link rel=\"canonical\" href=\"https:\/\/nld.mirex.gob.do\/consular\/amsterdam\/reinas-del-caribe-se-destacan-holanda\/\" \/>\n<meta property=\"og:locale\" content=\"en_US\" \/>\n<meta property=\"og:type\" content=\"article\" \/>\n<meta property=\"og:title\" content=\"\u201cReinas del Caribe\u201d se destacan en Holanda - Consulado General de la Rep\u00fablica Dominicana en La Haya, Reino de los Pa\u00edses Bajos\" \/>\n<meta property=\"og:description\" content=\"&nbsp; Fuente: La Voz Dominicana en Europa La C\u00f3nsul dominicana en Amsterdam,&nbsp;Mar\u00eda Brazob\u00e1n &nbsp;felicita a la Selecci\u00f3n Nacional &nbsp;de Voleibol Femenino \u00c1msterdam, Pa\u00edses Bajos. El Consulado General de la Rep\u00fablica Dominicana en \u00c1msterdam, representado por do\u00f1a Mar\u00eda Brazob\u00e1n felicit\u00f3 a la Selecci\u00f3n Nacional de Voleibol Femenino por las victorias obtenidas, la primera 3-1 contra Jap\u00f3n, [&hellip;]\" \/>\n<meta property=\"og:url\" content=\"https:\/\/nld.mirex.gob.do\/consular\/amsterdam\/reinas-del-caribe-se-destacan-holanda\/\" \/>\n<meta property=\"og:site_name\" content=\"Consulado General de la Rep\u00fablica Dominicana en La Haya, Reino de los Pa\u00edses Bajos\" \/>\n<meta property=\"article:published_time\" content=\"2017-07-12T10:37:16+00:00\" \/>\n<meta name=\"author\" content=\"Michael Antonio Melo Andujar\" \/>\n<meta name=\"twitter:card\" content=\"summary_large_image\" \/>\n<meta name=\"twitter:label1\" content=\"Written by\" \/>\n\t<meta name=\"twitter:data1\" content=\"Michael Antonio Melo Andujar\" \/>\n\t<meta name=\"twitter:label2\" content=\"Est. reading time\" \/>\n\t<meta name=\"twitter:data2\" content=\"1 minute\" \/>\n<script type=\"application\/ld+json\" class=\"yoast-schema-graph\">{\"@context\":\"https:\\\/\\\/schema.org\",\"@graph\":[{\"@type\":\"Article\",\"@id\":\"https:\\\/\\\/nld.mirex.gob.do\\\/consular\\\/amsterdam\\\/reinas-del-caribe-se-destacan-holanda\\\/#article\",\"isPartOf\":{\"@id\":\"https:\\\/\\\/nld.mirex.gob.do\\\/consular\\\/amsterdam\\\/reinas-del-caribe-se-destacan-holanda\\\/\"},\"author\":{\"name\":\"Michael Antonio Melo Andujar\",\"@id\":\"https:\\\/\\\/nld.mirex.gob.do\\\/consular\\\/amsterdam\\\/#\\\/schema\\\/person\\\/772a9951ade6a7e4ab978b618b619ff8\"},\"headline\":\"\u201cReinas del Caribe\u201d se destacan en Holanda\",\"datePublished\":\"2017-07-12T10:37:16+00:00\",\"mainEntityOfPage\":{\"@id\":\"https:\\\/\\\/nld.mirex.gob.do\\\/consular\\\/amsterdam\\\/reinas-del-caribe-se-destacan-holanda\\\/\"},\"wordCount\":270,\"publisher\":{\"@id\":\"https:\\\/\\\/nld.mirex.gob.do\\\/consular\\\/amsterdam\\\/#organization\"},\"image\":{\"@id\":\"https:\\\/\\\/nld.mirex.gob.do\\\/consular\\\/amsterdam\\\/reinas-del-caribe-se-destacan-holanda\\\/#primaryimage\"},\"thumbnailUrl\":\"\",\"keywords\":[\"Equipo voleibol femenino de Rep\u00fablica Dominicana\"],\"articleSection\":[\"Novedades\"],\"inLanguage\":\"en-US\"},{\"@type\":\"WebPage\",\"@id\":\"https:\\\/\\\/nld.mirex.gob.do\\\/consular\\\/amsterdam\\\/reinas-del-caribe-se-destacan-holanda\\\/\",\"url\":\"https:\\\/\\\/nld.mirex.gob.do\\\/consular\\\/amsterdam\\\/reinas-del-caribe-se-destacan-holanda\\\/\",\"name\":\"\u201cReinas del Caribe\u201d se destacan en Holanda - Consulado General de la Rep\u00fablica Dominicana en La Haya, Reino de los Pa\u00edses Bajos\",\"isPartOf\":{\"@id\":\"https:\\\/\\\/nld.mirex.gob.do\\\/consular\\\/amsterdam\\\/#website\"},\"primaryImageOfPage\":{\"@id\":\"https:\\\/\\\/nld.mirex.gob.do\\\/consular\\\/amsterdam\\\/reinas-del-caribe-se-destacan-holanda\\\/#primaryimage\"},\"image\":{\"@id\":\"https:\\\/\\\/nld.mirex.gob.do\\\/consular\\\/amsterdam\\\/reinas-del-caribe-se-destacan-holanda\\\/#primaryimage\"},\"thumbnailUrl\":\"\",\"datePublished\":\"2017-07-12T10:37:16+00:00\",\"breadcrumb\":{\"@id\":\"https:\\\/\\\/nld.mirex.gob.do\\\/consular\\\/amsterdam\\\/reinas-del-caribe-se-destacan-holanda\\\/#breadcrumb\"},\"inLanguage\":\"en-US\",\"potentialAction\":[{\"@type\":\"ReadAction\",\"target\":[\"https:\\\/\\\/nld.mirex.gob.do\\\/consular\\\/amsterdam\\\/reinas-del-caribe-se-destacan-holanda\\\/\"]}]},{\"@type\":\"ImageObject\",\"inLanguage\":\"en-US\",\"@id\":\"https:\\\/\\\/nld.mirex.gob.do\\\/consular\\\/amsterdam\\\/reinas-del-caribe-se-destacan-holanda\\\/#primaryimage\",\"url\":\"\",\"contentUrl\":\"\"},{\"@type\":\"BreadcrumbList\",\"@id\":\"https:\\\/\\\/nld.mirex.gob.do\\\/consular\\\/amsterdam\\\/reinas-del-caribe-se-destacan-holanda\\\/#breadcrumb\",\"itemListElement\":[{\"@type\":\"ListItem\",\"position\":1,\"name\":\"Inicio\",\"item\":\"https:\\\/\\\/nld.mirex.gob.do\\\/consular\\\/amsterdam\\\/\"},{\"@type\":\"ListItem\",\"position\":2,\"name\":\"\u201cReinas del Caribe\u201d se destacan en Holanda\"}]},{\"@type\":\"WebSite\",\"@id\":\"https:\\\/\\\/nld.mirex.gob.do\\\/consular\\\/amsterdam\\\/#website\",\"url\":\"https:\\\/\\\/nld.mirex.gob.do\\\/consular\\\/amsterdam\\\/\",\"name\":\"Consulado General de la Rep\u00fablica Dominicana en La Haya, Reino de los Pa\u00edses Bajos\",\"description\":\"\",\"publisher\":{\"@id\":\"https:\\\/\\\/nld.mirex.gob.do\\\/consular\\\/amsterdam\\\/#organization\"},\"potentialAction\":[{\"@type\":\"SearchAction\",\"target\":{\"@type\":\"EntryPoint\",\"urlTemplate\":\"https:\\\/\\\/nld.mirex.gob.do\\\/consular\\\/amsterdam\\\/?s={search_term_string}\"},\"query-input\":{\"@type\":\"PropertyValueSpecification\",\"valueRequired\":true,\"valueName\":\"search_term_string\"}}],\"inLanguage\":\"en-US\"},{\"@type\":\"Organization\",\"@id\":\"https:\\\/\\\/nld.mirex.gob.do\\\/consular\\\/amsterdam\\\/#organization\",\"name\":\"Consulado General de la Rep\u00fablica Dominicana en La Haya, Reino de los Pa\u00edses Bajos\",\"url\":\"https:\\\/\\\/nld.mirex.gob.do\\\/consular\\\/amsterdam\\\/\",\"logo\":{\"@type\":\"ImageObject\",\"inLanguage\":\"en-US\",\"@id\":\"https:\\\/\\\/nld.mirex.gob.do\\\/consular\\\/amsterdam\\\/#\\\/schema\\\/logo\\\/image\\\/\",\"url\":\"https:\\\/\\\/nld.mirex.gob.do\\\/consular\\\/amsterdam\\\/wp-content\\\/uploads\\\/2024\\\/04\\\/cropped-consulado_la_haya_reinode_los_Paises_Bajos.jpg\",\"contentUrl\":\"https:\\\/\\\/nld.mirex.gob.do\\\/consular\\\/amsterdam\\\/wp-content\\\/uploads\\\/2024\\\/04\\\/cropped-consulado_la_haya_reinode_los_Paises_Bajos.jpg\",\"width\":999,\"height\":407,\"caption\":\"Consulado General de la Rep\u00fablica Dominicana en La Haya, Reino de los Pa\u00edses Bajos\"},\"image\":{\"@id\":\"https:\\\/\\\/nld.mirex.gob.do\\\/consular\\\/amsterdam\\\/#\\\/schema\\\/logo\\\/image\\\/\"}},{\"@type\":\"Person\",\"@id\":\"https:\\\/\\\/nld.mirex.gob.do\\\/consular\\\/amsterdam\\\/#\\\/schema\\\/person\\\/772a9951ade6a7e4ab978b618b619ff8\",\"name\":\"Michael Antonio Melo Andujar\",\"image\":{\"@type\":\"ImageObject\",\"inLanguage\":\"en-US\",\"@id\":\"https:\\\/\\\/secure.gravatar.com\\\/avatar\\\/f8862d24b6945a30d30c9727ef9dfcd533ee25a18a27afc92991446aeb0e652d?s=96&d=mm&r=g\",\"url\":\"https:\\\/\\\/secure.gravatar.com\\\/avatar\\\/f8862d24b6945a30d30c9727ef9dfcd533ee25a18a27afc92991446aeb0e652d?s=96&d=mm&r=g\",\"contentUrl\":\"https:\\\/\\\/secure.gravatar.com\\\/avatar\\\/f8862d24b6945a30d30c9727ef9dfcd533ee25a18a27afc92991446aeb0e652d?s=96&d=mm&r=g\",\"caption\":\"Michael Antonio Melo Andujar\"}}]}<\/script>\n<!-- \/ Yoast SEO plugin. -->","yoast_head_json":{"title":"\u201cReinas del Caribe\u201d se destacan en Holanda - Consulado General de la Rep\u00fablica Dominicana en La Haya, Reino de los Pa\u00edses Bajos","robots":{"index":"index","follow":"follow","max-snippet":"max-snippet:-1","max-image-preview":"max-image-preview:large","max-video-preview":"max-video-preview:-1"},"canonical":"https:\/\/nld.mirex.gob.do\/consular\/amsterdam\/reinas-del-caribe-se-destacan-holanda\/","og_locale":"en_US","og_type":"article","og_title":"\u201cReinas del Caribe\u201d se destacan en Holanda - Consulado General de la Rep\u00fablica Dominicana en La Haya, Reino de los Pa\u00edses Bajos","og_description":"&nbsp; Fuente: La Voz Dominicana en Europa La C\u00f3nsul dominicana en Amsterdam,&nbsp;Mar\u00eda Brazob\u00e1n &nbsp;felicita a la Selecci\u00f3n Nacional &nbsp;de Voleibol Femenino \u00c1msterdam, Pa\u00edses Bajos. El Consulado General de la Rep\u00fablica Dominicana en \u00c1msterdam, representado por do\u00f1a Mar\u00eda Brazob\u00e1n felicit\u00f3 a la Selecci\u00f3n Nacional de Voleibol Femenino por las victorias obtenidas, la primera 3-1 contra Jap\u00f3n, [&hellip;]","og_url":"https:\/\/nld.mirex.gob.do\/consular\/amsterdam\/reinas-del-caribe-se-destacan-holanda\/","og_site_name":"Consulado General de la Rep\u00fablica Dominicana en La Haya, Reino de los Pa\u00edses Bajos","article_published_time":"2017-07-12T10:37:16+00:00","author":"Michael Antonio Melo Andujar","twitter_card":"summary_large_image","twitter_misc":{"Written by":"Michael Antonio Melo Andujar","Est. reading time":"1 minute"},"schema":{"@context":"https:\/\/schema.org","@graph":[{"@type":"Article","@id":"https:\/\/nld.mirex.gob.do\/consular\/amsterdam\/reinas-del-caribe-se-destacan-holanda\/#article","isPartOf":{"@id":"https:\/\/nld.mirex.gob.do\/consular\/amsterdam\/reinas-del-caribe-se-destacan-holanda\/"},"author":{"name":"Michael Antonio Melo Andujar","@id":"https:\/\/nld.mirex.gob.do\/consular\/amsterdam\/#\/schema\/person\/772a9951ade6a7e4ab978b618b619ff8"},"headline":"\u201cReinas del Caribe\u201d se destacan en Holanda","datePublished":"2017-07-12T10:37:16+00:00","mainEntityOfPage":{"@id":"https:\/\/nld.mirex.gob.do\/consular\/amsterdam\/reinas-del-caribe-se-destacan-holanda\/"},"wordCount":270,"publisher":{"@id":"https:\/\/nld.mirex.gob.do\/consular\/amsterdam\/#organization"},"image":{"@id":"https:\/\/nld.mirex.gob.do\/consular\/amsterdam\/reinas-del-caribe-se-destacan-holanda\/#primaryimage"},"thumbnailUrl":"","keywords":["Equipo voleibol femenino de Rep\u00fablica Dominicana"],"articleSection":["Novedades"],"inLanguage":"en-US"},{"@type":"WebPage","@id":"https:\/\/nld.mirex.gob.do\/consular\/amsterdam\/reinas-del-caribe-se-destacan-holanda\/","url":"https:\/\/nld.mirex.gob.do\/consular\/amsterdam\/reinas-del-caribe-se-destacan-holanda\/","name":"\u201cReinas del Caribe\u201d se destacan en Holanda - Consulado General de la Rep\u00fablica Dominicana en La Haya, Reino de los Pa\u00edses Bajos","isPartOf":{"@id":"https:\/\/nld.mirex.gob.do\/consular\/amsterdam\/#website"},"primaryImageOfPage":{"@id":"https:\/\/nld.mirex.gob.do\/consular\/amsterdam\/reinas-del-caribe-se-destacan-holanda\/#primaryimage"},"image":{"@id":"https:\/\/nld.mirex.gob.do\/consular\/amsterdam\/reinas-del-caribe-se-destacan-holanda\/#primaryimage"},"thumbnailUrl":"","datePublished":"2017-07-12T10:37:16+00:00","breadcrumb":{"@id":"https:\/\/nld.mirex.gob.do\/consular\/amsterdam\/reinas-del-caribe-se-destacan-holanda\/#breadcrumb"},"inLanguage":"en-US","potentialAction":[{"@type":"ReadAction","target":["https:\/\/nld.mirex.gob.do\/consular\/amsterdam\/reinas-del-caribe-se-destacan-holanda\/"]}]},{"@type":"ImageObject","inLanguage":"en-US","@id":"https:\/\/nld.mirex.gob.do\/consular\/amsterdam\/reinas-del-caribe-se-destacan-holanda\/#primaryimage","url":"","contentUrl":""},{"@type":"BreadcrumbList","@id":"https:\/\/nld.mirex.gob.do\/consular\/amsterdam\/reinas-del-caribe-se-destacan-holanda\/#breadcrumb","itemListElement":[{"@type":"ListItem","position":1,"name":"Inicio","item":"https:\/\/nld.mirex.gob.do\/consular\/amsterdam\/"},{"@type":"ListItem","position":2,"name":"\u201cReinas del Caribe\u201d se destacan en Holanda"}]},{"@type":"WebSite","@id":"https:\/\/nld.mirex.gob.do\/consular\/amsterdam\/#website","url":"https:\/\/nld.mirex.gob.do\/consular\/amsterdam\/","name":"Consulado General de la Rep\u00fablica Dominicana en La Haya, Reino de los Pa\u00edses Bajos","description":"","publisher":{"@id":"https:\/\/nld.mirex.gob.do\/consular\/amsterdam\/#organization"},"potentialAction":[{"@type":"SearchAction","target":{"@type":"EntryPoint","urlTemplate":"https:\/\/nld.mirex.gob.do\/consular\/amsterdam\/?s={search_term_string}"},"query-input":{"@type":"PropertyValueSpecification","valueRequired":true,"valueName":"search_term_string"}}],"inLanguage":"en-US"},{"@type":"Organization","@id":"https:\/\/nld.mirex.gob.do\/consular\/amsterdam\/#organization","name":"Consulado General de la Rep\u00fablica Dominicana en La Haya, Reino de los Pa\u00edses Bajos","url":"https:\/\/nld.mirex.gob.do\/consular\/amsterdam\/","logo":{"@type":"ImageObject","inLanguage":"en-US","@id":"https:\/\/nld.mirex.gob.do\/consular\/amsterdam\/#\/schema\/logo\/image\/","url":"https:\/\/nld.mirex.gob.do\/consular\/amsterdam\/wp-content\/uploads\/2024\/04\/cropped-consulado_la_haya_reinode_los_Paises_Bajos.jpg","contentUrl":"https:\/\/nld.mirex.gob.do\/consular\/amsterdam\/wp-content\/uploads\/2024\/04\/cropped-consulado_la_haya_reinode_los_Paises_Bajos.jpg","width":999,"height":407,"caption":"Consulado General de la Rep\u00fablica Dominicana en La Haya, Reino de los Pa\u00edses Bajos"},"image":{"@id":"https:\/\/nld.mirex.gob.do\/consular\/amsterdam\/#\/schema\/logo\/image\/"}},{"@type":"Person","@id":"https:\/\/nld.mirex.gob.do\/consular\/amsterdam\/#\/schema\/person\/772a9951ade6a7e4ab978b618b619ff8","name":"Michael Antonio Melo Andujar","image":{"@type":"ImageObject","inLanguage":"en-US","@id":"https:\/\/secure.gravatar.com\/avatar\/f8862d24b6945a30d30c9727ef9dfcd533ee25a18a27afc92991446aeb0e652d?s=96&d=mm&r=g","url":"https:\/\/secure.gravatar.com\/avatar\/f8862d24b6945a30d30c9727ef9dfcd533ee25a18a27afc92991446aeb0e652d?s=96&d=mm&r=g","contentUrl":"https:\/\/secure.gravatar.com\/avatar\/f8862d24b6945a30d30c9727ef9dfcd533ee25a18a27afc92991446aeb0e652d?s=96&d=mm&r=g","caption":"Michael Antonio Melo Andujar"}}]}},"_links":{"self":[{"href":"https:\/\/nld.mirex.gob.do\/consular\/amsterdam\/wp-json\/wp\/v2\/posts\/2868","targetHints":{"allow":["GET"]}}],"collection":[{"href":"https:\/\/nld.mirex.gob.do\/consular\/amsterdam\/wp-json\/wp\/v2\/posts"}],"about":[{"href":"https:\/\/nld.mirex.gob.do\/consular\/amsterdam\/wp-json\/wp\/v2\/types\/post"}],"author":[{"embeddable":true,"href":"https:\/\/nld.mirex.gob.do\/consular\/amsterdam\/wp-json\/wp\/v2\/users\/8"}],"replies":[{"embeddable":true,"href":"https:\/\/nld.mirex.gob.do\/consular\/amsterdam\/wp-json\/wp\/v2\/comments?post=2868"}],"version-history":[{"count":0,"href":"https:\/\/nld.mirex.gob.do\/consular\/amsterdam\/wp-json\/wp\/v2\/posts\/2868\/revisions"}],"wp:featuredmedia":[{"embeddable":true,"href":"https:\/\/nld.mirex.gob.do\/consular\/amsterdam\/wp-json\/"}],"wp:attachment":[{"href":"https:\/\/nld.mirex.gob.do\/consular\/amsterdam\/wp-json\/wp\/v2\/media?parent=2868"}],"wp:term":[{"taxonomy":"category","embeddable":true,"href":"https:\/\/nld.mirex.gob.do\/consular\/amsterdam\/wp-json\/wp\/v2\/categories?post=2868"},{"taxonomy":"post_tag","embeddable":true,"href":"https:\/\/nld.mirex.gob.do\/consular\/amsterdam\/wp-json\/wp\/v2\/tags?post=2868"}],"curies":[{"name":"wp","href":"https:\/\/api.w.org\/{rel}","templated":true}]}}