{"id":2808,"date":"2017-06-13T14:14:24","date_gmt":"2017-06-13T14:14:24","guid":{"rendered":"https:\/\/www.consuladordholanda.com\/?p=2808"},"modified":"2017-06-13T14:14:24","modified_gmt":"2017-06-13T14:14:24","slug":"cancilleria-anuncia-servicio-repatriacion-funeraria","status":"publish","type":"post","link":"https:\/\/nld.mirex.gob.do\/consular\/amsterdam\/cancilleria-anuncia-servicio-repatriacion-funeraria\/","title":{"rendered":"Cancilleria anuncia servicio de repatriaci\u00f3n funeraria"},"content":{"rendered":"<div id=\"ArticleBody\">\n<figure id=\"attachment_2809\" aria-describedby=\"caption-attachment-2809\" style=\"width: 1000px\" class=\"wp-caption alignnone\"><img fetchpriority=\"high\" decoding=\"async\" class=\"size-full wp-image-2809\" src=\"https:\/\/www.consuladordholanda.com\/wp-content\/uploads\/2017\/06\/anuncia-servicio-de-repatriacion-funeraria.jpeg\" alt=\"\" width=\"1000\" height=\"769\"><figcaption id=\"caption-attachment-2809\" class=\"wp-caption-text\">El canciller Miguel Vargas instruy\u00f3 a los funcionarios a procurar el mayor alcance en la ejecuci\u00f3n del servicio.<\/figcaption><\/figure>\n<p>Como parte del compromiso de protecci\u00f3n al dominicano residente en el exterior asumido por la actual gesti\u00f3n del Ministerio de Relaciones Exteriores (MIREX), el canciller Miguel Vargas anunci\u00f3 ayer la entrada en vigencia de un seguro que se aplicar\u00e1 a trav\u00e9s de las oficinas consulares, el que garantizar\u00e1 la repatriaci\u00f3n de restos al pa\u00eds o la sepultura en el territorio de residencia.<\/p>\n<p>En su discurso, pronunciado durante un acto celebrado en la sede de la Canciller\u00eda, el funcionario destac\u00f3 el hecho de que actualmente m\u00e1s del 15 por ciento de la poblaci\u00f3n dominicana est\u00e1 repartida por todo el mundo, principalmente en Estados Unidos y Europa, \u201cpor lo que este momento califica como memorable\u201d.<\/p>\n<p>Sin embargo, aclar\u00f3 que la memorabilidad aludida no tiene esta cualidad \u201cporque remesan cada a\u00f1o miles de millones de d\u00f3lares, sino, como dije recientemente en Madrid y en Washington, en ocasi\u00f3n de premiar el civismo de varios dominicanos, porque son compatriotas nuestros, que por las razones m\u00e1s diversas hacen vida lejos de la patria\u201d.<\/p>\n<p>Vargas refiri\u00f3 que \u201cla protecci\u00f3n de nuestros connacionales es uno de los pilares preponderantes de nuestra gesti\u00f3n, la que va a tono con las directrices y el sentir del presidente Danilo Medina, ya que tenemos plena consciencia de que el fallecimiento de un familiar o de un ser querido representa una de las situaciones m\u00e1s dolorosas a que nos enfrentamos todos\u201d, subray\u00f3.<\/p>\n<p>Sostuvo que la medida surge como una soluci\u00f3n a la problem\u00e1tica que viven las embajadas y consulados en el exterior, cuando son requeridos para asistir y proteger a los dominicanos fallecidos o en condiciones limitantes fuera del pa\u00eds, a un costo accesible y con un servicio \u00f3ptimo. Fue en esta parte de sus palabras que el funcionario manifest\u00f3: \u201ca partir de hoy, y con el concurso de todos ustedes se pone oficialmente en marcha un seguro de repatriaci\u00f3n de restos y asistencia f\u00fanebre como propuesta adicional del servicio diplom\u00e1tico y consular en el exterior\u201d.<\/p>\n<p><b>Fuente: <a href=\"http:\/\/www.listindiario.com\/la-republica\/2017\/06\/13\/469971\/anuncia-servicio-de-repatriacion-funeraria\" target=\"_blank\" rel=\"noopener\">List\u00edn Diario Santo Domingo<\/a><\/b><\/p>\n<\/div>\n","protected":false},"excerpt":{"rendered":"<p>Como parte del compromiso de protecci\u00f3n al dominicano residente en el exterior asumido por la actual gesti\u00f3n del Ministerio de Relaciones Exteriores (MIREX), el canciller Miguel Vargas anunci\u00f3 ayer la entrada en vigencia de un seguro que se aplicar\u00e1 a trav\u00e9s de las oficinas consulares, el que garantizar\u00e1 la repatriaci\u00f3n de restos al pa\u00eds o [&hellip;]<\/p>\n","protected":false},"author":8,"featured_media":2809,"comment_status":"closed","ping_status":"open","sticky":false,"template":"","format":"standard","meta":{"site-sidebar-layout":"default","site-content-layout":"","ast-site-content-layout":"default","site-content-style":"default","site-sidebar-style":"default","ast-global-header-display":"","ast-banner-title-visibility":"","ast-main-header-display":"","ast-hfb-above-header-display":"","ast-hfb-below-header-display":"","ast-hfb-mobile-header-display":"","site-post-title":"","ast-breadcrumbs-content":"","ast-featured-img":"","footer-sml-layout":"","ast-disable-related-posts":"","theme-transparent-header-meta":"","adv-header-id-meta":"","stick-header-meta":"","header-above-stick-meta":"","header-main-stick-meta":"","header-below-stick-meta":"","astra-migrate-meta-layouts":"default","ast-page-background-enabled":"default","ast-page-background-meta":{"desktop":{"background-color":"","background-image":"","background-repeat":"repeat","background-position":"center center","background-size":"auto","background-attachment":"scroll","background-type":"","background-media":"","overlay-type":"","overlay-color":"","overlay-opacity":"","overlay-gradient":""},"tablet":{"background-color":"","background-image":"","background-repeat":"repeat","background-position":"center center","background-size":"auto","background-attachment":"scroll","background-type":"","background-media":"","overlay-type":"","overlay-color":"","overlay-opacity":"","overlay-gradient":""},"mobile":{"background-color":"","background-image":"","background-repeat":"repeat","background-position":"center center","background-size":"auto","background-attachment":"scroll","background-type":"","background-media":"","overlay-type":"","overlay-color":"","overlay-opacity":"","overlay-gradient":""}},"ast-content-background-meta":{"desktop":{"background-color":"var(--ast-global-color-5)","background-image":"","background-repeat":"repeat","background-position":"center center","background-size":"auto","background-attachment":"scroll","background-type":"","background-media":"","overlay-type":"","overlay-color":"","overlay-opacity":"","overlay-gradient":""},"tablet":{"background-color":"var(--ast-global-color-5)","background-image":"","background-repeat":"repeat","background-position":"center center","background-size":"auto","background-attachment":"scroll","background-type":"","background-media":"","overlay-type":"","overlay-color":"","overlay-opacity":"","overlay-gradient":""},"mobile":{"background-color":"var(--ast-global-color-5)","background-image":"","background-repeat":"repeat","background-position":"center center","background-size":"auto","background-attachment":"scroll","background-type":"","background-media":"","overlay-type":"","overlay-color":"","overlay-opacity":"","overlay-gradient":""}},"footnotes":""},"categories":[66],"tags":[361,351],"class_list":["post-2808","post","type-post","status-publish","format-standard","has-post-thumbnail","hentry","category-novedades","tag-cancilleria","tag-cielord"],"yoast_head":"<!-- This site is optimized with the Yoast SEO plugin v27.4 - https:\/\/yoast.com\/product\/yoast-seo-wordpress\/ -->\n<title>Cancilleria anuncia servicio de repatriaci\u00f3n funeraria - Consulado General de la Rep\u00fablica Dominicana en La Haya, Reino de los Pa\u00edses Bajos<\/title>\n<meta name=\"robots\" content=\"index, follow, max-snippet:-1, max-image-preview:large, max-video-preview:-1\" \/>\n<link rel=\"canonical\" href=\"https:\/\/nld.mirex.gob.do\/consular\/amsterdam\/cancilleria-anuncia-servicio-repatriacion-funeraria\/\" \/>\n<meta property=\"og:locale\" content=\"en_US\" \/>\n<meta property=\"og:type\" content=\"article\" \/>\n<meta property=\"og:title\" content=\"Cancilleria anuncia servicio de repatriaci\u00f3n funeraria - Consulado General de la Rep\u00fablica Dominicana en La Haya, Reino de los Pa\u00edses Bajos\" \/>\n<meta property=\"og:description\" content=\"Como parte del compromiso de protecci\u00f3n al dominicano residente en el exterior asumido por la actual gesti\u00f3n del Ministerio de Relaciones Exteriores (MIREX), el canciller Miguel Vargas anunci\u00f3 ayer la entrada en vigencia de un seguro que se aplicar\u00e1 a trav\u00e9s de las oficinas consulares, el que garantizar\u00e1 la repatriaci\u00f3n de restos al pa\u00eds o [&hellip;]\" \/>\n<meta property=\"og:url\" content=\"https:\/\/nld.mirex.gob.do\/consular\/amsterdam\/cancilleria-anuncia-servicio-repatriacion-funeraria\/\" \/>\n<meta property=\"og:site_name\" content=\"Consulado General de la Rep\u00fablica Dominicana en La Haya, Reino de los Pa\u00edses Bajos\" \/>\n<meta property=\"article:published_time\" content=\"2017-06-13T14:14:24+00:00\" \/>\n<meta name=\"author\" content=\"Michael Antonio Melo Andujar\" \/>\n<meta name=\"twitter:card\" content=\"summary_large_image\" \/>\n<meta name=\"twitter:label1\" content=\"Written by\" \/>\n\t<meta name=\"twitter:data1\" content=\"Michael Antonio Melo Andujar\" \/>\n\t<meta name=\"twitter:label2\" content=\"Est. reading time\" \/>\n\t<meta name=\"twitter:data2\" content=\"2 minutes\" \/>\n<script type=\"application\/ld+json\" class=\"yoast-schema-graph\">{\"@context\":\"https:\\\/\\\/schema.org\",\"@graph\":[{\"@type\":\"Article\",\"@id\":\"https:\\\/\\\/nld.mirex.gob.do\\\/consular\\\/amsterdam\\\/cancilleria-anuncia-servicio-repatriacion-funeraria\\\/#article\",\"isPartOf\":{\"@id\":\"https:\\\/\\\/nld.mirex.gob.do\\\/consular\\\/amsterdam\\\/cancilleria-anuncia-servicio-repatriacion-funeraria\\\/\"},\"author\":{\"name\":\"Michael Antonio Melo Andujar\",\"@id\":\"https:\\\/\\\/nld.mirex.gob.do\\\/consular\\\/amsterdam\\\/#\\\/schema\\\/person\\\/772a9951ade6a7e4ab978b618b619ff8\"},\"headline\":\"Cancilleria anuncia servicio de repatriaci\u00f3n funeraria\",\"datePublished\":\"2017-06-13T14:14:24+00:00\",\"mainEntityOfPage\":{\"@id\":\"https:\\\/\\\/nld.mirex.gob.do\\\/consular\\\/amsterdam\\\/cancilleria-anuncia-servicio-repatriacion-funeraria\\\/\"},\"wordCount\":382,\"publisher\":{\"@id\":\"https:\\\/\\\/nld.mirex.gob.do\\\/consular\\\/amsterdam\\\/#organization\"},\"image\":{\"@id\":\"https:\\\/\\\/nld.mirex.gob.do\\\/consular\\\/amsterdam\\\/cancilleria-anuncia-servicio-repatriacion-funeraria\\\/#primaryimage\"},\"thumbnailUrl\":\"\",\"keywords\":[\"Cancilleria\",\"CieloRD\"],\"articleSection\":[\"Novedades\"],\"inLanguage\":\"en-US\"},{\"@type\":\"WebPage\",\"@id\":\"https:\\\/\\\/nld.mirex.gob.do\\\/consular\\\/amsterdam\\\/cancilleria-anuncia-servicio-repatriacion-funeraria\\\/\",\"url\":\"https:\\\/\\\/nld.mirex.gob.do\\\/consular\\\/amsterdam\\\/cancilleria-anuncia-servicio-repatriacion-funeraria\\\/\",\"name\":\"Cancilleria anuncia servicio de repatriaci\u00f3n funeraria - Consulado General de la Rep\u00fablica Dominicana en La Haya, Reino de los Pa\u00edses Bajos\",\"isPartOf\":{\"@id\":\"https:\\\/\\\/nld.mirex.gob.do\\\/consular\\\/amsterdam\\\/#website\"},\"primaryImageOfPage\":{\"@id\":\"https:\\\/\\\/nld.mirex.gob.do\\\/consular\\\/amsterdam\\\/cancilleria-anuncia-servicio-repatriacion-funeraria\\\/#primaryimage\"},\"image\":{\"@id\":\"https:\\\/\\\/nld.mirex.gob.do\\\/consular\\\/amsterdam\\\/cancilleria-anuncia-servicio-repatriacion-funeraria\\\/#primaryimage\"},\"thumbnailUrl\":\"\",\"datePublished\":\"2017-06-13T14:14:24+00:00\",\"breadcrumb\":{\"@id\":\"https:\\\/\\\/nld.mirex.gob.do\\\/consular\\\/amsterdam\\\/cancilleria-anuncia-servicio-repatriacion-funeraria\\\/#breadcrumb\"},\"inLanguage\":\"en-US\",\"potentialAction\":[{\"@type\":\"ReadAction\",\"target\":[\"https:\\\/\\\/nld.mirex.gob.do\\\/consular\\\/amsterdam\\\/cancilleria-anuncia-servicio-repatriacion-funeraria\\\/\"]}]},{\"@type\":\"ImageObject\",\"inLanguage\":\"en-US\",\"@id\":\"https:\\\/\\\/nld.mirex.gob.do\\\/consular\\\/amsterdam\\\/cancilleria-anuncia-servicio-repatriacion-funeraria\\\/#primaryimage\",\"url\":\"\",\"contentUrl\":\"\"},{\"@type\":\"BreadcrumbList\",\"@id\":\"https:\\\/\\\/nld.mirex.gob.do\\\/consular\\\/amsterdam\\\/cancilleria-anuncia-servicio-repatriacion-funeraria\\\/#breadcrumb\",\"itemListElement\":[{\"@type\":\"ListItem\",\"position\":1,\"name\":\"Inicio\",\"item\":\"https:\\\/\\\/nld.mirex.gob.do\\\/consular\\\/amsterdam\\\/\"},{\"@type\":\"ListItem\",\"position\":2,\"name\":\"Cancilleria anuncia servicio de repatriaci\u00f3n funeraria\"}]},{\"@type\":\"WebSite\",\"@id\":\"https:\\\/\\\/nld.mirex.gob.do\\\/consular\\\/amsterdam\\\/#website\",\"url\":\"https:\\\/\\\/nld.mirex.gob.do\\\/consular\\\/amsterdam\\\/\",\"name\":\"Consulado General de la Rep\u00fablica Dominicana en La Haya, Reino de los Pa\u00edses Bajos\",\"description\":\"\",\"publisher\":{\"@id\":\"https:\\\/\\\/nld.mirex.gob.do\\\/consular\\\/amsterdam\\\/#organization\"},\"potentialAction\":[{\"@type\":\"SearchAction\",\"target\":{\"@type\":\"EntryPoint\",\"urlTemplate\":\"https:\\\/\\\/nld.mirex.gob.do\\\/consular\\\/amsterdam\\\/?s={search_term_string}\"},\"query-input\":{\"@type\":\"PropertyValueSpecification\",\"valueRequired\":true,\"valueName\":\"search_term_string\"}}],\"inLanguage\":\"en-US\"},{\"@type\":\"Organization\",\"@id\":\"https:\\\/\\\/nld.mirex.gob.do\\\/consular\\\/amsterdam\\\/#organization\",\"name\":\"Consulado General de la Rep\u00fablica Dominicana en La Haya, Reino de los Pa\u00edses Bajos\",\"url\":\"https:\\\/\\\/nld.mirex.gob.do\\\/consular\\\/amsterdam\\\/\",\"logo\":{\"@type\":\"ImageObject\",\"inLanguage\":\"en-US\",\"@id\":\"https:\\\/\\\/nld.mirex.gob.do\\\/consular\\\/amsterdam\\\/#\\\/schema\\\/logo\\\/image\\\/\",\"url\":\"https:\\\/\\\/nld.mirex.gob.do\\\/consular\\\/amsterdam\\\/wp-content\\\/uploads\\\/2024\\\/04\\\/cropped-consulado_la_haya_reinode_los_Paises_Bajos.jpg\",\"contentUrl\":\"https:\\\/\\\/nld.mirex.gob.do\\\/consular\\\/amsterdam\\\/wp-content\\\/uploads\\\/2024\\\/04\\\/cropped-consulado_la_haya_reinode_los_Paises_Bajos.jpg\",\"width\":999,\"height\":407,\"caption\":\"Consulado General de la Rep\u00fablica Dominicana en La Haya, Reino de los Pa\u00edses Bajos\"},\"image\":{\"@id\":\"https:\\\/\\\/nld.mirex.gob.do\\\/consular\\\/amsterdam\\\/#\\\/schema\\\/logo\\\/image\\\/\"}},{\"@type\":\"Person\",\"@id\":\"https:\\\/\\\/nld.mirex.gob.do\\\/consular\\\/amsterdam\\\/#\\\/schema\\\/person\\\/772a9951ade6a7e4ab978b618b619ff8\",\"name\":\"Michael Antonio Melo Andujar\",\"image\":{\"@type\":\"ImageObject\",\"inLanguage\":\"en-US\",\"@id\":\"https:\\\/\\\/secure.gravatar.com\\\/avatar\\\/f8862d24b6945a30d30c9727ef9dfcd533ee25a18a27afc92991446aeb0e652d?s=96&d=mm&r=g\",\"url\":\"https:\\\/\\\/secure.gravatar.com\\\/avatar\\\/f8862d24b6945a30d30c9727ef9dfcd533ee25a18a27afc92991446aeb0e652d?s=96&d=mm&r=g\",\"contentUrl\":\"https:\\\/\\\/secure.gravatar.com\\\/avatar\\\/f8862d24b6945a30d30c9727ef9dfcd533ee25a18a27afc92991446aeb0e652d?s=96&d=mm&r=g\",\"caption\":\"Michael Antonio Melo Andujar\"}}]}<\/script>\n<!-- \/ Yoast SEO plugin. -->","yoast_head_json":{"title":"Cancilleria anuncia servicio de repatriaci\u00f3n funeraria - Consulado General de la Rep\u00fablica Dominicana en La Haya, Reino de los Pa\u00edses Bajos","robots":{"index":"index","follow":"follow","max-snippet":"max-snippet:-1","max-image-preview":"max-image-preview:large","max-video-preview":"max-video-preview:-1"},"canonical":"https:\/\/nld.mirex.gob.do\/consular\/amsterdam\/cancilleria-anuncia-servicio-repatriacion-funeraria\/","og_locale":"en_US","og_type":"article","og_title":"Cancilleria anuncia servicio de repatriaci\u00f3n funeraria - Consulado General de la Rep\u00fablica Dominicana en La Haya, Reino de los Pa\u00edses Bajos","og_description":"Como parte del compromiso de protecci\u00f3n al dominicano residente en el exterior asumido por la actual gesti\u00f3n del Ministerio de Relaciones Exteriores (MIREX), el canciller Miguel Vargas anunci\u00f3 ayer la entrada en vigencia de un seguro que se aplicar\u00e1 a trav\u00e9s de las oficinas consulares, el que garantizar\u00e1 la repatriaci\u00f3n de restos al pa\u00eds o [&hellip;]","og_url":"https:\/\/nld.mirex.gob.do\/consular\/amsterdam\/cancilleria-anuncia-servicio-repatriacion-funeraria\/","og_site_name":"Consulado General de la Rep\u00fablica Dominicana en La Haya, Reino de los Pa\u00edses Bajos","article_published_time":"2017-06-13T14:14:24+00:00","author":"Michael Antonio Melo Andujar","twitter_card":"summary_large_image","twitter_misc":{"Written by":"Michael Antonio Melo Andujar","Est. reading time":"2 minutes"},"schema":{"@context":"https:\/\/schema.org","@graph":[{"@type":"Article","@id":"https:\/\/nld.mirex.gob.do\/consular\/amsterdam\/cancilleria-anuncia-servicio-repatriacion-funeraria\/#article","isPartOf":{"@id":"https:\/\/nld.mirex.gob.do\/consular\/amsterdam\/cancilleria-anuncia-servicio-repatriacion-funeraria\/"},"author":{"name":"Michael Antonio Melo Andujar","@id":"https:\/\/nld.mirex.gob.do\/consular\/amsterdam\/#\/schema\/person\/772a9951ade6a7e4ab978b618b619ff8"},"headline":"Cancilleria anuncia servicio de repatriaci\u00f3n funeraria","datePublished":"2017-06-13T14:14:24+00:00","mainEntityOfPage":{"@id":"https:\/\/nld.mirex.gob.do\/consular\/amsterdam\/cancilleria-anuncia-servicio-repatriacion-funeraria\/"},"wordCount":382,"publisher":{"@id":"https:\/\/nld.mirex.gob.do\/consular\/amsterdam\/#organization"},"image":{"@id":"https:\/\/nld.mirex.gob.do\/consular\/amsterdam\/cancilleria-anuncia-servicio-repatriacion-funeraria\/#primaryimage"},"thumbnailUrl":"","keywords":["Cancilleria","CieloRD"],"articleSection":["Novedades"],"inLanguage":"en-US"},{"@type":"WebPage","@id":"https:\/\/nld.mirex.gob.do\/consular\/amsterdam\/cancilleria-anuncia-servicio-repatriacion-funeraria\/","url":"https:\/\/nld.mirex.gob.do\/consular\/amsterdam\/cancilleria-anuncia-servicio-repatriacion-funeraria\/","name":"Cancilleria anuncia servicio de repatriaci\u00f3n funeraria - Consulado General de la Rep\u00fablica Dominicana en La Haya, Reino de los Pa\u00edses Bajos","isPartOf":{"@id":"https:\/\/nld.mirex.gob.do\/consular\/amsterdam\/#website"},"primaryImageOfPage":{"@id":"https:\/\/nld.mirex.gob.do\/consular\/amsterdam\/cancilleria-anuncia-servicio-repatriacion-funeraria\/#primaryimage"},"image":{"@id":"https:\/\/nld.mirex.gob.do\/consular\/amsterdam\/cancilleria-anuncia-servicio-repatriacion-funeraria\/#primaryimage"},"thumbnailUrl":"","datePublished":"2017-06-13T14:14:24+00:00","breadcrumb":{"@id":"https:\/\/nld.mirex.gob.do\/consular\/amsterdam\/cancilleria-anuncia-servicio-repatriacion-funeraria\/#breadcrumb"},"inLanguage":"en-US","potentialAction":[{"@type":"ReadAction","target":["https:\/\/nld.mirex.gob.do\/consular\/amsterdam\/cancilleria-anuncia-servicio-repatriacion-funeraria\/"]}]},{"@type":"ImageObject","inLanguage":"en-US","@id":"https:\/\/nld.mirex.gob.do\/consular\/amsterdam\/cancilleria-anuncia-servicio-repatriacion-funeraria\/#primaryimage","url":"","contentUrl":""},{"@type":"BreadcrumbList","@id":"https:\/\/nld.mirex.gob.do\/consular\/amsterdam\/cancilleria-anuncia-servicio-repatriacion-funeraria\/#breadcrumb","itemListElement":[{"@type":"ListItem","position":1,"name":"Inicio","item":"https:\/\/nld.mirex.gob.do\/consular\/amsterdam\/"},{"@type":"ListItem","position":2,"name":"Cancilleria anuncia servicio de repatriaci\u00f3n funeraria"}]},{"@type":"WebSite","@id":"https:\/\/nld.mirex.gob.do\/consular\/amsterdam\/#website","url":"https:\/\/nld.mirex.gob.do\/consular\/amsterdam\/","name":"Consulado General de la Rep\u00fablica Dominicana en La Haya, Reino de los Pa\u00edses Bajos","description":"","publisher":{"@id":"https:\/\/nld.mirex.gob.do\/consular\/amsterdam\/#organization"},"potentialAction":[{"@type":"SearchAction","target":{"@type":"EntryPoint","urlTemplate":"https:\/\/nld.mirex.gob.do\/consular\/amsterdam\/?s={search_term_string}"},"query-input":{"@type":"PropertyValueSpecification","valueRequired":true,"valueName":"search_term_string"}}],"inLanguage":"en-US"},{"@type":"Organization","@id":"https:\/\/nld.mirex.gob.do\/consular\/amsterdam\/#organization","name":"Consulado General de la Rep\u00fablica Dominicana en La Haya, Reino de los Pa\u00edses Bajos","url":"https:\/\/nld.mirex.gob.do\/consular\/amsterdam\/","logo":{"@type":"ImageObject","inLanguage":"en-US","@id":"https:\/\/nld.mirex.gob.do\/consular\/amsterdam\/#\/schema\/logo\/image\/","url":"https:\/\/nld.mirex.gob.do\/consular\/amsterdam\/wp-content\/uploads\/2024\/04\/cropped-consulado_la_haya_reinode_los_Paises_Bajos.jpg","contentUrl":"https:\/\/nld.mirex.gob.do\/consular\/amsterdam\/wp-content\/uploads\/2024\/04\/cropped-consulado_la_haya_reinode_los_Paises_Bajos.jpg","width":999,"height":407,"caption":"Consulado General de la Rep\u00fablica Dominicana en La Haya, Reino de los Pa\u00edses Bajos"},"image":{"@id":"https:\/\/nld.mirex.gob.do\/consular\/amsterdam\/#\/schema\/logo\/image\/"}},{"@type":"Person","@id":"https:\/\/nld.mirex.gob.do\/consular\/amsterdam\/#\/schema\/person\/772a9951ade6a7e4ab978b618b619ff8","name":"Michael Antonio Melo Andujar","image":{"@type":"ImageObject","inLanguage":"en-US","@id":"https:\/\/secure.gravatar.com\/avatar\/f8862d24b6945a30d30c9727ef9dfcd533ee25a18a27afc92991446aeb0e652d?s=96&d=mm&r=g","url":"https:\/\/secure.gravatar.com\/avatar\/f8862d24b6945a30d30c9727ef9dfcd533ee25a18a27afc92991446aeb0e652d?s=96&d=mm&r=g","contentUrl":"https:\/\/secure.gravatar.com\/avatar\/f8862d24b6945a30d30c9727ef9dfcd533ee25a18a27afc92991446aeb0e652d?s=96&d=mm&r=g","caption":"Michael Antonio Melo Andujar"}}]}},"_links":{"self":[{"href":"https:\/\/nld.mirex.gob.do\/consular\/amsterdam\/wp-json\/wp\/v2\/posts\/2808","targetHints":{"allow":["GET"]}}],"collection":[{"href":"https:\/\/nld.mirex.gob.do\/consular\/amsterdam\/wp-json\/wp\/v2\/posts"}],"about":[{"href":"https:\/\/nld.mirex.gob.do\/consular\/amsterdam\/wp-json\/wp\/v2\/types\/post"}],"author":[{"embeddable":true,"href":"https:\/\/nld.mirex.gob.do\/consular\/amsterdam\/wp-json\/wp\/v2\/users\/8"}],"replies":[{"embeddable":true,"href":"https:\/\/nld.mirex.gob.do\/consular\/amsterdam\/wp-json\/wp\/v2\/comments?post=2808"}],"version-history":[{"count":0,"href":"https:\/\/nld.mirex.gob.do\/consular\/amsterdam\/wp-json\/wp\/v2\/posts\/2808\/revisions"}],"wp:featuredmedia":[{"embeddable":true,"href":"https:\/\/nld.mirex.gob.do\/consular\/amsterdam\/wp-json\/"}],"wp:attachment":[{"href":"https:\/\/nld.mirex.gob.do\/consular\/amsterdam\/wp-json\/wp\/v2\/media?parent=2808"}],"wp:term":[{"taxonomy":"category","embeddable":true,"href":"https:\/\/nld.mirex.gob.do\/consular\/amsterdam\/wp-json\/wp\/v2\/categories?post=2808"},{"taxonomy":"post_tag","embeddable":true,"href":"https:\/\/nld.mirex.gob.do\/consular\/amsterdam\/wp-json\/wp\/v2\/tags?post=2808"}],"curies":[{"name":"wp","href":"https:\/\/api.w.org\/{rel}","templated":true}]}}