{"id":2450,"date":"2016-08-15T07:52:04","date_gmt":"2016-08-15T07:52:04","guid":{"rendered":"https:\/\/www.consuladordholanda.com\/?p=2450"},"modified":"2016-08-15T07:52:04","modified_gmt":"2016-08-15T07:52:04","slug":"comunicado-personal-del-consulado-general-la-republica-dominicana-no-laborara-este-martes-16-agosto-motivo-la-conmemoracion-del-153-aniversario-la-restauracion-dominicana","status":"publish","type":"post","link":"https:\/\/nld.mirex.gob.do\/consular\/amsterdam\/comunicado-personal-del-consulado-general-la-republica-dominicana-no-laborara-este-martes-16-agosto-motivo-la-conmemoracion-del-153-aniversario-la-restauracion-dominicana\/","title":{"rendered":"Comunicado: El personal del Consulado General de la Rep\u00fablica Dominicana, no laborar\u00e1 este martes 16 de agosto, con motivo de la conmemoraci\u00f3n del 153 aniversario de la Restauraci\u00f3n Dominicana"},"content":{"rendered":"<p><img fetchpriority=\"high\" decoding=\"async\" class=\"alignnone size-full wp-image-2451\" src=\"https:\/\/www.consuladordholanda.com\/wp-content\/uploads\/2016\/08\/comunicaco-16-de-agosto.jpg\" alt=\"comunicaco 16 de agosto\" width=\"800\" height=\"600\" \/><\/p>\n<p>Texto:<\/p>\n<p>El personal del Consulado General de la Rep\u00fablica Dominicana, no laborar\u00e1 este martes 16 de agosto, con motivo de la conmemoraci\u00f3n del 153 aniversario de la Restauraci\u00f3n Dominicana.<\/p>\n<p>Las labores se reanudar\u00e1n el mi\u00e9rcoles 17 de agosto en su horario normal de 9:00 a 16:00 hs.<\/p>\n<p>En Amstelveen a 16 de agosto de 2016<\/p>\n","protected":false},"excerpt":{"rendered":"<p>Texto: El personal del Consulado General de la Rep\u00fablica Dominicana, no laborar\u00e1 este martes 16 de agosto, con motivo de la conmemoraci\u00f3n del 153 aniversario de la Restauraci\u00f3n Dominicana. Las labores se reanudar\u00e1n el mi\u00e9rcoles 17 de agosto en su horario normal de 9:00 a 16:00 hs. En Amstelveen a 16 de agosto de 2016<\/p>\n","protected":false},"author":8,"featured_media":2451,"comment_status":"closed","ping_status":"open","sticky":false,"template":"","format":"standard","meta":{"site-sidebar-layout":"default","site-content-layout":"","ast-site-content-layout":"default","site-content-style":"default","site-sidebar-style":"default","ast-global-header-display":"","ast-banner-title-visibility":"","ast-main-header-display":"","ast-hfb-above-header-display":"","ast-hfb-below-header-display":"","ast-hfb-mobile-header-display":"","site-post-title":"","ast-breadcrumbs-content":"","ast-featured-img":"","footer-sml-layout":"","ast-disable-related-posts":"","theme-transparent-header-meta":"","adv-header-id-meta":"","stick-header-meta":"","header-above-stick-meta":"","header-main-stick-meta":"","header-below-stick-meta":"","astra-migrate-meta-layouts":"default","ast-page-background-enabled":"default","ast-page-background-meta":{"desktop":{"background-color":"","background-image":"","background-repeat":"repeat","background-position":"center center","background-size":"auto","background-attachment":"scroll","background-type":"","background-media":"","overlay-type":"","overlay-color":"","overlay-opacity":"","overlay-gradient":""},"tablet":{"background-color":"","background-image":"","background-repeat":"repeat","background-position":"center center","background-size":"auto","background-attachment":"scroll","background-type":"","background-media":"","overlay-type":"","overlay-color":"","overlay-opacity":"","overlay-gradient":""},"mobile":{"background-color":"","background-image":"","background-repeat":"repeat","background-position":"center center","background-size":"auto","background-attachment":"scroll","background-type":"","background-media":"","overlay-type":"","overlay-color":"","overlay-opacity":"","overlay-gradient":""}},"ast-content-background-meta":{"desktop":{"background-color":"var(--ast-global-color-5)","background-image":"","background-repeat":"repeat","background-position":"center center","background-size":"auto","background-attachment":"scroll","background-type":"","background-media":"","overlay-type":"","overlay-color":"","overlay-opacity":"","overlay-gradient":""},"tablet":{"background-color":"var(--ast-global-color-5)","background-image":"","background-repeat":"repeat","background-position":"center center","background-size":"auto","background-attachment":"scroll","background-type":"","background-media":"","overlay-type":"","overlay-color":"","overlay-opacity":"","overlay-gradient":""},"mobile":{"background-color":"var(--ast-global-color-5)","background-image":"","background-repeat":"repeat","background-position":"center center","background-size":"auto","background-attachment":"scroll","background-type":"","background-media":"","overlay-type":"","overlay-color":"","overlay-opacity":"","overlay-gradient":""}},"footnotes":""},"categories":[60],"tags":[335,336,337],"class_list":["post-2450","post","type-post","status-publish","format-standard","has-post-thumbnail","hentry","category-sin-categoria","tag-16-de-agosto","tag-aniversario-de-la-restauracion-dominicana","tag-festivo"],"yoast_head":"<!-- This site is optimized with the Yoast SEO plugin v27.4 - https:\/\/yoast.com\/product\/yoast-seo-wordpress\/ -->\n<title>Comunicado: El personal del Consulado General de la Rep\u00fablica Dominicana, no laborar\u00e1 este martes 16 de agosto, con motivo de la conmemoraci\u00f3n del 153 aniversario de la Restauraci\u00f3n Dominicana - Consulado General de la Rep\u00fablica Dominicana en La Haya, Reino de los Pa\u00edses Bajos<\/title>\n<meta name=\"robots\" content=\"index, follow, max-snippet:-1, max-image-preview:large, max-video-preview:-1\" \/>\n<link rel=\"canonical\" href=\"https:\/\/nld.mirex.gob.do\/consular\/amsterdam\/comunicado-personal-del-consulado-general-la-republica-dominicana-no-laborara-este-martes-16-agosto-motivo-la-conmemoracion-del-153-aniversario-la-restauracion-dominicana\/\" \/>\n<meta property=\"og:locale\" content=\"en_US\" \/>\n<meta property=\"og:type\" content=\"article\" \/>\n<meta property=\"og:title\" content=\"Comunicado: El personal del Consulado General de la Rep\u00fablica Dominicana, no laborar\u00e1 este martes 16 de agosto, con motivo de la conmemoraci\u00f3n del 153 aniversario de la Restauraci\u00f3n Dominicana - Consulado General de la Rep\u00fablica Dominicana en La Haya, Reino de los Pa\u00edses Bajos\" \/>\n<meta property=\"og:description\" content=\"Texto: El personal del Consulado General de la Rep\u00fablica Dominicana, no laborar\u00e1 este martes 16 de agosto, con motivo de la conmemoraci\u00f3n del 153 aniversario de la Restauraci\u00f3n Dominicana. Las labores se reanudar\u00e1n el mi\u00e9rcoles 17 de agosto en su horario normal de 9:00 a 16:00 hs. En Amstelveen a 16 de agosto de 2016\" \/>\n<meta property=\"og:url\" content=\"https:\/\/nld.mirex.gob.do\/consular\/amsterdam\/comunicado-personal-del-consulado-general-la-republica-dominicana-no-laborara-este-martes-16-agosto-motivo-la-conmemoracion-del-153-aniversario-la-restauracion-dominicana\/\" \/>\n<meta property=\"og:site_name\" content=\"Consulado General de la Rep\u00fablica Dominicana en La Haya, Reino de los Pa\u00edses Bajos\" \/>\n<meta property=\"article:published_time\" content=\"2016-08-15T07:52:04+00:00\" \/>\n<meta name=\"author\" content=\"Michael Antonio Melo Andujar\" \/>\n<meta name=\"twitter:card\" content=\"summary_large_image\" \/>\n<meta name=\"twitter:label1\" content=\"Written by\" \/>\n\t<meta name=\"twitter:data1\" content=\"Michael Antonio Melo Andujar\" \/>\n<script type=\"application\/ld+json\" class=\"yoast-schema-graph\">{\"@context\":\"https:\\\/\\\/schema.org\",\"@graph\":[{\"@type\":\"Article\",\"@id\":\"https:\\\/\\\/nld.mirex.gob.do\\\/consular\\\/amsterdam\\\/comunicado-personal-del-consulado-general-la-republica-dominicana-no-laborara-este-martes-16-agosto-motivo-la-conmemoracion-del-153-aniversario-la-restauracion-dominicana\\\/#article\",\"isPartOf\":{\"@id\":\"https:\\\/\\\/nld.mirex.gob.do\\\/consular\\\/amsterdam\\\/comunicado-personal-del-consulado-general-la-republica-dominicana-no-laborara-este-martes-16-agosto-motivo-la-conmemoracion-del-153-aniversario-la-restauracion-dominicana\\\/\"},\"author\":{\"name\":\"Michael Antonio Melo Andujar\",\"@id\":\"https:\\\/\\\/nld.mirex.gob.do\\\/consular\\\/amsterdam\\\/#\\\/schema\\\/person\\\/772a9951ade6a7e4ab978b618b619ff8\"},\"headline\":\"Comunicado: El personal del Consulado General de la Rep\u00fablica Dominicana, no laborar\u00e1 este martes 16 de agosto, con motivo de la conmemoraci\u00f3n del 153 aniversario de la Restauraci\u00f3n Dominicana\",\"datePublished\":\"2016-08-15T07:52:04+00:00\",\"mainEntityOfPage\":{\"@id\":\"https:\\\/\\\/nld.mirex.gob.do\\\/consular\\\/amsterdam\\\/comunicado-personal-del-consulado-general-la-republica-dominicana-no-laborara-este-martes-16-agosto-motivo-la-conmemoracion-del-153-aniversario-la-restauracion-dominicana\\\/\"},\"wordCount\":83,\"publisher\":{\"@id\":\"https:\\\/\\\/nld.mirex.gob.do\\\/consular\\\/amsterdam\\\/#organization\"},\"image\":{\"@id\":\"https:\\\/\\\/nld.mirex.gob.do\\\/consular\\\/amsterdam\\\/comunicado-personal-del-consulado-general-la-republica-dominicana-no-laborara-este-martes-16-agosto-motivo-la-conmemoracion-del-153-aniversario-la-restauracion-dominicana\\\/#primaryimage\"},\"thumbnailUrl\":\"\",\"keywords\":[\"16 de agosto\",\"Aniversario de la Restauraci\u00f3n Dominicana\",\"festivo\"],\"articleSection\":[\"Sin categor\u00eda\"],\"inLanguage\":\"en-US\"},{\"@type\":\"WebPage\",\"@id\":\"https:\\\/\\\/nld.mirex.gob.do\\\/consular\\\/amsterdam\\\/comunicado-personal-del-consulado-general-la-republica-dominicana-no-laborara-este-martes-16-agosto-motivo-la-conmemoracion-del-153-aniversario-la-restauracion-dominicana\\\/\",\"url\":\"https:\\\/\\\/nld.mirex.gob.do\\\/consular\\\/amsterdam\\\/comunicado-personal-del-consulado-general-la-republica-dominicana-no-laborara-este-martes-16-agosto-motivo-la-conmemoracion-del-153-aniversario-la-restauracion-dominicana\\\/\",\"name\":\"Comunicado: El personal del Consulado General de la Rep\u00fablica Dominicana, no laborar\u00e1 este martes 16 de agosto, con motivo de la conmemoraci\u00f3n del 153 aniversario de la Restauraci\u00f3n Dominicana - Consulado General de la Rep\u00fablica Dominicana en La Haya, Reino de los Pa\u00edses Bajos\",\"isPartOf\":{\"@id\":\"https:\\\/\\\/nld.mirex.gob.do\\\/consular\\\/amsterdam\\\/#website\"},\"primaryImageOfPage\":{\"@id\":\"https:\\\/\\\/nld.mirex.gob.do\\\/consular\\\/amsterdam\\\/comunicado-personal-del-consulado-general-la-republica-dominicana-no-laborara-este-martes-16-agosto-motivo-la-conmemoracion-del-153-aniversario-la-restauracion-dominicana\\\/#primaryimage\"},\"image\":{\"@id\":\"https:\\\/\\\/nld.mirex.gob.do\\\/consular\\\/amsterdam\\\/comunicado-personal-del-consulado-general-la-republica-dominicana-no-laborara-este-martes-16-agosto-motivo-la-conmemoracion-del-153-aniversario-la-restauracion-dominicana\\\/#primaryimage\"},\"thumbnailUrl\":\"\",\"datePublished\":\"2016-08-15T07:52:04+00:00\",\"breadcrumb\":{\"@id\":\"https:\\\/\\\/nld.mirex.gob.do\\\/consular\\\/amsterdam\\\/comunicado-personal-del-consulado-general-la-republica-dominicana-no-laborara-este-martes-16-agosto-motivo-la-conmemoracion-del-153-aniversario-la-restauracion-dominicana\\\/#breadcrumb\"},\"inLanguage\":\"en-US\",\"potentialAction\":[{\"@type\":\"ReadAction\",\"target\":[\"https:\\\/\\\/nld.mirex.gob.do\\\/consular\\\/amsterdam\\\/comunicado-personal-del-consulado-general-la-republica-dominicana-no-laborara-este-martes-16-agosto-motivo-la-conmemoracion-del-153-aniversario-la-restauracion-dominicana\\\/\"]}]},{\"@type\":\"ImageObject\",\"inLanguage\":\"en-US\",\"@id\":\"https:\\\/\\\/nld.mirex.gob.do\\\/consular\\\/amsterdam\\\/comunicado-personal-del-consulado-general-la-republica-dominicana-no-laborara-este-martes-16-agosto-motivo-la-conmemoracion-del-153-aniversario-la-restauracion-dominicana\\\/#primaryimage\",\"url\":\"\",\"contentUrl\":\"\"},{\"@type\":\"BreadcrumbList\",\"@id\":\"https:\\\/\\\/nld.mirex.gob.do\\\/consular\\\/amsterdam\\\/comunicado-personal-del-consulado-general-la-republica-dominicana-no-laborara-este-martes-16-agosto-motivo-la-conmemoracion-del-153-aniversario-la-restauracion-dominicana\\\/#breadcrumb\",\"itemListElement\":[{\"@type\":\"ListItem\",\"position\":1,\"name\":\"Inicio\",\"item\":\"https:\\\/\\\/nld.mirex.gob.do\\\/consular\\\/amsterdam\\\/\"},{\"@type\":\"ListItem\",\"position\":2,\"name\":\"Comunicado: El personal del Consulado General de la Rep\u00fablica Dominicana, no laborar\u00e1 este martes 16 de agosto, con motivo de la conmemoraci\u00f3n del 153 aniversario de la Restauraci\u00f3n Dominicana\"}]},{\"@type\":\"WebSite\",\"@id\":\"https:\\\/\\\/nld.mirex.gob.do\\\/consular\\\/amsterdam\\\/#website\",\"url\":\"https:\\\/\\\/nld.mirex.gob.do\\\/consular\\\/amsterdam\\\/\",\"name\":\"Consulado General de la Rep\u00fablica Dominicana en La Haya, Reino de los Pa\u00edses Bajos\",\"description\":\"\",\"publisher\":{\"@id\":\"https:\\\/\\\/nld.mirex.gob.do\\\/consular\\\/amsterdam\\\/#organization\"},\"potentialAction\":[{\"@type\":\"SearchAction\",\"target\":{\"@type\":\"EntryPoint\",\"urlTemplate\":\"https:\\\/\\\/nld.mirex.gob.do\\\/consular\\\/amsterdam\\\/?s={search_term_string}\"},\"query-input\":{\"@type\":\"PropertyValueSpecification\",\"valueRequired\":true,\"valueName\":\"search_term_string\"}}],\"inLanguage\":\"en-US\"},{\"@type\":\"Organization\",\"@id\":\"https:\\\/\\\/nld.mirex.gob.do\\\/consular\\\/amsterdam\\\/#organization\",\"name\":\"Consulado General de la Rep\u00fablica Dominicana en La Haya, Reino de los Pa\u00edses Bajos\",\"url\":\"https:\\\/\\\/nld.mirex.gob.do\\\/consular\\\/amsterdam\\\/\",\"logo\":{\"@type\":\"ImageObject\",\"inLanguage\":\"en-US\",\"@id\":\"https:\\\/\\\/nld.mirex.gob.do\\\/consular\\\/amsterdam\\\/#\\\/schema\\\/logo\\\/image\\\/\",\"url\":\"https:\\\/\\\/nld.mirex.gob.do\\\/consular\\\/amsterdam\\\/wp-content\\\/uploads\\\/2024\\\/04\\\/cropped-consulado_la_haya_reinode_los_Paises_Bajos.jpg\",\"contentUrl\":\"https:\\\/\\\/nld.mirex.gob.do\\\/consular\\\/amsterdam\\\/wp-content\\\/uploads\\\/2024\\\/04\\\/cropped-consulado_la_haya_reinode_los_Paises_Bajos.jpg\",\"width\":999,\"height\":407,\"caption\":\"Consulado General de la Rep\u00fablica Dominicana en La Haya, Reino de los Pa\u00edses Bajos\"},\"image\":{\"@id\":\"https:\\\/\\\/nld.mirex.gob.do\\\/consular\\\/amsterdam\\\/#\\\/schema\\\/logo\\\/image\\\/\"}},{\"@type\":\"Person\",\"@id\":\"https:\\\/\\\/nld.mirex.gob.do\\\/consular\\\/amsterdam\\\/#\\\/schema\\\/person\\\/772a9951ade6a7e4ab978b618b619ff8\",\"name\":\"Michael Antonio Melo Andujar\",\"image\":{\"@type\":\"ImageObject\",\"inLanguage\":\"en-US\",\"@id\":\"https:\\\/\\\/secure.gravatar.com\\\/avatar\\\/f8862d24b6945a30d30c9727ef9dfcd533ee25a18a27afc92991446aeb0e652d?s=96&d=mm&r=g\",\"url\":\"https:\\\/\\\/secure.gravatar.com\\\/avatar\\\/f8862d24b6945a30d30c9727ef9dfcd533ee25a18a27afc92991446aeb0e652d?s=96&d=mm&r=g\",\"contentUrl\":\"https:\\\/\\\/secure.gravatar.com\\\/avatar\\\/f8862d24b6945a30d30c9727ef9dfcd533ee25a18a27afc92991446aeb0e652d?s=96&d=mm&r=g\",\"caption\":\"Michael Antonio Melo Andujar\"}}]}<\/script>\n<!-- \/ Yoast SEO plugin. -->","yoast_head_json":{"title":"Comunicado: El personal del Consulado General de la Rep\u00fablica Dominicana, no laborar\u00e1 este martes 16 de agosto, con motivo de la conmemoraci\u00f3n del 153 aniversario de la Restauraci\u00f3n Dominicana - Consulado General de la Rep\u00fablica Dominicana en La Haya, Reino de los Pa\u00edses Bajos","robots":{"index":"index","follow":"follow","max-snippet":"max-snippet:-1","max-image-preview":"max-image-preview:large","max-video-preview":"max-video-preview:-1"},"canonical":"https:\/\/nld.mirex.gob.do\/consular\/amsterdam\/comunicado-personal-del-consulado-general-la-republica-dominicana-no-laborara-este-martes-16-agosto-motivo-la-conmemoracion-del-153-aniversario-la-restauracion-dominicana\/","og_locale":"en_US","og_type":"article","og_title":"Comunicado: El personal del Consulado General de la Rep\u00fablica Dominicana, no laborar\u00e1 este martes 16 de agosto, con motivo de la conmemoraci\u00f3n del 153 aniversario de la Restauraci\u00f3n Dominicana - Consulado General de la Rep\u00fablica Dominicana en La Haya, Reino de los Pa\u00edses Bajos","og_description":"Texto: El personal del Consulado General de la Rep\u00fablica Dominicana, no laborar\u00e1 este martes 16 de agosto, con motivo de la conmemoraci\u00f3n del 153 aniversario de la Restauraci\u00f3n Dominicana. Las labores se reanudar\u00e1n el mi\u00e9rcoles 17 de agosto en su horario normal de 9:00 a 16:00 hs. En Amstelveen a 16 de agosto de 2016","og_url":"https:\/\/nld.mirex.gob.do\/consular\/amsterdam\/comunicado-personal-del-consulado-general-la-republica-dominicana-no-laborara-este-martes-16-agosto-motivo-la-conmemoracion-del-153-aniversario-la-restauracion-dominicana\/","og_site_name":"Consulado General de la Rep\u00fablica Dominicana en La Haya, Reino de los Pa\u00edses Bajos","article_published_time":"2016-08-15T07:52:04+00:00","author":"Michael Antonio Melo Andujar","twitter_card":"summary_large_image","twitter_misc":{"Written by":"Michael Antonio Melo Andujar"},"schema":{"@context":"https:\/\/schema.org","@graph":[{"@type":"Article","@id":"https:\/\/nld.mirex.gob.do\/consular\/amsterdam\/comunicado-personal-del-consulado-general-la-republica-dominicana-no-laborara-este-martes-16-agosto-motivo-la-conmemoracion-del-153-aniversario-la-restauracion-dominicana\/#article","isPartOf":{"@id":"https:\/\/nld.mirex.gob.do\/consular\/amsterdam\/comunicado-personal-del-consulado-general-la-republica-dominicana-no-laborara-este-martes-16-agosto-motivo-la-conmemoracion-del-153-aniversario-la-restauracion-dominicana\/"},"author":{"name":"Michael Antonio Melo Andujar","@id":"https:\/\/nld.mirex.gob.do\/consular\/amsterdam\/#\/schema\/person\/772a9951ade6a7e4ab978b618b619ff8"},"headline":"Comunicado: El personal del Consulado General de la Rep\u00fablica Dominicana, no laborar\u00e1 este martes 16 de agosto, con motivo de la conmemoraci\u00f3n del 153 aniversario de la Restauraci\u00f3n Dominicana","datePublished":"2016-08-15T07:52:04+00:00","mainEntityOfPage":{"@id":"https:\/\/nld.mirex.gob.do\/consular\/amsterdam\/comunicado-personal-del-consulado-general-la-republica-dominicana-no-laborara-este-martes-16-agosto-motivo-la-conmemoracion-del-153-aniversario-la-restauracion-dominicana\/"},"wordCount":83,"publisher":{"@id":"https:\/\/nld.mirex.gob.do\/consular\/amsterdam\/#organization"},"image":{"@id":"https:\/\/nld.mirex.gob.do\/consular\/amsterdam\/comunicado-personal-del-consulado-general-la-republica-dominicana-no-laborara-este-martes-16-agosto-motivo-la-conmemoracion-del-153-aniversario-la-restauracion-dominicana\/#primaryimage"},"thumbnailUrl":"","keywords":["16 de agosto","Aniversario de la Restauraci\u00f3n Dominicana","festivo"],"articleSection":["Sin categor\u00eda"],"inLanguage":"en-US"},{"@type":"WebPage","@id":"https:\/\/nld.mirex.gob.do\/consular\/amsterdam\/comunicado-personal-del-consulado-general-la-republica-dominicana-no-laborara-este-martes-16-agosto-motivo-la-conmemoracion-del-153-aniversario-la-restauracion-dominicana\/","url":"https:\/\/nld.mirex.gob.do\/consular\/amsterdam\/comunicado-personal-del-consulado-general-la-republica-dominicana-no-laborara-este-martes-16-agosto-motivo-la-conmemoracion-del-153-aniversario-la-restauracion-dominicana\/","name":"Comunicado: El personal del Consulado General de la Rep\u00fablica Dominicana, no laborar\u00e1 este martes 16 de agosto, con motivo de la conmemoraci\u00f3n del 153 aniversario de la Restauraci\u00f3n Dominicana - Consulado General de la Rep\u00fablica Dominicana en La Haya, Reino de los Pa\u00edses Bajos","isPartOf":{"@id":"https:\/\/nld.mirex.gob.do\/consular\/amsterdam\/#website"},"primaryImageOfPage":{"@id":"https:\/\/nld.mirex.gob.do\/consular\/amsterdam\/comunicado-personal-del-consulado-general-la-republica-dominicana-no-laborara-este-martes-16-agosto-motivo-la-conmemoracion-del-153-aniversario-la-restauracion-dominicana\/#primaryimage"},"image":{"@id":"https:\/\/nld.mirex.gob.do\/consular\/amsterdam\/comunicado-personal-del-consulado-general-la-republica-dominicana-no-laborara-este-martes-16-agosto-motivo-la-conmemoracion-del-153-aniversario-la-restauracion-dominicana\/#primaryimage"},"thumbnailUrl":"","datePublished":"2016-08-15T07:52:04+00:00","breadcrumb":{"@id":"https:\/\/nld.mirex.gob.do\/consular\/amsterdam\/comunicado-personal-del-consulado-general-la-republica-dominicana-no-laborara-este-martes-16-agosto-motivo-la-conmemoracion-del-153-aniversario-la-restauracion-dominicana\/#breadcrumb"},"inLanguage":"en-US","potentialAction":[{"@type":"ReadAction","target":["https:\/\/nld.mirex.gob.do\/consular\/amsterdam\/comunicado-personal-del-consulado-general-la-republica-dominicana-no-laborara-este-martes-16-agosto-motivo-la-conmemoracion-del-153-aniversario-la-restauracion-dominicana\/"]}]},{"@type":"ImageObject","inLanguage":"en-US","@id":"https:\/\/nld.mirex.gob.do\/consular\/amsterdam\/comunicado-personal-del-consulado-general-la-republica-dominicana-no-laborara-este-martes-16-agosto-motivo-la-conmemoracion-del-153-aniversario-la-restauracion-dominicana\/#primaryimage","url":"","contentUrl":""},{"@type":"BreadcrumbList","@id":"https:\/\/nld.mirex.gob.do\/consular\/amsterdam\/comunicado-personal-del-consulado-general-la-republica-dominicana-no-laborara-este-martes-16-agosto-motivo-la-conmemoracion-del-153-aniversario-la-restauracion-dominicana\/#breadcrumb","itemListElement":[{"@type":"ListItem","position":1,"name":"Inicio","item":"https:\/\/nld.mirex.gob.do\/consular\/amsterdam\/"},{"@type":"ListItem","position":2,"name":"Comunicado: El personal del Consulado General de la Rep\u00fablica Dominicana, no laborar\u00e1 este martes 16 de agosto, con motivo de la conmemoraci\u00f3n del 153 aniversario de la Restauraci\u00f3n Dominicana"}]},{"@type":"WebSite","@id":"https:\/\/nld.mirex.gob.do\/consular\/amsterdam\/#website","url":"https:\/\/nld.mirex.gob.do\/consular\/amsterdam\/","name":"Consulado General de la Rep\u00fablica Dominicana en La Haya, Reino de los Pa\u00edses Bajos","description":"","publisher":{"@id":"https:\/\/nld.mirex.gob.do\/consular\/amsterdam\/#organization"},"potentialAction":[{"@type":"SearchAction","target":{"@type":"EntryPoint","urlTemplate":"https:\/\/nld.mirex.gob.do\/consular\/amsterdam\/?s={search_term_string}"},"query-input":{"@type":"PropertyValueSpecification","valueRequired":true,"valueName":"search_term_string"}}],"inLanguage":"en-US"},{"@type":"Organization","@id":"https:\/\/nld.mirex.gob.do\/consular\/amsterdam\/#organization","name":"Consulado General de la Rep\u00fablica Dominicana en La Haya, Reino de los Pa\u00edses Bajos","url":"https:\/\/nld.mirex.gob.do\/consular\/amsterdam\/","logo":{"@type":"ImageObject","inLanguage":"en-US","@id":"https:\/\/nld.mirex.gob.do\/consular\/amsterdam\/#\/schema\/logo\/image\/","url":"https:\/\/nld.mirex.gob.do\/consular\/amsterdam\/wp-content\/uploads\/2024\/04\/cropped-consulado_la_haya_reinode_los_Paises_Bajos.jpg","contentUrl":"https:\/\/nld.mirex.gob.do\/consular\/amsterdam\/wp-content\/uploads\/2024\/04\/cropped-consulado_la_haya_reinode_los_Paises_Bajos.jpg","width":999,"height":407,"caption":"Consulado General de la Rep\u00fablica Dominicana en La Haya, Reino de los Pa\u00edses Bajos"},"image":{"@id":"https:\/\/nld.mirex.gob.do\/consular\/amsterdam\/#\/schema\/logo\/image\/"}},{"@type":"Person","@id":"https:\/\/nld.mirex.gob.do\/consular\/amsterdam\/#\/schema\/person\/772a9951ade6a7e4ab978b618b619ff8","name":"Michael Antonio Melo Andujar","image":{"@type":"ImageObject","inLanguage":"en-US","@id":"https:\/\/secure.gravatar.com\/avatar\/f8862d24b6945a30d30c9727ef9dfcd533ee25a18a27afc92991446aeb0e652d?s=96&d=mm&r=g","url":"https:\/\/secure.gravatar.com\/avatar\/f8862d24b6945a30d30c9727ef9dfcd533ee25a18a27afc92991446aeb0e652d?s=96&d=mm&r=g","contentUrl":"https:\/\/secure.gravatar.com\/avatar\/f8862d24b6945a30d30c9727ef9dfcd533ee25a18a27afc92991446aeb0e652d?s=96&d=mm&r=g","caption":"Michael Antonio Melo Andujar"}}]}},"_links":{"self":[{"href":"https:\/\/nld.mirex.gob.do\/consular\/amsterdam\/wp-json\/wp\/v2\/posts\/2450","targetHints":{"allow":["GET"]}}],"collection":[{"href":"https:\/\/nld.mirex.gob.do\/consular\/amsterdam\/wp-json\/wp\/v2\/posts"}],"about":[{"href":"https:\/\/nld.mirex.gob.do\/consular\/amsterdam\/wp-json\/wp\/v2\/types\/post"}],"author":[{"embeddable":true,"href":"https:\/\/nld.mirex.gob.do\/consular\/amsterdam\/wp-json\/wp\/v2\/users\/8"}],"replies":[{"embeddable":true,"href":"https:\/\/nld.mirex.gob.do\/consular\/amsterdam\/wp-json\/wp\/v2\/comments?post=2450"}],"version-history":[{"count":0,"href":"https:\/\/nld.mirex.gob.do\/consular\/amsterdam\/wp-json\/wp\/v2\/posts\/2450\/revisions"}],"wp:featuredmedia":[{"embeddable":true,"href":"https:\/\/nld.mirex.gob.do\/consular\/amsterdam\/wp-json\/"}],"wp:attachment":[{"href":"https:\/\/nld.mirex.gob.do\/consular\/amsterdam\/wp-json\/wp\/v2\/media?parent=2450"}],"wp:term":[{"taxonomy":"category","embeddable":true,"href":"https:\/\/nld.mirex.gob.do\/consular\/amsterdam\/wp-json\/wp\/v2\/categories?post=2450"},{"taxonomy":"post_tag","embeddable":true,"href":"https:\/\/nld.mirex.gob.do\/consular\/amsterdam\/wp-json\/wp\/v2\/tags?post=2450"}],"curies":[{"name":"wp","href":"https:\/\/api.w.org\/{rel}","templated":true}]}}