{"id":2440,"date":"2016-06-18T18:47:12","date_gmt":"2016-06-18T18:47:12","guid":{"rendered":"https:\/\/www.consuladordholanda.com\/?p=2440"},"modified":"2016-06-18T18:47:12","modified_gmt":"2016-06-18T18:47:12","slug":"presidente-danilo-medina-primer-ministro-paises-bajos-sostienen-bilateral","status":"publish","type":"post","link":"https:\/\/nld.mirex.gob.do\/consular\/amsterdam\/presidente-danilo-medina-primer-ministro-paises-bajos-sostienen-bilateral\/","title":{"rendered":"Presidente Danilo Medina y Primer Ministro de Pa\u00edses Bajos sostienen bilateral"},"content":{"rendered":"<figure id=\"attachment_2441\" aria-describedby=\"caption-attachment-2441\" style=\"width: 2048px\" class=\"wp-caption alignnone\"><img fetchpriority=\"high\" decoding=\"async\" class=\"wp-image-2441 size-full\" src=\"https:\/\/www.consuladordholanda.com\/wp-content\/uploads\/2016\/06\/Danilo-Medina-y-Primer-Ministro-de-Paises-Bajos.jpg\" alt=\"Danilo Medina y Primer Ministro de Paises Bajos\" width=\"2048\" height=\"1152\" \/><figcaption id=\"caption-attachment-2441\" class=\"wp-caption-text\">Danilo Medina y Primer Ministro de Paises Bajos<\/figcaption><\/figure>\n<p>LA HABANA, Cuba.-El presidente Danilo Medina se reuni\u00f3 hoy aqu\u00ed con el primer ministro de los Pa\u00edses Bajos, Mark Rutte.<\/p>\n<p><a title=\"http:\/\/gob.us7.list-manage.com\/track\/click?u=785107b820a3beec908c29082&amp;id=504bdca233&amp;e=5a09e35649\" href=\"http:\/\/gob.us7.list-manage.com\/track\/click?u=785107b820a3beec908c29082&amp;id=504bdca233&amp;e=5a09e35649\" target=\"_blank\" data-saferedirecturl=\"https:\/\/www.google.com\/url?hl=es&amp;q=http:\/\/gob.us7.list-manage.com\/track\/click?u%3D785107b820a3beec908c29082%26id%3D504bdca233%26e%3D5a09e35649&amp;source=gmail&amp;ust=1466361285416000&amp;usg=AFQjCNEbzSooXOPKbOt_jt34yuASV63yZQ\" rel=\"noopener\"><img decoding=\"async\" class=\"CToWUd\" title=\"http:\/\/gob.us7.list-manage.com\/track\/click?u=785107b820a3beec908c29082&amp;id=504bdca233&amp;e=5a09e35649\" src=\"https:\/\/ci4.googleusercontent.com\/proxy\/AflVQn9SxZIzgg4UVUPxbm50FBpxeafhpQVw06zM9LsSWsASmDC91Ja9Bo8u4xqiVuMQkd4nn16GFOuk_j_ud9wG2-0cRGQeEBSebc1Lh69KaIAcqOzn7k21QlWK5Z757TKVGCX9PIJwTIkarbYiErhnf0WMUDyR8sKKtII=s0-d-e1-ft#https:\/\/gallery.mailchimp.com\/785107b820a3beec908c29082\/images\/27c30ffa-bbd7-492a-9c78-b5f9871891b1.jpg\" alt=\"http:\/\/gob.us7.list-manage.com\/track\/click?u=785107b820a3beec908c29082&amp;id=504bdca233&amp;e=5a09e35649\" width=\"240\" height=\"135\" align=\"left\" \/><\/a>Durante la bilateral realizada en el marco de la VII Cumbre de Jefes de Estado y de Gobierno de la Asociaci\u00f3n de Estados del Caribe (AEC), ambos conversaron sobre importantes temas de inter\u00e9s com\u00fan.<\/p>\n<p><strong>Felicitaci\u00f3n por hist\u00f3rica victoria electoral<\/strong><\/p>\n<p>En ese contexto, el primer ministro de los Pa\u00edses Bajos felicit\u00f3 al jefe de Estado dominicano por haber sido electo nueva vez con el 62% de los votos para el periodo constitucional 2016-2020,\u00a0el m\u00e1s alto porcentaje obtenido\u00a0de la historia electoral dominicana.<\/p>\n<p>Participaron en el encuentro, los ministros de Relaciones Exteriores, Andr\u00e9s Navarro; de la Presidencia, Gustavo Montalvo; Administrativo de la Presidencia, Jos\u00e9 Ram\u00f3n Peralta; de Turismo, Francisco Javier Garc\u00eda y el senador, Julio C\u00e9sar Valent\u00edn.<\/p>\n<p>&nbsp;<\/p>\n<p>&nbsp;<\/p>\n","protected":false},"excerpt":{"rendered":"<p>LA HABANA, Cuba.-El presidente Danilo Medina se reuni\u00f3 hoy aqu\u00ed con el primer ministro de los Pa\u00edses Bajos, Mark Rutte. Durante la bilateral realizada en el marco de la VII Cumbre de Jefes de Estado y de Gobierno de la Asociaci\u00f3n de Estados del Caribe (AEC), ambos conversaron sobre importantes temas de inter\u00e9s com\u00fan. Felicitaci\u00f3n [&hellip;]<\/p>\n","protected":false},"author":8,"featured_media":2441,"comment_status":"closed","ping_status":"open","sticky":false,"template":"","format":"standard","meta":{"site-sidebar-layout":"default","site-content-layout":"","ast-site-content-layout":"default","site-content-style":"default","site-sidebar-style":"default","ast-global-header-display":"","ast-banner-title-visibility":"","ast-main-header-display":"","ast-hfb-above-header-display":"","ast-hfb-below-header-display":"","ast-hfb-mobile-header-display":"","site-post-title":"","ast-breadcrumbs-content":"","ast-featured-img":"","footer-sml-layout":"","ast-disable-related-posts":"","theme-transparent-header-meta":"","adv-header-id-meta":"","stick-header-meta":"","header-above-stick-meta":"","header-main-stick-meta":"","header-below-stick-meta":"","astra-migrate-meta-layouts":"default","ast-page-background-enabled":"default","ast-page-background-meta":{"desktop":{"background-color":"","background-image":"","background-repeat":"repeat","background-position":"center center","background-size":"auto","background-attachment":"scroll","background-type":"","background-media":"","overlay-type":"","overlay-color":"","overlay-opacity":"","overlay-gradient":""},"tablet":{"background-color":"","background-image":"","background-repeat":"repeat","background-position":"center center","background-size":"auto","background-attachment":"scroll","background-type":"","background-media":"","overlay-type":"","overlay-color":"","overlay-opacity":"","overlay-gradient":""},"mobile":{"background-color":"","background-image":"","background-repeat":"repeat","background-position":"center center","background-size":"auto","background-attachment":"scroll","background-type":"","background-media":"","overlay-type":"","overlay-color":"","overlay-opacity":"","overlay-gradient":""}},"ast-content-background-meta":{"desktop":{"background-color":"var(--ast-global-color-5)","background-image":"","background-repeat":"repeat","background-position":"center center","background-size":"auto","background-attachment":"scroll","background-type":"","background-media":"","overlay-type":"","overlay-color":"","overlay-opacity":"","overlay-gradient":""},"tablet":{"background-color":"var(--ast-global-color-5)","background-image":"","background-repeat":"repeat","background-position":"center center","background-size":"auto","background-attachment":"scroll","background-type":"","background-media":"","overlay-type":"","overlay-color":"","overlay-opacity":"","overlay-gradient":""},"mobile":{"background-color":"var(--ast-global-color-5)","background-image":"","background-repeat":"repeat","background-position":"center center","background-size":"auto","background-attachment":"scroll","background-type":"","background-media":"","overlay-type":"","overlay-color":"","overlay-opacity":"","overlay-gradient":""}},"footnotes":""},"categories":[66],"tags":[62],"class_list":["post-2440","post","type-post","status-publish","format-standard","has-post-thumbnail","hentry","category-novedades","tag-danilo-medina"],"yoast_head":"<!-- This site is optimized with the Yoast SEO plugin v27.4 - https:\/\/yoast.com\/product\/yoast-seo-wordpress\/ -->\n<title>Presidente Danilo Medina y Primer Ministro de Pa\u00edses Bajos sostienen bilateral - Consulado General de la Rep\u00fablica Dominicana en La Haya, Reino de los Pa\u00edses Bajos<\/title>\n<meta name=\"robots\" content=\"index, follow, max-snippet:-1, max-image-preview:large, max-video-preview:-1\" \/>\n<link rel=\"canonical\" href=\"https:\/\/nld.mirex.gob.do\/consular\/amsterdam\/presidente-danilo-medina-primer-ministro-paises-bajos-sostienen-bilateral\/\" \/>\n<meta property=\"og:locale\" content=\"en_US\" \/>\n<meta property=\"og:type\" content=\"article\" \/>\n<meta property=\"og:title\" content=\"Presidente Danilo Medina y Primer Ministro de Pa\u00edses Bajos sostienen bilateral - Consulado General de la Rep\u00fablica Dominicana en La Haya, Reino de los Pa\u00edses Bajos\" \/>\n<meta property=\"og:description\" content=\"LA HABANA, Cuba.-El presidente Danilo Medina se reuni\u00f3 hoy aqu\u00ed con el primer ministro de los Pa\u00edses Bajos, Mark Rutte. Durante la bilateral realizada en el marco de la VII Cumbre de Jefes de Estado y de Gobierno de la Asociaci\u00f3n de Estados del Caribe (AEC), ambos conversaron sobre importantes temas de inter\u00e9s com\u00fan. Felicitaci\u00f3n [&hellip;]\" \/>\n<meta property=\"og:url\" content=\"https:\/\/nld.mirex.gob.do\/consular\/amsterdam\/presidente-danilo-medina-primer-ministro-paises-bajos-sostienen-bilateral\/\" \/>\n<meta property=\"og:site_name\" content=\"Consulado General de la Rep\u00fablica Dominicana en La Haya, Reino de los Pa\u00edses Bajos\" \/>\n<meta property=\"article:published_time\" content=\"2016-06-18T18:47:12+00:00\" \/>\n<meta name=\"author\" content=\"Michael Antonio Melo Andujar\" \/>\n<meta name=\"twitter:card\" content=\"summary_large_image\" \/>\n<meta name=\"twitter:label1\" content=\"Written by\" \/>\n\t<meta name=\"twitter:data1\" content=\"Michael Antonio Melo Andujar\" \/>\n\t<meta name=\"twitter:label2\" content=\"Est. reading time\" \/>\n\t<meta name=\"twitter:data2\" content=\"1 minute\" \/>\n<script type=\"application\/ld+json\" class=\"yoast-schema-graph\">{\"@context\":\"https:\\\/\\\/schema.org\",\"@graph\":[{\"@type\":\"Article\",\"@id\":\"https:\\\/\\\/nld.mirex.gob.do\\\/consular\\\/amsterdam\\\/presidente-danilo-medina-primer-ministro-paises-bajos-sostienen-bilateral\\\/#article\",\"isPartOf\":{\"@id\":\"https:\\\/\\\/nld.mirex.gob.do\\\/consular\\\/amsterdam\\\/presidente-danilo-medina-primer-ministro-paises-bajos-sostienen-bilateral\\\/\"},\"author\":{\"name\":\"Michael Antonio Melo Andujar\",\"@id\":\"https:\\\/\\\/nld.mirex.gob.do\\\/consular\\\/amsterdam\\\/#\\\/schema\\\/person\\\/772a9951ade6a7e4ab978b618b619ff8\"},\"headline\":\"Presidente Danilo Medina y Primer Ministro de Pa\u00edses Bajos sostienen bilateral\",\"datePublished\":\"2016-06-18T18:47:12+00:00\",\"mainEntityOfPage\":{\"@id\":\"https:\\\/\\\/nld.mirex.gob.do\\\/consular\\\/amsterdam\\\/presidente-danilo-medina-primer-ministro-paises-bajos-sostienen-bilateral\\\/\"},\"wordCount\":178,\"publisher\":{\"@id\":\"https:\\\/\\\/nld.mirex.gob.do\\\/consular\\\/amsterdam\\\/#organization\"},\"image\":{\"@id\":\"https:\\\/\\\/nld.mirex.gob.do\\\/consular\\\/amsterdam\\\/presidente-danilo-medina-primer-ministro-paises-bajos-sostienen-bilateral\\\/#primaryimage\"},\"thumbnailUrl\":\"\",\"keywords\":[\"Danilo Medina\"],\"articleSection\":[\"Novedades\"],\"inLanguage\":\"en-US\"},{\"@type\":\"WebPage\",\"@id\":\"https:\\\/\\\/nld.mirex.gob.do\\\/consular\\\/amsterdam\\\/presidente-danilo-medina-primer-ministro-paises-bajos-sostienen-bilateral\\\/\",\"url\":\"https:\\\/\\\/nld.mirex.gob.do\\\/consular\\\/amsterdam\\\/presidente-danilo-medina-primer-ministro-paises-bajos-sostienen-bilateral\\\/\",\"name\":\"Presidente Danilo Medina y Primer Ministro de Pa\u00edses Bajos sostienen bilateral - Consulado General de la Rep\u00fablica Dominicana en La Haya, Reino de los Pa\u00edses Bajos\",\"isPartOf\":{\"@id\":\"https:\\\/\\\/nld.mirex.gob.do\\\/consular\\\/amsterdam\\\/#website\"},\"primaryImageOfPage\":{\"@id\":\"https:\\\/\\\/nld.mirex.gob.do\\\/consular\\\/amsterdam\\\/presidente-danilo-medina-primer-ministro-paises-bajos-sostienen-bilateral\\\/#primaryimage\"},\"image\":{\"@id\":\"https:\\\/\\\/nld.mirex.gob.do\\\/consular\\\/amsterdam\\\/presidente-danilo-medina-primer-ministro-paises-bajos-sostienen-bilateral\\\/#primaryimage\"},\"thumbnailUrl\":\"\",\"datePublished\":\"2016-06-18T18:47:12+00:00\",\"breadcrumb\":{\"@id\":\"https:\\\/\\\/nld.mirex.gob.do\\\/consular\\\/amsterdam\\\/presidente-danilo-medina-primer-ministro-paises-bajos-sostienen-bilateral\\\/#breadcrumb\"},\"inLanguage\":\"en-US\",\"potentialAction\":[{\"@type\":\"ReadAction\",\"target\":[\"https:\\\/\\\/nld.mirex.gob.do\\\/consular\\\/amsterdam\\\/presidente-danilo-medina-primer-ministro-paises-bajos-sostienen-bilateral\\\/\"]}]},{\"@type\":\"ImageObject\",\"inLanguage\":\"en-US\",\"@id\":\"https:\\\/\\\/nld.mirex.gob.do\\\/consular\\\/amsterdam\\\/presidente-danilo-medina-primer-ministro-paises-bajos-sostienen-bilateral\\\/#primaryimage\",\"url\":\"\",\"contentUrl\":\"\"},{\"@type\":\"BreadcrumbList\",\"@id\":\"https:\\\/\\\/nld.mirex.gob.do\\\/consular\\\/amsterdam\\\/presidente-danilo-medina-primer-ministro-paises-bajos-sostienen-bilateral\\\/#breadcrumb\",\"itemListElement\":[{\"@type\":\"ListItem\",\"position\":1,\"name\":\"Inicio\",\"item\":\"https:\\\/\\\/nld.mirex.gob.do\\\/consular\\\/amsterdam\\\/\"},{\"@type\":\"ListItem\",\"position\":2,\"name\":\"Presidente Danilo Medina y Primer Ministro de Pa\u00edses Bajos sostienen bilateral\"}]},{\"@type\":\"WebSite\",\"@id\":\"https:\\\/\\\/nld.mirex.gob.do\\\/consular\\\/amsterdam\\\/#website\",\"url\":\"https:\\\/\\\/nld.mirex.gob.do\\\/consular\\\/amsterdam\\\/\",\"name\":\"Consulado General de la Rep\u00fablica Dominicana en La Haya, Reino de los Pa\u00edses Bajos\",\"description\":\"\",\"publisher\":{\"@id\":\"https:\\\/\\\/nld.mirex.gob.do\\\/consular\\\/amsterdam\\\/#organization\"},\"potentialAction\":[{\"@type\":\"SearchAction\",\"target\":{\"@type\":\"EntryPoint\",\"urlTemplate\":\"https:\\\/\\\/nld.mirex.gob.do\\\/consular\\\/amsterdam\\\/?s={search_term_string}\"},\"query-input\":{\"@type\":\"PropertyValueSpecification\",\"valueRequired\":true,\"valueName\":\"search_term_string\"}}],\"inLanguage\":\"en-US\"},{\"@type\":\"Organization\",\"@id\":\"https:\\\/\\\/nld.mirex.gob.do\\\/consular\\\/amsterdam\\\/#organization\",\"name\":\"Consulado General de la Rep\u00fablica Dominicana en La Haya, Reino de los Pa\u00edses Bajos\",\"url\":\"https:\\\/\\\/nld.mirex.gob.do\\\/consular\\\/amsterdam\\\/\",\"logo\":{\"@type\":\"ImageObject\",\"inLanguage\":\"en-US\",\"@id\":\"https:\\\/\\\/nld.mirex.gob.do\\\/consular\\\/amsterdam\\\/#\\\/schema\\\/logo\\\/image\\\/\",\"url\":\"https:\\\/\\\/nld.mirex.gob.do\\\/consular\\\/amsterdam\\\/wp-content\\\/uploads\\\/2024\\\/04\\\/cropped-consulado_la_haya_reinode_los_Paises_Bajos.jpg\",\"contentUrl\":\"https:\\\/\\\/nld.mirex.gob.do\\\/consular\\\/amsterdam\\\/wp-content\\\/uploads\\\/2024\\\/04\\\/cropped-consulado_la_haya_reinode_los_Paises_Bajos.jpg\",\"width\":999,\"height\":407,\"caption\":\"Consulado General de la Rep\u00fablica Dominicana en La Haya, Reino de los Pa\u00edses Bajos\"},\"image\":{\"@id\":\"https:\\\/\\\/nld.mirex.gob.do\\\/consular\\\/amsterdam\\\/#\\\/schema\\\/logo\\\/image\\\/\"}},{\"@type\":\"Person\",\"@id\":\"https:\\\/\\\/nld.mirex.gob.do\\\/consular\\\/amsterdam\\\/#\\\/schema\\\/person\\\/772a9951ade6a7e4ab978b618b619ff8\",\"name\":\"Michael Antonio Melo Andujar\",\"image\":{\"@type\":\"ImageObject\",\"inLanguage\":\"en-US\",\"@id\":\"https:\\\/\\\/secure.gravatar.com\\\/avatar\\\/f8862d24b6945a30d30c9727ef9dfcd533ee25a18a27afc92991446aeb0e652d?s=96&d=mm&r=g\",\"url\":\"https:\\\/\\\/secure.gravatar.com\\\/avatar\\\/f8862d24b6945a30d30c9727ef9dfcd533ee25a18a27afc92991446aeb0e652d?s=96&d=mm&r=g\",\"contentUrl\":\"https:\\\/\\\/secure.gravatar.com\\\/avatar\\\/f8862d24b6945a30d30c9727ef9dfcd533ee25a18a27afc92991446aeb0e652d?s=96&d=mm&r=g\",\"caption\":\"Michael Antonio Melo Andujar\"}}]}<\/script>\n<!-- \/ Yoast SEO plugin. -->","yoast_head_json":{"title":"Presidente Danilo Medina y Primer Ministro de Pa\u00edses Bajos sostienen bilateral - Consulado General de la Rep\u00fablica Dominicana en La Haya, Reino de los Pa\u00edses Bajos","robots":{"index":"index","follow":"follow","max-snippet":"max-snippet:-1","max-image-preview":"max-image-preview:large","max-video-preview":"max-video-preview:-1"},"canonical":"https:\/\/nld.mirex.gob.do\/consular\/amsterdam\/presidente-danilo-medina-primer-ministro-paises-bajos-sostienen-bilateral\/","og_locale":"en_US","og_type":"article","og_title":"Presidente Danilo Medina y Primer Ministro de Pa\u00edses Bajos sostienen bilateral - Consulado General de la Rep\u00fablica Dominicana en La Haya, Reino de los Pa\u00edses Bajos","og_description":"LA HABANA, Cuba.-El presidente Danilo Medina se reuni\u00f3 hoy aqu\u00ed con el primer ministro de los Pa\u00edses Bajos, Mark Rutte. Durante la bilateral realizada en el marco de la VII Cumbre de Jefes de Estado y de Gobierno de la Asociaci\u00f3n de Estados del Caribe (AEC), ambos conversaron sobre importantes temas de inter\u00e9s com\u00fan. Felicitaci\u00f3n [&hellip;]","og_url":"https:\/\/nld.mirex.gob.do\/consular\/amsterdam\/presidente-danilo-medina-primer-ministro-paises-bajos-sostienen-bilateral\/","og_site_name":"Consulado General de la Rep\u00fablica Dominicana en La Haya, Reino de los Pa\u00edses Bajos","article_published_time":"2016-06-18T18:47:12+00:00","author":"Michael Antonio Melo Andujar","twitter_card":"summary_large_image","twitter_misc":{"Written by":"Michael Antonio Melo Andujar","Est. reading time":"1 minute"},"schema":{"@context":"https:\/\/schema.org","@graph":[{"@type":"Article","@id":"https:\/\/nld.mirex.gob.do\/consular\/amsterdam\/presidente-danilo-medina-primer-ministro-paises-bajos-sostienen-bilateral\/#article","isPartOf":{"@id":"https:\/\/nld.mirex.gob.do\/consular\/amsterdam\/presidente-danilo-medina-primer-ministro-paises-bajos-sostienen-bilateral\/"},"author":{"name":"Michael Antonio Melo Andujar","@id":"https:\/\/nld.mirex.gob.do\/consular\/amsterdam\/#\/schema\/person\/772a9951ade6a7e4ab978b618b619ff8"},"headline":"Presidente Danilo Medina y Primer Ministro de Pa\u00edses Bajos sostienen bilateral","datePublished":"2016-06-18T18:47:12+00:00","mainEntityOfPage":{"@id":"https:\/\/nld.mirex.gob.do\/consular\/amsterdam\/presidente-danilo-medina-primer-ministro-paises-bajos-sostienen-bilateral\/"},"wordCount":178,"publisher":{"@id":"https:\/\/nld.mirex.gob.do\/consular\/amsterdam\/#organization"},"image":{"@id":"https:\/\/nld.mirex.gob.do\/consular\/amsterdam\/presidente-danilo-medina-primer-ministro-paises-bajos-sostienen-bilateral\/#primaryimage"},"thumbnailUrl":"","keywords":["Danilo Medina"],"articleSection":["Novedades"],"inLanguage":"en-US"},{"@type":"WebPage","@id":"https:\/\/nld.mirex.gob.do\/consular\/amsterdam\/presidente-danilo-medina-primer-ministro-paises-bajos-sostienen-bilateral\/","url":"https:\/\/nld.mirex.gob.do\/consular\/amsterdam\/presidente-danilo-medina-primer-ministro-paises-bajos-sostienen-bilateral\/","name":"Presidente Danilo Medina y Primer Ministro de Pa\u00edses Bajos sostienen bilateral - Consulado General de la Rep\u00fablica Dominicana en La Haya, Reino de los Pa\u00edses Bajos","isPartOf":{"@id":"https:\/\/nld.mirex.gob.do\/consular\/amsterdam\/#website"},"primaryImageOfPage":{"@id":"https:\/\/nld.mirex.gob.do\/consular\/amsterdam\/presidente-danilo-medina-primer-ministro-paises-bajos-sostienen-bilateral\/#primaryimage"},"image":{"@id":"https:\/\/nld.mirex.gob.do\/consular\/amsterdam\/presidente-danilo-medina-primer-ministro-paises-bajos-sostienen-bilateral\/#primaryimage"},"thumbnailUrl":"","datePublished":"2016-06-18T18:47:12+00:00","breadcrumb":{"@id":"https:\/\/nld.mirex.gob.do\/consular\/amsterdam\/presidente-danilo-medina-primer-ministro-paises-bajos-sostienen-bilateral\/#breadcrumb"},"inLanguage":"en-US","potentialAction":[{"@type":"ReadAction","target":["https:\/\/nld.mirex.gob.do\/consular\/amsterdam\/presidente-danilo-medina-primer-ministro-paises-bajos-sostienen-bilateral\/"]}]},{"@type":"ImageObject","inLanguage":"en-US","@id":"https:\/\/nld.mirex.gob.do\/consular\/amsterdam\/presidente-danilo-medina-primer-ministro-paises-bajos-sostienen-bilateral\/#primaryimage","url":"","contentUrl":""},{"@type":"BreadcrumbList","@id":"https:\/\/nld.mirex.gob.do\/consular\/amsterdam\/presidente-danilo-medina-primer-ministro-paises-bajos-sostienen-bilateral\/#breadcrumb","itemListElement":[{"@type":"ListItem","position":1,"name":"Inicio","item":"https:\/\/nld.mirex.gob.do\/consular\/amsterdam\/"},{"@type":"ListItem","position":2,"name":"Presidente Danilo Medina y Primer Ministro de Pa\u00edses Bajos sostienen bilateral"}]},{"@type":"WebSite","@id":"https:\/\/nld.mirex.gob.do\/consular\/amsterdam\/#website","url":"https:\/\/nld.mirex.gob.do\/consular\/amsterdam\/","name":"Consulado General de la Rep\u00fablica Dominicana en La Haya, Reino de los Pa\u00edses Bajos","description":"","publisher":{"@id":"https:\/\/nld.mirex.gob.do\/consular\/amsterdam\/#organization"},"potentialAction":[{"@type":"SearchAction","target":{"@type":"EntryPoint","urlTemplate":"https:\/\/nld.mirex.gob.do\/consular\/amsterdam\/?s={search_term_string}"},"query-input":{"@type":"PropertyValueSpecification","valueRequired":true,"valueName":"search_term_string"}}],"inLanguage":"en-US"},{"@type":"Organization","@id":"https:\/\/nld.mirex.gob.do\/consular\/amsterdam\/#organization","name":"Consulado General de la Rep\u00fablica Dominicana en La Haya, Reino de los Pa\u00edses Bajos","url":"https:\/\/nld.mirex.gob.do\/consular\/amsterdam\/","logo":{"@type":"ImageObject","inLanguage":"en-US","@id":"https:\/\/nld.mirex.gob.do\/consular\/amsterdam\/#\/schema\/logo\/image\/","url":"https:\/\/nld.mirex.gob.do\/consular\/amsterdam\/wp-content\/uploads\/2024\/04\/cropped-consulado_la_haya_reinode_los_Paises_Bajos.jpg","contentUrl":"https:\/\/nld.mirex.gob.do\/consular\/amsterdam\/wp-content\/uploads\/2024\/04\/cropped-consulado_la_haya_reinode_los_Paises_Bajos.jpg","width":999,"height":407,"caption":"Consulado General de la Rep\u00fablica Dominicana en La Haya, Reino de los Pa\u00edses Bajos"},"image":{"@id":"https:\/\/nld.mirex.gob.do\/consular\/amsterdam\/#\/schema\/logo\/image\/"}},{"@type":"Person","@id":"https:\/\/nld.mirex.gob.do\/consular\/amsterdam\/#\/schema\/person\/772a9951ade6a7e4ab978b618b619ff8","name":"Michael Antonio Melo Andujar","image":{"@type":"ImageObject","inLanguage":"en-US","@id":"https:\/\/secure.gravatar.com\/avatar\/f8862d24b6945a30d30c9727ef9dfcd533ee25a18a27afc92991446aeb0e652d?s=96&d=mm&r=g","url":"https:\/\/secure.gravatar.com\/avatar\/f8862d24b6945a30d30c9727ef9dfcd533ee25a18a27afc92991446aeb0e652d?s=96&d=mm&r=g","contentUrl":"https:\/\/secure.gravatar.com\/avatar\/f8862d24b6945a30d30c9727ef9dfcd533ee25a18a27afc92991446aeb0e652d?s=96&d=mm&r=g","caption":"Michael Antonio Melo Andujar"}}]}},"_links":{"self":[{"href":"https:\/\/nld.mirex.gob.do\/consular\/amsterdam\/wp-json\/wp\/v2\/posts\/2440","targetHints":{"allow":["GET"]}}],"collection":[{"href":"https:\/\/nld.mirex.gob.do\/consular\/amsterdam\/wp-json\/wp\/v2\/posts"}],"about":[{"href":"https:\/\/nld.mirex.gob.do\/consular\/amsterdam\/wp-json\/wp\/v2\/types\/post"}],"author":[{"embeddable":true,"href":"https:\/\/nld.mirex.gob.do\/consular\/amsterdam\/wp-json\/wp\/v2\/users\/8"}],"replies":[{"embeddable":true,"href":"https:\/\/nld.mirex.gob.do\/consular\/amsterdam\/wp-json\/wp\/v2\/comments?post=2440"}],"version-history":[{"count":0,"href":"https:\/\/nld.mirex.gob.do\/consular\/amsterdam\/wp-json\/wp\/v2\/posts\/2440\/revisions"}],"wp:featuredmedia":[{"embeddable":true,"href":"https:\/\/nld.mirex.gob.do\/consular\/amsterdam\/wp-json\/"}],"wp:attachment":[{"href":"https:\/\/nld.mirex.gob.do\/consular\/amsterdam\/wp-json\/wp\/v2\/media?parent=2440"}],"wp:term":[{"taxonomy":"category","embeddable":true,"href":"https:\/\/nld.mirex.gob.do\/consular\/amsterdam\/wp-json\/wp\/v2\/categories?post=2440"},{"taxonomy":"post_tag","embeddable":true,"href":"https:\/\/nld.mirex.gob.do\/consular\/amsterdam\/wp-json\/wp\/v2\/tags?post=2440"}],"curies":[{"name":"wp","href":"https:\/\/api.w.org\/{rel}","templated":true}]}}