{"id":2437,"date":"2016-06-18T18:44:32","date_gmt":"2016-06-18T18:44:32","guid":{"rendered":"https:\/\/www.consuladordholanda.com\/?p=2437"},"modified":"2016-06-18T18:44:32","modified_gmt":"2016-06-18T18:44:32","slug":"alegria-republica-dominicana-oea-aprueba-declaracion-desagravio","status":"publish","type":"post","link":"https:\/\/nld.mirex.gob.do\/consular\/amsterdam\/alegria-republica-dominicana-oea-aprueba-declaracion-desagravio\/","title":{"rendered":"\u00a1Alegr\u00eda en Rep\u00fablica Dominicana!; OEA aprueba declaraci\u00f3n de desagravio"},"content":{"rendered":"<p><img fetchpriority=\"high\" decoding=\"async\" class=\"alignnone size-full wp-image-2438\" src=\"https:\/\/www.consuladordholanda.com\/wp-content\/uploads\/2016\/06\/oea.jpg\" alt=\"oea\" width=\"2048\" height=\"1207\" \/><\/p>\n<p><span style=\"color: #000000; font-family: Arial; font-size: small;\">La 46\u00aa Asamblea de la OEA aprob\u00f3 hoy la iniciativa del presidente Danilo Medina, propuesta de manera oficial por la delegaci\u00f3n dominicana, de emitir una declaraci\u00f3n de desagravio, por el dolor que caus\u00f3 a los dominicanos la Intervenci\u00f3n Militar\u00a0de\u00a01965, avalada por la OEA.<\/p>\n<p><strong>\u00a1Por fin se hizo justicia!<\/strong><br \/>\nLa Declaraci\u00f3n de Desagravio sobre la Rep\u00fablica Dominicana, aprobada con el n\u00famero AG\/CG\/ 7\/16, contiene tres puntos:1.-Lamenta la p\u00e9rdida de vidas humanas y expresa las condolencias de la organizaci\u00f3n al pueblo dominicano; 2.- Desagravia al pueblo dominicano por las acciones de Abril de 1965 que interrumpieron el proceso de restablecimiento del orden constitucional en la Rep\u00fablica Dominicana, y 3.- Reafirma los principios del derecho internacional, de la Carta de las Naciones Unidas y de la Carta de la OEA.<\/p>\n<p><strong>Declaraci\u00f3n aprobada a unanimidad\u00a0<\/strong><br \/>\n<a title=\"http:\/\/gob.us7.list-manage1.com\/track\/click?u=785107b820a3beec908c29082&amp;id=dcbd001f59&amp;e=5a09e35649\" href=\"http:\/\/gob.us7.list-manage1.com\/track\/click?u=785107b820a3beec908c29082&amp;id=dcbd001f59&amp;e=5a09e35649\" target=\"_blank\" data-saferedirecturl=\"https:\/\/www.google.com\/url?hl=es&amp;q=http:\/\/gob.us7.list-manage1.com\/track\/click?u%3D785107b820a3beec908c29082%26id%3Ddcbd001f59%26e%3D5a09e35649&amp;source=gmail&amp;ust=1466361285459000&amp;usg=AFQjCNEry2bfohtF6JHXQyoWBslqbV-MFg\" rel=\"noopener\"><img decoding=\"async\" class=\"CToWUd\" title=\"http:\/\/gob.us7.list-manage1.com\/track\/click?u=785107b820a3beec908c29082&amp;id=dcbd001f59&amp;e=5a09e35649\" src=\"https:\/\/ci3.googleusercontent.com\/proxy\/7Wih9FzxEVpECttOSYrXXGg6Bvl_cZbqGo3z4X12MV-MA0gb8GUdX_2Qn671ymyxkdu6VqeN3e3ZJUsjcqG88JIlTMwedvHCwRXLSQMkNGHTXgkHEGNQnvtHRuyQpPFG_4iT0CxbJtFAJWsI1gaqG2fde7WIKt8Z7ST3CDg=s0-d-e1-ft#https:\/\/gallery.mailchimp.com\/785107b820a3beec908c29082\/images\/e044206a-63a0-4ffe-80d7-a087d0c6e78c.jpg\" alt=\"http:\/\/gob.us7.list-manage1.com\/track\/click?u=785107b820a3beec908c29082&amp;id=dcbd001f59&amp;e=5a09e35649\" width=\"240\" height=\"174\" align=\"right\" \/><\/a>La Declaraci\u00f3n fue aprobada a unanimidad por los 34 pa\u00edses miembros del organismo multilateral, durante la celebraci\u00f3n de la cuarta sesi\u00f3n plenaria de la OEA, llevada a cabo en el reci\u00e9n inaugurado moderno centro de convenciones de la Canciller\u00eda.<\/p>\n<p><strong>Coraje y sentido de oportunidad de Danilo Medina logra victoria hist\u00f3rica<\/strong><br \/>\nDecisi\u00f3n responde al pedido que hiciera el presidente de la Rep\u00fablica Dominicana, Danilo Medina, durante el acto inaugural de la reuni\u00f3n plenaria de la OEA en el Teatro Nacional, en presencia del secretario general del organismo, Luis Almagro, escenario en el que el jefe del Estado pidi\u00f3 una declaraci\u00f3n de desagravio.<\/p>\n<p>&#8220;Por esa violaci\u00f3n de la soberan\u00eda leg\u00edtima de los dominicanos, producido en 1965, y que caus\u00f3 muertes, dolor e indignaci\u00f3n en nuestro pueblo. Es una herida a\u00fan abierta para muchos, y que solo podr\u00e1 sanar mediante el reconocimiento de lo sucedido por parte de la OEA y la petici\u00f3n de perd\u00f3n que merece nuestra ciudadan\u00eda&#8221;, precis\u00f3 el gobernante en el evento inaugural del c\u00f3nclave.<\/p>\n<p><strong>Motivaci\u00f3n dominicana<\/strong><br \/>\nEl documento de desagravio a la Rep\u00fablica Dominicana fue motivado por el canciller Andr\u00e9s Navarro, en su discurso ante la plenaria de la asamblea ordinaria.<\/span><\/p>\n<p>&nbsp;<\/p>\n<p><img decoding=\"async\" class=\"size-full wp-image-2434 aligncenter\" src=\"https:\/\/www.consuladordholanda.com\/wp-content\/uploads\/2016\/06\/presidencia.png\" alt=\"presidencia\" width=\"313\" height=\"81\" \/><\/p>\n","protected":false},"excerpt":{"rendered":"<p>La 46\u00aa Asamblea de la OEA aprob\u00f3 hoy la iniciativa del presidente Danilo Medina, propuesta de manera oficial por la delegaci\u00f3n dominicana, de emitir una declaraci\u00f3n de desagravio, por el dolor que caus\u00f3 a los dominicanos la Intervenci\u00f3n Militar\u00a0de\u00a01965, avalada por la OEA. \u00a1Por fin se hizo justicia! La Declaraci\u00f3n de Desagravio sobre la Rep\u00fablica [&hellip;]<\/p>\n","protected":false},"author":8,"featured_media":2438,"comment_status":"closed","ping_status":"open","sticky":false,"template":"","format":"standard","meta":{"site-sidebar-layout":"default","site-content-layout":"","ast-site-content-layout":"default","site-content-style":"default","site-sidebar-style":"default","ast-global-header-display":"","ast-banner-title-visibility":"","ast-main-header-display":"","ast-hfb-above-header-display":"","ast-hfb-below-header-display":"","ast-hfb-mobile-header-display":"","site-post-title":"","ast-breadcrumbs-content":"","ast-featured-img":"","footer-sml-layout":"","ast-disable-related-posts":"","theme-transparent-header-meta":"","adv-header-id-meta":"","stick-header-meta":"","header-above-stick-meta":"","header-main-stick-meta":"","header-below-stick-meta":"","astra-migrate-meta-layouts":"default","ast-page-background-enabled":"default","ast-page-background-meta":{"desktop":{"background-color":"","background-image":"","background-repeat":"repeat","background-position":"center center","background-size":"auto","background-attachment":"scroll","background-type":"","background-media":"","overlay-type":"","overlay-color":"","overlay-opacity":"","overlay-gradient":""},"tablet":{"background-color":"","background-image":"","background-repeat":"repeat","background-position":"center center","background-size":"auto","background-attachment":"scroll","background-type":"","background-media":"","overlay-type":"","overlay-color":"","overlay-opacity":"","overlay-gradient":""},"mobile":{"background-color":"","background-image":"","background-repeat":"repeat","background-position":"center center","background-size":"auto","background-attachment":"scroll","background-type":"","background-media":"","overlay-type":"","overlay-color":"","overlay-opacity":"","overlay-gradient":""}},"ast-content-background-meta":{"desktop":{"background-color":"var(--ast-global-color-5)","background-image":"","background-repeat":"repeat","background-position":"center center","background-size":"auto","background-attachment":"scroll","background-type":"","background-media":"","overlay-type":"","overlay-color":"","overlay-opacity":"","overlay-gradient":""},"tablet":{"background-color":"var(--ast-global-color-5)","background-image":"","background-repeat":"repeat","background-position":"center center","background-size":"auto","background-attachment":"scroll","background-type":"","background-media":"","overlay-type":"","overlay-color":"","overlay-opacity":"","overlay-gradient":""},"mobile":{"background-color":"var(--ast-global-color-5)","background-image":"","background-repeat":"repeat","background-position":"center center","background-size":"auto","background-attachment":"scroll","background-type":"","background-media":"","overlay-type":"","overlay-color":"","overlay-opacity":"","overlay-gradient":""}},"footnotes":""},"categories":[66],"tags":[62],"class_list":["post-2437","post","type-post","status-publish","format-standard","has-post-thumbnail","hentry","category-novedades","tag-danilo-medina"],"yoast_head":"<!-- This site is optimized with the Yoast SEO plugin v27.4 - https:\/\/yoast.com\/product\/yoast-seo-wordpress\/ -->\n<title>\u00a1Alegr\u00eda en Rep\u00fablica Dominicana!; OEA aprueba declaraci\u00f3n de desagravio - Consulado General de la Rep\u00fablica Dominicana en La Haya, Reino de los Pa\u00edses Bajos<\/title>\n<meta name=\"robots\" content=\"index, follow, max-snippet:-1, max-image-preview:large, max-video-preview:-1\" \/>\n<link rel=\"canonical\" href=\"https:\/\/nld.mirex.gob.do\/consular\/amsterdam\/alegria-republica-dominicana-oea-aprueba-declaracion-desagravio\/\" \/>\n<meta property=\"og:locale\" content=\"en_US\" \/>\n<meta property=\"og:type\" content=\"article\" \/>\n<meta property=\"og:title\" content=\"\u00a1Alegr\u00eda en Rep\u00fablica Dominicana!; OEA aprueba declaraci\u00f3n de desagravio - Consulado General de la Rep\u00fablica Dominicana en La Haya, Reino de los Pa\u00edses Bajos\" \/>\n<meta property=\"og:description\" content=\"La 46\u00aa Asamblea de la OEA aprob\u00f3 hoy la iniciativa del presidente Danilo Medina, propuesta de manera oficial por la delegaci\u00f3n dominicana, de emitir una declaraci\u00f3n de desagravio, por el dolor que caus\u00f3 a los dominicanos la Intervenci\u00f3n Militar\u00a0de\u00a01965, avalada por la OEA. \u00a1Por fin se hizo justicia! La Declaraci\u00f3n de Desagravio sobre la Rep\u00fablica [&hellip;]\" \/>\n<meta property=\"og:url\" content=\"https:\/\/nld.mirex.gob.do\/consular\/amsterdam\/alegria-republica-dominicana-oea-aprueba-declaracion-desagravio\/\" \/>\n<meta property=\"og:site_name\" content=\"Consulado General de la Rep\u00fablica Dominicana en La Haya, Reino de los Pa\u00edses Bajos\" \/>\n<meta property=\"article:published_time\" content=\"2016-06-18T18:44:32+00:00\" \/>\n<meta name=\"author\" content=\"Michael Antonio Melo Andujar\" \/>\n<meta name=\"twitter:card\" content=\"summary_large_image\" \/>\n<meta name=\"twitter:label1\" content=\"Written by\" \/>\n\t<meta name=\"twitter:data1\" content=\"Michael Antonio Melo Andujar\" \/>\n\t<meta name=\"twitter:label2\" content=\"Est. reading time\" \/>\n\t<meta name=\"twitter:data2\" content=\"2 minutes\" \/>\n<script type=\"application\/ld+json\" class=\"yoast-schema-graph\">{\"@context\":\"https:\\\/\\\/schema.org\",\"@graph\":[{\"@type\":\"Article\",\"@id\":\"https:\\\/\\\/nld.mirex.gob.do\\\/consular\\\/amsterdam\\\/alegria-republica-dominicana-oea-aprueba-declaracion-desagravio\\\/#article\",\"isPartOf\":{\"@id\":\"https:\\\/\\\/nld.mirex.gob.do\\\/consular\\\/amsterdam\\\/alegria-republica-dominicana-oea-aprueba-declaracion-desagravio\\\/\"},\"author\":{\"name\":\"Michael Antonio Melo Andujar\",\"@id\":\"https:\\\/\\\/nld.mirex.gob.do\\\/consular\\\/amsterdam\\\/#\\\/schema\\\/person\\\/772a9951ade6a7e4ab978b618b619ff8\"},\"headline\":\"\u00a1Alegr\u00eda en Rep\u00fablica Dominicana!; OEA aprueba declaraci\u00f3n de desagravio\",\"datePublished\":\"2016-06-18T18:44:32+00:00\",\"mainEntityOfPage\":{\"@id\":\"https:\\\/\\\/nld.mirex.gob.do\\\/consular\\\/amsterdam\\\/alegria-republica-dominicana-oea-aprueba-declaracion-desagravio\\\/\"},\"wordCount\":367,\"publisher\":{\"@id\":\"https:\\\/\\\/nld.mirex.gob.do\\\/consular\\\/amsterdam\\\/#organization\"},\"image\":{\"@id\":\"https:\\\/\\\/nld.mirex.gob.do\\\/consular\\\/amsterdam\\\/alegria-republica-dominicana-oea-aprueba-declaracion-desagravio\\\/#primaryimage\"},\"thumbnailUrl\":\"\",\"keywords\":[\"Danilo Medina\"],\"articleSection\":[\"Novedades\"],\"inLanguage\":\"en-US\"},{\"@type\":\"WebPage\",\"@id\":\"https:\\\/\\\/nld.mirex.gob.do\\\/consular\\\/amsterdam\\\/alegria-republica-dominicana-oea-aprueba-declaracion-desagravio\\\/\",\"url\":\"https:\\\/\\\/nld.mirex.gob.do\\\/consular\\\/amsterdam\\\/alegria-republica-dominicana-oea-aprueba-declaracion-desagravio\\\/\",\"name\":\"\u00a1Alegr\u00eda en Rep\u00fablica Dominicana!; OEA aprueba declaraci\u00f3n de desagravio - Consulado General de la Rep\u00fablica Dominicana en La Haya, Reino de los Pa\u00edses Bajos\",\"isPartOf\":{\"@id\":\"https:\\\/\\\/nld.mirex.gob.do\\\/consular\\\/amsterdam\\\/#website\"},\"primaryImageOfPage\":{\"@id\":\"https:\\\/\\\/nld.mirex.gob.do\\\/consular\\\/amsterdam\\\/alegria-republica-dominicana-oea-aprueba-declaracion-desagravio\\\/#primaryimage\"},\"image\":{\"@id\":\"https:\\\/\\\/nld.mirex.gob.do\\\/consular\\\/amsterdam\\\/alegria-republica-dominicana-oea-aprueba-declaracion-desagravio\\\/#primaryimage\"},\"thumbnailUrl\":\"\",\"datePublished\":\"2016-06-18T18:44:32+00:00\",\"breadcrumb\":{\"@id\":\"https:\\\/\\\/nld.mirex.gob.do\\\/consular\\\/amsterdam\\\/alegria-republica-dominicana-oea-aprueba-declaracion-desagravio\\\/#breadcrumb\"},\"inLanguage\":\"en-US\",\"potentialAction\":[{\"@type\":\"ReadAction\",\"target\":[\"https:\\\/\\\/nld.mirex.gob.do\\\/consular\\\/amsterdam\\\/alegria-republica-dominicana-oea-aprueba-declaracion-desagravio\\\/\"]}]},{\"@type\":\"ImageObject\",\"inLanguage\":\"en-US\",\"@id\":\"https:\\\/\\\/nld.mirex.gob.do\\\/consular\\\/amsterdam\\\/alegria-republica-dominicana-oea-aprueba-declaracion-desagravio\\\/#primaryimage\",\"url\":\"\",\"contentUrl\":\"\"},{\"@type\":\"BreadcrumbList\",\"@id\":\"https:\\\/\\\/nld.mirex.gob.do\\\/consular\\\/amsterdam\\\/alegria-republica-dominicana-oea-aprueba-declaracion-desagravio\\\/#breadcrumb\",\"itemListElement\":[{\"@type\":\"ListItem\",\"position\":1,\"name\":\"Inicio\",\"item\":\"https:\\\/\\\/nld.mirex.gob.do\\\/consular\\\/amsterdam\\\/\"},{\"@type\":\"ListItem\",\"position\":2,\"name\":\"\u00a1Alegr\u00eda en Rep\u00fablica Dominicana!; OEA aprueba declaraci\u00f3n de desagravio\"}]},{\"@type\":\"WebSite\",\"@id\":\"https:\\\/\\\/nld.mirex.gob.do\\\/consular\\\/amsterdam\\\/#website\",\"url\":\"https:\\\/\\\/nld.mirex.gob.do\\\/consular\\\/amsterdam\\\/\",\"name\":\"Consulado General de la Rep\u00fablica Dominicana en La Haya, Reino de los Pa\u00edses Bajos\",\"description\":\"\",\"publisher\":{\"@id\":\"https:\\\/\\\/nld.mirex.gob.do\\\/consular\\\/amsterdam\\\/#organization\"},\"potentialAction\":[{\"@type\":\"SearchAction\",\"target\":{\"@type\":\"EntryPoint\",\"urlTemplate\":\"https:\\\/\\\/nld.mirex.gob.do\\\/consular\\\/amsterdam\\\/?s={search_term_string}\"},\"query-input\":{\"@type\":\"PropertyValueSpecification\",\"valueRequired\":true,\"valueName\":\"search_term_string\"}}],\"inLanguage\":\"en-US\"},{\"@type\":\"Organization\",\"@id\":\"https:\\\/\\\/nld.mirex.gob.do\\\/consular\\\/amsterdam\\\/#organization\",\"name\":\"Consulado General de la Rep\u00fablica Dominicana en La Haya, Reino de los Pa\u00edses Bajos\",\"url\":\"https:\\\/\\\/nld.mirex.gob.do\\\/consular\\\/amsterdam\\\/\",\"logo\":{\"@type\":\"ImageObject\",\"inLanguage\":\"en-US\",\"@id\":\"https:\\\/\\\/nld.mirex.gob.do\\\/consular\\\/amsterdam\\\/#\\\/schema\\\/logo\\\/image\\\/\",\"url\":\"https:\\\/\\\/nld.mirex.gob.do\\\/consular\\\/amsterdam\\\/wp-content\\\/uploads\\\/2024\\\/04\\\/cropped-consulado_la_haya_reinode_los_Paises_Bajos.jpg\",\"contentUrl\":\"https:\\\/\\\/nld.mirex.gob.do\\\/consular\\\/amsterdam\\\/wp-content\\\/uploads\\\/2024\\\/04\\\/cropped-consulado_la_haya_reinode_los_Paises_Bajos.jpg\",\"width\":999,\"height\":407,\"caption\":\"Consulado General de la Rep\u00fablica Dominicana en La Haya, Reino de los Pa\u00edses Bajos\"},\"image\":{\"@id\":\"https:\\\/\\\/nld.mirex.gob.do\\\/consular\\\/amsterdam\\\/#\\\/schema\\\/logo\\\/image\\\/\"}},{\"@type\":\"Person\",\"@id\":\"https:\\\/\\\/nld.mirex.gob.do\\\/consular\\\/amsterdam\\\/#\\\/schema\\\/person\\\/772a9951ade6a7e4ab978b618b619ff8\",\"name\":\"Michael Antonio Melo Andujar\",\"image\":{\"@type\":\"ImageObject\",\"inLanguage\":\"en-US\",\"@id\":\"https:\\\/\\\/secure.gravatar.com\\\/avatar\\\/f8862d24b6945a30d30c9727ef9dfcd533ee25a18a27afc92991446aeb0e652d?s=96&d=mm&r=g\",\"url\":\"https:\\\/\\\/secure.gravatar.com\\\/avatar\\\/f8862d24b6945a30d30c9727ef9dfcd533ee25a18a27afc92991446aeb0e652d?s=96&d=mm&r=g\",\"contentUrl\":\"https:\\\/\\\/secure.gravatar.com\\\/avatar\\\/f8862d24b6945a30d30c9727ef9dfcd533ee25a18a27afc92991446aeb0e652d?s=96&d=mm&r=g\",\"caption\":\"Michael Antonio Melo Andujar\"}}]}<\/script>\n<!-- \/ Yoast SEO plugin. -->","yoast_head_json":{"title":"\u00a1Alegr\u00eda en Rep\u00fablica Dominicana!; OEA aprueba declaraci\u00f3n de desagravio - Consulado General de la Rep\u00fablica Dominicana en La Haya, Reino de los Pa\u00edses Bajos","robots":{"index":"index","follow":"follow","max-snippet":"max-snippet:-1","max-image-preview":"max-image-preview:large","max-video-preview":"max-video-preview:-1"},"canonical":"https:\/\/nld.mirex.gob.do\/consular\/amsterdam\/alegria-republica-dominicana-oea-aprueba-declaracion-desagravio\/","og_locale":"en_US","og_type":"article","og_title":"\u00a1Alegr\u00eda en Rep\u00fablica Dominicana!; OEA aprueba declaraci\u00f3n de desagravio - Consulado General de la Rep\u00fablica Dominicana en La Haya, Reino de los Pa\u00edses Bajos","og_description":"La 46\u00aa Asamblea de la OEA aprob\u00f3 hoy la iniciativa del presidente Danilo Medina, propuesta de manera oficial por la delegaci\u00f3n dominicana, de emitir una declaraci\u00f3n de desagravio, por el dolor que caus\u00f3 a los dominicanos la Intervenci\u00f3n Militar\u00a0de\u00a01965, avalada por la OEA. \u00a1Por fin se hizo justicia! La Declaraci\u00f3n de Desagravio sobre la Rep\u00fablica [&hellip;]","og_url":"https:\/\/nld.mirex.gob.do\/consular\/amsterdam\/alegria-republica-dominicana-oea-aprueba-declaracion-desagravio\/","og_site_name":"Consulado General de la Rep\u00fablica Dominicana en La Haya, Reino de los Pa\u00edses Bajos","article_published_time":"2016-06-18T18:44:32+00:00","author":"Michael Antonio Melo Andujar","twitter_card":"summary_large_image","twitter_misc":{"Written by":"Michael Antonio Melo Andujar","Est. reading time":"2 minutes"},"schema":{"@context":"https:\/\/schema.org","@graph":[{"@type":"Article","@id":"https:\/\/nld.mirex.gob.do\/consular\/amsterdam\/alegria-republica-dominicana-oea-aprueba-declaracion-desagravio\/#article","isPartOf":{"@id":"https:\/\/nld.mirex.gob.do\/consular\/amsterdam\/alegria-republica-dominicana-oea-aprueba-declaracion-desagravio\/"},"author":{"name":"Michael Antonio Melo Andujar","@id":"https:\/\/nld.mirex.gob.do\/consular\/amsterdam\/#\/schema\/person\/772a9951ade6a7e4ab978b618b619ff8"},"headline":"\u00a1Alegr\u00eda en Rep\u00fablica Dominicana!; OEA aprueba declaraci\u00f3n de desagravio","datePublished":"2016-06-18T18:44:32+00:00","mainEntityOfPage":{"@id":"https:\/\/nld.mirex.gob.do\/consular\/amsterdam\/alegria-republica-dominicana-oea-aprueba-declaracion-desagravio\/"},"wordCount":367,"publisher":{"@id":"https:\/\/nld.mirex.gob.do\/consular\/amsterdam\/#organization"},"image":{"@id":"https:\/\/nld.mirex.gob.do\/consular\/amsterdam\/alegria-republica-dominicana-oea-aprueba-declaracion-desagravio\/#primaryimage"},"thumbnailUrl":"","keywords":["Danilo Medina"],"articleSection":["Novedades"],"inLanguage":"en-US"},{"@type":"WebPage","@id":"https:\/\/nld.mirex.gob.do\/consular\/amsterdam\/alegria-republica-dominicana-oea-aprueba-declaracion-desagravio\/","url":"https:\/\/nld.mirex.gob.do\/consular\/amsterdam\/alegria-republica-dominicana-oea-aprueba-declaracion-desagravio\/","name":"\u00a1Alegr\u00eda en Rep\u00fablica Dominicana!; OEA aprueba declaraci\u00f3n de desagravio - Consulado General de la Rep\u00fablica Dominicana en La Haya, Reino de los Pa\u00edses Bajos","isPartOf":{"@id":"https:\/\/nld.mirex.gob.do\/consular\/amsterdam\/#website"},"primaryImageOfPage":{"@id":"https:\/\/nld.mirex.gob.do\/consular\/amsterdam\/alegria-republica-dominicana-oea-aprueba-declaracion-desagravio\/#primaryimage"},"image":{"@id":"https:\/\/nld.mirex.gob.do\/consular\/amsterdam\/alegria-republica-dominicana-oea-aprueba-declaracion-desagravio\/#primaryimage"},"thumbnailUrl":"","datePublished":"2016-06-18T18:44:32+00:00","breadcrumb":{"@id":"https:\/\/nld.mirex.gob.do\/consular\/amsterdam\/alegria-republica-dominicana-oea-aprueba-declaracion-desagravio\/#breadcrumb"},"inLanguage":"en-US","potentialAction":[{"@type":"ReadAction","target":["https:\/\/nld.mirex.gob.do\/consular\/amsterdam\/alegria-republica-dominicana-oea-aprueba-declaracion-desagravio\/"]}]},{"@type":"ImageObject","inLanguage":"en-US","@id":"https:\/\/nld.mirex.gob.do\/consular\/amsterdam\/alegria-republica-dominicana-oea-aprueba-declaracion-desagravio\/#primaryimage","url":"","contentUrl":""},{"@type":"BreadcrumbList","@id":"https:\/\/nld.mirex.gob.do\/consular\/amsterdam\/alegria-republica-dominicana-oea-aprueba-declaracion-desagravio\/#breadcrumb","itemListElement":[{"@type":"ListItem","position":1,"name":"Inicio","item":"https:\/\/nld.mirex.gob.do\/consular\/amsterdam\/"},{"@type":"ListItem","position":2,"name":"\u00a1Alegr\u00eda en Rep\u00fablica Dominicana!; OEA aprueba declaraci\u00f3n de desagravio"}]},{"@type":"WebSite","@id":"https:\/\/nld.mirex.gob.do\/consular\/amsterdam\/#website","url":"https:\/\/nld.mirex.gob.do\/consular\/amsterdam\/","name":"Consulado General de la Rep\u00fablica Dominicana en La Haya, Reino de los Pa\u00edses Bajos","description":"","publisher":{"@id":"https:\/\/nld.mirex.gob.do\/consular\/amsterdam\/#organization"},"potentialAction":[{"@type":"SearchAction","target":{"@type":"EntryPoint","urlTemplate":"https:\/\/nld.mirex.gob.do\/consular\/amsterdam\/?s={search_term_string}"},"query-input":{"@type":"PropertyValueSpecification","valueRequired":true,"valueName":"search_term_string"}}],"inLanguage":"en-US"},{"@type":"Organization","@id":"https:\/\/nld.mirex.gob.do\/consular\/amsterdam\/#organization","name":"Consulado General de la Rep\u00fablica Dominicana en La Haya, Reino de los Pa\u00edses Bajos","url":"https:\/\/nld.mirex.gob.do\/consular\/amsterdam\/","logo":{"@type":"ImageObject","inLanguage":"en-US","@id":"https:\/\/nld.mirex.gob.do\/consular\/amsterdam\/#\/schema\/logo\/image\/","url":"https:\/\/nld.mirex.gob.do\/consular\/amsterdam\/wp-content\/uploads\/2024\/04\/cropped-consulado_la_haya_reinode_los_Paises_Bajos.jpg","contentUrl":"https:\/\/nld.mirex.gob.do\/consular\/amsterdam\/wp-content\/uploads\/2024\/04\/cropped-consulado_la_haya_reinode_los_Paises_Bajos.jpg","width":999,"height":407,"caption":"Consulado General de la Rep\u00fablica Dominicana en La Haya, Reino de los Pa\u00edses Bajos"},"image":{"@id":"https:\/\/nld.mirex.gob.do\/consular\/amsterdam\/#\/schema\/logo\/image\/"}},{"@type":"Person","@id":"https:\/\/nld.mirex.gob.do\/consular\/amsterdam\/#\/schema\/person\/772a9951ade6a7e4ab978b618b619ff8","name":"Michael Antonio Melo Andujar","image":{"@type":"ImageObject","inLanguage":"en-US","@id":"https:\/\/secure.gravatar.com\/avatar\/f8862d24b6945a30d30c9727ef9dfcd533ee25a18a27afc92991446aeb0e652d?s=96&d=mm&r=g","url":"https:\/\/secure.gravatar.com\/avatar\/f8862d24b6945a30d30c9727ef9dfcd533ee25a18a27afc92991446aeb0e652d?s=96&d=mm&r=g","contentUrl":"https:\/\/secure.gravatar.com\/avatar\/f8862d24b6945a30d30c9727ef9dfcd533ee25a18a27afc92991446aeb0e652d?s=96&d=mm&r=g","caption":"Michael Antonio Melo Andujar"}}]}},"_links":{"self":[{"href":"https:\/\/nld.mirex.gob.do\/consular\/amsterdam\/wp-json\/wp\/v2\/posts\/2437","targetHints":{"allow":["GET"]}}],"collection":[{"href":"https:\/\/nld.mirex.gob.do\/consular\/amsterdam\/wp-json\/wp\/v2\/posts"}],"about":[{"href":"https:\/\/nld.mirex.gob.do\/consular\/amsterdam\/wp-json\/wp\/v2\/types\/post"}],"author":[{"embeddable":true,"href":"https:\/\/nld.mirex.gob.do\/consular\/amsterdam\/wp-json\/wp\/v2\/users\/8"}],"replies":[{"embeddable":true,"href":"https:\/\/nld.mirex.gob.do\/consular\/amsterdam\/wp-json\/wp\/v2\/comments?post=2437"}],"version-history":[{"count":0,"href":"https:\/\/nld.mirex.gob.do\/consular\/amsterdam\/wp-json\/wp\/v2\/posts\/2437\/revisions"}],"wp:featuredmedia":[{"embeddable":true,"href":"https:\/\/nld.mirex.gob.do\/consular\/amsterdam\/wp-json\/"}],"wp:attachment":[{"href":"https:\/\/nld.mirex.gob.do\/consular\/amsterdam\/wp-json\/wp\/v2\/media?parent=2437"}],"wp:term":[{"taxonomy":"category","embeddable":true,"href":"https:\/\/nld.mirex.gob.do\/consular\/amsterdam\/wp-json\/wp\/v2\/categories?post=2437"},{"taxonomy":"post_tag","embeddable":true,"href":"https:\/\/nld.mirex.gob.do\/consular\/amsterdam\/wp-json\/wp\/v2\/tags?post=2437"}],"curies":[{"name":"wp","href":"https:\/\/api.w.org\/{rel}","templated":true}]}}