{"id":2433,"date":"2016-06-18T18:42:24","date_gmt":"2016-06-18T18:42:24","guid":{"rendered":"https:\/\/www.consuladordholanda.com\/?p=2433"},"modified":"2016-06-18T18:42:24","modified_gmt":"2016-06-18T18:42:24","slug":"republica-dominicana-presenta-oea-propuesta-declaracion-desagravio","status":"publish","type":"post","link":"https:\/\/nld.mirex.gob.do\/consular\/amsterdam\/republica-dominicana-presenta-oea-propuesta-declaracion-desagravio\/","title":{"rendered":"Rep\u00fablica Dominicana presenta en OEA propuesta declaraci\u00f3n de desagravio"},"content":{"rendered":"<p><img fetchpriority=\"high\" decoding=\"async\" class=\"alignnone size-full wp-image-2435\" src=\"https:\/\/www.consuladordholanda.com\/wp-content\/uploads\/2016\/06\/cancillleria.jpg\" alt=\"cancillleria\" width=\"2048\" height=\"1152\" \/><\/p>\n<p>La delegaci\u00f3n oficial de la Rep\u00fablica Dominicana que participa en la 46\u00aa Reuni\u00f3n Ordinaria de la Organizaci\u00f3n de Estados Americanos (OEA), present\u00f3 hoy una propuesta\u00a0de declaraci\u00f3n de desagravio a la naci\u00f3n dominicana.<\/p>\n<p>La misma se hace en virtud del rol desempe\u00f1ado por el organismo regional\u00a0al dar el aval que &#8220;legaliz\u00f3&#8221;\u00a0la\u00a0intervenci\u00f3n militar de nuestro pa\u00eds durante la Revoluci\u00f3n\u00a0de abril de 1965.<\/p>\n<p><strong>Luto, indignaci\u00f3n y perturbaci\u00f3n, a\u00fan persisten<\/strong><br \/>\nLa propuesta fue dada\u00a0a conocer mediante\u00a0comunicado del Ministerio de Relaciones Exteriores (MIREX), durante la celebraci\u00f3n de la segunda sesi\u00f3n plenaria de la OEA, en el reci\u00e9n inaugurado moderno centro de convenciones de la Canciller\u00eda.<\/p>\n<p><a title=\"http:\/\/gob.us7.list-manage.com\/track\/click?u=785107b820a3beec908c29082&amp;id=10bcc68963&amp;e=5a09e35649\" href=\"http:\/\/gob.us7.list-manage.com\/track\/click?u=785107b820a3beec908c29082&amp;id=10bcc68963&amp;e=5a09e35649\" target=\"_blank\" data-saferedirecturl=\"https:\/\/www.google.com\/url?hl=es&amp;q=http:\/\/gob.us7.list-manage.com\/track\/click?u%3D785107b820a3beec908c29082%26id%3D10bcc68963%26e%3D5a09e35649&amp;source=gmail&amp;ust=1466361285539000&amp;usg=AFQjCNHUczRxrI2t52y8nSe5vtHeh7mriA\" rel=\"noopener\"><img decoding=\"async\" class=\"CToWUd\" title=\"http:\/\/gob.us7.list-manage.com\/track\/click?u=785107b820a3beec908c29082&amp;id=10bcc68963&amp;e=5a09e35649\" src=\"https:\/\/ci6.googleusercontent.com\/proxy\/1Wq91YDDHuae3BugPrSq2qmkwwSL-Uo7xjxwM-jK1DiUHGYEtKpJa6jN_fiMDp66qYErRvvzrhcNUhmAwejR-SRl5K7sOkwYqQPgb_n4NDvuvS3KP7faANRfB9m2B1_PZ7zwJ6WtUeyuRD4HhSfJn4ObfcHIGx_65G2ZVaA=s0-d-e1-ft#https:\/\/gallery.mailchimp.com\/785107b820a3beec908c29082\/images\/663aef66-80d4-485a-bcf1-0996ce0b0b3e.jpg\" alt=\"http:\/\/gob.us7.list-manage.com\/track\/click?u=785107b820a3beec908c29082&amp;id=10bcc68963&amp;e=5a09e35649\" width=\"240\" height=\"135\" align=\"left\" \/><\/a>El documento presentado por la delegaci\u00f3n\u00a0oficial de la Rep\u00fablica Dominicana ante el pleno incluye el reconocimiento de la OEA por los acontecimientos de abril de 1965 que ocasionaron\u00a0 &#8220;luto, indignaci\u00f3n y perturbaci\u00f3n&#8221;, &#8220;una historia que es a\u00fan una lamentable fuente de desasosiego en las familias dominicanas&#8221;.<\/p>\n<p><strong>Declaraci\u00f3n es c\u00f3nsona con pedido del presidente Danilo Medina<\/strong><br \/>\nLa declaraci\u00f3n propuesta por la delegaci\u00f3n dominicana y de la que se aspira cuente con el firme apoyo de las delegaciones de los 34 pa\u00edses miembros del organismo multilateral,\u00a0 es c\u00f3nsona con el pedido que hiciera el presidente de la Rep\u00fablica Dominicana, Danilo Medina, durante el acto inaugural de la reuni\u00f3n plenaria de la OEA en el Teatro Nacional, en presencia del secretario general del organismo, Luis Almagro.<\/p>\n<p><strong>RD merece OEA cierre herida hist\u00f3rica \u00a0<\/strong><br \/>\nEn dicho escenario el jefe de Estado pidi\u00f3 una declaraci\u00f3n de desagravio &#8220;por esa violaci\u00f3n de la soberan\u00eda leg\u00edtima de los dominicanos, producida\u00a0en 1965, y que caus\u00f3 muertes, dolor e indignaci\u00f3n en nuestro pueblo. Es una herida a\u00fan abierta para muchos, y que solo podr\u00e1 sanar mediante el reconocimiento de lo sucedido por parte de la OEA y la petici\u00f3n de perd\u00f3n que merece nuestra ciudadan\u00eda&#8221;.<\/p>\n<p>El documento establece en uno de sus considerandos que &#8220;en el proceso hist\u00f3rico de la segunda mitad del siglo XX, la Rep\u00fablica Dominicana fue objeto de acciones llevadas a cabo durante la Revoluci\u00f3n de abril de 1965, y espec\u00edficamente aquellas que en ese marco aval\u00f3 la Organizaci\u00f3n de Estados Americanos (OEA), que produjeron perturbaci\u00f3n, luto y una indignaci\u00f3n que todav\u00eda nuestra poblaci\u00f3n tiene presente&#8221;.<\/p>\n<p><img decoding=\"async\" class=\"aligncenter size-full wp-image-2434\" src=\"https:\/\/www.consuladordholanda.com\/wp-content\/uploads\/2016\/06\/presidencia.png\" alt=\"presidencia\" width=\"313\" height=\"81\" \/><\/p>\n","protected":false},"excerpt":{"rendered":"<p>La delegaci\u00f3n oficial de la Rep\u00fablica Dominicana que participa en la 46\u00aa Reuni\u00f3n Ordinaria de la Organizaci\u00f3n de Estados Americanos (OEA), present\u00f3 hoy una propuesta\u00a0de declaraci\u00f3n de desagravio a la naci\u00f3n dominicana. La misma se hace en virtud del rol desempe\u00f1ado por el organismo regional\u00a0al dar el aval que &#8220;legaliz\u00f3&#8221;\u00a0la\u00a0intervenci\u00f3n militar de nuestro pa\u00eds durante [&hellip;]<\/p>\n","protected":false},"author":8,"featured_media":2435,"comment_status":"closed","ping_status":"open","sticky":false,"template":"","format":"standard","meta":{"site-sidebar-layout":"default","site-content-layout":"","ast-site-content-layout":"default","site-content-style":"default","site-sidebar-style":"default","ast-global-header-display":"","ast-banner-title-visibility":"","ast-main-header-display":"","ast-hfb-above-header-display":"","ast-hfb-below-header-display":"","ast-hfb-mobile-header-display":"","site-post-title":"","ast-breadcrumbs-content":"","ast-featured-img":"","footer-sml-layout":"","ast-disable-related-posts":"","theme-transparent-header-meta":"","adv-header-id-meta":"","stick-header-meta":"","header-above-stick-meta":"","header-main-stick-meta":"","header-below-stick-meta":"","astra-migrate-meta-layouts":"default","ast-page-background-enabled":"default","ast-page-background-meta":{"desktop":{"background-color":"","background-image":"","background-repeat":"repeat","background-position":"center center","background-size":"auto","background-attachment":"scroll","background-type":"","background-media":"","overlay-type":"","overlay-color":"","overlay-opacity":"","overlay-gradient":""},"tablet":{"background-color":"","background-image":"","background-repeat":"repeat","background-position":"center center","background-size":"auto","background-attachment":"scroll","background-type":"","background-media":"","overlay-type":"","overlay-color":"","overlay-opacity":"","overlay-gradient":""},"mobile":{"background-color":"","background-image":"","background-repeat":"repeat","background-position":"center center","background-size":"auto","background-attachment":"scroll","background-type":"","background-media":"","overlay-type":"","overlay-color":"","overlay-opacity":"","overlay-gradient":""}},"ast-content-background-meta":{"desktop":{"background-color":"var(--ast-global-color-5)","background-image":"","background-repeat":"repeat","background-position":"center center","background-size":"auto","background-attachment":"scroll","background-type":"","background-media":"","overlay-type":"","overlay-color":"","overlay-opacity":"","overlay-gradient":""},"tablet":{"background-color":"var(--ast-global-color-5)","background-image":"","background-repeat":"repeat","background-position":"center center","background-size":"auto","background-attachment":"scroll","background-type":"","background-media":"","overlay-type":"","overlay-color":"","overlay-opacity":"","overlay-gradient":""},"mobile":{"background-color":"var(--ast-global-color-5)","background-image":"","background-repeat":"repeat","background-position":"center center","background-size":"auto","background-attachment":"scroll","background-type":"","background-media":"","overlay-type":"","overlay-color":"","overlay-opacity":"","overlay-gradient":""}},"footnotes":""},"categories":[66],"tags":[300],"class_list":["post-2433","post","type-post","status-publish","format-standard","has-post-thumbnail","hentry","category-novedades","tag-oea"],"yoast_head":"<!-- This site is optimized with the Yoast SEO plugin v27.4 - https:\/\/yoast.com\/product\/yoast-seo-wordpress\/ -->\n<title>Rep\u00fablica Dominicana presenta en OEA propuesta declaraci\u00f3n de desagravio - Consulado General de la Rep\u00fablica Dominicana en La Haya, Reino de los Pa\u00edses Bajos<\/title>\n<meta name=\"robots\" content=\"index, follow, max-snippet:-1, max-image-preview:large, max-video-preview:-1\" \/>\n<link rel=\"canonical\" href=\"https:\/\/nld.mirex.gob.do\/consular\/amsterdam\/republica-dominicana-presenta-oea-propuesta-declaracion-desagravio\/\" \/>\n<meta property=\"og:locale\" content=\"en_US\" \/>\n<meta property=\"og:type\" content=\"article\" \/>\n<meta property=\"og:title\" content=\"Rep\u00fablica Dominicana presenta en OEA propuesta declaraci\u00f3n de desagravio - Consulado General de la Rep\u00fablica Dominicana en La Haya, Reino de los Pa\u00edses Bajos\" \/>\n<meta property=\"og:description\" content=\"La delegaci\u00f3n oficial de la Rep\u00fablica Dominicana que participa en la 46\u00aa Reuni\u00f3n Ordinaria de la Organizaci\u00f3n de Estados Americanos (OEA), present\u00f3 hoy una propuesta\u00a0de declaraci\u00f3n de desagravio a la naci\u00f3n dominicana. La misma se hace en virtud del rol desempe\u00f1ado por el organismo regional\u00a0al dar el aval que &#8220;legaliz\u00f3&#8221;\u00a0la\u00a0intervenci\u00f3n militar de nuestro pa\u00eds durante [&hellip;]\" \/>\n<meta property=\"og:url\" content=\"https:\/\/nld.mirex.gob.do\/consular\/amsterdam\/republica-dominicana-presenta-oea-propuesta-declaracion-desagravio\/\" \/>\n<meta property=\"og:site_name\" content=\"Consulado General de la Rep\u00fablica Dominicana en La Haya, Reino de los Pa\u00edses Bajos\" \/>\n<meta property=\"article:published_time\" content=\"2016-06-18T18:42:24+00:00\" \/>\n<meta name=\"author\" content=\"Michael Antonio Melo Andujar\" \/>\n<meta name=\"twitter:card\" content=\"summary_large_image\" \/>\n<meta name=\"twitter:label1\" content=\"Written by\" \/>\n\t<meta name=\"twitter:data1\" content=\"Michael Antonio Melo Andujar\" \/>\n\t<meta name=\"twitter:label2\" content=\"Est. reading time\" \/>\n\t<meta name=\"twitter:data2\" content=\"2 minutes\" \/>\n<script type=\"application\/ld+json\" class=\"yoast-schema-graph\">{\"@context\":\"https:\\\/\\\/schema.org\",\"@graph\":[{\"@type\":\"Article\",\"@id\":\"https:\\\/\\\/nld.mirex.gob.do\\\/consular\\\/amsterdam\\\/republica-dominicana-presenta-oea-propuesta-declaracion-desagravio\\\/#article\",\"isPartOf\":{\"@id\":\"https:\\\/\\\/nld.mirex.gob.do\\\/consular\\\/amsterdam\\\/republica-dominicana-presenta-oea-propuesta-declaracion-desagravio\\\/\"},\"author\":{\"name\":\"Michael Antonio Melo Andujar\",\"@id\":\"https:\\\/\\\/nld.mirex.gob.do\\\/consular\\\/amsterdam\\\/#\\\/schema\\\/person\\\/772a9951ade6a7e4ab978b618b619ff8\"},\"headline\":\"Rep\u00fablica Dominicana presenta en OEA propuesta declaraci\u00f3n de desagravio\",\"datePublished\":\"2016-06-18T18:42:24+00:00\",\"mainEntityOfPage\":{\"@id\":\"https:\\\/\\\/nld.mirex.gob.do\\\/consular\\\/amsterdam\\\/republica-dominicana-presenta-oea-propuesta-declaracion-desagravio\\\/\"},\"wordCount\":422,\"publisher\":{\"@id\":\"https:\\\/\\\/nld.mirex.gob.do\\\/consular\\\/amsterdam\\\/#organization\"},\"image\":{\"@id\":\"https:\\\/\\\/nld.mirex.gob.do\\\/consular\\\/amsterdam\\\/republica-dominicana-presenta-oea-propuesta-declaracion-desagravio\\\/#primaryimage\"},\"thumbnailUrl\":\"\",\"keywords\":[\"OEA\"],\"articleSection\":[\"Novedades\"],\"inLanguage\":\"en-US\"},{\"@type\":\"WebPage\",\"@id\":\"https:\\\/\\\/nld.mirex.gob.do\\\/consular\\\/amsterdam\\\/republica-dominicana-presenta-oea-propuesta-declaracion-desagravio\\\/\",\"url\":\"https:\\\/\\\/nld.mirex.gob.do\\\/consular\\\/amsterdam\\\/republica-dominicana-presenta-oea-propuesta-declaracion-desagravio\\\/\",\"name\":\"Rep\u00fablica Dominicana presenta en OEA propuesta declaraci\u00f3n de desagravio - Consulado General de la Rep\u00fablica Dominicana en La Haya, Reino de los Pa\u00edses Bajos\",\"isPartOf\":{\"@id\":\"https:\\\/\\\/nld.mirex.gob.do\\\/consular\\\/amsterdam\\\/#website\"},\"primaryImageOfPage\":{\"@id\":\"https:\\\/\\\/nld.mirex.gob.do\\\/consular\\\/amsterdam\\\/republica-dominicana-presenta-oea-propuesta-declaracion-desagravio\\\/#primaryimage\"},\"image\":{\"@id\":\"https:\\\/\\\/nld.mirex.gob.do\\\/consular\\\/amsterdam\\\/republica-dominicana-presenta-oea-propuesta-declaracion-desagravio\\\/#primaryimage\"},\"thumbnailUrl\":\"\",\"datePublished\":\"2016-06-18T18:42:24+00:00\",\"breadcrumb\":{\"@id\":\"https:\\\/\\\/nld.mirex.gob.do\\\/consular\\\/amsterdam\\\/republica-dominicana-presenta-oea-propuesta-declaracion-desagravio\\\/#breadcrumb\"},\"inLanguage\":\"en-US\",\"potentialAction\":[{\"@type\":\"ReadAction\",\"target\":[\"https:\\\/\\\/nld.mirex.gob.do\\\/consular\\\/amsterdam\\\/republica-dominicana-presenta-oea-propuesta-declaracion-desagravio\\\/\"]}]},{\"@type\":\"ImageObject\",\"inLanguage\":\"en-US\",\"@id\":\"https:\\\/\\\/nld.mirex.gob.do\\\/consular\\\/amsterdam\\\/republica-dominicana-presenta-oea-propuesta-declaracion-desagravio\\\/#primaryimage\",\"url\":\"\",\"contentUrl\":\"\"},{\"@type\":\"BreadcrumbList\",\"@id\":\"https:\\\/\\\/nld.mirex.gob.do\\\/consular\\\/amsterdam\\\/republica-dominicana-presenta-oea-propuesta-declaracion-desagravio\\\/#breadcrumb\",\"itemListElement\":[{\"@type\":\"ListItem\",\"position\":1,\"name\":\"Inicio\",\"item\":\"https:\\\/\\\/nld.mirex.gob.do\\\/consular\\\/amsterdam\\\/\"},{\"@type\":\"ListItem\",\"position\":2,\"name\":\"Rep\u00fablica Dominicana presenta en OEA propuesta declaraci\u00f3n de desagravio\"}]},{\"@type\":\"WebSite\",\"@id\":\"https:\\\/\\\/nld.mirex.gob.do\\\/consular\\\/amsterdam\\\/#website\",\"url\":\"https:\\\/\\\/nld.mirex.gob.do\\\/consular\\\/amsterdam\\\/\",\"name\":\"Consulado General de la Rep\u00fablica Dominicana en La Haya, Reino de los Pa\u00edses Bajos\",\"description\":\"\",\"publisher\":{\"@id\":\"https:\\\/\\\/nld.mirex.gob.do\\\/consular\\\/amsterdam\\\/#organization\"},\"potentialAction\":[{\"@type\":\"SearchAction\",\"target\":{\"@type\":\"EntryPoint\",\"urlTemplate\":\"https:\\\/\\\/nld.mirex.gob.do\\\/consular\\\/amsterdam\\\/?s={search_term_string}\"},\"query-input\":{\"@type\":\"PropertyValueSpecification\",\"valueRequired\":true,\"valueName\":\"search_term_string\"}}],\"inLanguage\":\"en-US\"},{\"@type\":\"Organization\",\"@id\":\"https:\\\/\\\/nld.mirex.gob.do\\\/consular\\\/amsterdam\\\/#organization\",\"name\":\"Consulado General de la Rep\u00fablica Dominicana en La Haya, Reino de los Pa\u00edses Bajos\",\"url\":\"https:\\\/\\\/nld.mirex.gob.do\\\/consular\\\/amsterdam\\\/\",\"logo\":{\"@type\":\"ImageObject\",\"inLanguage\":\"en-US\",\"@id\":\"https:\\\/\\\/nld.mirex.gob.do\\\/consular\\\/amsterdam\\\/#\\\/schema\\\/logo\\\/image\\\/\",\"url\":\"https:\\\/\\\/nld.mirex.gob.do\\\/consular\\\/amsterdam\\\/wp-content\\\/uploads\\\/2024\\\/04\\\/cropped-consulado_la_haya_reinode_los_Paises_Bajos.jpg\",\"contentUrl\":\"https:\\\/\\\/nld.mirex.gob.do\\\/consular\\\/amsterdam\\\/wp-content\\\/uploads\\\/2024\\\/04\\\/cropped-consulado_la_haya_reinode_los_Paises_Bajos.jpg\",\"width\":999,\"height\":407,\"caption\":\"Consulado General de la Rep\u00fablica Dominicana en La Haya, Reino de los Pa\u00edses Bajos\"},\"image\":{\"@id\":\"https:\\\/\\\/nld.mirex.gob.do\\\/consular\\\/amsterdam\\\/#\\\/schema\\\/logo\\\/image\\\/\"}},{\"@type\":\"Person\",\"@id\":\"https:\\\/\\\/nld.mirex.gob.do\\\/consular\\\/amsterdam\\\/#\\\/schema\\\/person\\\/772a9951ade6a7e4ab978b618b619ff8\",\"name\":\"Michael Antonio Melo Andujar\",\"image\":{\"@type\":\"ImageObject\",\"inLanguage\":\"en-US\",\"@id\":\"https:\\\/\\\/secure.gravatar.com\\\/avatar\\\/f8862d24b6945a30d30c9727ef9dfcd533ee25a18a27afc92991446aeb0e652d?s=96&d=mm&r=g\",\"url\":\"https:\\\/\\\/secure.gravatar.com\\\/avatar\\\/f8862d24b6945a30d30c9727ef9dfcd533ee25a18a27afc92991446aeb0e652d?s=96&d=mm&r=g\",\"contentUrl\":\"https:\\\/\\\/secure.gravatar.com\\\/avatar\\\/f8862d24b6945a30d30c9727ef9dfcd533ee25a18a27afc92991446aeb0e652d?s=96&d=mm&r=g\",\"caption\":\"Michael Antonio Melo Andujar\"}}]}<\/script>\n<!-- \/ Yoast SEO plugin. -->","yoast_head_json":{"title":"Rep\u00fablica Dominicana presenta en OEA propuesta declaraci\u00f3n de desagravio - Consulado General de la Rep\u00fablica Dominicana en La Haya, Reino de los Pa\u00edses Bajos","robots":{"index":"index","follow":"follow","max-snippet":"max-snippet:-1","max-image-preview":"max-image-preview:large","max-video-preview":"max-video-preview:-1"},"canonical":"https:\/\/nld.mirex.gob.do\/consular\/amsterdam\/republica-dominicana-presenta-oea-propuesta-declaracion-desagravio\/","og_locale":"en_US","og_type":"article","og_title":"Rep\u00fablica Dominicana presenta en OEA propuesta declaraci\u00f3n de desagravio - Consulado General de la Rep\u00fablica Dominicana en La Haya, Reino de los Pa\u00edses Bajos","og_description":"La delegaci\u00f3n oficial de la Rep\u00fablica Dominicana que participa en la 46\u00aa Reuni\u00f3n Ordinaria de la Organizaci\u00f3n de Estados Americanos (OEA), present\u00f3 hoy una propuesta\u00a0de declaraci\u00f3n de desagravio a la naci\u00f3n dominicana. La misma se hace en virtud del rol desempe\u00f1ado por el organismo regional\u00a0al dar el aval que &#8220;legaliz\u00f3&#8221;\u00a0la\u00a0intervenci\u00f3n militar de nuestro pa\u00eds durante [&hellip;]","og_url":"https:\/\/nld.mirex.gob.do\/consular\/amsterdam\/republica-dominicana-presenta-oea-propuesta-declaracion-desagravio\/","og_site_name":"Consulado General de la Rep\u00fablica Dominicana en La Haya, Reino de los Pa\u00edses Bajos","article_published_time":"2016-06-18T18:42:24+00:00","author":"Michael Antonio Melo Andujar","twitter_card":"summary_large_image","twitter_misc":{"Written by":"Michael Antonio Melo Andujar","Est. reading time":"2 minutes"},"schema":{"@context":"https:\/\/schema.org","@graph":[{"@type":"Article","@id":"https:\/\/nld.mirex.gob.do\/consular\/amsterdam\/republica-dominicana-presenta-oea-propuesta-declaracion-desagravio\/#article","isPartOf":{"@id":"https:\/\/nld.mirex.gob.do\/consular\/amsterdam\/republica-dominicana-presenta-oea-propuesta-declaracion-desagravio\/"},"author":{"name":"Michael Antonio Melo Andujar","@id":"https:\/\/nld.mirex.gob.do\/consular\/amsterdam\/#\/schema\/person\/772a9951ade6a7e4ab978b618b619ff8"},"headline":"Rep\u00fablica Dominicana presenta en OEA propuesta declaraci\u00f3n de desagravio","datePublished":"2016-06-18T18:42:24+00:00","mainEntityOfPage":{"@id":"https:\/\/nld.mirex.gob.do\/consular\/amsterdam\/republica-dominicana-presenta-oea-propuesta-declaracion-desagravio\/"},"wordCount":422,"publisher":{"@id":"https:\/\/nld.mirex.gob.do\/consular\/amsterdam\/#organization"},"image":{"@id":"https:\/\/nld.mirex.gob.do\/consular\/amsterdam\/republica-dominicana-presenta-oea-propuesta-declaracion-desagravio\/#primaryimage"},"thumbnailUrl":"","keywords":["OEA"],"articleSection":["Novedades"],"inLanguage":"en-US"},{"@type":"WebPage","@id":"https:\/\/nld.mirex.gob.do\/consular\/amsterdam\/republica-dominicana-presenta-oea-propuesta-declaracion-desagravio\/","url":"https:\/\/nld.mirex.gob.do\/consular\/amsterdam\/republica-dominicana-presenta-oea-propuesta-declaracion-desagravio\/","name":"Rep\u00fablica Dominicana presenta en OEA propuesta declaraci\u00f3n de desagravio - Consulado General de la Rep\u00fablica Dominicana en La Haya, Reino de los Pa\u00edses Bajos","isPartOf":{"@id":"https:\/\/nld.mirex.gob.do\/consular\/amsterdam\/#website"},"primaryImageOfPage":{"@id":"https:\/\/nld.mirex.gob.do\/consular\/amsterdam\/republica-dominicana-presenta-oea-propuesta-declaracion-desagravio\/#primaryimage"},"image":{"@id":"https:\/\/nld.mirex.gob.do\/consular\/amsterdam\/republica-dominicana-presenta-oea-propuesta-declaracion-desagravio\/#primaryimage"},"thumbnailUrl":"","datePublished":"2016-06-18T18:42:24+00:00","breadcrumb":{"@id":"https:\/\/nld.mirex.gob.do\/consular\/amsterdam\/republica-dominicana-presenta-oea-propuesta-declaracion-desagravio\/#breadcrumb"},"inLanguage":"en-US","potentialAction":[{"@type":"ReadAction","target":["https:\/\/nld.mirex.gob.do\/consular\/amsterdam\/republica-dominicana-presenta-oea-propuesta-declaracion-desagravio\/"]}]},{"@type":"ImageObject","inLanguage":"en-US","@id":"https:\/\/nld.mirex.gob.do\/consular\/amsterdam\/republica-dominicana-presenta-oea-propuesta-declaracion-desagravio\/#primaryimage","url":"","contentUrl":""},{"@type":"BreadcrumbList","@id":"https:\/\/nld.mirex.gob.do\/consular\/amsterdam\/republica-dominicana-presenta-oea-propuesta-declaracion-desagravio\/#breadcrumb","itemListElement":[{"@type":"ListItem","position":1,"name":"Inicio","item":"https:\/\/nld.mirex.gob.do\/consular\/amsterdam\/"},{"@type":"ListItem","position":2,"name":"Rep\u00fablica Dominicana presenta en OEA propuesta declaraci\u00f3n de desagravio"}]},{"@type":"WebSite","@id":"https:\/\/nld.mirex.gob.do\/consular\/amsterdam\/#website","url":"https:\/\/nld.mirex.gob.do\/consular\/amsterdam\/","name":"Consulado General de la Rep\u00fablica Dominicana en La Haya, Reino de los Pa\u00edses Bajos","description":"","publisher":{"@id":"https:\/\/nld.mirex.gob.do\/consular\/amsterdam\/#organization"},"potentialAction":[{"@type":"SearchAction","target":{"@type":"EntryPoint","urlTemplate":"https:\/\/nld.mirex.gob.do\/consular\/amsterdam\/?s={search_term_string}"},"query-input":{"@type":"PropertyValueSpecification","valueRequired":true,"valueName":"search_term_string"}}],"inLanguage":"en-US"},{"@type":"Organization","@id":"https:\/\/nld.mirex.gob.do\/consular\/amsterdam\/#organization","name":"Consulado General de la Rep\u00fablica Dominicana en La Haya, Reino de los Pa\u00edses Bajos","url":"https:\/\/nld.mirex.gob.do\/consular\/amsterdam\/","logo":{"@type":"ImageObject","inLanguage":"en-US","@id":"https:\/\/nld.mirex.gob.do\/consular\/amsterdam\/#\/schema\/logo\/image\/","url":"https:\/\/nld.mirex.gob.do\/consular\/amsterdam\/wp-content\/uploads\/2024\/04\/cropped-consulado_la_haya_reinode_los_Paises_Bajos.jpg","contentUrl":"https:\/\/nld.mirex.gob.do\/consular\/amsterdam\/wp-content\/uploads\/2024\/04\/cropped-consulado_la_haya_reinode_los_Paises_Bajos.jpg","width":999,"height":407,"caption":"Consulado General de la Rep\u00fablica Dominicana en La Haya, Reino de los Pa\u00edses Bajos"},"image":{"@id":"https:\/\/nld.mirex.gob.do\/consular\/amsterdam\/#\/schema\/logo\/image\/"}},{"@type":"Person","@id":"https:\/\/nld.mirex.gob.do\/consular\/amsterdam\/#\/schema\/person\/772a9951ade6a7e4ab978b618b619ff8","name":"Michael Antonio Melo Andujar","image":{"@type":"ImageObject","inLanguage":"en-US","@id":"https:\/\/secure.gravatar.com\/avatar\/f8862d24b6945a30d30c9727ef9dfcd533ee25a18a27afc92991446aeb0e652d?s=96&d=mm&r=g","url":"https:\/\/secure.gravatar.com\/avatar\/f8862d24b6945a30d30c9727ef9dfcd533ee25a18a27afc92991446aeb0e652d?s=96&d=mm&r=g","contentUrl":"https:\/\/secure.gravatar.com\/avatar\/f8862d24b6945a30d30c9727ef9dfcd533ee25a18a27afc92991446aeb0e652d?s=96&d=mm&r=g","caption":"Michael Antonio Melo Andujar"}}]}},"_links":{"self":[{"href":"https:\/\/nld.mirex.gob.do\/consular\/amsterdam\/wp-json\/wp\/v2\/posts\/2433","targetHints":{"allow":["GET"]}}],"collection":[{"href":"https:\/\/nld.mirex.gob.do\/consular\/amsterdam\/wp-json\/wp\/v2\/posts"}],"about":[{"href":"https:\/\/nld.mirex.gob.do\/consular\/amsterdam\/wp-json\/wp\/v2\/types\/post"}],"author":[{"embeddable":true,"href":"https:\/\/nld.mirex.gob.do\/consular\/amsterdam\/wp-json\/wp\/v2\/users\/8"}],"replies":[{"embeddable":true,"href":"https:\/\/nld.mirex.gob.do\/consular\/amsterdam\/wp-json\/wp\/v2\/comments?post=2433"}],"version-history":[{"count":0,"href":"https:\/\/nld.mirex.gob.do\/consular\/amsterdam\/wp-json\/wp\/v2\/posts\/2433\/revisions"}],"wp:featuredmedia":[{"embeddable":true,"href":"https:\/\/nld.mirex.gob.do\/consular\/amsterdam\/wp-json\/"}],"wp:attachment":[{"href":"https:\/\/nld.mirex.gob.do\/consular\/amsterdam\/wp-json\/wp\/v2\/media?parent=2433"}],"wp:term":[{"taxonomy":"category","embeddable":true,"href":"https:\/\/nld.mirex.gob.do\/consular\/amsterdam\/wp-json\/wp\/v2\/categories?post=2433"},{"taxonomy":"post_tag","embeddable":true,"href":"https:\/\/nld.mirex.gob.do\/consular\/amsterdam\/wp-json\/wp\/v2\/tags?post=2433"}],"curies":[{"name":"wp","href":"https:\/\/api.w.org\/{rel}","templated":true}]}}