{"id":2430,"date":"2016-06-18T18:39:38","date_gmt":"2016-06-18T18:39:38","guid":{"rendered":"https:\/\/www.consuladordholanda.com\/?p=2430"},"modified":"2016-06-18T18:39:38","modified_gmt":"2016-06-18T18:39:38","slug":"danilo-medina-oea-pedir-perdon-republica-dominicana-legitimar-invasion-1965","status":"publish","type":"post","link":"https:\/\/nld.mirex.gob.do\/consular\/amsterdam\/danilo-medina-oea-pedir-perdon-republica-dominicana-legitimar-invasion-1965\/","title":{"rendered":"Danilo Medina: OEA debe pedir perd\u00f3n a Rep\u00fablica Dominicana por legitimar invasi\u00f3n de 1965"},"content":{"rendered":"<p><img fetchpriority=\"high\" decoding=\"async\" class=\"alignnone size-full wp-image-2431\" src=\"https:\/\/www.consuladordholanda.com\/wp-content\/uploads\/2016\/06\/unnamed.jpg\" alt=\"unnamed\" width=\"1024\" height=\"576\" \/><\/p>\n<p><span style=\"color: #000000; font-family: Arial; font-size: small;\">El presidente Danilo Medina demand\u00f3 hoy a la Organizaci\u00f3n de Estados Americanos (OEA) pedir perd\u00f3n al pueblo dominicano por haber legitimado la invasi\u00f3n a la Rep\u00fablica Dominicana en el a\u00f1o 1965.<\/p>\n<p>El jefe de Estado dominicano afirm\u00f3 que esta invasi\u00f3n abort\u00f3 el proceso democr\u00e1tico que se hab\u00eda iniciado con la elecci\u00f3n como presidente del profesor Juan Bosch, impidiendo as\u00ed el retorno al orden constitucional, leg\u00edtimamente establecido en el 1963.<\/p>\n<p>\u201cEn nombre del pueblo dominicano y en el m\u00edo propio, les propongo a todos ustedes que durante este per\u00edodo ordinario de sesiones, se apruebe una resoluci\u00f3n de desagravio a la Rep\u00fablica Dominicana por el rol desempe\u00f1ado por la OEA durante la Revoluci\u00f3n de Abril de 1965\u201d, expres\u00f3 el gobernante dominicano al hablar\u00a0en la sesi\u00f3n inaugural del Cuadrag\u00e9simo Sexto Per\u00edodo Ordinario de Sesiones de la Asamblea General OEA, que se desarrollar\u00e1 aqu\u00ed los d\u00edas 14 y 15 de junio.<\/p>\n<p>\u201cTengo el convencimiento de que este es el mejor momento y el m\u00e1s apropiado lugar para llevar a cabo este acto de justicia, verdad y reconciliaci\u00f3n\u201d, asegur\u00f3 y record\u00f3 que esta nefasta violaci\u00f3n de la soberan\u00eda leg\u00edtima de los dominicanos, producida en 1965 caus\u00f3 muerte, dolor e indignaci\u00f3n en nuestro pueblo.<\/p>\n<p><strong>Saldar deuda hist\u00f3rica con pueblo dominicano<\/strong><br \/>\n\u201cEs una herida a\u00fan abierta para muchos y que solo podr\u00e1 sanar mediante el reconocimiento de lo sucedido por parte de la OEA y la petici\u00f3n de perd\u00f3n que merece nuestra ciudadan\u00eda\u201d, reiter\u00f3 Danilo Medina, quien como jefe de Estado dijo estar obligado a solicitar a la asamblea saldar esa deuda hist\u00f3rica con el pueblo dominicano.<\/p>\n<p>\u201cNuestra Patria y nuestra democracia merecen este acto de dignidad y respeto\u201d, puntualiz\u00f3 Danilo Medina, reivindicando el di\u00e1logo, la paciencia y la verdad como las v\u00edas para cerrar las viejas heridas del continente.<\/p>\n<p><strong>Renovar compromiso con principios que dieron origen a la OEA<\/strong><br \/>\nManifest\u00f3 su convencimiento en que la OEA est\u00e1 en las mejores condiciones para asumir esa responsabilidad y propuso al organismo enviar un mensaje a todos los pueblos de la regi\u00f3n reconociendo los errores del pasado y se\u00f1alando su compromiso renovado y total con los principios que dieron origen.<\/p>\n<p>\u201cDigamos alto y claro que la soberan\u00eda de los pueblos, y el respeto a la institucionalidad democr\u00e1tica son, hoy y siempre, sagrados y que esta Organizaci\u00f3n de los Estados Americanos ser\u00e1 ya, para siempre, su m\u00e1s firme defensor\u201d.<\/p>\n<p>En su discurso en la sesi\u00f3n inaugural de la 46 Asamblea General de la OEA, el presidente dominicano llam\u00f3 al organismo a fortalecer y mejorar su institucionalidad, as\u00ed como asegurar la institucionalidad democr\u00e1tica como \u201cprioridad absoluta\u201d de su agenda.<\/p>\n<p><strong>Recuperar la confianza de los ciudadanos<\/strong><br \/>\nDel mismo modo, Danilo Medina reiter\u00f3 su planteamiento de que los gobiernos de la regi\u00f3n deben acercarse a los ciudadanos en un di\u00e1logo permanente y no solo en un intercambio instrumental o interesado, sino aprender a escuchar activamente a los ciudadanos y a responder ante ellos.<\/p>\n<p>\u201cPorque solo haciendo los gobiernos m\u00e1s transparentes y cercanos a la gente, lograremos recuperar y mantener algo mucho m\u00e1s importante: la confianza de los ciudadanos en las instituciones que les sirven y les representan.<\/p>\n<p>Precis\u00f3 que quienes est\u00e1n en funciones p\u00fablicas, ya no pueden contar solo con la legalidad que se obtiene en las urnas\u00a0para ejercerlas, sino que necesitan contar tambi\u00e9n con la legitimidad ciudadana, la cual deben renovar d\u00eda tras d\u00eda.<\/p>\n<p>\u201cHa llegado el momento de que la ciudadan\u00eda participe no solo del dise\u00f1o de pol\u00edticas, sino tambi\u00e9n de su transformaci\u00f3n y evoluci\u00f3n. Y ha llegado el momento de que los pol\u00edticos seamos capaces de escuchar y modificar el rumbo, cuando as\u00ed lo requiera la voluntad ciudadana\u201d, se\u00f1al\u00f3.<\/p>\n<p><strong>Mejoramiento institucional riguroso, pero acelerado<\/strong><br \/>\nA juicio del presidente Danilo Medina, al acercarse la OEA a su 70 aniversario, est\u00e1 obligada a renovar su compromiso en pro del desarrollo de sus pueblos y de la promoci\u00f3n de un futuro econ\u00f3mico, social y ambientalmente sostenible para las generaciones presentes y futuras.<\/p>\n<p>En ese contexto, pregunt\u00f3 si la OEA y los pa\u00edses miembros est\u00e1n debidamente preparados para desarrollar con efectividad retos como la Agenda 2030 aprobada por las Naciones Unidas y el Acuerdo de Par\u00eds sobre cambio clim\u00e1tico.<\/p>\n<p>\u201cPosiblemente, la respuesta m\u00e1s honesta nos lleve a la conclusi\u00f3n de que debemos emprender un proceso riguroso, pero acelerado, de mejoramiento institucional\u201d, afirm\u00f3, explicando que eso fue lo que llev\u00f3 a la Rep\u00fablica Dominicana a entender que el tema id\u00f3neo para la 46 Asamblea General deb\u00eda\u00a0ser<strong>\u201cFortalecimiento Institucional para el Desarrollo Sostenible en las Am\u00e9ricas\u201d<\/strong>, de forma que dicha mejora institucional tenga un prop\u00f3sito com\u00fan, claramente identificado.<\/p>\n<p>\u201cPero esto implica tambi\u00e9n una reforma y modernizaci\u00f3n de la propia OEA\u00a0 y para ello ser\u00e1 necesaria una evaluaci\u00f3n de la organizaci\u00f3n, a partir de su Carta constitutiva y del nuevo contexto internacional, sobre la base de los cuatro pilares de su accionar: Democracia, Derechos Humanos, Seguridad Multidimensional y Desarrollo Integral.<\/p>\n<p><strong>Visi\u00f3n Estrat\u00e9gica<\/strong><br \/>\nAbog\u00f3 porque los Estados Miembros contin\u00faen la labor de fortalecimiento de la Organizaci\u00f3n en el marco de su Visi\u00f3n Estrat\u00e9gica, la cual Rep\u00fablica Dominicana continuar\u00e1 apoyando por considerar que hoy m\u00e1s que nunca es esencial encontrar terrenos comunes para el di\u00e1logo pol\u00edtico en la regi\u00f3n, que atraviesa un momento de extrema importancia.<\/p>\n<p>\u201cEn el futuro inmediato tenemos no solo el reto de recuperar el crecimiento econ\u00f3mico, sino tambi\u00e9n la urgente necesidad de preservar el orden institucional y el Estado de Derecho en el conjunto del hemisferio\u201d, precis\u00f3 el jefe de Estado dominicano.<\/p>\n<p><strong>Di\u00e1logo: la v\u00eda para resolver diferencias<\/strong><br \/>\nDanilo Medina expres\u00f3 preocupaci\u00f3n por el momento por el cual est\u00e1 pasando el pueblo venezolano y manifest\u00f3 su apoyo sin reservas a todas las iniciativas de di\u00e1logo que conduzcan a la resoluci\u00f3n efectiva de las diferencias entre los sectores pol\u00edticos.<\/p>\n<p>\u201cEn especial, respaldamos la iniciativa puesta en marcha en nuestro pa\u00eds por UNASUR, con el concurso de los ex presidentes Jos\u00e9 Lu\u00eds Rodr\u00edguez Zapatero, de Espa\u00f1a; Leonel Fern\u00e1ndez, de la Rep\u00fablica Dominicana, y Mart\u00edn Torrijos, de Panam\u00e1, para la reapertura de un di\u00e1logo efectivo entre el gobierno venezolano y los sectores de oposici\u00f3n\u201d, proclam\u00f3.<\/p>\n<p>Confi\u00f3 en el avance del proceso y en sus resultados en futuro pr\u00f3ximo. \u201cPorque una Venezuela estable, en paz y en el camino de la plena recuperaci\u00f3n econ\u00f3mica, es el deseo de todos los presentes y, desde luego, es el deseo de todo el pueblo dominicano\u201d, enfatiz\u00f3 Danilo Medina.<\/p>\n<p><strong>Promotora de la institucionalidad democr\u00e1tica<\/strong><br \/>\nEl presidente dominicano expres\u00f3 adem\u00e1s su deseo que la OEA sea un organismo que promueva la institucionalidad democr\u00e1tica en todo el continente, para lo cual entiende debe agotar un proceso de reflexi\u00f3n y autocr\u00edtica, afrontando sin acritud ni miedo los errores del pasado para que no se repitan.<\/p>\n<p>Resalt\u00f3 que los pr\u00f3ximos a\u00f1os pueden ser de progreso, de di\u00e1logos retomados y de confianza recuperada, pero advirti\u00f3 que tambi\u00e9n puede suceder lo contrario, por lo que la OEA debe ser un ejemplo de responsabilidad ante su pasado y de compromiso por un mejor futuro.<\/p>\n<p>\u201cLa responsabilidad de elegir el camino correcto es nuestra, de los gobernantes, de los l\u00edderes de oposici\u00f3n, de la sociedad civil. No podemos dejarnos llevar por la tentaci\u00f3n de la demagogia, de los intereses particulares o del inmediatismo. Es demasiado lo que est\u00e1 en juego para ponerlo en riesgo ahora por la ambici\u00f3n de poder o la falta de visi\u00f3n\u201d, enfatiz\u00f3.<\/p>\n<p><strong>Encuentro hist\u00f3rico<\/strong><br \/>\nAl dar una cordial y efusiva bienvenida a las delegaciones de los 34 pa\u00eds representados, el presidente Danilo Medina dijo que este per\u00edodo ordinario de sesiones de la Asamblea General de la OEA ser\u00e1 hist\u00f3rico porque en \u00e9l se aprobar\u00e1n finalmente documentos que llevan a\u00f1os negoci\u00e1ndose en el seno de este organismo, como\u00a0 la Declaraci\u00f3n Americana sobre los Derechos de los Pueblos Ind\u00edgenas y al Programa Interamericano para el Desarrollo Sostenible (PIDS).<\/span><\/p>\n","protected":false},"excerpt":{"rendered":"<p>El presidente Danilo Medina demand\u00f3 hoy a la Organizaci\u00f3n de Estados Americanos (OEA) pedir perd\u00f3n al pueblo dominicano por haber legitimado la invasi\u00f3n a la Rep\u00fablica Dominicana en el a\u00f1o 1965. El jefe de Estado dominicano afirm\u00f3 que esta invasi\u00f3n abort\u00f3 el proceso democr\u00e1tico que se hab\u00eda iniciado con la elecci\u00f3n como presidente del profesor [&hellip;]<\/p>\n","protected":false},"author":8,"featured_media":2431,"comment_status":"closed","ping_status":"open","sticky":false,"template":"","format":"standard","meta":{"site-sidebar-layout":"default","site-content-layout":"","ast-site-content-layout":"default","site-content-style":"default","site-sidebar-style":"default","ast-global-header-display":"","ast-banner-title-visibility":"","ast-main-header-display":"","ast-hfb-above-header-display":"","ast-hfb-below-header-display":"","ast-hfb-mobile-header-display":"","site-post-title":"","ast-breadcrumbs-content":"","ast-featured-img":"","footer-sml-layout":"","ast-disable-related-posts":"","theme-transparent-header-meta":"","adv-header-id-meta":"","stick-header-meta":"","header-above-stick-meta":"","header-main-stick-meta":"","header-below-stick-meta":"","astra-migrate-meta-layouts":"default","ast-page-background-enabled":"default","ast-page-background-meta":{"desktop":{"background-color":"","background-image":"","background-repeat":"repeat","background-position":"center center","background-size":"auto","background-attachment":"scroll","background-type":"","background-media":"","overlay-type":"","overlay-color":"","overlay-opacity":"","overlay-gradient":""},"tablet":{"background-color":"","background-image":"","background-repeat":"repeat","background-position":"center center","background-size":"auto","background-attachment":"scroll","background-type":"","background-media":"","overlay-type":"","overlay-color":"","overlay-opacity":"","overlay-gradient":""},"mobile":{"background-color":"","background-image":"","background-repeat":"repeat","background-position":"center center","background-size":"auto","background-attachment":"scroll","background-type":"","background-media":"","overlay-type":"","overlay-color":"","overlay-opacity":"","overlay-gradient":""}},"ast-content-background-meta":{"desktop":{"background-color":"var(--ast-global-color-5)","background-image":"","background-repeat":"repeat","background-position":"center center","background-size":"auto","background-attachment":"scroll","background-type":"","background-media":"","overlay-type":"","overlay-color":"","overlay-opacity":"","overlay-gradient":""},"tablet":{"background-color":"var(--ast-global-color-5)","background-image":"","background-repeat":"repeat","background-position":"center center","background-size":"auto","background-attachment":"scroll","background-type":"","background-media":"","overlay-type":"","overlay-color":"","overlay-opacity":"","overlay-gradient":""},"mobile":{"background-color":"var(--ast-global-color-5)","background-image":"","background-repeat":"repeat","background-position":"center center","background-size":"auto","background-attachment":"scroll","background-type":"","background-media":"","overlay-type":"","overlay-color":"","overlay-opacity":"","overlay-gradient":""}},"footnotes":""},"categories":[66],"tags":[62],"class_list":["post-2430","post","type-post","status-publish","format-standard","has-post-thumbnail","hentry","category-novedades","tag-danilo-medina"],"yoast_head":"<!-- This site is optimized with the Yoast SEO plugin v27.4 - https:\/\/yoast.com\/product\/yoast-seo-wordpress\/ -->\n<title>Danilo Medina: OEA debe pedir perd\u00f3n a Rep\u00fablica Dominicana por legitimar invasi\u00f3n de 1965 - Consulado General de la Rep\u00fablica Dominicana en La Haya, Reino de los Pa\u00edses Bajos<\/title>\n<meta name=\"robots\" content=\"index, follow, max-snippet:-1, max-image-preview:large, max-video-preview:-1\" \/>\n<link rel=\"canonical\" href=\"https:\/\/nld.mirex.gob.do\/consular\/amsterdam\/danilo-medina-oea-pedir-perdon-republica-dominicana-legitimar-invasion-1965\/\" \/>\n<meta property=\"og:locale\" content=\"en_US\" \/>\n<meta property=\"og:type\" content=\"article\" \/>\n<meta property=\"og:title\" content=\"Danilo Medina: OEA debe pedir perd\u00f3n a Rep\u00fablica Dominicana por legitimar invasi\u00f3n de 1965 - Consulado General de la Rep\u00fablica Dominicana en La Haya, Reino de los Pa\u00edses Bajos\" \/>\n<meta property=\"og:description\" content=\"El presidente Danilo Medina demand\u00f3 hoy a la Organizaci\u00f3n de Estados Americanos (OEA) pedir perd\u00f3n al pueblo dominicano por haber legitimado la invasi\u00f3n a la Rep\u00fablica Dominicana en el a\u00f1o 1965. El jefe de Estado dominicano afirm\u00f3 que esta invasi\u00f3n abort\u00f3 el proceso democr\u00e1tico que se hab\u00eda iniciado con la elecci\u00f3n como presidente del profesor [&hellip;]\" \/>\n<meta property=\"og:url\" content=\"https:\/\/nld.mirex.gob.do\/consular\/amsterdam\/danilo-medina-oea-pedir-perdon-republica-dominicana-legitimar-invasion-1965\/\" \/>\n<meta property=\"og:site_name\" content=\"Consulado General de la Rep\u00fablica Dominicana en La Haya, Reino de los Pa\u00edses Bajos\" \/>\n<meta property=\"article:published_time\" content=\"2016-06-18T18:39:38+00:00\" \/>\n<meta name=\"author\" content=\"Michael Antonio Melo Andujar\" \/>\n<meta name=\"twitter:card\" content=\"summary_large_image\" \/>\n<meta name=\"twitter:label1\" content=\"Written by\" \/>\n\t<meta name=\"twitter:data1\" content=\"Michael Antonio Melo Andujar\" \/>\n\t<meta name=\"twitter:label2\" content=\"Est. reading time\" \/>\n\t<meta name=\"twitter:data2\" content=\"7 minutes\" \/>\n<script type=\"application\/ld+json\" class=\"yoast-schema-graph\">{\"@context\":\"https:\\\/\\\/schema.org\",\"@graph\":[{\"@type\":\"Article\",\"@id\":\"https:\\\/\\\/nld.mirex.gob.do\\\/consular\\\/amsterdam\\\/danilo-medina-oea-pedir-perdon-republica-dominicana-legitimar-invasion-1965\\\/#article\",\"isPartOf\":{\"@id\":\"https:\\\/\\\/nld.mirex.gob.do\\\/consular\\\/amsterdam\\\/danilo-medina-oea-pedir-perdon-republica-dominicana-legitimar-invasion-1965\\\/\"},\"author\":{\"name\":\"Michael Antonio Melo Andujar\",\"@id\":\"https:\\\/\\\/nld.mirex.gob.do\\\/consular\\\/amsterdam\\\/#\\\/schema\\\/person\\\/772a9951ade6a7e4ab978b618b619ff8\"},\"headline\":\"Danilo Medina: OEA debe pedir perd\u00f3n a Rep\u00fablica Dominicana por legitimar invasi\u00f3n de 1965\",\"datePublished\":\"2016-06-18T18:39:38+00:00\",\"mainEntityOfPage\":{\"@id\":\"https:\\\/\\\/nld.mirex.gob.do\\\/consular\\\/amsterdam\\\/danilo-medina-oea-pedir-perdon-republica-dominicana-legitimar-invasion-1965\\\/\"},\"wordCount\":1418,\"publisher\":{\"@id\":\"https:\\\/\\\/nld.mirex.gob.do\\\/consular\\\/amsterdam\\\/#organization\"},\"image\":{\"@id\":\"https:\\\/\\\/nld.mirex.gob.do\\\/consular\\\/amsterdam\\\/danilo-medina-oea-pedir-perdon-republica-dominicana-legitimar-invasion-1965\\\/#primaryimage\"},\"thumbnailUrl\":\"\",\"keywords\":[\"Danilo Medina\"],\"articleSection\":[\"Novedades\"],\"inLanguage\":\"en-US\"},{\"@type\":\"WebPage\",\"@id\":\"https:\\\/\\\/nld.mirex.gob.do\\\/consular\\\/amsterdam\\\/danilo-medina-oea-pedir-perdon-republica-dominicana-legitimar-invasion-1965\\\/\",\"url\":\"https:\\\/\\\/nld.mirex.gob.do\\\/consular\\\/amsterdam\\\/danilo-medina-oea-pedir-perdon-republica-dominicana-legitimar-invasion-1965\\\/\",\"name\":\"Danilo Medina: OEA debe pedir perd\u00f3n a Rep\u00fablica Dominicana por legitimar invasi\u00f3n de 1965 - Consulado General de la Rep\u00fablica Dominicana en La Haya, Reino de los Pa\u00edses Bajos\",\"isPartOf\":{\"@id\":\"https:\\\/\\\/nld.mirex.gob.do\\\/consular\\\/amsterdam\\\/#website\"},\"primaryImageOfPage\":{\"@id\":\"https:\\\/\\\/nld.mirex.gob.do\\\/consular\\\/amsterdam\\\/danilo-medina-oea-pedir-perdon-republica-dominicana-legitimar-invasion-1965\\\/#primaryimage\"},\"image\":{\"@id\":\"https:\\\/\\\/nld.mirex.gob.do\\\/consular\\\/amsterdam\\\/danilo-medina-oea-pedir-perdon-republica-dominicana-legitimar-invasion-1965\\\/#primaryimage\"},\"thumbnailUrl\":\"\",\"datePublished\":\"2016-06-18T18:39:38+00:00\",\"breadcrumb\":{\"@id\":\"https:\\\/\\\/nld.mirex.gob.do\\\/consular\\\/amsterdam\\\/danilo-medina-oea-pedir-perdon-republica-dominicana-legitimar-invasion-1965\\\/#breadcrumb\"},\"inLanguage\":\"en-US\",\"potentialAction\":[{\"@type\":\"ReadAction\",\"target\":[\"https:\\\/\\\/nld.mirex.gob.do\\\/consular\\\/amsterdam\\\/danilo-medina-oea-pedir-perdon-republica-dominicana-legitimar-invasion-1965\\\/\"]}]},{\"@type\":\"ImageObject\",\"inLanguage\":\"en-US\",\"@id\":\"https:\\\/\\\/nld.mirex.gob.do\\\/consular\\\/amsterdam\\\/danilo-medina-oea-pedir-perdon-republica-dominicana-legitimar-invasion-1965\\\/#primaryimage\",\"url\":\"\",\"contentUrl\":\"\"},{\"@type\":\"BreadcrumbList\",\"@id\":\"https:\\\/\\\/nld.mirex.gob.do\\\/consular\\\/amsterdam\\\/danilo-medina-oea-pedir-perdon-republica-dominicana-legitimar-invasion-1965\\\/#breadcrumb\",\"itemListElement\":[{\"@type\":\"ListItem\",\"position\":1,\"name\":\"Inicio\",\"item\":\"https:\\\/\\\/nld.mirex.gob.do\\\/consular\\\/amsterdam\\\/\"},{\"@type\":\"ListItem\",\"position\":2,\"name\":\"Danilo Medina: OEA debe pedir perd\u00f3n a Rep\u00fablica Dominicana por legitimar invasi\u00f3n de 1965\"}]},{\"@type\":\"WebSite\",\"@id\":\"https:\\\/\\\/nld.mirex.gob.do\\\/consular\\\/amsterdam\\\/#website\",\"url\":\"https:\\\/\\\/nld.mirex.gob.do\\\/consular\\\/amsterdam\\\/\",\"name\":\"Consulado General de la Rep\u00fablica Dominicana en La Haya, Reino de los Pa\u00edses Bajos\",\"description\":\"\",\"publisher\":{\"@id\":\"https:\\\/\\\/nld.mirex.gob.do\\\/consular\\\/amsterdam\\\/#organization\"},\"potentialAction\":[{\"@type\":\"SearchAction\",\"target\":{\"@type\":\"EntryPoint\",\"urlTemplate\":\"https:\\\/\\\/nld.mirex.gob.do\\\/consular\\\/amsterdam\\\/?s={search_term_string}\"},\"query-input\":{\"@type\":\"PropertyValueSpecification\",\"valueRequired\":true,\"valueName\":\"search_term_string\"}}],\"inLanguage\":\"en-US\"},{\"@type\":\"Organization\",\"@id\":\"https:\\\/\\\/nld.mirex.gob.do\\\/consular\\\/amsterdam\\\/#organization\",\"name\":\"Consulado General de la Rep\u00fablica Dominicana en La Haya, Reino de los Pa\u00edses Bajos\",\"url\":\"https:\\\/\\\/nld.mirex.gob.do\\\/consular\\\/amsterdam\\\/\",\"logo\":{\"@type\":\"ImageObject\",\"inLanguage\":\"en-US\",\"@id\":\"https:\\\/\\\/nld.mirex.gob.do\\\/consular\\\/amsterdam\\\/#\\\/schema\\\/logo\\\/image\\\/\",\"url\":\"https:\\\/\\\/nld.mirex.gob.do\\\/consular\\\/amsterdam\\\/wp-content\\\/uploads\\\/2024\\\/04\\\/cropped-consulado_la_haya_reinode_los_Paises_Bajos.jpg\",\"contentUrl\":\"https:\\\/\\\/nld.mirex.gob.do\\\/consular\\\/amsterdam\\\/wp-content\\\/uploads\\\/2024\\\/04\\\/cropped-consulado_la_haya_reinode_los_Paises_Bajos.jpg\",\"width\":999,\"height\":407,\"caption\":\"Consulado General de la Rep\u00fablica Dominicana en La Haya, Reino de los Pa\u00edses Bajos\"},\"image\":{\"@id\":\"https:\\\/\\\/nld.mirex.gob.do\\\/consular\\\/amsterdam\\\/#\\\/schema\\\/logo\\\/image\\\/\"}},{\"@type\":\"Person\",\"@id\":\"https:\\\/\\\/nld.mirex.gob.do\\\/consular\\\/amsterdam\\\/#\\\/schema\\\/person\\\/772a9951ade6a7e4ab978b618b619ff8\",\"name\":\"Michael Antonio Melo Andujar\",\"image\":{\"@type\":\"ImageObject\",\"inLanguage\":\"en-US\",\"@id\":\"https:\\\/\\\/secure.gravatar.com\\\/avatar\\\/f8862d24b6945a30d30c9727ef9dfcd533ee25a18a27afc92991446aeb0e652d?s=96&d=mm&r=g\",\"url\":\"https:\\\/\\\/secure.gravatar.com\\\/avatar\\\/f8862d24b6945a30d30c9727ef9dfcd533ee25a18a27afc92991446aeb0e652d?s=96&d=mm&r=g\",\"contentUrl\":\"https:\\\/\\\/secure.gravatar.com\\\/avatar\\\/f8862d24b6945a30d30c9727ef9dfcd533ee25a18a27afc92991446aeb0e652d?s=96&d=mm&r=g\",\"caption\":\"Michael Antonio Melo Andujar\"}}]}<\/script>\n<!-- \/ Yoast SEO plugin. -->","yoast_head_json":{"title":"Danilo Medina: OEA debe pedir perd\u00f3n a Rep\u00fablica Dominicana por legitimar invasi\u00f3n de 1965 - Consulado General de la Rep\u00fablica Dominicana en La Haya, Reino de los Pa\u00edses Bajos","robots":{"index":"index","follow":"follow","max-snippet":"max-snippet:-1","max-image-preview":"max-image-preview:large","max-video-preview":"max-video-preview:-1"},"canonical":"https:\/\/nld.mirex.gob.do\/consular\/amsterdam\/danilo-medina-oea-pedir-perdon-republica-dominicana-legitimar-invasion-1965\/","og_locale":"en_US","og_type":"article","og_title":"Danilo Medina: OEA debe pedir perd\u00f3n a Rep\u00fablica Dominicana por legitimar invasi\u00f3n de 1965 - Consulado General de la Rep\u00fablica Dominicana en La Haya, Reino de los Pa\u00edses Bajos","og_description":"El presidente Danilo Medina demand\u00f3 hoy a la Organizaci\u00f3n de Estados Americanos (OEA) pedir perd\u00f3n al pueblo dominicano por haber legitimado la invasi\u00f3n a la Rep\u00fablica Dominicana en el a\u00f1o 1965. El jefe de Estado dominicano afirm\u00f3 que esta invasi\u00f3n abort\u00f3 el proceso democr\u00e1tico que se hab\u00eda iniciado con la elecci\u00f3n como presidente del profesor [&hellip;]","og_url":"https:\/\/nld.mirex.gob.do\/consular\/amsterdam\/danilo-medina-oea-pedir-perdon-republica-dominicana-legitimar-invasion-1965\/","og_site_name":"Consulado General de la Rep\u00fablica Dominicana en La Haya, Reino de los Pa\u00edses Bajos","article_published_time":"2016-06-18T18:39:38+00:00","author":"Michael Antonio Melo Andujar","twitter_card":"summary_large_image","twitter_misc":{"Written by":"Michael Antonio Melo Andujar","Est. reading time":"7 minutes"},"schema":{"@context":"https:\/\/schema.org","@graph":[{"@type":"Article","@id":"https:\/\/nld.mirex.gob.do\/consular\/amsterdam\/danilo-medina-oea-pedir-perdon-republica-dominicana-legitimar-invasion-1965\/#article","isPartOf":{"@id":"https:\/\/nld.mirex.gob.do\/consular\/amsterdam\/danilo-medina-oea-pedir-perdon-republica-dominicana-legitimar-invasion-1965\/"},"author":{"name":"Michael Antonio Melo Andujar","@id":"https:\/\/nld.mirex.gob.do\/consular\/amsterdam\/#\/schema\/person\/772a9951ade6a7e4ab978b618b619ff8"},"headline":"Danilo Medina: OEA debe pedir perd\u00f3n a Rep\u00fablica Dominicana por legitimar invasi\u00f3n de 1965","datePublished":"2016-06-18T18:39:38+00:00","mainEntityOfPage":{"@id":"https:\/\/nld.mirex.gob.do\/consular\/amsterdam\/danilo-medina-oea-pedir-perdon-republica-dominicana-legitimar-invasion-1965\/"},"wordCount":1418,"publisher":{"@id":"https:\/\/nld.mirex.gob.do\/consular\/amsterdam\/#organization"},"image":{"@id":"https:\/\/nld.mirex.gob.do\/consular\/amsterdam\/danilo-medina-oea-pedir-perdon-republica-dominicana-legitimar-invasion-1965\/#primaryimage"},"thumbnailUrl":"","keywords":["Danilo Medina"],"articleSection":["Novedades"],"inLanguage":"en-US"},{"@type":"WebPage","@id":"https:\/\/nld.mirex.gob.do\/consular\/amsterdam\/danilo-medina-oea-pedir-perdon-republica-dominicana-legitimar-invasion-1965\/","url":"https:\/\/nld.mirex.gob.do\/consular\/amsterdam\/danilo-medina-oea-pedir-perdon-republica-dominicana-legitimar-invasion-1965\/","name":"Danilo Medina: OEA debe pedir perd\u00f3n a Rep\u00fablica Dominicana por legitimar invasi\u00f3n de 1965 - Consulado General de la Rep\u00fablica Dominicana en La Haya, Reino de los Pa\u00edses Bajos","isPartOf":{"@id":"https:\/\/nld.mirex.gob.do\/consular\/amsterdam\/#website"},"primaryImageOfPage":{"@id":"https:\/\/nld.mirex.gob.do\/consular\/amsterdam\/danilo-medina-oea-pedir-perdon-republica-dominicana-legitimar-invasion-1965\/#primaryimage"},"image":{"@id":"https:\/\/nld.mirex.gob.do\/consular\/amsterdam\/danilo-medina-oea-pedir-perdon-republica-dominicana-legitimar-invasion-1965\/#primaryimage"},"thumbnailUrl":"","datePublished":"2016-06-18T18:39:38+00:00","breadcrumb":{"@id":"https:\/\/nld.mirex.gob.do\/consular\/amsterdam\/danilo-medina-oea-pedir-perdon-republica-dominicana-legitimar-invasion-1965\/#breadcrumb"},"inLanguage":"en-US","potentialAction":[{"@type":"ReadAction","target":["https:\/\/nld.mirex.gob.do\/consular\/amsterdam\/danilo-medina-oea-pedir-perdon-republica-dominicana-legitimar-invasion-1965\/"]}]},{"@type":"ImageObject","inLanguage":"en-US","@id":"https:\/\/nld.mirex.gob.do\/consular\/amsterdam\/danilo-medina-oea-pedir-perdon-republica-dominicana-legitimar-invasion-1965\/#primaryimage","url":"","contentUrl":""},{"@type":"BreadcrumbList","@id":"https:\/\/nld.mirex.gob.do\/consular\/amsterdam\/danilo-medina-oea-pedir-perdon-republica-dominicana-legitimar-invasion-1965\/#breadcrumb","itemListElement":[{"@type":"ListItem","position":1,"name":"Inicio","item":"https:\/\/nld.mirex.gob.do\/consular\/amsterdam\/"},{"@type":"ListItem","position":2,"name":"Danilo Medina: OEA debe pedir perd\u00f3n a Rep\u00fablica Dominicana por legitimar invasi\u00f3n de 1965"}]},{"@type":"WebSite","@id":"https:\/\/nld.mirex.gob.do\/consular\/amsterdam\/#website","url":"https:\/\/nld.mirex.gob.do\/consular\/amsterdam\/","name":"Consulado General de la Rep\u00fablica Dominicana en La Haya, Reino de los Pa\u00edses Bajos","description":"","publisher":{"@id":"https:\/\/nld.mirex.gob.do\/consular\/amsterdam\/#organization"},"potentialAction":[{"@type":"SearchAction","target":{"@type":"EntryPoint","urlTemplate":"https:\/\/nld.mirex.gob.do\/consular\/amsterdam\/?s={search_term_string}"},"query-input":{"@type":"PropertyValueSpecification","valueRequired":true,"valueName":"search_term_string"}}],"inLanguage":"en-US"},{"@type":"Organization","@id":"https:\/\/nld.mirex.gob.do\/consular\/amsterdam\/#organization","name":"Consulado General de la Rep\u00fablica Dominicana en La Haya, Reino de los Pa\u00edses Bajos","url":"https:\/\/nld.mirex.gob.do\/consular\/amsterdam\/","logo":{"@type":"ImageObject","inLanguage":"en-US","@id":"https:\/\/nld.mirex.gob.do\/consular\/amsterdam\/#\/schema\/logo\/image\/","url":"https:\/\/nld.mirex.gob.do\/consular\/amsterdam\/wp-content\/uploads\/2024\/04\/cropped-consulado_la_haya_reinode_los_Paises_Bajos.jpg","contentUrl":"https:\/\/nld.mirex.gob.do\/consular\/amsterdam\/wp-content\/uploads\/2024\/04\/cropped-consulado_la_haya_reinode_los_Paises_Bajos.jpg","width":999,"height":407,"caption":"Consulado General de la Rep\u00fablica Dominicana en La Haya, Reino de los Pa\u00edses Bajos"},"image":{"@id":"https:\/\/nld.mirex.gob.do\/consular\/amsterdam\/#\/schema\/logo\/image\/"}},{"@type":"Person","@id":"https:\/\/nld.mirex.gob.do\/consular\/amsterdam\/#\/schema\/person\/772a9951ade6a7e4ab978b618b619ff8","name":"Michael Antonio Melo Andujar","image":{"@type":"ImageObject","inLanguage":"en-US","@id":"https:\/\/secure.gravatar.com\/avatar\/f8862d24b6945a30d30c9727ef9dfcd533ee25a18a27afc92991446aeb0e652d?s=96&d=mm&r=g","url":"https:\/\/secure.gravatar.com\/avatar\/f8862d24b6945a30d30c9727ef9dfcd533ee25a18a27afc92991446aeb0e652d?s=96&d=mm&r=g","contentUrl":"https:\/\/secure.gravatar.com\/avatar\/f8862d24b6945a30d30c9727ef9dfcd533ee25a18a27afc92991446aeb0e652d?s=96&d=mm&r=g","caption":"Michael Antonio Melo Andujar"}}]}},"_links":{"self":[{"href":"https:\/\/nld.mirex.gob.do\/consular\/amsterdam\/wp-json\/wp\/v2\/posts\/2430","targetHints":{"allow":["GET"]}}],"collection":[{"href":"https:\/\/nld.mirex.gob.do\/consular\/amsterdam\/wp-json\/wp\/v2\/posts"}],"about":[{"href":"https:\/\/nld.mirex.gob.do\/consular\/amsterdam\/wp-json\/wp\/v2\/types\/post"}],"author":[{"embeddable":true,"href":"https:\/\/nld.mirex.gob.do\/consular\/amsterdam\/wp-json\/wp\/v2\/users\/8"}],"replies":[{"embeddable":true,"href":"https:\/\/nld.mirex.gob.do\/consular\/amsterdam\/wp-json\/wp\/v2\/comments?post=2430"}],"version-history":[{"count":0,"href":"https:\/\/nld.mirex.gob.do\/consular\/amsterdam\/wp-json\/wp\/v2\/posts\/2430\/revisions"}],"wp:featuredmedia":[{"embeddable":true,"href":"https:\/\/nld.mirex.gob.do\/consular\/amsterdam\/wp-json\/"}],"wp:attachment":[{"href":"https:\/\/nld.mirex.gob.do\/consular\/amsterdam\/wp-json\/wp\/v2\/media?parent=2430"}],"wp:term":[{"taxonomy":"category","embeddable":true,"href":"https:\/\/nld.mirex.gob.do\/consular\/amsterdam\/wp-json\/wp\/v2\/categories?post=2430"},{"taxonomy":"post_tag","embeddable":true,"href":"https:\/\/nld.mirex.gob.do\/consular\/amsterdam\/wp-json\/wp\/v2\/tags?post=2430"}],"curies":[{"name":"wp","href":"https:\/\/api.w.org\/{rel}","templated":true}]}}