{"id":2346,"date":"2015-11-25T20:00:55","date_gmt":"2015-11-25T20:00:55","guid":{"rendered":"https:\/\/www.consuladordholanda.com\/?p=2346"},"modified":"2015-11-25T20:00:55","modified_gmt":"2015-11-25T20:00:55","slug":"conmemoracion-del-55-aniversario-de-la-muerte-de-las-hermanas-mirabal","status":"publish","type":"post","link":"https:\/\/nld.mirex.gob.do\/consular\/amsterdam\/conmemoracion-del-55-aniversario-de-la-muerte-de-las-hermanas-mirabal\/","title":{"rendered":"Conmemoraci\u00f3n del 55 aniversario de la Muerte de las Hermanas Mirabal"},"content":{"rendered":"<p><img fetchpriority=\"high\" decoding=\"async\" class=\"alignnone size-full wp-image-2347\" src=\"https:\/\/www.consuladordholanda.com\/wp-content\/uploads\/2015\/11\/25-de-noviembre-2015-nota-web-holanda.jpg\" alt=\"Imprimir\" width=\"3319\" height=\"2524\" \/><\/p>\n<h1>Conmemoraci\u00f3n del 55 aniversario de la Muerte de las Hermanas Mirabal<\/h1>\n<p>La fecha del 25 de noviembre se escogi\u00f3 para honrar a las hermanas Mirabal, tres mujeres de la Rep\u00fablica Dominicana que fueron brutalmente asesinadas en 1960 durante la dictadura de Rafael Trujillo (1930-1961).<\/p>\n<p>&nbsp;<\/p>\n<h2>Cartel Conmemorativo del 25 de noviembre de 2015<\/h2>\n<p><a href=\"https:\/\/www.consuladordholanda.com\/wp-content\/uploads\/2015\/11\/25-de-noviembre-Hermanas-Mirabal-Holanda.jpg\"><img decoding=\"async\" class=\"alignnone size-full wp-image-2349\" src=\"https:\/\/www.consuladordholanda.com\/wp-content\/uploads\/2015\/11\/25-de-noviembre-Hermanas-Mirabal-Holanda.jpg\" alt=\"Imprimir\" width=\"3608\" height=\"5066\" \/><\/a><\/p>\n<p>&nbsp;<\/p>\n<h2>&#8220;Pinta el mundo de naranja: pon fin a la violencia contra mujeres y ni\u00f1as&#8221;<\/h2>\n<p>Nos sumamos a la Campa\u00f1a de la ONU Contra la Violencia a las Mujeres.<\/p>\n<p><a href=\"http:\/\/www.un.org\/es\/events\/endviolenceday\/\"><img decoding=\"async\" class=\"alignnone size-full wp-image-2348\" src=\"https:\/\/www.consuladordholanda.com\/wp-content\/uploads\/2015\/11\/campa\u00f1a-fin-violencia-holanda.jpg\" alt=\"campa\u00f1a fin violencia\" width=\"1808\" height=\"1664\" \/><\/a><\/p>\n<p style=\"text-align: center;\"><a href=\"http:\/\/www.un.org\/es\/events\/endviolenceday\/\" target=\"_blank\" rel=\"noopener\">http:\/\/www.un.org\/es\/events\/endviolenceday\/<\/a><\/p>\n","protected":false},"excerpt":{"rendered":"<p>Conmemoraci\u00f3n del 55 aniversario de la Muerte de las Hermanas Mirabal La fecha del 25 de noviembre se escogi\u00f3 para honrar a las hermanas Mirabal, tres mujeres de la Rep\u00fablica Dominicana que fueron brutalmente asesinadas en 1960 durante la dictadura de Rafael Trujillo (1930-1961). &nbsp; Cartel Conmemorativo del 25 de noviembre de 2015 &nbsp; &#8220;Pinta [&hellip;]<\/p>\n","protected":false},"author":8,"featured_media":2347,"comment_status":"closed","ping_status":"open","sticky":false,"template":"","format":"standard","meta":{"site-sidebar-layout":"default","site-content-layout":"","ast-site-content-layout":"default","site-content-style":"default","site-sidebar-style":"default","ast-global-header-display":"","ast-banner-title-visibility":"","ast-main-header-display":"","ast-hfb-above-header-display":"","ast-hfb-below-header-display":"","ast-hfb-mobile-header-display":"","site-post-title":"","ast-breadcrumbs-content":"","ast-featured-img":"","footer-sml-layout":"","ast-disable-related-posts":"","theme-transparent-header-meta":"","adv-header-id-meta":"","stick-header-meta":"","header-above-stick-meta":"","header-main-stick-meta":"","header-below-stick-meta":"","astra-migrate-meta-layouts":"default","ast-page-background-enabled":"default","ast-page-background-meta":{"desktop":{"background-color":"","background-image":"","background-repeat":"repeat","background-position":"center center","background-size":"auto","background-attachment":"scroll","background-type":"","background-media":"","overlay-type":"","overlay-color":"","overlay-opacity":"","overlay-gradient":""},"tablet":{"background-color":"","background-image":"","background-repeat":"repeat","background-position":"center center","background-size":"auto","background-attachment":"scroll","background-type":"","background-media":"","overlay-type":"","overlay-color":"","overlay-opacity":"","overlay-gradient":""},"mobile":{"background-color":"","background-image":"","background-repeat":"repeat","background-position":"center center","background-size":"auto","background-attachment":"scroll","background-type":"","background-media":"","overlay-type":"","overlay-color":"","overlay-opacity":"","overlay-gradient":""}},"ast-content-background-meta":{"desktop":{"background-color":"var(--ast-global-color-5)","background-image":"","background-repeat":"repeat","background-position":"center center","background-size":"auto","background-attachment":"scroll","background-type":"","background-media":"","overlay-type":"","overlay-color":"","overlay-opacity":"","overlay-gradient":""},"tablet":{"background-color":"var(--ast-global-color-5)","background-image":"","background-repeat":"repeat","background-position":"center center","background-size":"auto","background-attachment":"scroll","background-type":"","background-media":"","overlay-type":"","overlay-color":"","overlay-opacity":"","overlay-gradient":""},"mobile":{"background-color":"var(--ast-global-color-5)","background-image":"","background-repeat":"repeat","background-position":"center center","background-size":"auto","background-attachment":"scroll","background-type":"","background-media":"","overlay-type":"","overlay-color":"","overlay-opacity":"","overlay-gradient":""}},"footnotes":""},"categories":[101,107,65],"tags":[325,326,327],"class_list":["post-2346","post","type-post","status-publish","format-standard","has-post-thumbnail","hentry","category-actividades","category-cultura","category-institucional","tag-hermanas-mirabal","tag-violencia-contra-la-mujer","tag-violencia-de-genero"],"yoast_head":"<!-- This site is optimized with the Yoast SEO plugin v27.4 - https:\/\/yoast.com\/product\/yoast-seo-wordpress\/ -->\n<title>Conmemoraci\u00f3n del 55 aniversario de la Muerte de las Hermanas Mirabal - Consulado General de la Rep\u00fablica Dominicana en La Haya, Reino de los Pa\u00edses Bajos<\/title>\n<meta name=\"robots\" content=\"index, follow, max-snippet:-1, max-image-preview:large, max-video-preview:-1\" \/>\n<link rel=\"canonical\" href=\"https:\/\/nld.mirex.gob.do\/consular\/amsterdam\/conmemoracion-del-55-aniversario-de-la-muerte-de-las-hermanas-mirabal\/\" \/>\n<meta property=\"og:locale\" content=\"en_US\" \/>\n<meta property=\"og:type\" content=\"article\" \/>\n<meta property=\"og:title\" content=\"Conmemoraci\u00f3n del 55 aniversario de la Muerte de las Hermanas Mirabal - Consulado General de la Rep\u00fablica Dominicana en La Haya, Reino de los Pa\u00edses Bajos\" \/>\n<meta property=\"og:description\" content=\"Conmemoraci\u00f3n del 55 aniversario de la Muerte de las Hermanas Mirabal La fecha del 25 de noviembre se escogi\u00f3 para honrar a las hermanas Mirabal, tres mujeres de la Rep\u00fablica Dominicana que fueron brutalmente asesinadas en 1960 durante la dictadura de Rafael Trujillo (1930-1961). &nbsp; Cartel Conmemorativo del 25 de noviembre de 2015 &nbsp; &#8220;Pinta [&hellip;]\" \/>\n<meta property=\"og:url\" content=\"https:\/\/nld.mirex.gob.do\/consular\/amsterdam\/conmemoracion-del-55-aniversario-de-la-muerte-de-las-hermanas-mirabal\/\" \/>\n<meta property=\"og:site_name\" content=\"Consulado General de la Rep\u00fablica Dominicana en La Haya, Reino de los Pa\u00edses Bajos\" \/>\n<meta property=\"article:published_time\" content=\"2015-11-25T20:00:55+00:00\" \/>\n<meta name=\"author\" content=\"Michael Antonio Melo Andujar\" \/>\n<meta name=\"twitter:card\" content=\"summary_large_image\" \/>\n<meta name=\"twitter:label1\" content=\"Written by\" \/>\n\t<meta name=\"twitter:data1\" content=\"Michael Antonio Melo Andujar\" \/>\n<script type=\"application\/ld+json\" class=\"yoast-schema-graph\">{\"@context\":\"https:\\\/\\\/schema.org\",\"@graph\":[{\"@type\":\"Article\",\"@id\":\"https:\\\/\\\/nld.mirex.gob.do\\\/consular\\\/amsterdam\\\/conmemoracion-del-55-aniversario-de-la-muerte-de-las-hermanas-mirabal\\\/#article\",\"isPartOf\":{\"@id\":\"https:\\\/\\\/nld.mirex.gob.do\\\/consular\\\/amsterdam\\\/conmemoracion-del-55-aniversario-de-la-muerte-de-las-hermanas-mirabal\\\/\"},\"author\":{\"name\":\"Michael Antonio Melo Andujar\",\"@id\":\"https:\\\/\\\/nld.mirex.gob.do\\\/consular\\\/amsterdam\\\/#\\\/schema\\\/person\\\/772a9951ade6a7e4ab978b618b619ff8\"},\"headline\":\"Conmemoraci\u00f3n del 55 aniversario de la Muerte de las Hermanas Mirabal\",\"datePublished\":\"2015-11-25T20:00:55+00:00\",\"mainEntityOfPage\":{\"@id\":\"https:\\\/\\\/nld.mirex.gob.do\\\/consular\\\/amsterdam\\\/conmemoracion-del-55-aniversario-de-la-muerte-de-las-hermanas-mirabal\\\/\"},\"wordCount\":99,\"publisher\":{\"@id\":\"https:\\\/\\\/nld.mirex.gob.do\\\/consular\\\/amsterdam\\\/#organization\"},\"image\":{\"@id\":\"https:\\\/\\\/nld.mirex.gob.do\\\/consular\\\/amsterdam\\\/conmemoracion-del-55-aniversario-de-la-muerte-de-las-hermanas-mirabal\\\/#primaryimage\"},\"thumbnailUrl\":\"\",\"keywords\":[\"Hermanas Mirabal\",\"Violencia contra la mujer\",\"Violencia de genero\"],\"articleSection\":[\"Actividades\",\"Cultura\",\"Institucional\"],\"inLanguage\":\"en-US\"},{\"@type\":\"WebPage\",\"@id\":\"https:\\\/\\\/nld.mirex.gob.do\\\/consular\\\/amsterdam\\\/conmemoracion-del-55-aniversario-de-la-muerte-de-las-hermanas-mirabal\\\/\",\"url\":\"https:\\\/\\\/nld.mirex.gob.do\\\/consular\\\/amsterdam\\\/conmemoracion-del-55-aniversario-de-la-muerte-de-las-hermanas-mirabal\\\/\",\"name\":\"Conmemoraci\u00f3n del 55 aniversario de la Muerte de las Hermanas Mirabal - Consulado General de la Rep\u00fablica Dominicana en La Haya, Reino de los Pa\u00edses Bajos\",\"isPartOf\":{\"@id\":\"https:\\\/\\\/nld.mirex.gob.do\\\/consular\\\/amsterdam\\\/#website\"},\"primaryImageOfPage\":{\"@id\":\"https:\\\/\\\/nld.mirex.gob.do\\\/consular\\\/amsterdam\\\/conmemoracion-del-55-aniversario-de-la-muerte-de-las-hermanas-mirabal\\\/#primaryimage\"},\"image\":{\"@id\":\"https:\\\/\\\/nld.mirex.gob.do\\\/consular\\\/amsterdam\\\/conmemoracion-del-55-aniversario-de-la-muerte-de-las-hermanas-mirabal\\\/#primaryimage\"},\"thumbnailUrl\":\"\",\"datePublished\":\"2015-11-25T20:00:55+00:00\",\"breadcrumb\":{\"@id\":\"https:\\\/\\\/nld.mirex.gob.do\\\/consular\\\/amsterdam\\\/conmemoracion-del-55-aniversario-de-la-muerte-de-las-hermanas-mirabal\\\/#breadcrumb\"},\"inLanguage\":\"en-US\",\"potentialAction\":[{\"@type\":\"ReadAction\",\"target\":[\"https:\\\/\\\/nld.mirex.gob.do\\\/consular\\\/amsterdam\\\/conmemoracion-del-55-aniversario-de-la-muerte-de-las-hermanas-mirabal\\\/\"]}]},{\"@type\":\"ImageObject\",\"inLanguage\":\"en-US\",\"@id\":\"https:\\\/\\\/nld.mirex.gob.do\\\/consular\\\/amsterdam\\\/conmemoracion-del-55-aniversario-de-la-muerte-de-las-hermanas-mirabal\\\/#primaryimage\",\"url\":\"\",\"contentUrl\":\"\"},{\"@type\":\"BreadcrumbList\",\"@id\":\"https:\\\/\\\/nld.mirex.gob.do\\\/consular\\\/amsterdam\\\/conmemoracion-del-55-aniversario-de-la-muerte-de-las-hermanas-mirabal\\\/#breadcrumb\",\"itemListElement\":[{\"@type\":\"ListItem\",\"position\":1,\"name\":\"Inicio\",\"item\":\"https:\\\/\\\/nld.mirex.gob.do\\\/consular\\\/amsterdam\\\/\"},{\"@type\":\"ListItem\",\"position\":2,\"name\":\"Conmemoraci\u00f3n del 55 aniversario de la Muerte de las Hermanas Mirabal\"}]},{\"@type\":\"WebSite\",\"@id\":\"https:\\\/\\\/nld.mirex.gob.do\\\/consular\\\/amsterdam\\\/#website\",\"url\":\"https:\\\/\\\/nld.mirex.gob.do\\\/consular\\\/amsterdam\\\/\",\"name\":\"Consulado General de la Rep\u00fablica Dominicana en La Haya, Reino de los Pa\u00edses Bajos\",\"description\":\"\",\"publisher\":{\"@id\":\"https:\\\/\\\/nld.mirex.gob.do\\\/consular\\\/amsterdam\\\/#organization\"},\"potentialAction\":[{\"@type\":\"SearchAction\",\"target\":{\"@type\":\"EntryPoint\",\"urlTemplate\":\"https:\\\/\\\/nld.mirex.gob.do\\\/consular\\\/amsterdam\\\/?s={search_term_string}\"},\"query-input\":{\"@type\":\"PropertyValueSpecification\",\"valueRequired\":true,\"valueName\":\"search_term_string\"}}],\"inLanguage\":\"en-US\"},{\"@type\":\"Organization\",\"@id\":\"https:\\\/\\\/nld.mirex.gob.do\\\/consular\\\/amsterdam\\\/#organization\",\"name\":\"Consulado General de la Rep\u00fablica Dominicana en La Haya, Reino de los Pa\u00edses Bajos\",\"url\":\"https:\\\/\\\/nld.mirex.gob.do\\\/consular\\\/amsterdam\\\/\",\"logo\":{\"@type\":\"ImageObject\",\"inLanguage\":\"en-US\",\"@id\":\"https:\\\/\\\/nld.mirex.gob.do\\\/consular\\\/amsterdam\\\/#\\\/schema\\\/logo\\\/image\\\/\",\"url\":\"https:\\\/\\\/nld.mirex.gob.do\\\/consular\\\/amsterdam\\\/wp-content\\\/uploads\\\/2024\\\/04\\\/cropped-consulado_la_haya_reinode_los_Paises_Bajos.jpg\",\"contentUrl\":\"https:\\\/\\\/nld.mirex.gob.do\\\/consular\\\/amsterdam\\\/wp-content\\\/uploads\\\/2024\\\/04\\\/cropped-consulado_la_haya_reinode_los_Paises_Bajos.jpg\",\"width\":999,\"height\":407,\"caption\":\"Consulado General de la Rep\u00fablica Dominicana en La Haya, Reino de los Pa\u00edses Bajos\"},\"image\":{\"@id\":\"https:\\\/\\\/nld.mirex.gob.do\\\/consular\\\/amsterdam\\\/#\\\/schema\\\/logo\\\/image\\\/\"}},{\"@type\":\"Person\",\"@id\":\"https:\\\/\\\/nld.mirex.gob.do\\\/consular\\\/amsterdam\\\/#\\\/schema\\\/person\\\/772a9951ade6a7e4ab978b618b619ff8\",\"name\":\"Michael Antonio Melo Andujar\",\"image\":{\"@type\":\"ImageObject\",\"inLanguage\":\"en-US\",\"@id\":\"https:\\\/\\\/secure.gravatar.com\\\/avatar\\\/f8862d24b6945a30d30c9727ef9dfcd533ee25a18a27afc92991446aeb0e652d?s=96&d=mm&r=g\",\"url\":\"https:\\\/\\\/secure.gravatar.com\\\/avatar\\\/f8862d24b6945a30d30c9727ef9dfcd533ee25a18a27afc92991446aeb0e652d?s=96&d=mm&r=g\",\"contentUrl\":\"https:\\\/\\\/secure.gravatar.com\\\/avatar\\\/f8862d24b6945a30d30c9727ef9dfcd533ee25a18a27afc92991446aeb0e652d?s=96&d=mm&r=g\",\"caption\":\"Michael Antonio Melo Andujar\"}}]}<\/script>\n<!-- \/ Yoast SEO plugin. -->","yoast_head_json":{"title":"Conmemoraci\u00f3n del 55 aniversario de la Muerte de las Hermanas Mirabal - Consulado General de la Rep\u00fablica Dominicana en La Haya, Reino de los Pa\u00edses Bajos","robots":{"index":"index","follow":"follow","max-snippet":"max-snippet:-1","max-image-preview":"max-image-preview:large","max-video-preview":"max-video-preview:-1"},"canonical":"https:\/\/nld.mirex.gob.do\/consular\/amsterdam\/conmemoracion-del-55-aniversario-de-la-muerte-de-las-hermanas-mirabal\/","og_locale":"en_US","og_type":"article","og_title":"Conmemoraci\u00f3n del 55 aniversario de la Muerte de las Hermanas Mirabal - Consulado General de la Rep\u00fablica Dominicana en La Haya, Reino de los Pa\u00edses Bajos","og_description":"Conmemoraci\u00f3n del 55 aniversario de la Muerte de las Hermanas Mirabal La fecha del 25 de noviembre se escogi\u00f3 para honrar a las hermanas Mirabal, tres mujeres de la Rep\u00fablica Dominicana que fueron brutalmente asesinadas en 1960 durante la dictadura de Rafael Trujillo (1930-1961). &nbsp; Cartel Conmemorativo del 25 de noviembre de 2015 &nbsp; &#8220;Pinta [&hellip;]","og_url":"https:\/\/nld.mirex.gob.do\/consular\/amsterdam\/conmemoracion-del-55-aniversario-de-la-muerte-de-las-hermanas-mirabal\/","og_site_name":"Consulado General de la Rep\u00fablica Dominicana en La Haya, Reino de los Pa\u00edses Bajos","article_published_time":"2015-11-25T20:00:55+00:00","author":"Michael Antonio Melo Andujar","twitter_card":"summary_large_image","twitter_misc":{"Written by":"Michael Antonio Melo Andujar"},"schema":{"@context":"https:\/\/schema.org","@graph":[{"@type":"Article","@id":"https:\/\/nld.mirex.gob.do\/consular\/amsterdam\/conmemoracion-del-55-aniversario-de-la-muerte-de-las-hermanas-mirabal\/#article","isPartOf":{"@id":"https:\/\/nld.mirex.gob.do\/consular\/amsterdam\/conmemoracion-del-55-aniversario-de-la-muerte-de-las-hermanas-mirabal\/"},"author":{"name":"Michael Antonio Melo Andujar","@id":"https:\/\/nld.mirex.gob.do\/consular\/amsterdam\/#\/schema\/person\/772a9951ade6a7e4ab978b618b619ff8"},"headline":"Conmemoraci\u00f3n del 55 aniversario de la Muerte de las Hermanas Mirabal","datePublished":"2015-11-25T20:00:55+00:00","mainEntityOfPage":{"@id":"https:\/\/nld.mirex.gob.do\/consular\/amsterdam\/conmemoracion-del-55-aniversario-de-la-muerte-de-las-hermanas-mirabal\/"},"wordCount":99,"publisher":{"@id":"https:\/\/nld.mirex.gob.do\/consular\/amsterdam\/#organization"},"image":{"@id":"https:\/\/nld.mirex.gob.do\/consular\/amsterdam\/conmemoracion-del-55-aniversario-de-la-muerte-de-las-hermanas-mirabal\/#primaryimage"},"thumbnailUrl":"","keywords":["Hermanas Mirabal","Violencia contra la mujer","Violencia de genero"],"articleSection":["Actividades","Cultura","Institucional"],"inLanguage":"en-US"},{"@type":"WebPage","@id":"https:\/\/nld.mirex.gob.do\/consular\/amsterdam\/conmemoracion-del-55-aniversario-de-la-muerte-de-las-hermanas-mirabal\/","url":"https:\/\/nld.mirex.gob.do\/consular\/amsterdam\/conmemoracion-del-55-aniversario-de-la-muerte-de-las-hermanas-mirabal\/","name":"Conmemoraci\u00f3n del 55 aniversario de la Muerte de las Hermanas Mirabal - Consulado General de la Rep\u00fablica Dominicana en La Haya, Reino de los Pa\u00edses Bajos","isPartOf":{"@id":"https:\/\/nld.mirex.gob.do\/consular\/amsterdam\/#website"},"primaryImageOfPage":{"@id":"https:\/\/nld.mirex.gob.do\/consular\/amsterdam\/conmemoracion-del-55-aniversario-de-la-muerte-de-las-hermanas-mirabal\/#primaryimage"},"image":{"@id":"https:\/\/nld.mirex.gob.do\/consular\/amsterdam\/conmemoracion-del-55-aniversario-de-la-muerte-de-las-hermanas-mirabal\/#primaryimage"},"thumbnailUrl":"","datePublished":"2015-11-25T20:00:55+00:00","breadcrumb":{"@id":"https:\/\/nld.mirex.gob.do\/consular\/amsterdam\/conmemoracion-del-55-aniversario-de-la-muerte-de-las-hermanas-mirabal\/#breadcrumb"},"inLanguage":"en-US","potentialAction":[{"@type":"ReadAction","target":["https:\/\/nld.mirex.gob.do\/consular\/amsterdam\/conmemoracion-del-55-aniversario-de-la-muerte-de-las-hermanas-mirabal\/"]}]},{"@type":"ImageObject","inLanguage":"en-US","@id":"https:\/\/nld.mirex.gob.do\/consular\/amsterdam\/conmemoracion-del-55-aniversario-de-la-muerte-de-las-hermanas-mirabal\/#primaryimage","url":"","contentUrl":""},{"@type":"BreadcrumbList","@id":"https:\/\/nld.mirex.gob.do\/consular\/amsterdam\/conmemoracion-del-55-aniversario-de-la-muerte-de-las-hermanas-mirabal\/#breadcrumb","itemListElement":[{"@type":"ListItem","position":1,"name":"Inicio","item":"https:\/\/nld.mirex.gob.do\/consular\/amsterdam\/"},{"@type":"ListItem","position":2,"name":"Conmemoraci\u00f3n del 55 aniversario de la Muerte de las Hermanas Mirabal"}]},{"@type":"WebSite","@id":"https:\/\/nld.mirex.gob.do\/consular\/amsterdam\/#website","url":"https:\/\/nld.mirex.gob.do\/consular\/amsterdam\/","name":"Consulado General de la Rep\u00fablica Dominicana en La Haya, Reino de los Pa\u00edses Bajos","description":"","publisher":{"@id":"https:\/\/nld.mirex.gob.do\/consular\/amsterdam\/#organization"},"potentialAction":[{"@type":"SearchAction","target":{"@type":"EntryPoint","urlTemplate":"https:\/\/nld.mirex.gob.do\/consular\/amsterdam\/?s={search_term_string}"},"query-input":{"@type":"PropertyValueSpecification","valueRequired":true,"valueName":"search_term_string"}}],"inLanguage":"en-US"},{"@type":"Organization","@id":"https:\/\/nld.mirex.gob.do\/consular\/amsterdam\/#organization","name":"Consulado General de la Rep\u00fablica Dominicana en La Haya, Reino de los Pa\u00edses Bajos","url":"https:\/\/nld.mirex.gob.do\/consular\/amsterdam\/","logo":{"@type":"ImageObject","inLanguage":"en-US","@id":"https:\/\/nld.mirex.gob.do\/consular\/amsterdam\/#\/schema\/logo\/image\/","url":"https:\/\/nld.mirex.gob.do\/consular\/amsterdam\/wp-content\/uploads\/2024\/04\/cropped-consulado_la_haya_reinode_los_Paises_Bajos.jpg","contentUrl":"https:\/\/nld.mirex.gob.do\/consular\/amsterdam\/wp-content\/uploads\/2024\/04\/cropped-consulado_la_haya_reinode_los_Paises_Bajos.jpg","width":999,"height":407,"caption":"Consulado General de la Rep\u00fablica Dominicana en La Haya, Reino de los Pa\u00edses Bajos"},"image":{"@id":"https:\/\/nld.mirex.gob.do\/consular\/amsterdam\/#\/schema\/logo\/image\/"}},{"@type":"Person","@id":"https:\/\/nld.mirex.gob.do\/consular\/amsterdam\/#\/schema\/person\/772a9951ade6a7e4ab978b618b619ff8","name":"Michael Antonio Melo Andujar","image":{"@type":"ImageObject","inLanguage":"en-US","@id":"https:\/\/secure.gravatar.com\/avatar\/f8862d24b6945a30d30c9727ef9dfcd533ee25a18a27afc92991446aeb0e652d?s=96&d=mm&r=g","url":"https:\/\/secure.gravatar.com\/avatar\/f8862d24b6945a30d30c9727ef9dfcd533ee25a18a27afc92991446aeb0e652d?s=96&d=mm&r=g","contentUrl":"https:\/\/secure.gravatar.com\/avatar\/f8862d24b6945a30d30c9727ef9dfcd533ee25a18a27afc92991446aeb0e652d?s=96&d=mm&r=g","caption":"Michael Antonio Melo Andujar"}}]}},"_links":{"self":[{"href":"https:\/\/nld.mirex.gob.do\/consular\/amsterdam\/wp-json\/wp\/v2\/posts\/2346","targetHints":{"allow":["GET"]}}],"collection":[{"href":"https:\/\/nld.mirex.gob.do\/consular\/amsterdam\/wp-json\/wp\/v2\/posts"}],"about":[{"href":"https:\/\/nld.mirex.gob.do\/consular\/amsterdam\/wp-json\/wp\/v2\/types\/post"}],"author":[{"embeddable":true,"href":"https:\/\/nld.mirex.gob.do\/consular\/amsterdam\/wp-json\/wp\/v2\/users\/8"}],"replies":[{"embeddable":true,"href":"https:\/\/nld.mirex.gob.do\/consular\/amsterdam\/wp-json\/wp\/v2\/comments?post=2346"}],"version-history":[{"count":0,"href":"https:\/\/nld.mirex.gob.do\/consular\/amsterdam\/wp-json\/wp\/v2\/posts\/2346\/revisions"}],"wp:featuredmedia":[{"embeddable":true,"href":"https:\/\/nld.mirex.gob.do\/consular\/amsterdam\/wp-json\/"}],"wp:attachment":[{"href":"https:\/\/nld.mirex.gob.do\/consular\/amsterdam\/wp-json\/wp\/v2\/media?parent=2346"}],"wp:term":[{"taxonomy":"category","embeddable":true,"href":"https:\/\/nld.mirex.gob.do\/consular\/amsterdam\/wp-json\/wp\/v2\/categories?post=2346"},{"taxonomy":"post_tag","embeddable":true,"href":"https:\/\/nld.mirex.gob.do\/consular\/amsterdam\/wp-json\/wp\/v2\/tags?post=2346"}],"curies":[{"name":"wp","href":"https:\/\/api.w.org\/{rel}","templated":true}]}}