{"id":2174,"date":"2015-07-10T10:52:52","date_gmt":"2015-07-10T10:52:52","guid":{"rendered":"https:\/\/www.consuladordholanda.com\/?p=2174"},"modified":"2015-07-10T10:52:52","modified_gmt":"2015-07-10T10:52:52","slug":"gobierno-dominicano-responde-en-la-oea-discurso-embajador-de-republica-dominicana-ante-la-oea-pedro-verges","status":"publish","type":"post","link":"https:\/\/nld.mirex.gob.do\/consular\/amsterdam\/gobierno-dominicano-responde-en-la-oea-discurso-embajador-de-republica-dominicana-ante-la-oea-pedro-verges\/","title":{"rendered":"Gobierno Dominicano responde en la OEA. (Discurso: Embajador de Rep\u00fablica Dominicana ante la OEA, Pedro Verg\u00e9s)"},"content":{"rendered":"<p><img fetchpriority=\"high\" decoding=\"async\" src=\"https:\/\/www.consuladordholanda.com\/wp-content\/uploads\/2015\/07\/pedro-verges-oea-e1436435923840-900x585.jpg\" alt=\"pedro-verges-oea-e1436435923840-900x585\" width=\"900\" height=\"585\" class=\"alignnone size-full wp-image-2175\" \/><\/p>\n<p>El gobierno dominicano respondi\u00f3 hoy las acusaciones que le hiciera el gobierno haitiano ante la OEA.<\/p>\n<p>A continuaci\u00f3n el discurso completo del embajador de Rep\u00fablica Dominicana ante la OEA, Pedro Verg\u00e9s.<\/p>\n<div class=\"ast-oembed-container \" style=\"height: 100%;\"><iframe title=\"Gobierno Dominicano responde en la OEA. Discurso\" width=\"500\" height=\"281\" src=\"https:\/\/www.youtube.com\/embed\/bkY9fKQGFX8?feature=oembed\" frameborder=\"0\" allow=\"accelerometer; autoplay; clipboard-write; encrypted-media; gyroscope; picture-in-picture; web-share\" referrerpolicy=\"strict-origin-when-cross-origin\" allowfullscreen><\/iframe><\/div>\n<p>8 de Julio 2015 \u2013 Washington, DC<\/p>\n<p><strong><u>Consejo Permanente de la Organizaci\u00f3n de los Estados Americanos<\/u><\/strong><br \/>\n<strong><u>Posici\u00f3n de la Rep\u00fablica Dominicana<\/u><\/strong><\/p>\n<p>Muchas gracias se\u00f1or Presidente.<\/p>\n<p>La Rep\u00fablica Dominicana saluda la presencia en este escenario del Canciller de la Rep\u00fablica de Hait\u00ed, se\u00f1or LenerRenauld.<\/p>\n<p>Al mismo tiempo deseamos hacer algunas precisiones.<\/p>\n<p>Queremos expresar, categ\u00f3ricamente, que el gobierno de Hait\u00ed, a trav\u00e9s de su Ministro de Relaciones Exteriores, miente ante este foro de Estados americanos. En la Rep\u00fablica Dominicana no hay apatridia, no ha habido deportaciones desde noviembre del a\u00f1o 2013 y no ha habido ning\u00fan tipo de violencia contra las personas que en las semanas recientes han optado por el regreso voluntario luego del exitoso\u00a0\u00a0 Plan Nacional de Regularizaci\u00f3n de extranjeros indocumentados, sobre el cual me referir\u00e9 m\u00e1s adelante.<\/p>\n<p>Hemos escuchado en varios escenarios al Gobierno de Hait\u00ed referirse a negociaci\u00f3n de un protocolo de deportaci\u00f3n con la Rep\u00fablica Dominicana. No queremos que nuestra respuesta se haga esperar. El Gobierno de la Rep\u00fablica Dominicana rechaza todo intento de obstaculizar el ejercicio de su soberan\u00eda y su capacidad de autodeterminaci\u00f3n como Naci\u00f3n. Es con esta vara que mide sus relaciones con otros Estados, y Hait\u00ed no es la excepci\u00f3n. Ning\u00fan otro Estado miembro de esta comunidad interamericana ni de ninguna otra parte del mundo negocia con otro los t\u00e9rminos de sus leyes migratorias simplemente porque esa es una potestad soberana de los Estados.<\/p>\n<p>La Rep\u00fablica Dominicana desea expresar su m\u00e1s profunda sorpresa por los t\u00e9rminos de la convocatoria a esta sesi\u00f3n.<\/p>\n<p>Nos vemos obligados a repetirlo una vez m\u00e1s. En nuestro pa\u00eds no hay apatridia. Reconocemos que la sentencia 168-13 de nuestro Tribunal Constitucional gener\u00f3 inquietud en este foro por su efecto en un determinado n\u00famero de personas, sin embargo esto qued\u00f3 totalmente disipado con la Ley No. 169-14, que fue el resultado de un gran consenso pol\u00edtico nacional, reconociendo la condici\u00f3n de dominicanos a esas personas.<\/p>\n<p>En efecto, la Ley No. 169-14 ha resuelto la situaci\u00f3n de documentaci\u00f3n como dominicanos a m\u00e1s de 55,000 personas y sus descendientes, y cre\u00f3 mecanismos legales para aquellos que nunca fueron inscritos tengan acceso a documentos y eventualmente a la naturalizaci\u00f3n dominicana; por este concepto casi 9,000 personas que nacieron en nuestro territorio de padres extranjeros podr\u00e1n naturalizarse en menos de dos a\u00f1os. Nos sorprende c\u00f3mo deliberadamente se ignora, y esto incluye a muchos medios y organizaciones que se han referido a este asunto recientemente, que Rep\u00fablica Dominicana dio una respuesta legal efectiva a esta problem\u00e1tica que se origin\u00f3 a partir de la referida sentencia.<\/p>\n<p>Como se puede apreciar, si hubo alguna preocupaci\u00f3n acerca de personas nacidas en el territorio dominicano y que pudieran estar en riesgo de apatridia, hemos actuado responsablemente para crear mecanismos legales que respondan a esta situaci\u00f3n. Y nuestro presidente ha dado garant\u00edas de que en el futuro, cualquier situaci\u00f3n que se presente ser\u00e1 atendida y resuelta conforme a nuestra legislaci\u00f3n..<\/p>\n<p>Pero no queremos que se interprete que estamos opuestos a dialogar. El di\u00e1logo ha sido (y creemos deber\u00eda continuar siendo) el canal para dilucidar estos temas con nuestro vecino Hait\u00ed, siempre a la luz de la sinceridad y la buena fe.<\/p>\n<p>Durante m\u00e1s de un a\u00f1o, desde enero del a\u00f1o 2014 hasta principios de este a\u00f1o, nuestro pa\u00eds y la Rep\u00fablica de Hait\u00ed mantuvieron un di\u00e1logo de alto nivel en el que, entre otras muchas cosas, acordamos que cualquier diferencia o situaci\u00f3n de preocupaci\u00f3n entre las partes se tratar\u00eda en el contexto de ese di\u00e1logo.<\/p>\n<p>El di\u00e1logo sirvi\u00f3 para acercar a las autoridades del m\u00e1s alto nivel, abrir canales de comunicaci\u00f3n, permitiendo despu\u00e9s que otros sectores de ambas sociedades hicieran lo propio, en especial, el sector privado y la sociedad civil. Todo esto pues entendimos que compartiendo la misma isla y teniendo lazos y relaciones indisolubles, resulta irracional darnos la espalda.<\/p>\n<p>La Rep\u00fablica Dominicana escuch\u00f3 y atendi\u00f3 las solicitudes de Hait\u00ed. Cabe resaltar que fruto de las primeras reuniones del di\u00e1logo, accedimos a dar facilidades especiales a cerca de 10,000 estudiantes haitianos que cursan grados en nuestras universidades y creamos un nuevo tipo de visado para trabajadores temporeros.<\/p>\n<p>Hait\u00ed se comprometi\u00f3 a dotar a sus nacionales de los documentos requeridos para regularizarlos en Rep\u00fablica Dominicana. Nunca lo hizo.<\/p>\n<p>Durante todas las reuniones de las comisiones de alto nivel, encabezadas por el Ministro de la Presidencia dominicano y por el Primer Ministro de Hait\u00ed hicimos hincapi\u00e9 en la necesidad de que el gobierno haitiano asumiera la responsabilidad de dotar de documentos de identidad a sus nacionales en territorio dominicano. Las declaraciones conjuntas de las primeras tres reuniones, firmadas por ambos gobiernos, evidencian el compromiso asumido para lograr este objetivo.<\/p>\n<p>Cito:<\/p>\n<ul>\n<li>7 de enero de 2014: \u201c\u2026la parte haitiana se comprometi\u00f3 a expedir documentos de identificaci\u00f3n apropiados a dichos trabajadores para poder completar el tr\u00e1mite.\u201c<\/li>\n<li>3 de febrero de 2014: \u201cla Rep\u00fablica de Hait\u00ed reafirm\u00f3 su compromiso de agilizar la emisi\u00f3n de pasaportes y registro civil a sus nacionales\u2026\u201d<\/li>\n<li>10 de julio de 2014 \u201cel gobierno haitiano reiter\u00f3 su compromiso de lanzar un programa de documentaci\u00f3n masiva, que incluye la expedici\u00f3n de pasaportes para sus nacionales. Asimismo, la Rep\u00fablica Dominicana, ofreci\u00f3 su apoyo a la iniciativa haitiana, que complementa el plan de regularizaci\u00f3n, y solicit\u00f3 tambi\u00e9n a la comunidad internacional su colaboraci\u00f3n en este sentido.\u201c<\/li>\n<\/ul>\n<p>Se\u00f1oras y se\u00f1ores,<\/p>\n<p>La Rep\u00fablica Dominicana ofreci\u00f3 todas las facilidades para que el gobierno haitiano desplegara en nuestro territorio el personal y los recursos necesarios para satisfacer esta necesidad esencial de los seres humanos, que es tener un documento de identidad. En m\u00e1s de una ocasi\u00f3n recibimos comisiones del gobierno haitiano para explicar su propuesta, la cual nunca se materializ\u00f3 en los t\u00e9rminos y con el alcance esperado.<\/p>\n<p>Deben ustedes recordar tambi\u00e9n que en junio del a\u00f1o pasado esta Organizaci\u00f3n de los Estados Americanos (OEA) entreg\u00f3 al presidente haitiano el \u201cDiagn\u00f3stico para la identificaci\u00f3n de los migrantes haitianos residentes en la Rep\u00fablica Dominicana\u201d, elaborado por el Programa de Universalizaci\u00f3n de la Identidad Civil en las Am\u00e9ricas (PUICA). Pero adem\u00e1s, el Gobierno de la Rep\u00fablica Bolivariana de Venezuela manifest\u00f3 p\u00fablicamente su disposici\u00f3n de apoyar a Hait\u00ed en el reforzamiento de su Registro Civil. Todav\u00eda, en la Rep\u00fablica Dominicana estamos esperando que el gobierno haitiano cumpla su promesa.<\/p>\n<p>\u00bfA qu\u00e9 viene todo esto?<\/p>\n<p>Como explicara nuestro Canciller en esta misma sala en la sesi\u00f3n anterior de este Consejo Permanente, nuestro pa\u00eds puso en vigencia en noviembre del a\u00f1o 2013 el Plan Nacional de Regularizaci\u00f3n de Extranjeros en condici\u00f3n migratoria irregular. Durante 18 meses nuestro gobierno impuso una moratoria en las deportaciones para que todos y cada uno de los extranjeros en nuestro pa\u00eds se regularizara y obtuviera un estatus migratorio.<\/p>\n<p>El requisito fundamental para regularizarse era tener un documento de identidad oficial de su pa\u00eds de origen. Se inscribieron m\u00e1s de 288,000 personas, en su mayor\u00eda nacionales haitianos. Como era de esperarse ante el incumplimiento de Hait\u00ed, apenas una tercera parte posee pasaporte (96,000 personas).<\/p>\n<p>La incapacidad de Hait\u00ed de dotar de documentaci\u00f3n a su propia gente ha sido admitida por notables personalidades haitianas en varias ocasiones. Recientemente, el embajador haitiano en Rep\u00fablica Dominicana, el Dr. Daniel Supplice, manifest\u00f3 su desaliento diciendo: \u201cNo somos capaces de dotar de identificaci\u00f3n a nuestros ciudadanos en nuestro propio pa\u00eds, no veo c\u00f3mo podr\u00edamos haberlo hecho afuera\u201d, dijo al peri\u00f3dico Le Nouvelliste. \u201cNosotros somos los responsables de lo que sucede con nuestros compatriotas hoy\u201d, agreg\u00f3 el embajador Supplice.<\/p>\n<p>A esto se agregan las declaraciones del intelectual y exc\u00f3nsul haitiano Edwin Paraison, quien manifest\u00f3 que las estad\u00edsticas reflejan que apenas unos 45 mil nacionales haitianos se inscribieron en el Programa de Identificaci\u00f3n y Documentaci\u00f3n de Inmigrantes Haitianos (PIDIH), y que los pasaportes entregados por el gobierno haitiano representan apenas el 5% de esa cifra. \u201cHa habido problemas en ambos lados con los planes de documentaci\u00f3n, pero evidentemente el mayor problema ha sido del gobierno haitiano\u201d, dijo Paraison.<\/p>\n<p>\u00bfEs esto un mensaje de que al gobierno de Hait\u00ed le importan los derechos de sus ciudadanos? \u00bfSabr\u00e1n las autoridades haitianas que la falta de documentaci\u00f3n hace invisibles a los seres humanos que carecen de ella? \u00bfEs eso respetar sus derechos?<\/p>\n<p>Ante la realidad de que la falta de documentaci\u00f3n a quien termina por afectar es a la persona que carece de ella, el gobierno dominicano decidi\u00f3 que a\u00fan aquellos solicitantes sin pasaporte sean dotados de un documento provisional con vigencia de un a\u00f1o mientras logran obtener su documento de identidad nacional haitiano. Con esta medida la mayor\u00eda de los 288,000 inscritos en el Plan de Regularizaci\u00f3n obtendr\u00e1n un estatus migratorio regular.<\/p>\n<p>El Gobierno Dominicano incluso acept\u00f3 la inscripci\u00f3n en su Plan de Regularizaci\u00f3n de aquellos registrados en el PIDIH pendientes de entrega de pasaporte, concepto bajo el cual fueron aceptados miles de nacionales haitianos.<\/p>\n<p>Como se puede apreciar, la Rep\u00fablica Dominicana ha hecho un esfuerzo extraordinario para documentar a los extranjeros irregulares, con un grado de flexibilizaci\u00f3n quiz\u00e1s como ninguna otra naci\u00f3n en la regi\u00f3n.<\/p>\n<p>Los resultados de nuestras pol\u00edticas est\u00e1n ah\u00ed.<\/p>\n<p>Pero demandar de nosotros una amnist\u00eda para mantener en nuestro territorio a todos y cada uno de los extranjeros irregulares es algo que nadie puede pedirnos. Ning\u00fan Estado de los que est\u00e1n sentados en este foro har\u00eda tal cosa.<\/p>\n<p>Hait\u00ed tuvo la oportunidad de que sus nacionales se regularizaran, pero no les interes\u00f3, a pesar de todas las condiciones favorables, no tuvimos colaboraci\u00f3n, pero a\u00fan as\u00ed, con mucho esfuerzo y recursos hemos sacado adelante un Plan Nacional de Regularizaci\u00f3n de Extranjeros que har\u00e1 posible que algo m\u00e1s de 288 mil personas regularicen su estatus migratorio en Rep\u00fablica Dominicana.<\/p>\n<p>Se\u00f1oras y se\u00f1ores,<\/p>\n<p>La Rep\u00fablica Dominicana ha sido flexible, paciente, solidaria y comprensiva.<\/p>\n<p>A la Rep\u00fablica Dominicana no le sobra nada. Por el contrario, le faltan muchas cosas para alcanzar el bienestar pleno de nuestra gente.<\/p>\n<p>Sin embargo lo que tenemos, lo compartimos, y lo seguiremos compartiendo.<\/p>\n<p>Muestra de lo anterior es que una proporci\u00f3n significativa del presupuesto de la Rep\u00fablica Dominicana en gasto social se invierte en la poblaci\u00f3n extranjera (en su inmensa mayor\u00eda haitiana) en el pa\u00eds: en salud p\u00fablica (decenas de miles de parturientas, y una inversi\u00f3n de m\u00e1s de US25 millones), educaci\u00f3n b\u00e1sica, media y superior (50,000 estudiantes extranjeros, a quienes no se les exige documento de identidad).<\/p>\n<p>Tambi\u00e9n, en materia comercial, debemos reivindicar nuestra actitud solidaria y desinteresada, pues desde el terremoto de 2010 han transitado por nuestros puertos mar\u00edtimos y a trav\u00e9s de nuestras carreteras decenas de miles de contenedores con destino hacia Hait\u00ed, por cuyo concepto la Rep\u00fablica Dominicana no cobra ning\u00fan impuesto adicional.<\/p>\n<p>Se\u00f1oras y se\u00f1ores,<\/p>\n<p>Nadie, absolutamente nadie, le puede pedir a la Rep\u00fablica Dominicana que asuma las responsabilidades de otro Estado.<\/p>\n<p>Tampoco nosotros podemos aceptar el cinismo de naciones que pretenden denunciar con hip\u00e9rbole y exageraci\u00f3n lo que ellos tienen por costumbre hacer en su propio territorio a los inmigrantes.<\/p>\n<p>Es bien sabido que muchas naciones alrededor del mundo, incluyendo en nuestro propio vecindario, est\u00e1n lidiando con los enormes desaf\u00edos que implica la presi\u00f3n migratoria de unos pa\u00edses hacia otros, y nadie puede decir que tiene una soluci\u00f3n perfecta a esta problem\u00e1tica.<\/p>\n<p>A la Rep\u00fablica Dominicana le ha tocado una carga proporcionalmente mayor que la que le ha tocado a otros Estados en lo que respecta a la cuesti\u00f3n migratoria.<\/p>\n<p>Hait\u00ed ha vivido d\u00e9cadas en una persistente crisis econ\u00f3mica, social, pol\u00edtica y medioambiental al punto de que por a\u00f1os ha estado bajo la supervisi\u00f3n del Consejo de Seguridad de las Naciones Unidas a trav\u00e9s de la MINUSTAH sin que hasta la fecha se haya podido notar avance considerable en la mejor\u00eda de ese pa\u00eds.<\/p>\n<p>En la Rep\u00fablica Dominicana hay un sentimiento compartido de que la comunidad internacional, que ha tenido una incidencia en Hait\u00ed durante a\u00f1os, no ha asumido su responsabilidad a la altura de lo que las circunstancias requieren. Tambi\u00e9n sentimos que el propio liderazgo haitiano no ha asumido su responsabilidad para, en nombre del bien com\u00fan, actuar de manera concertada para proveer seguridad, estabilidad pol\u00edtica y normalidad institucional a ese pa\u00eds.<\/p>\n<p>Nosotros somos afectados de manera m\u00e1s directa y dram\u00e1tica de este estado de crisis permanente en Hait\u00ed a la cual no le vemos salida cierta a corto plazo.<\/p>\n<p>Visto lo anterior, consideramos injustas las declaraciones que buscan presentar a nuestro pa\u00eds como un monstruo, a punto de desencadenar procesos incivilizados y cavernarios.<\/p>\n<p>Sepan que todo tiene un l\u00edmite.<\/p>\n<p>Le pedimos a quienes quieran constatar nuestras pol\u00edticas y ejecutorias internas que nos visiten. Que vayan a observar c\u00f3mo convivimos pac\u00edficamente en nuestra isla, en un ambiente de tranquilidad y armon\u00eda.<\/p>\n<p>Hemos escuchado y visto con perplejidad como incidentes aislados protagonizados por unos pocos en que resultan afectados haitianos y dominicanos se quieren presentar como el retrato de una comunidad.<\/p>\n<p>Eso es una irresponsabilidad inaceptable.<\/p>\n<p>Esto as\u00ed pues los pocos incidentes que se han dado en nuestro pa\u00eds y en el que han resultado v\u00edctimas nacionales haitianos, han sido condenados por las autoridades dominicanas e inmediatamente se ha dispuesto la investigaci\u00f3n correspondiente para establecer responsabilidades. Para esto en la Rep\u00fablica Dominicana existe un ordenamiento judicial e institucional.<\/p>\n<p>Estamos seguros que mal podr\u00eda hacer cualquier pa\u00eds en tomar de las redes sociales, videos o relatos de situaciones bochornosas de algunos ciudadanos para ensuciar la imagen de otro. Porque esta clase de situaci\u00f3n bochornosa sucede en todas las sociedades del mundo; la diferencia radica en la capacidad que existe para dar respuesta, corregir, sancionar y evitar su repetici\u00f3n. Ese es el \u00e1nimo del gobierno de la Rep\u00fablica Dominicana.<\/p>\n<p>Durante demasiado tiempo muchos pa\u00edses, y en especial de la regi\u00f3n, han utilizado un doble est\u00e1ndar para enjuiciar nuestras pol\u00edticas. Incluso se ha pretendido sugerir que adoptemos f\u00f3rmulas que pueden poner en peligro la estabilidad pol\u00edtica y la cohesi\u00f3n social de nuestro pa\u00eds; cosa que quienes proponen nunca har\u00edan en sus propios pa\u00edses.<\/p>\n<p>Saben ustedes que no somos una sociedad perfecta, pero quienes nos critican tampoco lo son. Y si bien compartimos algunas de las mismas falencias, la irresponsabilidad no es una de ellas.<\/p>\n<p>La diferencia entre el discurso y los hechos salta a la vista en muchas intervenciones. La hipocres\u00eda y el descaro son evidentes en muchos casos. La Rep\u00fablica Dominicana no se inscribe en ninguno de estos procederes.<\/p>\n<p>Hemos sido coherentes en buscar soluciones, en crear caminos de avenencia y garantizar mecanismos para que todas las personas en nuestro territorio se puedan desarrollar, siempre apegados a nuestro ordenamiento jur\u00eddico; tal y como cada uno de los pa\u00edses aqu\u00ed presentes lo har\u00eda.<\/p>\n<p>Como hemos explicado, la Rep\u00fablica Dominicana ha logrado con el Plan Nacional de Regularizaci\u00f3n de Extranjeros y la Ley 169-14 que m\u00e1s de 350,000 personas que se encontraban en una situaci\u00f3n de vulnerabilidad, en un lapso de apenas de 18 meses, hayan podido solucionar su situaci\u00f3n.<\/p>\n<p>Deploramos que un escenario como este, donde se podr\u00edan construir soluciones, se contribuya a generar m\u00e1s tensiones innecesarias.<\/p>\n<p>Se\u00f1oras y se\u00f1ores,<\/p>\n<p>Para Rep\u00fablica Dominicana el gobierno de la Rep\u00fablica de Hait\u00ed ha generado una campa\u00f1a de desinformaci\u00f3n con el solo prop\u00f3sito de ocultar la realidad, que es, el total y completo abandono que hace de sus ciudadanos en territorio dominicano.<\/p>\n<p>El m\u00e1s reciente obst\u00e1culo que pretenden utilizar con el desprop\u00f3sito de impedir que la Rep\u00fablica Dominicana ejerza su soberan\u00eda, es infundir temor en la comunidad internacional por una supuesta crisis humanitaria que se generar\u00eda, al ellos recibir a sus nacionales. Es la primera vez que escuchamos de un pa\u00eds que un ciudadano suyo sobra en su propio territorio.<\/p>\n<p>No nos confundamos, la intenci\u00f3n \u00faltima es desviar la atenci\u00f3n de la comunidad internacional de los problemas que Hait\u00ed est\u00e1 enfrentando en su actual su proceso electoral interno.<\/p>\n<p>Muchas gracias.<\/p>\n<p>&nbsp;<\/p>\n<p><strong>Notas relacionadas:<\/strong><\/p>\n<p>[cplw category=&#8221;265&#8243; width=&#8221;500&#8243; height=&#8221;500&#8243; effects=&#8221;none&#8221; posts_to_show=&#8221;-1&#8243; time=&#8221;1000&#8243; sort_by=&#8221;date&#8221; excerpt_length=&#8221;10&#8243; thumb_width=&#8221;150&#8243; thumb_height=&#8221;150&#8243; date_format=&#8221;F j, Y&#8221; display=&#8221;title&#8221; order=&#8221;desc&#8221;]<\/p>\n","protected":false},"excerpt":{"rendered":"<p>El gobierno dominicano respondi\u00f3 hoy las acusaciones que le hiciera el gobierno haitiano ante la OEA. A continuaci\u00f3n el discurso completo del embajador de Rep\u00fablica Dominicana ante la OEA, Pedro Verg\u00e9s. 8 de Julio 2015 \u2013 Washington, DC Consejo Permanente de la Organizaci\u00f3n de los Estados Americanos Posici\u00f3n de la Rep\u00fablica Dominicana Muchas gracias se\u00f1or [&hellip;]<\/p>\n","protected":false},"author":8,"featured_media":2175,"comment_status":"closed","ping_status":"open","sticky":false,"template":"","format":"standard","meta":{"site-sidebar-layout":"default","site-content-layout":"","ast-site-content-layout":"default","site-content-style":"default","site-sidebar-style":"default","ast-global-header-display":"","ast-banner-title-visibility":"","ast-main-header-display":"","ast-hfb-above-header-display":"","ast-hfb-below-header-display":"","ast-hfb-mobile-header-display":"","site-post-title":"","ast-breadcrumbs-content":"","ast-featured-img":"","footer-sml-layout":"","ast-disable-related-posts":"","theme-transparent-header-meta":"","adv-header-id-meta":"","stick-header-meta":"","header-above-stick-meta":"","header-main-stick-meta":"","header-below-stick-meta":"","astra-migrate-meta-layouts":"default","ast-page-background-enabled":"default","ast-page-background-meta":{"desktop":{"background-color":"","background-image":"","background-repeat":"repeat","background-position":"center center","background-size":"auto","background-attachment":"scroll","background-type":"","background-media":"","overlay-type":"","overlay-color":"","overlay-opacity":"","overlay-gradient":""},"tablet":{"background-color":"","background-image":"","background-repeat":"repeat","background-position":"center center","background-size":"auto","background-attachment":"scroll","background-type":"","background-media":"","overlay-type":"","overlay-color":"","overlay-opacity":"","overlay-gradient":""},"mobile":{"background-color":"","background-image":"","background-repeat":"repeat","background-position":"center center","background-size":"auto","background-attachment":"scroll","background-type":"","background-media":"","overlay-type":"","overlay-color":"","overlay-opacity":"","overlay-gradient":""}},"ast-content-background-meta":{"desktop":{"background-color":"var(--ast-global-color-5)","background-image":"","background-repeat":"repeat","background-position":"center center","background-size":"auto","background-attachment":"scroll","background-type":"","background-media":"","overlay-type":"","overlay-color":"","overlay-opacity":"","overlay-gradient":""},"tablet":{"background-color":"var(--ast-global-color-5)","background-image":"","background-repeat":"repeat","background-position":"center center","background-size":"auto","background-attachment":"scroll","background-type":"","background-media":"","overlay-type":"","overlay-color":"","overlay-opacity":"","overlay-gradient":""},"mobile":{"background-color":"var(--ast-global-color-5)","background-image":"","background-repeat":"repeat","background-position":"center center","background-size":"auto","background-attachment":"scroll","background-type":"","background-media":"","overlay-type":"","overlay-color":"","overlay-opacity":"","overlay-gradient":""}},"footnotes":""},"categories":[292,66,294],"tags":[287,293,300,67],"class_list":["post-2174","post","type-post","status-publish","format-standard","has-post-thumbnail","hentry","category-inmigracion","category-novedades","category-plan-nacional-de-regularizacion-migratoria","tag-plan-nacional-de-regularizacion-migratoria","tag-inmigracion","tag-oea","tag-presidencia"],"yoast_head":"<!-- This site is optimized with the Yoast SEO plugin v27.4 - https:\/\/yoast.com\/product\/yoast-seo-wordpress\/ -->\n<title>Gobierno Dominicano responde en la OEA. (Discurso: Embajador de Rep\u00fablica Dominicana ante la OEA, Pedro Verg\u00e9s) - Consulado General de la Rep\u00fablica Dominicana en La Haya, Reino de los Pa\u00edses Bajos<\/title>\n<meta name=\"description\" content=\"Gobierno Dominicano responde en la OEA. (Discurso: Embajador de Rep\u00fablica Dominicana ante la OEA, Pedro Verg\u00e9s)\" \/>\n<meta name=\"robots\" content=\"index, follow, max-snippet:-1, max-image-preview:large, max-video-preview:-1\" \/>\n<link rel=\"canonical\" href=\"https:\/\/nld.mirex.gob.do\/consular\/amsterdam\/gobierno-dominicano-responde-en-la-oea-discurso-embajador-de-republica-dominicana-ante-la-oea-pedro-verges\/\" \/>\n<meta property=\"og:locale\" content=\"en_US\" \/>\n<meta property=\"og:type\" content=\"article\" \/>\n<meta property=\"og:title\" content=\"Gobierno Dominicano responde en la OEA. (Discurso: Embajador de Rep\u00fablica Dominicana ante la OEA, Pedro Verg\u00e9s) - Consulado General de la Rep\u00fablica Dominicana en La Haya, Reino de los Pa\u00edses Bajos\" \/>\n<meta property=\"og:description\" content=\"Gobierno Dominicano responde en la OEA. (Discurso: Embajador de Rep\u00fablica Dominicana ante la OEA, Pedro Verg\u00e9s)\" \/>\n<meta property=\"og:url\" content=\"https:\/\/nld.mirex.gob.do\/consular\/amsterdam\/gobierno-dominicano-responde-en-la-oea-discurso-embajador-de-republica-dominicana-ante-la-oea-pedro-verges\/\" \/>\n<meta property=\"og:site_name\" content=\"Consulado General de la Rep\u00fablica Dominicana en La Haya, Reino de los Pa\u00edses Bajos\" \/>\n<meta property=\"article:published_time\" content=\"2015-07-10T10:52:52+00:00\" \/>\n<meta name=\"author\" content=\"Michael Antonio Melo Andujar\" \/>\n<meta name=\"twitter:card\" content=\"summary_large_image\" \/>\n<meta name=\"twitter:label1\" content=\"Written by\" \/>\n\t<meta name=\"twitter:data1\" content=\"Michael Antonio Melo Andujar\" \/>\n\t<meta name=\"twitter:label2\" content=\"Est. reading time\" \/>\n\t<meta name=\"twitter:data2\" content=\"14 minutes\" \/>\n<script type=\"application\/ld+json\" class=\"yoast-schema-graph\">{\"@context\":\"https:\\\/\\\/schema.org\",\"@graph\":[{\"@type\":\"Article\",\"@id\":\"https:\\\/\\\/nld.mirex.gob.do\\\/consular\\\/amsterdam\\\/gobierno-dominicano-responde-en-la-oea-discurso-embajador-de-republica-dominicana-ante-la-oea-pedro-verges\\\/#article\",\"isPartOf\":{\"@id\":\"https:\\\/\\\/nld.mirex.gob.do\\\/consular\\\/amsterdam\\\/gobierno-dominicano-responde-en-la-oea-discurso-embajador-de-republica-dominicana-ante-la-oea-pedro-verges\\\/\"},\"author\":{\"name\":\"Michael Antonio Melo Andujar\",\"@id\":\"https:\\\/\\\/nld.mirex.gob.do\\\/consular\\\/amsterdam\\\/#\\\/schema\\\/person\\\/772a9951ade6a7e4ab978b618b619ff8\"},\"headline\":\"Gobierno Dominicano responde en la OEA. (Discurso: Embajador de Rep\u00fablica Dominicana ante la OEA, Pedro Verg\u00e9s)\",\"datePublished\":\"2015-07-10T10:52:52+00:00\",\"mainEntityOfPage\":{\"@id\":\"https:\\\/\\\/nld.mirex.gob.do\\\/consular\\\/amsterdam\\\/gobierno-dominicano-responde-en-la-oea-discurso-embajador-de-republica-dominicana-ante-la-oea-pedro-verges\\\/\"},\"wordCount\":2899,\"publisher\":{\"@id\":\"https:\\\/\\\/nld.mirex.gob.do\\\/consular\\\/amsterdam\\\/#organization\"},\"image\":{\"@id\":\"https:\\\/\\\/nld.mirex.gob.do\\\/consular\\\/amsterdam\\\/gobierno-dominicano-responde-en-la-oea-discurso-embajador-de-republica-dominicana-ante-la-oea-pedro-verges\\\/#primaryimage\"},\"thumbnailUrl\":\"\",\"keywords\":[\"\\\"Plan Nacional de Regularizaci\u00f3n Migratoria\\\"\",\"Inmigraci\u00f3n\",\"OEA\",\"Presidencia\"],\"articleSection\":[\"Inmigraci\u00f3n\",\"Novedades\",\"Plan Nacional de Regularizaci\u00f3n Migratoria\"],\"inLanguage\":\"en-US\"},{\"@type\":\"WebPage\",\"@id\":\"https:\\\/\\\/nld.mirex.gob.do\\\/consular\\\/amsterdam\\\/gobierno-dominicano-responde-en-la-oea-discurso-embajador-de-republica-dominicana-ante-la-oea-pedro-verges\\\/\",\"url\":\"https:\\\/\\\/nld.mirex.gob.do\\\/consular\\\/amsterdam\\\/gobierno-dominicano-responde-en-la-oea-discurso-embajador-de-republica-dominicana-ante-la-oea-pedro-verges\\\/\",\"name\":\"Gobierno Dominicano responde en la OEA. (Discurso: Embajador de Rep\u00fablica Dominicana ante la OEA, Pedro Verg\u00e9s) - Consulado General de la Rep\u00fablica Dominicana en La Haya, Reino de los Pa\u00edses Bajos\",\"isPartOf\":{\"@id\":\"https:\\\/\\\/nld.mirex.gob.do\\\/consular\\\/amsterdam\\\/#website\"},\"primaryImageOfPage\":{\"@id\":\"https:\\\/\\\/nld.mirex.gob.do\\\/consular\\\/amsterdam\\\/gobierno-dominicano-responde-en-la-oea-discurso-embajador-de-republica-dominicana-ante-la-oea-pedro-verges\\\/#primaryimage\"},\"image\":{\"@id\":\"https:\\\/\\\/nld.mirex.gob.do\\\/consular\\\/amsterdam\\\/gobierno-dominicano-responde-en-la-oea-discurso-embajador-de-republica-dominicana-ante-la-oea-pedro-verges\\\/#primaryimage\"},\"thumbnailUrl\":\"\",\"datePublished\":\"2015-07-10T10:52:52+00:00\",\"description\":\"Gobierno Dominicano responde en la OEA. (Discurso: Embajador de Rep\u00fablica Dominicana ante la OEA, Pedro Verg\u00e9s)\",\"breadcrumb\":{\"@id\":\"https:\\\/\\\/nld.mirex.gob.do\\\/consular\\\/amsterdam\\\/gobierno-dominicano-responde-en-la-oea-discurso-embajador-de-republica-dominicana-ante-la-oea-pedro-verges\\\/#breadcrumb\"},\"inLanguage\":\"en-US\",\"potentialAction\":[{\"@type\":\"ReadAction\",\"target\":[\"https:\\\/\\\/nld.mirex.gob.do\\\/consular\\\/amsterdam\\\/gobierno-dominicano-responde-en-la-oea-discurso-embajador-de-republica-dominicana-ante-la-oea-pedro-verges\\\/\"]}]},{\"@type\":\"ImageObject\",\"inLanguage\":\"en-US\",\"@id\":\"https:\\\/\\\/nld.mirex.gob.do\\\/consular\\\/amsterdam\\\/gobierno-dominicano-responde-en-la-oea-discurso-embajador-de-republica-dominicana-ante-la-oea-pedro-verges\\\/#primaryimage\",\"url\":\"\",\"contentUrl\":\"\"},{\"@type\":\"BreadcrumbList\",\"@id\":\"https:\\\/\\\/nld.mirex.gob.do\\\/consular\\\/amsterdam\\\/gobierno-dominicano-responde-en-la-oea-discurso-embajador-de-republica-dominicana-ante-la-oea-pedro-verges\\\/#breadcrumb\",\"itemListElement\":[{\"@type\":\"ListItem\",\"position\":1,\"name\":\"Inicio\",\"item\":\"https:\\\/\\\/nld.mirex.gob.do\\\/consular\\\/amsterdam\\\/\"},{\"@type\":\"ListItem\",\"position\":2,\"name\":\"Gobierno Dominicano responde en la OEA. (Discurso: Embajador de Rep\u00fablica Dominicana ante la OEA, Pedro Verg\u00e9s)\"}]},{\"@type\":\"WebSite\",\"@id\":\"https:\\\/\\\/nld.mirex.gob.do\\\/consular\\\/amsterdam\\\/#website\",\"url\":\"https:\\\/\\\/nld.mirex.gob.do\\\/consular\\\/amsterdam\\\/\",\"name\":\"Consulado General de la Rep\u00fablica Dominicana en La Haya, Reino de los Pa\u00edses Bajos\",\"description\":\"\",\"publisher\":{\"@id\":\"https:\\\/\\\/nld.mirex.gob.do\\\/consular\\\/amsterdam\\\/#organization\"},\"potentialAction\":[{\"@type\":\"SearchAction\",\"target\":{\"@type\":\"EntryPoint\",\"urlTemplate\":\"https:\\\/\\\/nld.mirex.gob.do\\\/consular\\\/amsterdam\\\/?s={search_term_string}\"},\"query-input\":{\"@type\":\"PropertyValueSpecification\",\"valueRequired\":true,\"valueName\":\"search_term_string\"}}],\"inLanguage\":\"en-US\"},{\"@type\":\"Organization\",\"@id\":\"https:\\\/\\\/nld.mirex.gob.do\\\/consular\\\/amsterdam\\\/#organization\",\"name\":\"Consulado General de la Rep\u00fablica Dominicana en La Haya, Reino de los Pa\u00edses Bajos\",\"url\":\"https:\\\/\\\/nld.mirex.gob.do\\\/consular\\\/amsterdam\\\/\",\"logo\":{\"@type\":\"ImageObject\",\"inLanguage\":\"en-US\",\"@id\":\"https:\\\/\\\/nld.mirex.gob.do\\\/consular\\\/amsterdam\\\/#\\\/schema\\\/logo\\\/image\\\/\",\"url\":\"https:\\\/\\\/nld.mirex.gob.do\\\/consular\\\/amsterdam\\\/wp-content\\\/uploads\\\/2024\\\/04\\\/cropped-consulado_la_haya_reinode_los_Paises_Bajos.jpg\",\"contentUrl\":\"https:\\\/\\\/nld.mirex.gob.do\\\/consular\\\/amsterdam\\\/wp-content\\\/uploads\\\/2024\\\/04\\\/cropped-consulado_la_haya_reinode_los_Paises_Bajos.jpg\",\"width\":999,\"height\":407,\"caption\":\"Consulado General de la Rep\u00fablica Dominicana en La Haya, Reino de los Pa\u00edses Bajos\"},\"image\":{\"@id\":\"https:\\\/\\\/nld.mirex.gob.do\\\/consular\\\/amsterdam\\\/#\\\/schema\\\/logo\\\/image\\\/\"}},{\"@type\":\"Person\",\"@id\":\"https:\\\/\\\/nld.mirex.gob.do\\\/consular\\\/amsterdam\\\/#\\\/schema\\\/person\\\/772a9951ade6a7e4ab978b618b619ff8\",\"name\":\"Michael Antonio Melo Andujar\",\"image\":{\"@type\":\"ImageObject\",\"inLanguage\":\"en-US\",\"@id\":\"https:\\\/\\\/secure.gravatar.com\\\/avatar\\\/f8862d24b6945a30d30c9727ef9dfcd533ee25a18a27afc92991446aeb0e652d?s=96&d=mm&r=g\",\"url\":\"https:\\\/\\\/secure.gravatar.com\\\/avatar\\\/f8862d24b6945a30d30c9727ef9dfcd533ee25a18a27afc92991446aeb0e652d?s=96&d=mm&r=g\",\"contentUrl\":\"https:\\\/\\\/secure.gravatar.com\\\/avatar\\\/f8862d24b6945a30d30c9727ef9dfcd533ee25a18a27afc92991446aeb0e652d?s=96&d=mm&r=g\",\"caption\":\"Michael Antonio Melo Andujar\"}}]}<\/script>\n<!-- \/ Yoast SEO plugin. -->","yoast_head_json":{"title":"Gobierno Dominicano responde en la OEA. (Discurso: Embajador de Rep\u00fablica Dominicana ante la OEA, Pedro Verg\u00e9s) - Consulado General de la Rep\u00fablica Dominicana en La Haya, Reino de los Pa\u00edses Bajos","description":"Gobierno Dominicano responde en la OEA. (Discurso: Embajador de Rep\u00fablica Dominicana ante la OEA, Pedro Verg\u00e9s)","robots":{"index":"index","follow":"follow","max-snippet":"max-snippet:-1","max-image-preview":"max-image-preview:large","max-video-preview":"max-video-preview:-1"},"canonical":"https:\/\/nld.mirex.gob.do\/consular\/amsterdam\/gobierno-dominicano-responde-en-la-oea-discurso-embajador-de-republica-dominicana-ante-la-oea-pedro-verges\/","og_locale":"en_US","og_type":"article","og_title":"Gobierno Dominicano responde en la OEA. (Discurso: Embajador de Rep\u00fablica Dominicana ante la OEA, Pedro Verg\u00e9s) - Consulado General de la Rep\u00fablica Dominicana en La Haya, Reino de los Pa\u00edses Bajos","og_description":"Gobierno Dominicano responde en la OEA. (Discurso: Embajador de Rep\u00fablica Dominicana ante la OEA, Pedro Verg\u00e9s)","og_url":"https:\/\/nld.mirex.gob.do\/consular\/amsterdam\/gobierno-dominicano-responde-en-la-oea-discurso-embajador-de-republica-dominicana-ante-la-oea-pedro-verges\/","og_site_name":"Consulado General de la Rep\u00fablica Dominicana en La Haya, Reino de los Pa\u00edses Bajos","article_published_time":"2015-07-10T10:52:52+00:00","author":"Michael Antonio Melo Andujar","twitter_card":"summary_large_image","twitter_misc":{"Written by":"Michael Antonio Melo Andujar","Est. reading time":"14 minutes"},"schema":{"@context":"https:\/\/schema.org","@graph":[{"@type":"Article","@id":"https:\/\/nld.mirex.gob.do\/consular\/amsterdam\/gobierno-dominicano-responde-en-la-oea-discurso-embajador-de-republica-dominicana-ante-la-oea-pedro-verges\/#article","isPartOf":{"@id":"https:\/\/nld.mirex.gob.do\/consular\/amsterdam\/gobierno-dominicano-responde-en-la-oea-discurso-embajador-de-republica-dominicana-ante-la-oea-pedro-verges\/"},"author":{"name":"Michael Antonio Melo Andujar","@id":"https:\/\/nld.mirex.gob.do\/consular\/amsterdam\/#\/schema\/person\/772a9951ade6a7e4ab978b618b619ff8"},"headline":"Gobierno Dominicano responde en la OEA. (Discurso: Embajador de Rep\u00fablica Dominicana ante la OEA, Pedro Verg\u00e9s)","datePublished":"2015-07-10T10:52:52+00:00","mainEntityOfPage":{"@id":"https:\/\/nld.mirex.gob.do\/consular\/amsterdam\/gobierno-dominicano-responde-en-la-oea-discurso-embajador-de-republica-dominicana-ante-la-oea-pedro-verges\/"},"wordCount":2899,"publisher":{"@id":"https:\/\/nld.mirex.gob.do\/consular\/amsterdam\/#organization"},"image":{"@id":"https:\/\/nld.mirex.gob.do\/consular\/amsterdam\/gobierno-dominicano-responde-en-la-oea-discurso-embajador-de-republica-dominicana-ante-la-oea-pedro-verges\/#primaryimage"},"thumbnailUrl":"","keywords":["\"Plan Nacional de Regularizaci\u00f3n Migratoria\"","Inmigraci\u00f3n","OEA","Presidencia"],"articleSection":["Inmigraci\u00f3n","Novedades","Plan Nacional de Regularizaci\u00f3n Migratoria"],"inLanguage":"en-US"},{"@type":"WebPage","@id":"https:\/\/nld.mirex.gob.do\/consular\/amsterdam\/gobierno-dominicano-responde-en-la-oea-discurso-embajador-de-republica-dominicana-ante-la-oea-pedro-verges\/","url":"https:\/\/nld.mirex.gob.do\/consular\/amsterdam\/gobierno-dominicano-responde-en-la-oea-discurso-embajador-de-republica-dominicana-ante-la-oea-pedro-verges\/","name":"Gobierno Dominicano responde en la OEA. (Discurso: Embajador de Rep\u00fablica Dominicana ante la OEA, Pedro Verg\u00e9s) - Consulado General de la Rep\u00fablica Dominicana en La Haya, Reino de los Pa\u00edses Bajos","isPartOf":{"@id":"https:\/\/nld.mirex.gob.do\/consular\/amsterdam\/#website"},"primaryImageOfPage":{"@id":"https:\/\/nld.mirex.gob.do\/consular\/amsterdam\/gobierno-dominicano-responde-en-la-oea-discurso-embajador-de-republica-dominicana-ante-la-oea-pedro-verges\/#primaryimage"},"image":{"@id":"https:\/\/nld.mirex.gob.do\/consular\/amsterdam\/gobierno-dominicano-responde-en-la-oea-discurso-embajador-de-republica-dominicana-ante-la-oea-pedro-verges\/#primaryimage"},"thumbnailUrl":"","datePublished":"2015-07-10T10:52:52+00:00","description":"Gobierno Dominicano responde en la OEA. (Discurso: Embajador de Rep\u00fablica Dominicana ante la OEA, Pedro Verg\u00e9s)","breadcrumb":{"@id":"https:\/\/nld.mirex.gob.do\/consular\/amsterdam\/gobierno-dominicano-responde-en-la-oea-discurso-embajador-de-republica-dominicana-ante-la-oea-pedro-verges\/#breadcrumb"},"inLanguage":"en-US","potentialAction":[{"@type":"ReadAction","target":["https:\/\/nld.mirex.gob.do\/consular\/amsterdam\/gobierno-dominicano-responde-en-la-oea-discurso-embajador-de-republica-dominicana-ante-la-oea-pedro-verges\/"]}]},{"@type":"ImageObject","inLanguage":"en-US","@id":"https:\/\/nld.mirex.gob.do\/consular\/amsterdam\/gobierno-dominicano-responde-en-la-oea-discurso-embajador-de-republica-dominicana-ante-la-oea-pedro-verges\/#primaryimage","url":"","contentUrl":""},{"@type":"BreadcrumbList","@id":"https:\/\/nld.mirex.gob.do\/consular\/amsterdam\/gobierno-dominicano-responde-en-la-oea-discurso-embajador-de-republica-dominicana-ante-la-oea-pedro-verges\/#breadcrumb","itemListElement":[{"@type":"ListItem","position":1,"name":"Inicio","item":"https:\/\/nld.mirex.gob.do\/consular\/amsterdam\/"},{"@type":"ListItem","position":2,"name":"Gobierno Dominicano responde en la OEA. (Discurso: Embajador de Rep\u00fablica Dominicana ante la OEA, Pedro Verg\u00e9s)"}]},{"@type":"WebSite","@id":"https:\/\/nld.mirex.gob.do\/consular\/amsterdam\/#website","url":"https:\/\/nld.mirex.gob.do\/consular\/amsterdam\/","name":"Consulado General de la Rep\u00fablica Dominicana en La Haya, Reino de los Pa\u00edses Bajos","description":"","publisher":{"@id":"https:\/\/nld.mirex.gob.do\/consular\/amsterdam\/#organization"},"potentialAction":[{"@type":"SearchAction","target":{"@type":"EntryPoint","urlTemplate":"https:\/\/nld.mirex.gob.do\/consular\/amsterdam\/?s={search_term_string}"},"query-input":{"@type":"PropertyValueSpecification","valueRequired":true,"valueName":"search_term_string"}}],"inLanguage":"en-US"},{"@type":"Organization","@id":"https:\/\/nld.mirex.gob.do\/consular\/amsterdam\/#organization","name":"Consulado General de la Rep\u00fablica Dominicana en La Haya, Reino de los Pa\u00edses Bajos","url":"https:\/\/nld.mirex.gob.do\/consular\/amsterdam\/","logo":{"@type":"ImageObject","inLanguage":"en-US","@id":"https:\/\/nld.mirex.gob.do\/consular\/amsterdam\/#\/schema\/logo\/image\/","url":"https:\/\/nld.mirex.gob.do\/consular\/amsterdam\/wp-content\/uploads\/2024\/04\/cropped-consulado_la_haya_reinode_los_Paises_Bajos.jpg","contentUrl":"https:\/\/nld.mirex.gob.do\/consular\/amsterdam\/wp-content\/uploads\/2024\/04\/cropped-consulado_la_haya_reinode_los_Paises_Bajos.jpg","width":999,"height":407,"caption":"Consulado General de la Rep\u00fablica Dominicana en La Haya, Reino de los Pa\u00edses Bajos"},"image":{"@id":"https:\/\/nld.mirex.gob.do\/consular\/amsterdam\/#\/schema\/logo\/image\/"}},{"@type":"Person","@id":"https:\/\/nld.mirex.gob.do\/consular\/amsterdam\/#\/schema\/person\/772a9951ade6a7e4ab978b618b619ff8","name":"Michael Antonio Melo Andujar","image":{"@type":"ImageObject","inLanguage":"en-US","@id":"https:\/\/secure.gravatar.com\/avatar\/f8862d24b6945a30d30c9727ef9dfcd533ee25a18a27afc92991446aeb0e652d?s=96&d=mm&r=g","url":"https:\/\/secure.gravatar.com\/avatar\/f8862d24b6945a30d30c9727ef9dfcd533ee25a18a27afc92991446aeb0e652d?s=96&d=mm&r=g","contentUrl":"https:\/\/secure.gravatar.com\/avatar\/f8862d24b6945a30d30c9727ef9dfcd533ee25a18a27afc92991446aeb0e652d?s=96&d=mm&r=g","caption":"Michael Antonio Melo Andujar"}}]}},"_links":{"self":[{"href":"https:\/\/nld.mirex.gob.do\/consular\/amsterdam\/wp-json\/wp\/v2\/posts\/2174","targetHints":{"allow":["GET"]}}],"collection":[{"href":"https:\/\/nld.mirex.gob.do\/consular\/amsterdam\/wp-json\/wp\/v2\/posts"}],"about":[{"href":"https:\/\/nld.mirex.gob.do\/consular\/amsterdam\/wp-json\/wp\/v2\/types\/post"}],"author":[{"embeddable":true,"href":"https:\/\/nld.mirex.gob.do\/consular\/amsterdam\/wp-json\/wp\/v2\/users\/8"}],"replies":[{"embeddable":true,"href":"https:\/\/nld.mirex.gob.do\/consular\/amsterdam\/wp-json\/wp\/v2\/comments?post=2174"}],"version-history":[{"count":0,"href":"https:\/\/nld.mirex.gob.do\/consular\/amsterdam\/wp-json\/wp\/v2\/posts\/2174\/revisions"}],"wp:featuredmedia":[{"embeddable":true,"href":"https:\/\/nld.mirex.gob.do\/consular\/amsterdam\/wp-json\/"}],"wp:attachment":[{"href":"https:\/\/nld.mirex.gob.do\/consular\/amsterdam\/wp-json\/wp\/v2\/media?parent=2174"}],"wp:term":[{"taxonomy":"category","embeddable":true,"href":"https:\/\/nld.mirex.gob.do\/consular\/amsterdam\/wp-json\/wp\/v2\/categories?post=2174"},{"taxonomy":"post_tag","embeddable":true,"href":"https:\/\/nld.mirex.gob.do\/consular\/amsterdam\/wp-json\/wp\/v2\/tags?post=2174"}],"curies":[{"name":"wp","href":"https:\/\/api.w.org\/{rel}","templated":true}]}}