{"id":2154,"date":"2015-07-09T09:09:25","date_gmt":"2015-07-09T09:09:25","guid":{"rendered":"https:\/\/www.consuladordholanda.com\/?p=2154"},"modified":"2015-07-09T09:09:25","modified_gmt":"2015-07-09T09:09:25","slug":"plan-nacional-de-regularizacion-de-extranjeros","status":"publish","type":"post","link":"https:\/\/nld.mirex.gob.do\/consular\/amsterdam\/plan-nacional-de-regularizacion-de-extranjeros\/","title":{"rendered":"Plan Nacional de Regularizaci\u00f3n de Extranjeros"},"content":{"rendered":"<h1>PNRE<\/h1>\n<h3><strong>Plan Nacional de Regularizaci\u00f3n de Extranjeros<\/strong><\/h3>\n<div id=\"themify_builder_content-3468\" class=\"themify_builder_content themify_builder_content-3468 themify_builder themify_builder_front\" data-postid=\"3468\">\n<div class=\"themify_builder_row module_row module_row_0 clearfix gutter-narrow fullwidth\" data-gutter=\"gutter-narrow\">\n<div class=\"row_inner_wrapper\">\n<div class=\"row_inner\">\n<div class=\"col3-1 first tb-column\">\n<div id=\"text-3468-0-0-1\" class=\"module module-text text-3468-0-0-1   \">\n<p>Durante d\u00e9cadas, el pa\u00eds hab\u00eda permanecido en <strong>una situaci\u00f3n debilidad administrativa<\/strong> por la que amplios grupos de personas, tanto nacidas aqu\u00ed como en el extranjero, viv\u00edan sin estar propiamente identificadas y documentadas.<\/p>\n<p>Esta situaci\u00f3n inevitablemente significaba que <strong>el Estado Dominicano no estaba cumpliendo una de las prerrogativas de su soberan\u00eda<\/strong>: el control documental de todas las personas que viven en su territorio.<\/p>\n<div id=\"image-3468-0-1-2\" class=\"module module-image image-3468-0-1-2   image-top  \">\n<div class=\"image-wrap\"><img fetchpriority=\"high\" decoding=\"async\" class=\"alignleft\" src=\"http:\/\/www.embajadadominicana.nl\/wp-content\/uploads\/2015\/07\/PNRE-Portada-400x400.jpg\" alt=\"PNRE(01)\" width=\"400\" height=\"400\" \/><\/div>\n<\/div>\n<p>De la misma forma, esta falta de documentaci\u00f3n <strong>dejaba a grupos enteros de poblaci\u00f3n en situaci\u00f3n de vulnerabilidad<\/strong>, pues estar propiamente documentado es la condici\u00f3n indispensable para el ejercicio de otros derechos.<\/p>\n<p><strong>En 2004, la Ley de Migraci\u00f3n ya ordenaba la puesta en marcha de un Plan de Regularizaci\u00f3n\u00a0<\/strong>de Extranjeros en situaci\u00f3n irregular en el pa\u00eds, sin embargo, ning\u00fan Gobierno lo hab\u00eda puesto en pr\u00e1ctica hasta ahora.<\/p>\n<p><strong>El gobierno de Danilo Medina <\/strong>decidi\u00f3 tomar la iniciativa sobre este asunto, largamente postergado<strong>. Decidido a recuperar el pleno ejercicio de la soberan\u00eda<\/strong> del Estado dominicano sobre la documentaci\u00f3n de la poblaci\u00f3n, puso en marcha dos iniciativas:<\/p>\n<\/div>\n<\/div>\n<div class=\"col3-1 middle tb-column second\">\n<div id=\"text-3468-0-1-1\" class=\"module module-text text-3468-0-1-1   \">\n<p>Dependiendo de si se trata de migrantes en situaci\u00f3n irregular, o de personas nacidas en el pa\u00eds de padres extranjeros que carecen de documentaci\u00f3n<strong>,<\/strong>\u00a0esta poblaci\u00f3n entrar\u00eda bien en el\u00a0<strong>Plan Nacional de Regularizaci\u00f3n de Extranjeros en Situaci\u00f3n Migratoria Irregular, bien en la Ley Especial No. 169-14.<\/strong><\/p>\n<p>La ejecuci\u00f3n de estas iniciativas siempre ha estado basada en <strong>dos principios fundamentales: el estricto respeto a las leyes dominicanas y a los derechos humanos de las personas afectadas.<\/strong><\/p>\n<\/div>\n<div id=\"text-3468-0-1-3\" class=\"module module-text text-3468-0-1-3   \">\n<p>El conjunto de medidas adoptadas han permitido que la Rep\u00fablica Dominicana avance en dos a\u00f1os en esta materia m\u00e1s de lo que la mayor\u00eda de naciones lo hacen en d\u00e9cadas. En total, <strong>293,755<\/strong><strong>personas han sido ya registradas<\/strong><strong>correctamente<\/strong> y ser\u00e1n dotadas del estatus documental que les corresponde.<\/p>\n<\/div>\n<\/div>\n<div class=\"col3-1 last tb-column\">\n<div id=\"text-3468-0-2-1\" class=\"module module-text text-3468-0-2-1   \">\n<p><strong>Para garantizar la correcta implementaci\u00f3n<\/strong> de las diferentes iniciativas de documentaci\u00f3n (ley 169-14) y regularizaci\u00f3n, el gobierno ha llevado a cabo las siguientes <strong>acciones<\/strong>:<\/p>\n<ul>\n<li>Puesta en operaci\u00f3n de <strong>24 centros de atenci\u00f3n<\/strong>, cubriendo casi la totalidad del territorio dominicano.<\/li>\n<li><strong>Campa\u00f1as publicitarias e informativas<\/strong> para dar a conocer estas iniciativas a todos los posibles beneficiarios.<\/li>\n<li>Acciones de <strong>orientaci\u00f3n y apoyo en las comunidades<\/strong>.<\/li>\n<li><strong>Incorporaci\u00f3n y trabajo coordinado con instituciones y organismos con experiencia en la materia<\/strong>, en particular el Alto Comisionado de las Naciones Unidas para los Refugiados (ACNUR), la Organizaci\u00f3n Internacional para las Migraciones (OIM), el Fondo de las Naciones Unidas para la Infancia (UNICEF), la Uni\u00f3n Europea, el Programa de las Naciones Unidas para el Desarrollo (PNUD) y la Mesa Nacional para las Migraciones, entre otras.<\/li>\n<li><strong>Apoyo especial a los colectivos con mayor concentraci\u00f3n<\/strong> de poblaci\u00f3n migrante (bananeros, ca\u00f1eros, sector construcci\u00f3n).<\/li>\n<\/ul>\n<\/div>\n<\/div>\n<\/div>\n<\/div>\n<\/div>\n<\/div>\n<p>&nbsp;<\/p>\n<h1>Normativa del PNRE<\/h1>\n<table width=\"947\">\n<tbody>\n<tr>\n<td width=\"32\">01<\/td>\n<td width=\"411\">Ley General de Migraci\u00f3n, No. 285-04. De fecha 15 de agosto 2004. <a href=\"http:\/\/www.embajadadominicana.nl\/wp-content\/uploads\/2015\/07\/01-Ley-General-de-Migraci%C3%B3n-No.-285-04.pdf\">(Descarga)<\/a><\/td>\n<\/tr>\n<tr>\n<td width=\"32\">02<\/td>\n<td width=\"411\">Constituci\u00f3n Dominicana 2010. Que define en capitulo V, secci\u00f3n I, art\u00edculos 18 al 20 quienes son nacionales dominicanos y, en caso de no serlo, como se puede obtener. De fecha 26 de enero de 2010.\u00a0<a href=\"http:\/\/www.embajadadominicana.nl\/wp-content\/uploads\/2015\/07\/02-Constitucion-Dominicana-2010.pdf\">(Descarga)<\/a><\/td>\n<\/tr>\n<tr>\n<td width=\"32\">03<\/td>\n<td width=\"411\">Decreto 631-11 que aprueba el Reglamento de Aplicaci\u00f3n de la Ley General de Migraci\u00f3n NO. 285-04. De fecha 19 de octubre de 2011.\u00a0<a href=\"http:\/\/www.embajadadominicana.nl\/wp-content\/uploads\/2015\/07\/03-Decreto-631-11-que-aprueba-EL-REGLAMENTO-DE-APLICACION-DE-LA-LEY-GENERAL-DE-MIGRACION-NO.-285-04-DE-FECHA-15-DE-AGOSTO-DE-2004.pdf\">(Descarga)<\/a><\/td>\n<\/tr>\n<tr>\n<td width=\"32\">04<\/td>\n<td width=\"411\">Sentencia del Tribunal Constitucional 168-13, sobre el otorgamiento de documentos de identidad a los descendientes de extranjeros con estatus migratorio irregular. De fecha 23 de Septiembre de 2013.\u00a0<a href=\"http:\/\/www.embajadadominicana.nl\/wp-content\/uploads\/2015\/07\/04-Sentencia-del-Tribunal-Constitucional-168-13.pdf\">(Descarga)<\/a><\/td>\n<\/tr>\n<tr>\n<td width=\"32\">05<\/td>\n<td width=\"411\">Dec. No. 327-13 que instituye el Plan Nacional de Regularizaci\u00f3n de extranjeros en situaci\u00f3n migratoria irregular en la Rep\u00fablica Dominicana. G. O. No. 10737. De fecha 15 de diciembre de 2013.\u00a0<a href=\"http:\/\/www.embajadadominicana.nl\/wp-content\/uploads\/2015\/07\/05-Decreto-No.-327-13-que-instituye-el-Plan-Nacional-de-Regularizaci%C3%B3n-de-extranjeros-en-situaci%C3%B3n-migratoria-irregular-en-la-Rep%C3%BAblica-Dominicana.-G.-O.-No.-10737-del-15-de-diciembre-de-2013.pdf\">(Descarga)<\/a><\/td>\n<\/tr>\n<tr>\n<td width=\"32\">06<\/td>\n<td width=\"411\">Ley No. 169-14 Ley que establece un r\u00e9gimen especial para personas nacidas en el territorio nacional inscritas irregularmente en el Registro Civil dominicano. De fecha 23 de Mayo de 2014.\u00a0<a href=\"http:\/\/www.embajadadominicana.nl\/wp-content\/uploads\/2015\/07\/06-Ley-No.-169-14-Ley-que-establece-un-r%C3%A9gimen-especial-para-personas-nacidas-en-el-territorio-nacional-inscritas-irregularmente-en-el-Registro-Civil-dominicano.pdf\">(Descarga)<\/a><\/td>\n<\/tr>\n<tr>\n<td width=\"32\">07<\/td>\n<td width=\"411\">Dec. No. 250-14 que establece el Reglamento de Aplicaci\u00f3n de la Ley No. 169-14, que establece un r\u00e9gimen especial para personas nacidas en el territorio nacional inscritas irregularmente en el registro civil dominicano y sobre naturalizaci\u00f3n. De fecha 23 de julio de 2014.\u00a0<a href=\"http:\/\/www.embajadadominicana.nl\/wp-content\/uploads\/2015\/07\/07-Dec-No.-250-14-que-establece-el-Reglamento-de-Aplicaci%C3%B3n-de-la-Ley-No.-169-14-.pdf\">(Descarga)<\/a><\/td>\n<\/tr>\n<tr>\n<td width=\"32\">08<\/td>\n<td width=\"411\">Ley 520-14 que extiende el plazo ley 169-14 por 90 d\u00edas. De fecha 30 de octubre de 2014.\u00a0<a href=\"http:\/\/www.embajadadominicana.nl\/wp-content\/uploads\/2015\/07\/08-Ley-520-14-que-prorroga-plazo-ley-169-14-por-90-dias-.pdf\">(Descarga)<\/a><\/td>\n<\/tr>\n<\/tbody>\n<\/table>\n<p>&nbsp;<\/p>\n<p><strong>Notas relacionadas:<\/strong><\/p>\n<p>[cplw category=&#8221;265&#8243; width=&#8221;500&#8243; height=&#8221;500&#8243; effects=&#8221;none&#8221; posts_to_show=&#8221;-1&#8243; time=&#8221;1000&#8243; sort_by=&#8221;date&#8221; excerpt_length=&#8221;10&#8243; thumb_width=&#8221;150&#8243; thumb_height=&#8221;150&#8243; date_format=&#8221;F j, Y&#8221; display=&#8221;title&#8221; order=&#8221;desc&#8221;]<\/p>\n","protected":false},"excerpt":{"rendered":"<p>PNRE Plan Nacional de Regularizaci\u00f3n de Extranjeros Durante d\u00e9cadas, el pa\u00eds hab\u00eda permanecido en una situaci\u00f3n debilidad administrativa por la que amplios grupos de personas, tanto nacidas aqu\u00ed como en el extranjero, viv\u00edan sin estar propiamente identificadas y documentadas. Esta situaci\u00f3n inevitablemente significaba que el Estado Dominicano no estaba cumpliendo una de las prerrogativas de [&hellip;]<\/p>\n","protected":false},"author":8,"featured_media":2158,"comment_status":"closed","ping_status":"open","sticky":false,"template":"","format":"standard","meta":{"site-sidebar-layout":"default","site-content-layout":"","ast-site-content-layout":"default","site-content-style":"default","site-sidebar-style":"default","ast-global-header-display":"","ast-banner-title-visibility":"","ast-main-header-display":"","ast-hfb-above-header-display":"","ast-hfb-below-header-display":"","ast-hfb-mobile-header-display":"","site-post-title":"","ast-breadcrumbs-content":"","ast-featured-img":"","footer-sml-layout":"","ast-disable-related-posts":"","theme-transparent-header-meta":"","adv-header-id-meta":"","stick-header-meta":"","header-above-stick-meta":"","header-main-stick-meta":"","header-below-stick-meta":"","astra-migrate-meta-layouts":"default","ast-page-background-enabled":"default","ast-page-background-meta":{"desktop":{"background-color":"","background-image":"","background-repeat":"repeat","background-position":"center center","background-size":"auto","background-attachment":"scroll","background-type":"","background-media":"","overlay-type":"","overlay-color":"","overlay-opacity":"","overlay-gradient":""},"tablet":{"background-color":"","background-image":"","background-repeat":"repeat","background-position":"center center","background-size":"auto","background-attachment":"scroll","background-type":"","background-media":"","overlay-type":"","overlay-color":"","overlay-opacity":"","overlay-gradient":""},"mobile":{"background-color":"","background-image":"","background-repeat":"repeat","background-position":"center center","background-size":"auto","background-attachment":"scroll","background-type":"","background-media":"","overlay-type":"","overlay-color":"","overlay-opacity":"","overlay-gradient":""}},"ast-content-background-meta":{"desktop":{"background-color":"var(--ast-global-color-5)","background-image":"","background-repeat":"repeat","background-position":"center center","background-size":"auto","background-attachment":"scroll","background-type":"","background-media":"","overlay-type":"","overlay-color":"","overlay-opacity":"","overlay-gradient":""},"tablet":{"background-color":"var(--ast-global-color-5)","background-image":"","background-repeat":"repeat","background-position":"center center","background-size":"auto","background-attachment":"scroll","background-type":"","background-media":"","overlay-type":"","overlay-color":"","overlay-opacity":"","overlay-gradient":""},"mobile":{"background-color":"var(--ast-global-color-5)","background-image":"","background-repeat":"repeat","background-position":"center center","background-size":"auto","background-attachment":"scroll","background-type":"","background-media":"","overlay-type":"","overlay-color":"","overlay-opacity":"","overlay-gradient":""}},"footnotes":""},"categories":[292,66],"tags":[287,293,299],"class_list":["post-2154","post","type-post","status-publish","format-standard","has-post-thumbnail","hentry","category-inmigracion","category-novedades","tag-plan-nacional-de-regularizacion-migratoria","tag-inmigracion","tag-normativa"],"yoast_head":"<!-- This site is optimized with the Yoast SEO plugin v27.4 - https:\/\/yoast.com\/product\/yoast-seo-wordpress\/ -->\n<title>Plan Nacional de Regularizaci\u00f3n de Extranjeros - Consulado General de la Rep\u00fablica Dominicana en La Haya, Reino de los Pa\u00edses Bajos<\/title>\n<meta name=\"description\" content=\"Plan Nacional de Regularizaci\u00f3n de Extranjeros. Durante d\u00e9cadas, el pa\u00eds hab\u00eda permanecido en una situaci\u00f3n debilidad administrativa por la que amplios grupos de personas, tanto nacidas aqu\u00ed como en el extranjero, viv\u00edan sin estar propiamente identificadas y documentadas. Esta situaci\u00f3n inevitablemente significaba que el Estado Dominicano no estaba cumpliendo una de las prerrogativas de su soberan\u00eda: el control documental de todas las personas que viven en su territorio.\" \/>\n<meta name=\"robots\" content=\"index, follow, max-snippet:-1, max-image-preview:large, max-video-preview:-1\" \/>\n<link rel=\"canonical\" href=\"https:\/\/nld.mirex.gob.do\/consular\/amsterdam\/plan-nacional-de-regularizacion-de-extranjeros\/\" \/>\n<meta property=\"og:locale\" content=\"en_US\" \/>\n<meta property=\"og:type\" content=\"article\" \/>\n<meta property=\"og:title\" content=\"Plan Nacional de Regularizaci\u00f3n de Extranjeros - Consulado General de la Rep\u00fablica Dominicana en La Haya, Reino de los Pa\u00edses Bajos\" \/>\n<meta property=\"og:description\" content=\"Plan Nacional de Regularizaci\u00f3n de Extranjeros. Durante d\u00e9cadas, el pa\u00eds hab\u00eda permanecido en una situaci\u00f3n debilidad administrativa por la que amplios grupos de personas, tanto nacidas aqu\u00ed como en el extranjero, viv\u00edan sin estar propiamente identificadas y documentadas. Esta situaci\u00f3n inevitablemente significaba que el Estado Dominicano no estaba cumpliendo una de las prerrogativas de su soberan\u00eda: el control documental de todas las personas que viven en su territorio.\" \/>\n<meta property=\"og:url\" content=\"https:\/\/nld.mirex.gob.do\/consular\/amsterdam\/plan-nacional-de-regularizacion-de-extranjeros\/\" \/>\n<meta property=\"og:site_name\" content=\"Consulado General de la Rep\u00fablica Dominicana en La Haya, Reino de los Pa\u00edses Bajos\" \/>\n<meta property=\"article:published_time\" content=\"2015-07-09T09:09:25+00:00\" \/>\n<meta name=\"author\" content=\"Michael Antonio Melo Andujar\" \/>\n<meta name=\"twitter:card\" content=\"summary_large_image\" \/>\n<meta name=\"twitter:label1\" content=\"Written by\" \/>\n\t<meta name=\"twitter:data1\" content=\"Michael Antonio Melo Andujar\" \/>\n\t<meta name=\"twitter:label2\" content=\"Est. reading time\" \/>\n\t<meta name=\"twitter:data2\" content=\"4 minutes\" \/>\n<script type=\"application\/ld+json\" class=\"yoast-schema-graph\">{\"@context\":\"https:\\\/\\\/schema.org\",\"@graph\":[{\"@type\":\"Article\",\"@id\":\"https:\\\/\\\/nld.mirex.gob.do\\\/consular\\\/amsterdam\\\/plan-nacional-de-regularizacion-de-extranjeros\\\/#article\",\"isPartOf\":{\"@id\":\"https:\\\/\\\/nld.mirex.gob.do\\\/consular\\\/amsterdam\\\/plan-nacional-de-regularizacion-de-extranjeros\\\/\"},\"author\":{\"name\":\"Michael Antonio Melo Andujar\",\"@id\":\"https:\\\/\\\/nld.mirex.gob.do\\\/consular\\\/amsterdam\\\/#\\\/schema\\\/person\\\/772a9951ade6a7e4ab978b618b619ff8\"},\"headline\":\"Plan Nacional de Regularizaci\u00f3n de Extranjeros\",\"datePublished\":\"2015-07-09T09:09:25+00:00\",\"mainEntityOfPage\":{\"@id\":\"https:\\\/\\\/nld.mirex.gob.do\\\/consular\\\/amsterdam\\\/plan-nacional-de-regularizacion-de-extranjeros\\\/\"},\"wordCount\":751,\"publisher\":{\"@id\":\"https:\\\/\\\/nld.mirex.gob.do\\\/consular\\\/amsterdam\\\/#organization\"},\"image\":{\"@id\":\"https:\\\/\\\/nld.mirex.gob.do\\\/consular\\\/amsterdam\\\/plan-nacional-de-regularizacion-de-extranjeros\\\/#primaryimage\"},\"thumbnailUrl\":\"\",\"keywords\":[\"\\\"Plan Nacional de Regularizaci\u00f3n Migratoria\\\"\",\"Inmigraci\u00f3n\",\"Normativa\"],\"articleSection\":[\"Inmigraci\u00f3n\",\"Novedades\"],\"inLanguage\":\"en-US\"},{\"@type\":\"WebPage\",\"@id\":\"https:\\\/\\\/nld.mirex.gob.do\\\/consular\\\/amsterdam\\\/plan-nacional-de-regularizacion-de-extranjeros\\\/\",\"url\":\"https:\\\/\\\/nld.mirex.gob.do\\\/consular\\\/amsterdam\\\/plan-nacional-de-regularizacion-de-extranjeros\\\/\",\"name\":\"Plan Nacional de Regularizaci\u00f3n de Extranjeros - Consulado General de la Rep\u00fablica Dominicana en La Haya, Reino de los Pa\u00edses Bajos\",\"isPartOf\":{\"@id\":\"https:\\\/\\\/nld.mirex.gob.do\\\/consular\\\/amsterdam\\\/#website\"},\"primaryImageOfPage\":{\"@id\":\"https:\\\/\\\/nld.mirex.gob.do\\\/consular\\\/amsterdam\\\/plan-nacional-de-regularizacion-de-extranjeros\\\/#primaryimage\"},\"image\":{\"@id\":\"https:\\\/\\\/nld.mirex.gob.do\\\/consular\\\/amsterdam\\\/plan-nacional-de-regularizacion-de-extranjeros\\\/#primaryimage\"},\"thumbnailUrl\":\"\",\"datePublished\":\"2015-07-09T09:09:25+00:00\",\"description\":\"Plan Nacional de Regularizaci\u00f3n de Extranjeros. Durante d\u00e9cadas, el pa\u00eds hab\u00eda permanecido en una situaci\u00f3n debilidad administrativa por la que amplios grupos de personas, tanto nacidas aqu\u00ed como en el extranjero, viv\u00edan sin estar propiamente identificadas y documentadas. Esta situaci\u00f3n inevitablemente significaba que el Estado Dominicano no estaba cumpliendo una de las prerrogativas de su soberan\u00eda: el control documental de todas las personas que viven en su territorio.\",\"breadcrumb\":{\"@id\":\"https:\\\/\\\/nld.mirex.gob.do\\\/consular\\\/amsterdam\\\/plan-nacional-de-regularizacion-de-extranjeros\\\/#breadcrumb\"},\"inLanguage\":\"en-US\",\"potentialAction\":[{\"@type\":\"ReadAction\",\"target\":[\"https:\\\/\\\/nld.mirex.gob.do\\\/consular\\\/amsterdam\\\/plan-nacional-de-regularizacion-de-extranjeros\\\/\"]}]},{\"@type\":\"ImageObject\",\"inLanguage\":\"en-US\",\"@id\":\"https:\\\/\\\/nld.mirex.gob.do\\\/consular\\\/amsterdam\\\/plan-nacional-de-regularizacion-de-extranjeros\\\/#primaryimage\",\"url\":\"\",\"contentUrl\":\"\"},{\"@type\":\"BreadcrumbList\",\"@id\":\"https:\\\/\\\/nld.mirex.gob.do\\\/consular\\\/amsterdam\\\/plan-nacional-de-regularizacion-de-extranjeros\\\/#breadcrumb\",\"itemListElement\":[{\"@type\":\"ListItem\",\"position\":1,\"name\":\"Inicio\",\"item\":\"https:\\\/\\\/nld.mirex.gob.do\\\/consular\\\/amsterdam\\\/\"},{\"@type\":\"ListItem\",\"position\":2,\"name\":\"Plan Nacional de Regularizaci\u00f3n de Extranjeros\"}]},{\"@type\":\"WebSite\",\"@id\":\"https:\\\/\\\/nld.mirex.gob.do\\\/consular\\\/amsterdam\\\/#website\",\"url\":\"https:\\\/\\\/nld.mirex.gob.do\\\/consular\\\/amsterdam\\\/\",\"name\":\"Consulado General de la Rep\u00fablica Dominicana en La Haya, Reino de los Pa\u00edses Bajos\",\"description\":\"\",\"publisher\":{\"@id\":\"https:\\\/\\\/nld.mirex.gob.do\\\/consular\\\/amsterdam\\\/#organization\"},\"potentialAction\":[{\"@type\":\"SearchAction\",\"target\":{\"@type\":\"EntryPoint\",\"urlTemplate\":\"https:\\\/\\\/nld.mirex.gob.do\\\/consular\\\/amsterdam\\\/?s={search_term_string}\"},\"query-input\":{\"@type\":\"PropertyValueSpecification\",\"valueRequired\":true,\"valueName\":\"search_term_string\"}}],\"inLanguage\":\"en-US\"},{\"@type\":\"Organization\",\"@id\":\"https:\\\/\\\/nld.mirex.gob.do\\\/consular\\\/amsterdam\\\/#organization\",\"name\":\"Consulado General de la Rep\u00fablica Dominicana en La Haya, Reino de los Pa\u00edses Bajos\",\"url\":\"https:\\\/\\\/nld.mirex.gob.do\\\/consular\\\/amsterdam\\\/\",\"logo\":{\"@type\":\"ImageObject\",\"inLanguage\":\"en-US\",\"@id\":\"https:\\\/\\\/nld.mirex.gob.do\\\/consular\\\/amsterdam\\\/#\\\/schema\\\/logo\\\/image\\\/\",\"url\":\"https:\\\/\\\/nld.mirex.gob.do\\\/consular\\\/amsterdam\\\/wp-content\\\/uploads\\\/2024\\\/04\\\/cropped-consulado_la_haya_reinode_los_Paises_Bajos.jpg\",\"contentUrl\":\"https:\\\/\\\/nld.mirex.gob.do\\\/consular\\\/amsterdam\\\/wp-content\\\/uploads\\\/2024\\\/04\\\/cropped-consulado_la_haya_reinode_los_Paises_Bajos.jpg\",\"width\":999,\"height\":407,\"caption\":\"Consulado General de la Rep\u00fablica Dominicana en La Haya, Reino de los Pa\u00edses Bajos\"},\"image\":{\"@id\":\"https:\\\/\\\/nld.mirex.gob.do\\\/consular\\\/amsterdam\\\/#\\\/schema\\\/logo\\\/image\\\/\"}},{\"@type\":\"Person\",\"@id\":\"https:\\\/\\\/nld.mirex.gob.do\\\/consular\\\/amsterdam\\\/#\\\/schema\\\/person\\\/772a9951ade6a7e4ab978b618b619ff8\",\"name\":\"Michael Antonio Melo Andujar\",\"image\":{\"@type\":\"ImageObject\",\"inLanguage\":\"en-US\",\"@id\":\"https:\\\/\\\/secure.gravatar.com\\\/avatar\\\/f8862d24b6945a30d30c9727ef9dfcd533ee25a18a27afc92991446aeb0e652d?s=96&d=mm&r=g\",\"url\":\"https:\\\/\\\/secure.gravatar.com\\\/avatar\\\/f8862d24b6945a30d30c9727ef9dfcd533ee25a18a27afc92991446aeb0e652d?s=96&d=mm&r=g\",\"contentUrl\":\"https:\\\/\\\/secure.gravatar.com\\\/avatar\\\/f8862d24b6945a30d30c9727ef9dfcd533ee25a18a27afc92991446aeb0e652d?s=96&d=mm&r=g\",\"caption\":\"Michael Antonio Melo Andujar\"}}]}<\/script>\n<!-- \/ Yoast SEO plugin. -->","yoast_head_json":{"title":"Plan Nacional de Regularizaci\u00f3n de Extranjeros - Consulado General de la Rep\u00fablica Dominicana en La Haya, Reino de los Pa\u00edses Bajos","description":"Plan Nacional de Regularizaci\u00f3n de Extranjeros. Durante d\u00e9cadas, el pa\u00eds hab\u00eda permanecido en una situaci\u00f3n debilidad administrativa por la que amplios grupos de personas, tanto nacidas aqu\u00ed como en el extranjero, viv\u00edan sin estar propiamente identificadas y documentadas. Esta situaci\u00f3n inevitablemente significaba que el Estado Dominicano no estaba cumpliendo una de las prerrogativas de su soberan\u00eda: el control documental de todas las personas que viven en su territorio.","robots":{"index":"index","follow":"follow","max-snippet":"max-snippet:-1","max-image-preview":"max-image-preview:large","max-video-preview":"max-video-preview:-1"},"canonical":"https:\/\/nld.mirex.gob.do\/consular\/amsterdam\/plan-nacional-de-regularizacion-de-extranjeros\/","og_locale":"en_US","og_type":"article","og_title":"Plan Nacional de Regularizaci\u00f3n de Extranjeros - Consulado General de la Rep\u00fablica Dominicana en La Haya, Reino de los Pa\u00edses Bajos","og_description":"Plan Nacional de Regularizaci\u00f3n de Extranjeros. Durante d\u00e9cadas, el pa\u00eds hab\u00eda permanecido en una situaci\u00f3n debilidad administrativa por la que amplios grupos de personas, tanto nacidas aqu\u00ed como en el extranjero, viv\u00edan sin estar propiamente identificadas y documentadas. Esta situaci\u00f3n inevitablemente significaba que el Estado Dominicano no estaba cumpliendo una de las prerrogativas de su soberan\u00eda: el control documental de todas las personas que viven en su territorio.","og_url":"https:\/\/nld.mirex.gob.do\/consular\/amsterdam\/plan-nacional-de-regularizacion-de-extranjeros\/","og_site_name":"Consulado General de la Rep\u00fablica Dominicana en La Haya, Reino de los Pa\u00edses Bajos","article_published_time":"2015-07-09T09:09:25+00:00","author":"Michael Antonio Melo Andujar","twitter_card":"summary_large_image","twitter_misc":{"Written by":"Michael Antonio Melo Andujar","Est. reading time":"4 minutes"},"schema":{"@context":"https:\/\/schema.org","@graph":[{"@type":"Article","@id":"https:\/\/nld.mirex.gob.do\/consular\/amsterdam\/plan-nacional-de-regularizacion-de-extranjeros\/#article","isPartOf":{"@id":"https:\/\/nld.mirex.gob.do\/consular\/amsterdam\/plan-nacional-de-regularizacion-de-extranjeros\/"},"author":{"name":"Michael Antonio Melo Andujar","@id":"https:\/\/nld.mirex.gob.do\/consular\/amsterdam\/#\/schema\/person\/772a9951ade6a7e4ab978b618b619ff8"},"headline":"Plan Nacional de Regularizaci\u00f3n de Extranjeros","datePublished":"2015-07-09T09:09:25+00:00","mainEntityOfPage":{"@id":"https:\/\/nld.mirex.gob.do\/consular\/amsterdam\/plan-nacional-de-regularizacion-de-extranjeros\/"},"wordCount":751,"publisher":{"@id":"https:\/\/nld.mirex.gob.do\/consular\/amsterdam\/#organization"},"image":{"@id":"https:\/\/nld.mirex.gob.do\/consular\/amsterdam\/plan-nacional-de-regularizacion-de-extranjeros\/#primaryimage"},"thumbnailUrl":"","keywords":["\"Plan Nacional de Regularizaci\u00f3n Migratoria\"","Inmigraci\u00f3n","Normativa"],"articleSection":["Inmigraci\u00f3n","Novedades"],"inLanguage":"en-US"},{"@type":"WebPage","@id":"https:\/\/nld.mirex.gob.do\/consular\/amsterdam\/plan-nacional-de-regularizacion-de-extranjeros\/","url":"https:\/\/nld.mirex.gob.do\/consular\/amsterdam\/plan-nacional-de-regularizacion-de-extranjeros\/","name":"Plan Nacional de Regularizaci\u00f3n de Extranjeros - Consulado General de la Rep\u00fablica Dominicana en La Haya, Reino de los Pa\u00edses Bajos","isPartOf":{"@id":"https:\/\/nld.mirex.gob.do\/consular\/amsterdam\/#website"},"primaryImageOfPage":{"@id":"https:\/\/nld.mirex.gob.do\/consular\/amsterdam\/plan-nacional-de-regularizacion-de-extranjeros\/#primaryimage"},"image":{"@id":"https:\/\/nld.mirex.gob.do\/consular\/amsterdam\/plan-nacional-de-regularizacion-de-extranjeros\/#primaryimage"},"thumbnailUrl":"","datePublished":"2015-07-09T09:09:25+00:00","description":"Plan Nacional de Regularizaci\u00f3n de Extranjeros. Durante d\u00e9cadas, el pa\u00eds hab\u00eda permanecido en una situaci\u00f3n debilidad administrativa por la que amplios grupos de personas, tanto nacidas aqu\u00ed como en el extranjero, viv\u00edan sin estar propiamente identificadas y documentadas. Esta situaci\u00f3n inevitablemente significaba que el Estado Dominicano no estaba cumpliendo una de las prerrogativas de su soberan\u00eda: el control documental de todas las personas que viven en su territorio.","breadcrumb":{"@id":"https:\/\/nld.mirex.gob.do\/consular\/amsterdam\/plan-nacional-de-regularizacion-de-extranjeros\/#breadcrumb"},"inLanguage":"en-US","potentialAction":[{"@type":"ReadAction","target":["https:\/\/nld.mirex.gob.do\/consular\/amsterdam\/plan-nacional-de-regularizacion-de-extranjeros\/"]}]},{"@type":"ImageObject","inLanguage":"en-US","@id":"https:\/\/nld.mirex.gob.do\/consular\/amsterdam\/plan-nacional-de-regularizacion-de-extranjeros\/#primaryimage","url":"","contentUrl":""},{"@type":"BreadcrumbList","@id":"https:\/\/nld.mirex.gob.do\/consular\/amsterdam\/plan-nacional-de-regularizacion-de-extranjeros\/#breadcrumb","itemListElement":[{"@type":"ListItem","position":1,"name":"Inicio","item":"https:\/\/nld.mirex.gob.do\/consular\/amsterdam\/"},{"@type":"ListItem","position":2,"name":"Plan Nacional de Regularizaci\u00f3n de Extranjeros"}]},{"@type":"WebSite","@id":"https:\/\/nld.mirex.gob.do\/consular\/amsterdam\/#website","url":"https:\/\/nld.mirex.gob.do\/consular\/amsterdam\/","name":"Consulado General de la Rep\u00fablica Dominicana en La Haya, Reino de los Pa\u00edses Bajos","description":"","publisher":{"@id":"https:\/\/nld.mirex.gob.do\/consular\/amsterdam\/#organization"},"potentialAction":[{"@type":"SearchAction","target":{"@type":"EntryPoint","urlTemplate":"https:\/\/nld.mirex.gob.do\/consular\/amsterdam\/?s={search_term_string}"},"query-input":{"@type":"PropertyValueSpecification","valueRequired":true,"valueName":"search_term_string"}}],"inLanguage":"en-US"},{"@type":"Organization","@id":"https:\/\/nld.mirex.gob.do\/consular\/amsterdam\/#organization","name":"Consulado General de la Rep\u00fablica Dominicana en La Haya, Reino de los Pa\u00edses Bajos","url":"https:\/\/nld.mirex.gob.do\/consular\/amsterdam\/","logo":{"@type":"ImageObject","inLanguage":"en-US","@id":"https:\/\/nld.mirex.gob.do\/consular\/amsterdam\/#\/schema\/logo\/image\/","url":"https:\/\/nld.mirex.gob.do\/consular\/amsterdam\/wp-content\/uploads\/2024\/04\/cropped-consulado_la_haya_reinode_los_Paises_Bajos.jpg","contentUrl":"https:\/\/nld.mirex.gob.do\/consular\/amsterdam\/wp-content\/uploads\/2024\/04\/cropped-consulado_la_haya_reinode_los_Paises_Bajos.jpg","width":999,"height":407,"caption":"Consulado General de la Rep\u00fablica Dominicana en La Haya, Reino de los Pa\u00edses Bajos"},"image":{"@id":"https:\/\/nld.mirex.gob.do\/consular\/amsterdam\/#\/schema\/logo\/image\/"}},{"@type":"Person","@id":"https:\/\/nld.mirex.gob.do\/consular\/amsterdam\/#\/schema\/person\/772a9951ade6a7e4ab978b618b619ff8","name":"Michael Antonio Melo Andujar","image":{"@type":"ImageObject","inLanguage":"en-US","@id":"https:\/\/secure.gravatar.com\/avatar\/f8862d24b6945a30d30c9727ef9dfcd533ee25a18a27afc92991446aeb0e652d?s=96&d=mm&r=g","url":"https:\/\/secure.gravatar.com\/avatar\/f8862d24b6945a30d30c9727ef9dfcd533ee25a18a27afc92991446aeb0e652d?s=96&d=mm&r=g","contentUrl":"https:\/\/secure.gravatar.com\/avatar\/f8862d24b6945a30d30c9727ef9dfcd533ee25a18a27afc92991446aeb0e652d?s=96&d=mm&r=g","caption":"Michael Antonio Melo Andujar"}}]}},"_links":{"self":[{"href":"https:\/\/nld.mirex.gob.do\/consular\/amsterdam\/wp-json\/wp\/v2\/posts\/2154","targetHints":{"allow":["GET"]}}],"collection":[{"href":"https:\/\/nld.mirex.gob.do\/consular\/amsterdam\/wp-json\/wp\/v2\/posts"}],"about":[{"href":"https:\/\/nld.mirex.gob.do\/consular\/amsterdam\/wp-json\/wp\/v2\/types\/post"}],"author":[{"embeddable":true,"href":"https:\/\/nld.mirex.gob.do\/consular\/amsterdam\/wp-json\/wp\/v2\/users\/8"}],"replies":[{"embeddable":true,"href":"https:\/\/nld.mirex.gob.do\/consular\/amsterdam\/wp-json\/wp\/v2\/comments?post=2154"}],"version-history":[{"count":0,"href":"https:\/\/nld.mirex.gob.do\/consular\/amsterdam\/wp-json\/wp\/v2\/posts\/2154\/revisions"}],"wp:featuredmedia":[{"embeddable":true,"href":"https:\/\/nld.mirex.gob.do\/consular\/amsterdam\/wp-json\/"}],"wp:attachment":[{"href":"https:\/\/nld.mirex.gob.do\/consular\/amsterdam\/wp-json\/wp\/v2\/media?parent=2154"}],"wp:term":[{"taxonomy":"category","embeddable":true,"href":"https:\/\/nld.mirex.gob.do\/consular\/amsterdam\/wp-json\/wp\/v2\/categories?post=2154"},{"taxonomy":"post_tag","embeddable":true,"href":"https:\/\/nld.mirex.gob.do\/consular\/amsterdam\/wp-json\/wp\/v2\/tags?post=2154"}],"curies":[{"name":"wp","href":"https:\/\/api.w.org\/{rel}","templated":true}]}}