{"id":2139,"date":"2015-07-04T16:02:47","date_gmt":"2015-07-04T16:02:47","guid":{"rendered":"https:\/\/www.consuladordholanda.com\/?p=2139"},"modified":"2015-07-04T16:02:47","modified_gmt":"2015-07-04T16:02:47","slug":"folleto-sobre-el-plan-nacional-de-regularizacion-migratoria-de-la-republica-dominicana","status":"publish","type":"post","link":"https:\/\/nld.mirex.gob.do\/consular\/amsterdam\/folleto-sobre-el-plan-nacional-de-regularizacion-migratoria-de-la-republica-dominicana\/","title":{"rendered":"Folleto sobre el Plan Nacional de Regularizaci\u00f3n Migratoria en la Rep\u00fablica Dominicana"},"content":{"rendered":"<p><a href=\"https:\/\/www.consuladordholanda.com\/wp-content\/uploads\/2015\/07\/brochure-regularizacion-corregido-holanda.pdf\"><img fetchpriority=\"high\" decoding=\"async\" class=\"alignnone wp-image-2140 size-full\" src=\"https:\/\/www.consuladordholanda.com\/wp-content\/uploads\/2015\/07\/destacado.png\" alt=\"destacado\" width=\"800\" height=\"300\" \/><\/a><\/p>\n<p>El Consulado General de la Rep\u00fablica Dominicana en \u00c1msterdam est\u00e1 difundiendo un folleto informativo, editado por el Mirex, sobre el Plan Nacional de\u00a0 Regularizaci\u00f3n Migratoria de la Rep\u00fablica Dominicana. La finalidad del mismo es informar a los ciudadanos y ciudadanas Dominicanos\u00a0acerca de la realidad migratoria del pa\u00eds.<\/p>\n<p><a href=\"https:\/\/www.consuladordholanda.com\/wp-content\/uploads\/2015\/07\/brochure-regularizacion-corregido-holanda.pdf\"><img decoding=\"async\" class=\"alignnone wp-image-2148 size-full\" src=\"https:\/\/www.consuladordholanda.com\/wp-content\/uploads\/2015\/07\/folleto-inmigracion-pagina1.png\" alt=\"folleto-inmigracion-pagina\" width=\"800\" height=\"300\" \/><\/a><\/p>\n<p>&nbsp;<\/p>\n<p><strong>Mas informaci\u00f3n:<\/strong><\/p>\n<ul>\n<li><a href=\"https:\/\/www.consuladordholanda.com\/discurso-del-presidente-danilo-medina-en-la-xlv-cumbre-sica-2015-guatemala\/\">Discurso del Presidente Danilo Medina, en la XLV Cumbre SICA 2015, Guatemala.<\/a><\/li>\n<li><a href=\"https:\/\/www.consuladordholanda.com\/cancilleria-continua-estrategia-mundial-de-comunicacion-de-los-resultados-de-la-politica-migratoria-del-gobierno-dominicano\/\">Canciller\u00eda contin\u00faa estrategia mundial de comunicaci\u00f3n de los resultados de la pol\u00edtica migratoria del gobierno dominicano<\/a><\/li>\n<li><a href=\"https:\/\/www.consuladordholanda.com\/canciller-navarro-reune-24-embajadores-dominicanos-acreditados-en-europa-medio-oriente-y-africa-para-que-continuen-exponiendo-a-la-comunidad-internacional-la-politica-migratoria-de-republica-domini\/\">Canciller Navarro re\u00fane 24 embajadores dominicanos acreditados en Europa, Medio Oriente y \u00c1frica<\/a><\/li>\n<li><a href=\"https:\/\/www.consuladordholanda.com\/canciller-navarro-aboga-ante-consejo-permanente-de-la-oea-para-que-comunidad-internacional-conozca-resultados-reales-del-plan-nacional-de-regularizacion-de-extranjeros\/\">Canciller Navarro aboga ante Consejo Permanente de la OEA para que comunidad internacional conozca resultados reales del Plan Nacional de Regularizaci\u00f3n de Extranjeros<\/a><\/li>\n<\/ul>\n<p>&nbsp;<\/p>\n","protected":false},"excerpt":{"rendered":"<p>El Consulado General de la Rep\u00fablica Dominicana en \u00c1msterdam est\u00e1 difundiendo un folleto informativo, editado por el Mirex, sobre el Plan Nacional de\u00a0 Regularizaci\u00f3n Migratoria de la Rep\u00fablica Dominicana. La finalidad del mismo es informar a los ciudadanos y ciudadanas Dominicanos\u00a0acerca de la realidad migratoria del pa\u00eds. &nbsp; Mas informaci\u00f3n: Discurso del Presidente Danilo Medina, [&hellip;]<\/p>\n","protected":false},"author":8,"featured_media":2143,"comment_status":"closed","ping_status":"open","sticky":false,"template":"","format":"standard","meta":{"site-sidebar-layout":"default","site-content-layout":"","ast-site-content-layout":"default","site-content-style":"default","site-sidebar-style":"default","ast-global-header-display":"","ast-banner-title-visibility":"","ast-main-header-display":"","ast-hfb-above-header-display":"","ast-hfb-below-header-display":"","ast-hfb-mobile-header-display":"","site-post-title":"","ast-breadcrumbs-content":"","ast-featured-img":"","footer-sml-layout":"","ast-disable-related-posts":"","theme-transparent-header-meta":"","adv-header-id-meta":"","stick-header-meta":"","header-above-stick-meta":"","header-main-stick-meta":"","header-below-stick-meta":"","astra-migrate-meta-layouts":"default","ast-page-background-enabled":"default","ast-page-background-meta":{"desktop":{"background-color":"","background-image":"","background-repeat":"repeat","background-position":"center center","background-size":"auto","background-attachment":"scroll","background-type":"","background-media":"","overlay-type":"","overlay-color":"","overlay-opacity":"","overlay-gradient":""},"tablet":{"background-color":"","background-image":"","background-repeat":"repeat","background-position":"center center","background-size":"auto","background-attachment":"scroll","background-type":"","background-media":"","overlay-type":"","overlay-color":"","overlay-opacity":"","overlay-gradient":""},"mobile":{"background-color":"","background-image":"","background-repeat":"repeat","background-position":"center center","background-size":"auto","background-attachment":"scroll","background-type":"","background-media":"","overlay-type":"","overlay-color":"","overlay-opacity":"","overlay-gradient":""}},"ast-content-background-meta":{"desktop":{"background-color":"var(--ast-global-color-5)","background-image":"","background-repeat":"repeat","background-position":"center center","background-size":"auto","background-attachment":"scroll","background-type":"","background-media":"","overlay-type":"","overlay-color":"","overlay-opacity":"","overlay-gradient":""},"tablet":{"background-color":"var(--ast-global-color-5)","background-image":"","background-repeat":"repeat","background-position":"center center","background-size":"auto","background-attachment":"scroll","background-type":"","background-media":"","overlay-type":"","overlay-color":"","overlay-opacity":"","overlay-gradient":""},"mobile":{"background-color":"var(--ast-global-color-5)","background-image":"","background-repeat":"repeat","background-position":"center center","background-size":"auto","background-attachment":"scroll","background-type":"","background-media":"","overlay-type":"","overlay-color":"","overlay-opacity":"","overlay-gradient":""}},"footnotes":""},"categories":[292,66,294],"tags":[287,298,293],"class_list":["post-2139","post","type-post","status-publish","format-standard","has-post-thumbnail","hentry","category-inmigracion","category-novedades","category-plan-nacional-de-regularizacion-migratoria","tag-plan-nacional-de-regularizacion-migratoria","tag-folleto","tag-inmigracion"],"yoast_head":"<!-- This site is optimized with the Yoast SEO plugin v27.4 - https:\/\/yoast.com\/product\/yoast-seo-wordpress\/ -->\n<title>Folleto sobre el Plan Nacional de Regularizaci\u00f3n Migratoria en la Rep\u00fablica Dominicana - Consulado General de la Rep\u00fablica Dominicana en La Haya, Reino de los Pa\u00edses Bajos<\/title>\n<meta name=\"description\" content=\"Folleto sobre el Plan Nacional de Regularizaci\u00f3n Migratoria de la Rep\u00fablica Dominicana\" \/>\n<meta name=\"robots\" content=\"index, follow, max-snippet:-1, max-image-preview:large, max-video-preview:-1\" \/>\n<link rel=\"canonical\" href=\"https:\/\/nld.mirex.gob.do\/consular\/amsterdam\/folleto-sobre-el-plan-nacional-de-regularizacion-migratoria-de-la-republica-dominicana\/\" \/>\n<meta property=\"og:locale\" content=\"en_US\" \/>\n<meta property=\"og:type\" content=\"article\" \/>\n<meta property=\"og:title\" content=\"Folleto sobre el Plan Nacional de Regularizaci\u00f3n Migratoria en la Rep\u00fablica Dominicana - Consulado General de la Rep\u00fablica Dominicana en La Haya, Reino de los Pa\u00edses Bajos\" \/>\n<meta property=\"og:description\" content=\"Folleto sobre el Plan Nacional de Regularizaci\u00f3n Migratoria de la Rep\u00fablica Dominicana\" \/>\n<meta property=\"og:url\" content=\"https:\/\/nld.mirex.gob.do\/consular\/amsterdam\/folleto-sobre-el-plan-nacional-de-regularizacion-migratoria-de-la-republica-dominicana\/\" \/>\n<meta property=\"og:site_name\" content=\"Consulado General de la Rep\u00fablica Dominicana en La Haya, Reino de los Pa\u00edses Bajos\" \/>\n<meta property=\"article:published_time\" content=\"2015-07-04T16:02:47+00:00\" \/>\n<meta name=\"author\" content=\"Michael Antonio Melo Andujar\" \/>\n<meta name=\"twitter:card\" content=\"summary_large_image\" \/>\n<meta name=\"twitter:label1\" content=\"Written by\" \/>\n\t<meta name=\"twitter:data1\" content=\"Michael Antonio Melo Andujar\" \/>\n\t<meta name=\"twitter:label2\" content=\"Est. reading time\" \/>\n\t<meta name=\"twitter:data2\" content=\"1 minute\" \/>\n<script type=\"application\/ld+json\" class=\"yoast-schema-graph\">{\"@context\":\"https:\\\/\\\/schema.org\",\"@graph\":[{\"@type\":\"Article\",\"@id\":\"https:\\\/\\\/nld.mirex.gob.do\\\/consular\\\/amsterdam\\\/folleto-sobre-el-plan-nacional-de-regularizacion-migratoria-de-la-republica-dominicana\\\/#article\",\"isPartOf\":{\"@id\":\"https:\\\/\\\/nld.mirex.gob.do\\\/consular\\\/amsterdam\\\/folleto-sobre-el-plan-nacional-de-regularizacion-migratoria-de-la-republica-dominicana\\\/\"},\"author\":{\"name\":\"Michael Antonio Melo Andujar\",\"@id\":\"https:\\\/\\\/nld.mirex.gob.do\\\/consular\\\/amsterdam\\\/#\\\/schema\\\/person\\\/772a9951ade6a7e4ab978b618b619ff8\"},\"headline\":\"Folleto sobre el Plan Nacional de Regularizaci\u00f3n Migratoria en la Rep\u00fablica Dominicana\",\"datePublished\":\"2015-07-04T16:02:47+00:00\",\"mainEntityOfPage\":{\"@id\":\"https:\\\/\\\/nld.mirex.gob.do\\\/consular\\\/amsterdam\\\/folleto-sobre-el-plan-nacional-de-regularizacion-migratoria-de-la-republica-dominicana\\\/\"},\"wordCount\":139,\"publisher\":{\"@id\":\"https:\\\/\\\/nld.mirex.gob.do\\\/consular\\\/amsterdam\\\/#organization\"},\"image\":{\"@id\":\"https:\\\/\\\/nld.mirex.gob.do\\\/consular\\\/amsterdam\\\/folleto-sobre-el-plan-nacional-de-regularizacion-migratoria-de-la-republica-dominicana\\\/#primaryimage\"},\"thumbnailUrl\":\"\",\"keywords\":[\"\\\"Plan Nacional de Regularizaci\u00f3n Migratoria\\\"\",\"Folleto\",\"Inmigraci\u00f3n\"],\"articleSection\":[\"Inmigraci\u00f3n\",\"Novedades\",\"Plan Nacional de Regularizaci\u00f3n Migratoria\"],\"inLanguage\":\"en-US\"},{\"@type\":\"WebPage\",\"@id\":\"https:\\\/\\\/nld.mirex.gob.do\\\/consular\\\/amsterdam\\\/folleto-sobre-el-plan-nacional-de-regularizacion-migratoria-de-la-republica-dominicana\\\/\",\"url\":\"https:\\\/\\\/nld.mirex.gob.do\\\/consular\\\/amsterdam\\\/folleto-sobre-el-plan-nacional-de-regularizacion-migratoria-de-la-republica-dominicana\\\/\",\"name\":\"Folleto sobre el Plan Nacional de Regularizaci\u00f3n Migratoria en la Rep\u00fablica Dominicana - Consulado General de la Rep\u00fablica Dominicana en La Haya, Reino de los Pa\u00edses Bajos\",\"isPartOf\":{\"@id\":\"https:\\\/\\\/nld.mirex.gob.do\\\/consular\\\/amsterdam\\\/#website\"},\"primaryImageOfPage\":{\"@id\":\"https:\\\/\\\/nld.mirex.gob.do\\\/consular\\\/amsterdam\\\/folleto-sobre-el-plan-nacional-de-regularizacion-migratoria-de-la-republica-dominicana\\\/#primaryimage\"},\"image\":{\"@id\":\"https:\\\/\\\/nld.mirex.gob.do\\\/consular\\\/amsterdam\\\/folleto-sobre-el-plan-nacional-de-regularizacion-migratoria-de-la-republica-dominicana\\\/#primaryimage\"},\"thumbnailUrl\":\"\",\"datePublished\":\"2015-07-04T16:02:47+00:00\",\"description\":\"Folleto sobre el Plan Nacional de Regularizaci\u00f3n Migratoria de la Rep\u00fablica Dominicana\",\"breadcrumb\":{\"@id\":\"https:\\\/\\\/nld.mirex.gob.do\\\/consular\\\/amsterdam\\\/folleto-sobre-el-plan-nacional-de-regularizacion-migratoria-de-la-republica-dominicana\\\/#breadcrumb\"},\"inLanguage\":\"en-US\",\"potentialAction\":[{\"@type\":\"ReadAction\",\"target\":[\"https:\\\/\\\/nld.mirex.gob.do\\\/consular\\\/amsterdam\\\/folleto-sobre-el-plan-nacional-de-regularizacion-migratoria-de-la-republica-dominicana\\\/\"]}]},{\"@type\":\"ImageObject\",\"inLanguage\":\"en-US\",\"@id\":\"https:\\\/\\\/nld.mirex.gob.do\\\/consular\\\/amsterdam\\\/folleto-sobre-el-plan-nacional-de-regularizacion-migratoria-de-la-republica-dominicana\\\/#primaryimage\",\"url\":\"\",\"contentUrl\":\"\"},{\"@type\":\"BreadcrumbList\",\"@id\":\"https:\\\/\\\/nld.mirex.gob.do\\\/consular\\\/amsterdam\\\/folleto-sobre-el-plan-nacional-de-regularizacion-migratoria-de-la-republica-dominicana\\\/#breadcrumb\",\"itemListElement\":[{\"@type\":\"ListItem\",\"position\":1,\"name\":\"Inicio\",\"item\":\"https:\\\/\\\/nld.mirex.gob.do\\\/consular\\\/amsterdam\\\/\"},{\"@type\":\"ListItem\",\"position\":2,\"name\":\"Folleto sobre el Plan Nacional de Regularizaci\u00f3n Migratoria en la Rep\u00fablica Dominicana\"}]},{\"@type\":\"WebSite\",\"@id\":\"https:\\\/\\\/nld.mirex.gob.do\\\/consular\\\/amsterdam\\\/#website\",\"url\":\"https:\\\/\\\/nld.mirex.gob.do\\\/consular\\\/amsterdam\\\/\",\"name\":\"Consulado General de la Rep\u00fablica Dominicana en La Haya, Reino de los Pa\u00edses Bajos\",\"description\":\"\",\"publisher\":{\"@id\":\"https:\\\/\\\/nld.mirex.gob.do\\\/consular\\\/amsterdam\\\/#organization\"},\"potentialAction\":[{\"@type\":\"SearchAction\",\"target\":{\"@type\":\"EntryPoint\",\"urlTemplate\":\"https:\\\/\\\/nld.mirex.gob.do\\\/consular\\\/amsterdam\\\/?s={search_term_string}\"},\"query-input\":{\"@type\":\"PropertyValueSpecification\",\"valueRequired\":true,\"valueName\":\"search_term_string\"}}],\"inLanguage\":\"en-US\"},{\"@type\":\"Organization\",\"@id\":\"https:\\\/\\\/nld.mirex.gob.do\\\/consular\\\/amsterdam\\\/#organization\",\"name\":\"Consulado General de la Rep\u00fablica Dominicana en La Haya, Reino de los Pa\u00edses Bajos\",\"url\":\"https:\\\/\\\/nld.mirex.gob.do\\\/consular\\\/amsterdam\\\/\",\"logo\":{\"@type\":\"ImageObject\",\"inLanguage\":\"en-US\",\"@id\":\"https:\\\/\\\/nld.mirex.gob.do\\\/consular\\\/amsterdam\\\/#\\\/schema\\\/logo\\\/image\\\/\",\"url\":\"https:\\\/\\\/nld.mirex.gob.do\\\/consular\\\/amsterdam\\\/wp-content\\\/uploads\\\/2024\\\/04\\\/cropped-consulado_la_haya_reinode_los_Paises_Bajos.jpg\",\"contentUrl\":\"https:\\\/\\\/nld.mirex.gob.do\\\/consular\\\/amsterdam\\\/wp-content\\\/uploads\\\/2024\\\/04\\\/cropped-consulado_la_haya_reinode_los_Paises_Bajos.jpg\",\"width\":999,\"height\":407,\"caption\":\"Consulado General de la Rep\u00fablica Dominicana en La Haya, Reino de los Pa\u00edses Bajos\"},\"image\":{\"@id\":\"https:\\\/\\\/nld.mirex.gob.do\\\/consular\\\/amsterdam\\\/#\\\/schema\\\/logo\\\/image\\\/\"}},{\"@type\":\"Person\",\"@id\":\"https:\\\/\\\/nld.mirex.gob.do\\\/consular\\\/amsterdam\\\/#\\\/schema\\\/person\\\/772a9951ade6a7e4ab978b618b619ff8\",\"name\":\"Michael Antonio Melo Andujar\",\"image\":{\"@type\":\"ImageObject\",\"inLanguage\":\"en-US\",\"@id\":\"https:\\\/\\\/secure.gravatar.com\\\/avatar\\\/f8862d24b6945a30d30c9727ef9dfcd533ee25a18a27afc92991446aeb0e652d?s=96&d=mm&r=g\",\"url\":\"https:\\\/\\\/secure.gravatar.com\\\/avatar\\\/f8862d24b6945a30d30c9727ef9dfcd533ee25a18a27afc92991446aeb0e652d?s=96&d=mm&r=g\",\"contentUrl\":\"https:\\\/\\\/secure.gravatar.com\\\/avatar\\\/f8862d24b6945a30d30c9727ef9dfcd533ee25a18a27afc92991446aeb0e652d?s=96&d=mm&r=g\",\"caption\":\"Michael Antonio Melo Andujar\"}}]}<\/script>\n<!-- \/ Yoast SEO plugin. -->","yoast_head_json":{"title":"Folleto sobre el Plan Nacional de Regularizaci\u00f3n Migratoria en la Rep\u00fablica Dominicana - Consulado General de la Rep\u00fablica Dominicana en La Haya, Reino de los Pa\u00edses Bajos","description":"Folleto sobre el Plan Nacional de Regularizaci\u00f3n Migratoria de la Rep\u00fablica Dominicana","robots":{"index":"index","follow":"follow","max-snippet":"max-snippet:-1","max-image-preview":"max-image-preview:large","max-video-preview":"max-video-preview:-1"},"canonical":"https:\/\/nld.mirex.gob.do\/consular\/amsterdam\/folleto-sobre-el-plan-nacional-de-regularizacion-migratoria-de-la-republica-dominicana\/","og_locale":"en_US","og_type":"article","og_title":"Folleto sobre el Plan Nacional de Regularizaci\u00f3n Migratoria en la Rep\u00fablica Dominicana - Consulado General de la Rep\u00fablica Dominicana en La Haya, Reino de los Pa\u00edses Bajos","og_description":"Folleto sobre el Plan Nacional de Regularizaci\u00f3n Migratoria de la Rep\u00fablica Dominicana","og_url":"https:\/\/nld.mirex.gob.do\/consular\/amsterdam\/folleto-sobre-el-plan-nacional-de-regularizacion-migratoria-de-la-republica-dominicana\/","og_site_name":"Consulado General de la Rep\u00fablica Dominicana en La Haya, Reino de los Pa\u00edses Bajos","article_published_time":"2015-07-04T16:02:47+00:00","author":"Michael Antonio Melo Andujar","twitter_card":"summary_large_image","twitter_misc":{"Written by":"Michael Antonio Melo Andujar","Est. reading time":"1 minute"},"schema":{"@context":"https:\/\/schema.org","@graph":[{"@type":"Article","@id":"https:\/\/nld.mirex.gob.do\/consular\/amsterdam\/folleto-sobre-el-plan-nacional-de-regularizacion-migratoria-de-la-republica-dominicana\/#article","isPartOf":{"@id":"https:\/\/nld.mirex.gob.do\/consular\/amsterdam\/folleto-sobre-el-plan-nacional-de-regularizacion-migratoria-de-la-republica-dominicana\/"},"author":{"name":"Michael Antonio Melo Andujar","@id":"https:\/\/nld.mirex.gob.do\/consular\/amsterdam\/#\/schema\/person\/772a9951ade6a7e4ab978b618b619ff8"},"headline":"Folleto sobre el Plan Nacional de Regularizaci\u00f3n Migratoria en la Rep\u00fablica Dominicana","datePublished":"2015-07-04T16:02:47+00:00","mainEntityOfPage":{"@id":"https:\/\/nld.mirex.gob.do\/consular\/amsterdam\/folleto-sobre-el-plan-nacional-de-regularizacion-migratoria-de-la-republica-dominicana\/"},"wordCount":139,"publisher":{"@id":"https:\/\/nld.mirex.gob.do\/consular\/amsterdam\/#organization"},"image":{"@id":"https:\/\/nld.mirex.gob.do\/consular\/amsterdam\/folleto-sobre-el-plan-nacional-de-regularizacion-migratoria-de-la-republica-dominicana\/#primaryimage"},"thumbnailUrl":"","keywords":["\"Plan Nacional de Regularizaci\u00f3n Migratoria\"","Folleto","Inmigraci\u00f3n"],"articleSection":["Inmigraci\u00f3n","Novedades","Plan Nacional de Regularizaci\u00f3n Migratoria"],"inLanguage":"en-US"},{"@type":"WebPage","@id":"https:\/\/nld.mirex.gob.do\/consular\/amsterdam\/folleto-sobre-el-plan-nacional-de-regularizacion-migratoria-de-la-republica-dominicana\/","url":"https:\/\/nld.mirex.gob.do\/consular\/amsterdam\/folleto-sobre-el-plan-nacional-de-regularizacion-migratoria-de-la-republica-dominicana\/","name":"Folleto sobre el Plan Nacional de Regularizaci\u00f3n Migratoria en la Rep\u00fablica Dominicana - Consulado General de la Rep\u00fablica Dominicana en La Haya, Reino de los Pa\u00edses Bajos","isPartOf":{"@id":"https:\/\/nld.mirex.gob.do\/consular\/amsterdam\/#website"},"primaryImageOfPage":{"@id":"https:\/\/nld.mirex.gob.do\/consular\/amsterdam\/folleto-sobre-el-plan-nacional-de-regularizacion-migratoria-de-la-republica-dominicana\/#primaryimage"},"image":{"@id":"https:\/\/nld.mirex.gob.do\/consular\/amsterdam\/folleto-sobre-el-plan-nacional-de-regularizacion-migratoria-de-la-republica-dominicana\/#primaryimage"},"thumbnailUrl":"","datePublished":"2015-07-04T16:02:47+00:00","description":"Folleto sobre el Plan Nacional de Regularizaci\u00f3n Migratoria de la Rep\u00fablica Dominicana","breadcrumb":{"@id":"https:\/\/nld.mirex.gob.do\/consular\/amsterdam\/folleto-sobre-el-plan-nacional-de-regularizacion-migratoria-de-la-republica-dominicana\/#breadcrumb"},"inLanguage":"en-US","potentialAction":[{"@type":"ReadAction","target":["https:\/\/nld.mirex.gob.do\/consular\/amsterdam\/folleto-sobre-el-plan-nacional-de-regularizacion-migratoria-de-la-republica-dominicana\/"]}]},{"@type":"ImageObject","inLanguage":"en-US","@id":"https:\/\/nld.mirex.gob.do\/consular\/amsterdam\/folleto-sobre-el-plan-nacional-de-regularizacion-migratoria-de-la-republica-dominicana\/#primaryimage","url":"","contentUrl":""},{"@type":"BreadcrumbList","@id":"https:\/\/nld.mirex.gob.do\/consular\/amsterdam\/folleto-sobre-el-plan-nacional-de-regularizacion-migratoria-de-la-republica-dominicana\/#breadcrumb","itemListElement":[{"@type":"ListItem","position":1,"name":"Inicio","item":"https:\/\/nld.mirex.gob.do\/consular\/amsterdam\/"},{"@type":"ListItem","position":2,"name":"Folleto sobre el Plan Nacional de Regularizaci\u00f3n Migratoria en la Rep\u00fablica Dominicana"}]},{"@type":"WebSite","@id":"https:\/\/nld.mirex.gob.do\/consular\/amsterdam\/#website","url":"https:\/\/nld.mirex.gob.do\/consular\/amsterdam\/","name":"Consulado General de la Rep\u00fablica Dominicana en La Haya, Reino de los Pa\u00edses Bajos","description":"","publisher":{"@id":"https:\/\/nld.mirex.gob.do\/consular\/amsterdam\/#organization"},"potentialAction":[{"@type":"SearchAction","target":{"@type":"EntryPoint","urlTemplate":"https:\/\/nld.mirex.gob.do\/consular\/amsterdam\/?s={search_term_string}"},"query-input":{"@type":"PropertyValueSpecification","valueRequired":true,"valueName":"search_term_string"}}],"inLanguage":"en-US"},{"@type":"Organization","@id":"https:\/\/nld.mirex.gob.do\/consular\/amsterdam\/#organization","name":"Consulado General de la Rep\u00fablica Dominicana en La Haya, Reino de los Pa\u00edses Bajos","url":"https:\/\/nld.mirex.gob.do\/consular\/amsterdam\/","logo":{"@type":"ImageObject","inLanguage":"en-US","@id":"https:\/\/nld.mirex.gob.do\/consular\/amsterdam\/#\/schema\/logo\/image\/","url":"https:\/\/nld.mirex.gob.do\/consular\/amsterdam\/wp-content\/uploads\/2024\/04\/cropped-consulado_la_haya_reinode_los_Paises_Bajos.jpg","contentUrl":"https:\/\/nld.mirex.gob.do\/consular\/amsterdam\/wp-content\/uploads\/2024\/04\/cropped-consulado_la_haya_reinode_los_Paises_Bajos.jpg","width":999,"height":407,"caption":"Consulado General de la Rep\u00fablica Dominicana en La Haya, Reino de los Pa\u00edses Bajos"},"image":{"@id":"https:\/\/nld.mirex.gob.do\/consular\/amsterdam\/#\/schema\/logo\/image\/"}},{"@type":"Person","@id":"https:\/\/nld.mirex.gob.do\/consular\/amsterdam\/#\/schema\/person\/772a9951ade6a7e4ab978b618b619ff8","name":"Michael Antonio Melo Andujar","image":{"@type":"ImageObject","inLanguage":"en-US","@id":"https:\/\/secure.gravatar.com\/avatar\/f8862d24b6945a30d30c9727ef9dfcd533ee25a18a27afc92991446aeb0e652d?s=96&d=mm&r=g","url":"https:\/\/secure.gravatar.com\/avatar\/f8862d24b6945a30d30c9727ef9dfcd533ee25a18a27afc92991446aeb0e652d?s=96&d=mm&r=g","contentUrl":"https:\/\/secure.gravatar.com\/avatar\/f8862d24b6945a30d30c9727ef9dfcd533ee25a18a27afc92991446aeb0e652d?s=96&d=mm&r=g","caption":"Michael Antonio Melo Andujar"}}]}},"_links":{"self":[{"href":"https:\/\/nld.mirex.gob.do\/consular\/amsterdam\/wp-json\/wp\/v2\/posts\/2139","targetHints":{"allow":["GET"]}}],"collection":[{"href":"https:\/\/nld.mirex.gob.do\/consular\/amsterdam\/wp-json\/wp\/v2\/posts"}],"about":[{"href":"https:\/\/nld.mirex.gob.do\/consular\/amsterdam\/wp-json\/wp\/v2\/types\/post"}],"author":[{"embeddable":true,"href":"https:\/\/nld.mirex.gob.do\/consular\/amsterdam\/wp-json\/wp\/v2\/users\/8"}],"replies":[{"embeddable":true,"href":"https:\/\/nld.mirex.gob.do\/consular\/amsterdam\/wp-json\/wp\/v2\/comments?post=2139"}],"version-history":[{"count":0,"href":"https:\/\/nld.mirex.gob.do\/consular\/amsterdam\/wp-json\/wp\/v2\/posts\/2139\/revisions"}],"wp:featuredmedia":[{"embeddable":true,"href":"https:\/\/nld.mirex.gob.do\/consular\/amsterdam\/wp-json\/"}],"wp:attachment":[{"href":"https:\/\/nld.mirex.gob.do\/consular\/amsterdam\/wp-json\/wp\/v2\/media?parent=2139"}],"wp:term":[{"taxonomy":"category","embeddable":true,"href":"https:\/\/nld.mirex.gob.do\/consular\/amsterdam\/wp-json\/wp\/v2\/categories?post=2139"},{"taxonomy":"post_tag","embeddable":true,"href":"https:\/\/nld.mirex.gob.do\/consular\/amsterdam\/wp-json\/wp\/v2\/tags?post=2139"}],"curies":[{"name":"wp","href":"https:\/\/api.w.org\/{rel}","templated":true}]}}