{"id":1929,"date":"2015-05-22T20:09:04","date_gmt":"2015-05-22T20:09:04","guid":{"rendered":"https:\/\/www.consuladordholanda.com\/?p=1929"},"modified":"2015-05-22T20:09:04","modified_gmt":"2015-05-22T20:09:04","slug":"oficinas-ministerio-turismo-en-europa","status":"publish","type":"post","link":"https:\/\/nld.mirex.gob.do\/consular\/amsterdam\/oficinas-ministerio-turismo-en-europa\/","title":{"rendered":"Oficinas del Ministerio de Turismo Dominicano en Europa"},"content":{"rendered":"<p>Oficinas del Ministerio de Turismo Dominicano en Europa<\/p>\n<p>&nbsp;<\/p>\n<div class=\"jspPane\">\n<h2>PAR\u00cdS, FRANCIA<\/h2>\n<p>Directora: Mercedes Castillo<br \/>\nDirecci\u00f3n: 22, rue du 4 septembre<br \/>\n75002 Paris, Francia<br \/>\nTel\u00e9fono: 33-1-4312-9191<br \/>\nFax: 33-1-4494-0880<br \/>\nEmail:\u00a0<a href=\"mailto:france@godominicanrepublic.com\">france@godominicanrepublic.com<\/a><\/p>\n<h2>FRANKFURT, ALEMANIA<\/h2>\n<p>Directora: Petra Cruz<br \/>\nDirecci\u00f3n: Hochstrasse 54<br \/>\n60313 Frankfurt, Alemania<br \/>\nTel\u00e9fono: 49-69-9139-7878<br \/>\nFax: 49-69-283430<br \/>\nEmail:\u00a0<a href=\"mailto:germany@godominicanrepublic.com\">germany@godominicanrepublic.com<br \/>\n<\/a>* Alemania, Austria y Suiza<\/p>\n<h2>ESTOCOLMO, SUECIA<\/h2>\n<p>Directora: Patricia Polanco de Olmos<br \/>\nDirecci\u00f3n: Kungsgatan 37<br \/>\n111 56 Estocolmo, Suecia<br \/>\nTel\u00e9fono: 46-8-120-205-37<br \/>\nFax: 46-8-120-205-39<br \/>\nEmail:\u00a0<a href=\"mailto:scandinavia@godominicanrepublic.com\">scandinavia@godominicanrepublic.com<br \/>\n<\/a>* Suecia, Dinamarca, Noruega, Finlandia e Islandia<\/p>\n<h2>LONDRES, REINO UNIDO<\/h2>\n<p>Directora: Sabrina Cambiaso<br \/>\nDirecci\u00f3n: 18-21 Hand Court<br \/>\nLondres, WC1V 6JF<br \/>\nReino Unido<br \/>\nTel\u00e9fono: 44-20 72427778<br \/>\nFax: 44-20 74054202<br \/>\nEmail:\u00a0<a href=\"mailto:uk@godominicanrepublic.com\">uk@godominicanrepublic.com<br \/>\n<\/a>* Inglaterra, Escocia, Irlanda y Gales<\/p>\n<h2>MADRID, ESPA\u00d1A<\/h2>\n<p>Direcci\u00f3n: Serrano, 114 2\u00ba Ext. Izq.<br \/>\n28006.<br \/>\nMadrid, Espa\u00f1a<br \/>\nTel\u00e9fono: 34-91-417-7375<br \/>\nFax: 34-91-598-0025<br \/>\nEmail:\u00a0<a href=\"mailto:espana@godominicanrepublic.com\">espana@godominicanrepublic.com<br \/>\n<\/a>* Espa\u00f1a y Portugal<\/p>\n<h2>BRUSELAS, B\u00c9LGICA<\/h2>\n<p>Directora: Samanda Fersobe<br \/>\nDirecci\u00f3n: Avenue Lloyd George 10 Lloyd Georgelaan,<br \/>\nBrussel 1000 Bruselas, B\u00e9lgica<br \/>\nTel\u00e9fono: 32-2-646-1300<br \/>\nFax: 32-2-649-3692<br \/>\nEmail:\u00a0<a href=\"mailto:benelux@godominicanrepublic.com\">benelux@godominicanrepublic.com<br \/>\n<\/a>* B\u00e9lgica, Holanda y Luxemburgo<\/p>\n<h2>MIL\u00c1N, ITALIA<\/h2>\n<p>Directora: Neyda Garc\u00eda<br \/>\nDirecci\u00f3n: 25 Piazza Castello<br \/>\n20121 Milano, Italia<br \/>\nTel\u00e9fono: 39-02-805-7781<br \/>\nFax: 39-02-865-861<br \/>\nEmail:\u00a0<a href=\"mailto:enteturismo.repdom@gmail.com\">enteturismo.repdom@gmail.com<br \/>\n<\/a>* Italia y el Cant\u00f3n Suizo Italiano<\/p>\n<h2>MOSC\u00da, RUSIA<\/h2>\n<p>Directora: Galina Lyssenko<br \/>\nDirecci\u00f3n: Krasnoproletarskaya ul., 9, ed. 2<br \/>\nMosc\u00fa, Rusia, 127006<br \/>\nTel\u00e9fono: +7-499-530-1158<br \/>\nEmail: <a href=\"mailto:russia@godominicanrepublic.com\">russia@godominicanrepublic.com<br \/>\n<\/a>* Rusia, Ucrania y los pa\u00edses de CIS (\u201cCommonwealth of Independent States\u201d)<\/p>\n<h2>PRAGA, REP\u00daBLICA CHECA<\/h2>\n<p>Directora: Berquis Boasier Budecker<br \/>\nDirecci\u00f3n: \u0160t\u011bp\u00e1nsk\u00e1 611\/14<br \/>\nCZ-110 00 Praga1<br \/>\nRep\u00fablica Checa<br \/>\nTel\u00e9fono: 420-222-231-078<br \/>\nFax: 420-222-231-096<br \/>\nEmail:\u00a0<a href=\"mailto:prague@godominicanrepublic.com\">prague@godominicanrepublic.com<br \/>\n<\/a>* Rep\u00fablica Checa, Polonia, Hungr\u00eda, Eslovaquia, Rumania y Eslovenia<\/p>\n<\/div>\n","protected":false},"excerpt":{"rendered":"<p>Oficinas del Ministerio de Turismo Dominicano en Europa &nbsp; PAR\u00cdS, FRANCIA Directora: Mercedes Castillo Direcci\u00f3n: 22, rue du 4 septembre 75002 Paris, Francia Tel\u00e9fono: 33-1-4312-9191 Fax: 33-1-4494-0880 Email:\u00a0france@godominicanrepublic.com FRANKFURT, ALEMANIA Directora: Petra Cruz Direcci\u00f3n: Hochstrasse 54 60313 Frankfurt, Alemania Tel\u00e9fono: 49-69-9139-7878 Fax: 49-69-283430 Email:\u00a0germany@godominicanrepublic.com * Alemania, Austria y Suiza ESTOCOLMO, SUECIA Directora: Patricia Polanco de [&hellip;]<\/p>\n","protected":false},"author":8,"featured_media":1934,"comment_status":"closed","ping_status":"open","sticky":false,"template":"","format":"standard","meta":{"site-sidebar-layout":"default","site-content-layout":"","ast-site-content-layout":"default","site-content-style":"default","site-sidebar-style":"default","ast-global-header-display":"","ast-banner-title-visibility":"","ast-main-header-display":"","ast-hfb-above-header-display":"","ast-hfb-below-header-display":"","ast-hfb-mobile-header-display":"","site-post-title":"","ast-breadcrumbs-content":"","ast-featured-img":"","footer-sml-layout":"","ast-disable-related-posts":"","theme-transparent-header-meta":"","adv-header-id-meta":"","stick-header-meta":"","header-above-stick-meta":"","header-main-stick-meta":"","header-below-stick-meta":"","astra-migrate-meta-layouts":"default","ast-page-background-enabled":"default","ast-page-background-meta":{"desktop":{"background-color":"","background-image":"","background-repeat":"repeat","background-position":"center center","background-size":"auto","background-attachment":"scroll","background-type":"","background-media":"","overlay-type":"","overlay-color":"","overlay-opacity":"","overlay-gradient":""},"tablet":{"background-color":"","background-image":"","background-repeat":"repeat","background-position":"center center","background-size":"auto","background-attachment":"scroll","background-type":"","background-media":"","overlay-type":"","overlay-color":"","overlay-opacity":"","overlay-gradient":""},"mobile":{"background-color":"","background-image":"","background-repeat":"repeat","background-position":"center center","background-size":"auto","background-attachment":"scroll","background-type":"","background-media":"","overlay-type":"","overlay-color":"","overlay-opacity":"","overlay-gradient":""}},"ast-content-background-meta":{"desktop":{"background-color":"var(--ast-global-color-5)","background-image":"","background-repeat":"repeat","background-position":"center center","background-size":"auto","background-attachment":"scroll","background-type":"","background-media":"","overlay-type":"","overlay-color":"","overlay-opacity":"","overlay-gradient":""},"tablet":{"background-color":"var(--ast-global-color-5)","background-image":"","background-repeat":"repeat","background-position":"center center","background-size":"auto","background-attachment":"scroll","background-type":"","background-media":"","overlay-type":"","overlay-color":"","overlay-opacity":"","overlay-gradient":""},"mobile":{"background-color":"var(--ast-global-color-5)","background-image":"","background-repeat":"repeat","background-position":"center center","background-size":"auto","background-attachment":"scroll","background-type":"","background-media":"","overlay-type":"","overlay-color":"","overlay-opacity":"","overlay-gradient":""}},"footnotes":""},"categories":[244,246],"tags":[43,274,247,248],"class_list":["post-1929","post","type-post","status-publish","format-standard","has-post-thumbnail","hentry","category-enlaces","category-turismo","tag-consulado-general-de-la-republica-dominicana-en-amsterdam","tag-ministerio-de-turismo","tag-turismo","tag-viajar"],"yoast_head":"<!-- This site is optimized with the Yoast SEO plugin v27.4 - https:\/\/yoast.com\/product\/yoast-seo-wordpress\/ -->\n<title>Oficinas del Ministerio de Turismo Dominicano en Europa - Consulado General de la Rep\u00fablica Dominicana en La Haya, Reino de los Pa\u00edses Bajos<\/title>\n<meta name=\"description\" content=\"Oficinas del Ministerio de Turismo Dominicano en Europa\" \/>\n<meta name=\"robots\" content=\"index, follow, max-snippet:-1, max-image-preview:large, max-video-preview:-1\" \/>\n<link rel=\"canonical\" href=\"https:\/\/nld.mirex.gob.do\/consular\/amsterdam\/oficinas-ministerio-turismo-en-europa\/\" \/>\n<meta property=\"og:locale\" content=\"en_US\" \/>\n<meta property=\"og:type\" content=\"article\" \/>\n<meta property=\"og:title\" content=\"Oficinas del Ministerio de Turismo Dominicano en Europa - Consulado General de la Rep\u00fablica Dominicana en La Haya, Reino de los Pa\u00edses Bajos\" \/>\n<meta property=\"og:description\" content=\"Oficinas del Ministerio de Turismo Dominicano en Europa\" \/>\n<meta property=\"og:url\" content=\"https:\/\/nld.mirex.gob.do\/consular\/amsterdam\/oficinas-ministerio-turismo-en-europa\/\" \/>\n<meta property=\"og:site_name\" content=\"Consulado General de la Rep\u00fablica Dominicana en La Haya, Reino de los Pa\u00edses Bajos\" \/>\n<meta property=\"article:published_time\" content=\"2015-05-22T20:09:04+00:00\" \/>\n<meta name=\"author\" content=\"Michael Antonio Melo Andujar\" \/>\n<meta name=\"twitter:card\" content=\"summary_large_image\" \/>\n<meta name=\"twitter:label1\" content=\"Written by\" \/>\n\t<meta name=\"twitter:data1\" content=\"Michael Antonio Melo Andujar\" \/>\n\t<meta name=\"twitter:label2\" content=\"Est. reading time\" \/>\n\t<meta name=\"twitter:data2\" content=\"1 minute\" \/>\n<script type=\"application\/ld+json\" class=\"yoast-schema-graph\">{\"@context\":\"https:\\\/\\\/schema.org\",\"@graph\":[{\"@type\":\"Article\",\"@id\":\"https:\\\/\\\/nld.mirex.gob.do\\\/consular\\\/amsterdam\\\/oficinas-ministerio-turismo-en-europa\\\/#article\",\"isPartOf\":{\"@id\":\"https:\\\/\\\/nld.mirex.gob.do\\\/consular\\\/amsterdam\\\/oficinas-ministerio-turismo-en-europa\\\/\"},\"author\":{\"name\":\"Michael Antonio Melo Andujar\",\"@id\":\"https:\\\/\\\/nld.mirex.gob.do\\\/consular\\\/amsterdam\\\/#\\\/schema\\\/person\\\/772a9951ade6a7e4ab978b618b619ff8\"},\"headline\":\"Oficinas del Ministerio de Turismo Dominicano en Europa\",\"datePublished\":\"2015-05-22T20:09:04+00:00\",\"mainEntityOfPage\":{\"@id\":\"https:\\\/\\\/nld.mirex.gob.do\\\/consular\\\/amsterdam\\\/oficinas-ministerio-turismo-en-europa\\\/\"},\"wordCount\":304,\"publisher\":{\"@id\":\"https:\\\/\\\/nld.mirex.gob.do\\\/consular\\\/amsterdam\\\/#organization\"},\"image\":{\"@id\":\"https:\\\/\\\/nld.mirex.gob.do\\\/consular\\\/amsterdam\\\/oficinas-ministerio-turismo-en-europa\\\/#primaryimage\"},\"thumbnailUrl\":\"\",\"keywords\":[\"Consulado General de la Rep\u00fablica Dominicana en Amsterdam\",\"Ministerio de Turismo\",\"Turismo\",\"Viajar\"],\"articleSection\":[\"Enlaces\",\"Turismo\"],\"inLanguage\":\"en-US\"},{\"@type\":\"WebPage\",\"@id\":\"https:\\\/\\\/nld.mirex.gob.do\\\/consular\\\/amsterdam\\\/oficinas-ministerio-turismo-en-europa\\\/\",\"url\":\"https:\\\/\\\/nld.mirex.gob.do\\\/consular\\\/amsterdam\\\/oficinas-ministerio-turismo-en-europa\\\/\",\"name\":\"Oficinas del Ministerio de Turismo Dominicano en Europa - Consulado General de la Rep\u00fablica Dominicana en La Haya, Reino de los Pa\u00edses Bajos\",\"isPartOf\":{\"@id\":\"https:\\\/\\\/nld.mirex.gob.do\\\/consular\\\/amsterdam\\\/#website\"},\"primaryImageOfPage\":{\"@id\":\"https:\\\/\\\/nld.mirex.gob.do\\\/consular\\\/amsterdam\\\/oficinas-ministerio-turismo-en-europa\\\/#primaryimage\"},\"image\":{\"@id\":\"https:\\\/\\\/nld.mirex.gob.do\\\/consular\\\/amsterdam\\\/oficinas-ministerio-turismo-en-europa\\\/#primaryimage\"},\"thumbnailUrl\":\"\",\"datePublished\":\"2015-05-22T20:09:04+00:00\",\"description\":\"Oficinas del Ministerio de Turismo Dominicano en Europa\",\"breadcrumb\":{\"@id\":\"https:\\\/\\\/nld.mirex.gob.do\\\/consular\\\/amsterdam\\\/oficinas-ministerio-turismo-en-europa\\\/#breadcrumb\"},\"inLanguage\":\"en-US\",\"potentialAction\":[{\"@type\":\"ReadAction\",\"target\":[\"https:\\\/\\\/nld.mirex.gob.do\\\/consular\\\/amsterdam\\\/oficinas-ministerio-turismo-en-europa\\\/\"]}]},{\"@type\":\"ImageObject\",\"inLanguage\":\"en-US\",\"@id\":\"https:\\\/\\\/nld.mirex.gob.do\\\/consular\\\/amsterdam\\\/oficinas-ministerio-turismo-en-europa\\\/#primaryimage\",\"url\":\"\",\"contentUrl\":\"\"},{\"@type\":\"BreadcrumbList\",\"@id\":\"https:\\\/\\\/nld.mirex.gob.do\\\/consular\\\/amsterdam\\\/oficinas-ministerio-turismo-en-europa\\\/#breadcrumb\",\"itemListElement\":[{\"@type\":\"ListItem\",\"position\":1,\"name\":\"Inicio\",\"item\":\"https:\\\/\\\/nld.mirex.gob.do\\\/consular\\\/amsterdam\\\/\"},{\"@type\":\"ListItem\",\"position\":2,\"name\":\"Oficinas del Ministerio de Turismo Dominicano en Europa\"}]},{\"@type\":\"WebSite\",\"@id\":\"https:\\\/\\\/nld.mirex.gob.do\\\/consular\\\/amsterdam\\\/#website\",\"url\":\"https:\\\/\\\/nld.mirex.gob.do\\\/consular\\\/amsterdam\\\/\",\"name\":\"Consulado General de la Rep\u00fablica Dominicana en La Haya, Reino de los Pa\u00edses Bajos\",\"description\":\"\",\"publisher\":{\"@id\":\"https:\\\/\\\/nld.mirex.gob.do\\\/consular\\\/amsterdam\\\/#organization\"},\"potentialAction\":[{\"@type\":\"SearchAction\",\"target\":{\"@type\":\"EntryPoint\",\"urlTemplate\":\"https:\\\/\\\/nld.mirex.gob.do\\\/consular\\\/amsterdam\\\/?s={search_term_string}\"},\"query-input\":{\"@type\":\"PropertyValueSpecification\",\"valueRequired\":true,\"valueName\":\"search_term_string\"}}],\"inLanguage\":\"en-US\"},{\"@type\":\"Organization\",\"@id\":\"https:\\\/\\\/nld.mirex.gob.do\\\/consular\\\/amsterdam\\\/#organization\",\"name\":\"Consulado General de la Rep\u00fablica Dominicana en La Haya, Reino de los Pa\u00edses Bajos\",\"url\":\"https:\\\/\\\/nld.mirex.gob.do\\\/consular\\\/amsterdam\\\/\",\"logo\":{\"@type\":\"ImageObject\",\"inLanguage\":\"en-US\",\"@id\":\"https:\\\/\\\/nld.mirex.gob.do\\\/consular\\\/amsterdam\\\/#\\\/schema\\\/logo\\\/image\\\/\",\"url\":\"https:\\\/\\\/nld.mirex.gob.do\\\/consular\\\/amsterdam\\\/wp-content\\\/uploads\\\/2024\\\/04\\\/cropped-consulado_la_haya_reinode_los_Paises_Bajos.jpg\",\"contentUrl\":\"https:\\\/\\\/nld.mirex.gob.do\\\/consular\\\/amsterdam\\\/wp-content\\\/uploads\\\/2024\\\/04\\\/cropped-consulado_la_haya_reinode_los_Paises_Bajos.jpg\",\"width\":999,\"height\":407,\"caption\":\"Consulado General de la Rep\u00fablica Dominicana en La Haya, Reino de los Pa\u00edses Bajos\"},\"image\":{\"@id\":\"https:\\\/\\\/nld.mirex.gob.do\\\/consular\\\/amsterdam\\\/#\\\/schema\\\/logo\\\/image\\\/\"}},{\"@type\":\"Person\",\"@id\":\"https:\\\/\\\/nld.mirex.gob.do\\\/consular\\\/amsterdam\\\/#\\\/schema\\\/person\\\/772a9951ade6a7e4ab978b618b619ff8\",\"name\":\"Michael Antonio Melo Andujar\",\"image\":{\"@type\":\"ImageObject\",\"inLanguage\":\"en-US\",\"@id\":\"https:\\\/\\\/secure.gravatar.com\\\/avatar\\\/f8862d24b6945a30d30c9727ef9dfcd533ee25a18a27afc92991446aeb0e652d?s=96&d=mm&r=g\",\"url\":\"https:\\\/\\\/secure.gravatar.com\\\/avatar\\\/f8862d24b6945a30d30c9727ef9dfcd533ee25a18a27afc92991446aeb0e652d?s=96&d=mm&r=g\",\"contentUrl\":\"https:\\\/\\\/secure.gravatar.com\\\/avatar\\\/f8862d24b6945a30d30c9727ef9dfcd533ee25a18a27afc92991446aeb0e652d?s=96&d=mm&r=g\",\"caption\":\"Michael Antonio Melo Andujar\"}}]}<\/script>\n<!-- \/ Yoast SEO plugin. -->","yoast_head_json":{"title":"Oficinas del Ministerio de Turismo Dominicano en Europa - Consulado General de la Rep\u00fablica Dominicana en La Haya, Reino de los Pa\u00edses Bajos","description":"Oficinas del Ministerio de Turismo Dominicano en Europa","robots":{"index":"index","follow":"follow","max-snippet":"max-snippet:-1","max-image-preview":"max-image-preview:large","max-video-preview":"max-video-preview:-1"},"canonical":"https:\/\/nld.mirex.gob.do\/consular\/amsterdam\/oficinas-ministerio-turismo-en-europa\/","og_locale":"en_US","og_type":"article","og_title":"Oficinas del Ministerio de Turismo Dominicano en Europa - Consulado General de la Rep\u00fablica Dominicana en La Haya, Reino de los Pa\u00edses Bajos","og_description":"Oficinas del Ministerio de Turismo Dominicano en Europa","og_url":"https:\/\/nld.mirex.gob.do\/consular\/amsterdam\/oficinas-ministerio-turismo-en-europa\/","og_site_name":"Consulado General de la Rep\u00fablica Dominicana en La Haya, Reino de los Pa\u00edses Bajos","article_published_time":"2015-05-22T20:09:04+00:00","author":"Michael Antonio Melo Andujar","twitter_card":"summary_large_image","twitter_misc":{"Written by":"Michael Antonio Melo Andujar","Est. reading time":"1 minute"},"schema":{"@context":"https:\/\/schema.org","@graph":[{"@type":"Article","@id":"https:\/\/nld.mirex.gob.do\/consular\/amsterdam\/oficinas-ministerio-turismo-en-europa\/#article","isPartOf":{"@id":"https:\/\/nld.mirex.gob.do\/consular\/amsterdam\/oficinas-ministerio-turismo-en-europa\/"},"author":{"name":"Michael Antonio Melo Andujar","@id":"https:\/\/nld.mirex.gob.do\/consular\/amsterdam\/#\/schema\/person\/772a9951ade6a7e4ab978b618b619ff8"},"headline":"Oficinas del Ministerio de Turismo Dominicano en Europa","datePublished":"2015-05-22T20:09:04+00:00","mainEntityOfPage":{"@id":"https:\/\/nld.mirex.gob.do\/consular\/amsterdam\/oficinas-ministerio-turismo-en-europa\/"},"wordCount":304,"publisher":{"@id":"https:\/\/nld.mirex.gob.do\/consular\/amsterdam\/#organization"},"image":{"@id":"https:\/\/nld.mirex.gob.do\/consular\/amsterdam\/oficinas-ministerio-turismo-en-europa\/#primaryimage"},"thumbnailUrl":"","keywords":["Consulado General de la Rep\u00fablica Dominicana en Amsterdam","Ministerio de Turismo","Turismo","Viajar"],"articleSection":["Enlaces","Turismo"],"inLanguage":"en-US"},{"@type":"WebPage","@id":"https:\/\/nld.mirex.gob.do\/consular\/amsterdam\/oficinas-ministerio-turismo-en-europa\/","url":"https:\/\/nld.mirex.gob.do\/consular\/amsterdam\/oficinas-ministerio-turismo-en-europa\/","name":"Oficinas del Ministerio de Turismo Dominicano en Europa - Consulado General de la Rep\u00fablica Dominicana en La Haya, Reino de los Pa\u00edses Bajos","isPartOf":{"@id":"https:\/\/nld.mirex.gob.do\/consular\/amsterdam\/#website"},"primaryImageOfPage":{"@id":"https:\/\/nld.mirex.gob.do\/consular\/amsterdam\/oficinas-ministerio-turismo-en-europa\/#primaryimage"},"image":{"@id":"https:\/\/nld.mirex.gob.do\/consular\/amsterdam\/oficinas-ministerio-turismo-en-europa\/#primaryimage"},"thumbnailUrl":"","datePublished":"2015-05-22T20:09:04+00:00","description":"Oficinas del Ministerio de Turismo Dominicano en Europa","breadcrumb":{"@id":"https:\/\/nld.mirex.gob.do\/consular\/amsterdam\/oficinas-ministerio-turismo-en-europa\/#breadcrumb"},"inLanguage":"en-US","potentialAction":[{"@type":"ReadAction","target":["https:\/\/nld.mirex.gob.do\/consular\/amsterdam\/oficinas-ministerio-turismo-en-europa\/"]}]},{"@type":"ImageObject","inLanguage":"en-US","@id":"https:\/\/nld.mirex.gob.do\/consular\/amsterdam\/oficinas-ministerio-turismo-en-europa\/#primaryimage","url":"","contentUrl":""},{"@type":"BreadcrumbList","@id":"https:\/\/nld.mirex.gob.do\/consular\/amsterdam\/oficinas-ministerio-turismo-en-europa\/#breadcrumb","itemListElement":[{"@type":"ListItem","position":1,"name":"Inicio","item":"https:\/\/nld.mirex.gob.do\/consular\/amsterdam\/"},{"@type":"ListItem","position":2,"name":"Oficinas del Ministerio de Turismo Dominicano en Europa"}]},{"@type":"WebSite","@id":"https:\/\/nld.mirex.gob.do\/consular\/amsterdam\/#website","url":"https:\/\/nld.mirex.gob.do\/consular\/amsterdam\/","name":"Consulado General de la Rep\u00fablica Dominicana en La Haya, Reino de los Pa\u00edses Bajos","description":"","publisher":{"@id":"https:\/\/nld.mirex.gob.do\/consular\/amsterdam\/#organization"},"potentialAction":[{"@type":"SearchAction","target":{"@type":"EntryPoint","urlTemplate":"https:\/\/nld.mirex.gob.do\/consular\/amsterdam\/?s={search_term_string}"},"query-input":{"@type":"PropertyValueSpecification","valueRequired":true,"valueName":"search_term_string"}}],"inLanguage":"en-US"},{"@type":"Organization","@id":"https:\/\/nld.mirex.gob.do\/consular\/amsterdam\/#organization","name":"Consulado General de la Rep\u00fablica Dominicana en La Haya, Reino de los Pa\u00edses Bajos","url":"https:\/\/nld.mirex.gob.do\/consular\/amsterdam\/","logo":{"@type":"ImageObject","inLanguage":"en-US","@id":"https:\/\/nld.mirex.gob.do\/consular\/amsterdam\/#\/schema\/logo\/image\/","url":"https:\/\/nld.mirex.gob.do\/consular\/amsterdam\/wp-content\/uploads\/2024\/04\/cropped-consulado_la_haya_reinode_los_Paises_Bajos.jpg","contentUrl":"https:\/\/nld.mirex.gob.do\/consular\/amsterdam\/wp-content\/uploads\/2024\/04\/cropped-consulado_la_haya_reinode_los_Paises_Bajos.jpg","width":999,"height":407,"caption":"Consulado General de la Rep\u00fablica Dominicana en La Haya, Reino de los Pa\u00edses Bajos"},"image":{"@id":"https:\/\/nld.mirex.gob.do\/consular\/amsterdam\/#\/schema\/logo\/image\/"}},{"@type":"Person","@id":"https:\/\/nld.mirex.gob.do\/consular\/amsterdam\/#\/schema\/person\/772a9951ade6a7e4ab978b618b619ff8","name":"Michael Antonio Melo Andujar","image":{"@type":"ImageObject","inLanguage":"en-US","@id":"https:\/\/secure.gravatar.com\/avatar\/f8862d24b6945a30d30c9727ef9dfcd533ee25a18a27afc92991446aeb0e652d?s=96&d=mm&r=g","url":"https:\/\/secure.gravatar.com\/avatar\/f8862d24b6945a30d30c9727ef9dfcd533ee25a18a27afc92991446aeb0e652d?s=96&d=mm&r=g","contentUrl":"https:\/\/secure.gravatar.com\/avatar\/f8862d24b6945a30d30c9727ef9dfcd533ee25a18a27afc92991446aeb0e652d?s=96&d=mm&r=g","caption":"Michael Antonio Melo Andujar"}}]}},"_links":{"self":[{"href":"https:\/\/nld.mirex.gob.do\/consular\/amsterdam\/wp-json\/wp\/v2\/posts\/1929","targetHints":{"allow":["GET"]}}],"collection":[{"href":"https:\/\/nld.mirex.gob.do\/consular\/amsterdam\/wp-json\/wp\/v2\/posts"}],"about":[{"href":"https:\/\/nld.mirex.gob.do\/consular\/amsterdam\/wp-json\/wp\/v2\/types\/post"}],"author":[{"embeddable":true,"href":"https:\/\/nld.mirex.gob.do\/consular\/amsterdam\/wp-json\/wp\/v2\/users\/8"}],"replies":[{"embeddable":true,"href":"https:\/\/nld.mirex.gob.do\/consular\/amsterdam\/wp-json\/wp\/v2\/comments?post=1929"}],"version-history":[{"count":0,"href":"https:\/\/nld.mirex.gob.do\/consular\/amsterdam\/wp-json\/wp\/v2\/posts\/1929\/revisions"}],"wp:featuredmedia":[{"embeddable":true,"href":"https:\/\/nld.mirex.gob.do\/consular\/amsterdam\/wp-json\/"}],"wp:attachment":[{"href":"https:\/\/nld.mirex.gob.do\/consular\/amsterdam\/wp-json\/wp\/v2\/media?parent=1929"}],"wp:term":[{"taxonomy":"category","embeddable":true,"href":"https:\/\/nld.mirex.gob.do\/consular\/amsterdam\/wp-json\/wp\/v2\/categories?post=1929"},{"taxonomy":"post_tag","embeddable":true,"href":"https:\/\/nld.mirex.gob.do\/consular\/amsterdam\/wp-json\/wp\/v2\/tags?post=1929"}],"curies":[{"name":"wp","href":"https:\/\/api.w.org\/{rel}","templated":true}]}}