{"id":1915,"date":"2015-05-22T15:45:49","date_gmt":"2015-05-22T15:45:49","guid":{"rendered":"https:\/\/www.consuladordholanda.com\/?p=1915"},"modified":"2015-05-22T15:45:49","modified_gmt":"2015-05-22T15:45:49","slug":"embajadas-y-consulados-de-la-republica-dominicana-en-europa","status":"publish","type":"post","link":"https:\/\/nld.mirex.gob.do\/consular\/amsterdam\/embajadas-y-consulados-de-la-republica-dominicana-en-europa\/","title":{"rendered":"Embajadas y Consulados de la Rep\u00fablica Dominicana  en Europa"},"content":{"rendered":"<p>Listado de las direcciones y forma de contacto de las Embajadas y Consulados de la Rep\u00fablica Dominicana en Europa.<\/p>\n<h1>Alemania<\/h1>\n<h2>Embajada de la Rep\u00fablica Dominicana en Alemania, Secci\u00f3n Consular<\/h2>\n<p class=\"MsoNormal\"><span lang=\"EN-US\">Dessauer Strasse 28-29, 10963<br \/>\nBERLIN<br \/>\nALEMANIA<br \/>\n+49 030\/2575 776-0<br \/>\n+49 030\/2575 776-1<br \/>\n<a href=\"mailto:embajadom@t-online.de\">embajadom@t-online.de<\/a><br \/>\n<\/span><\/p>\n<h2>Consulado General de la Rep\u00fablica Dominicana en Frankfurt<\/h2>\n<p class=\"MsoNormal\"><span lang=\"EN-US\">Stiftstrasse 2, 60313<br \/>\nFRANKFURT AM MAIN<br \/>\nALEMANIA<br \/>\n011 (4969) 7438-7781 \\ 83<br \/>\n011 (4969) 7438-7640<br \/>\nconrdomffm@aol.com<br \/>\n<a href=\"http:\/\/www.consuladodominicanoff.de\/\" target=\"_blank\" rel=\"noopener noreferrer\">www.consuladodominicanoff.de\/<\/a><\/span><\/p>\n<h2>Consulado de la Rep\u00fablica Dominicana en Hamburgo<\/h2>\n<p class=\"MsoNormal\"><span lang=\"EN-US\">Neuer Wall 39, 20354a<br \/>\nHAMBURGO<br \/>\nALEMANIA<br \/>\n011 (4940) 47 40 84<br \/>\n011 (4940) 46 05 197<br \/>\ninfo@consuldom.de<br \/>\n<\/span><span style=\"font-size: 12.0pt; line-height: 107%; font-family: 'Times New Roman','serif';\" lang=\"EN-US\"><a href=\"http:\/\/www.dominikanischeskonsulathamburg.de\" target=\"_blank\" rel=\"noopener noreferrer\">www.dominikanischeskonsulathamburg.de<\/a><\/span><\/p>\n<h1>Austria<\/h1>\n<h2>Embajada de Rep\u00fablica Dominicana en Viena, Austria<\/h2>\n<p class=\"MsoNormal\"><span lang=\"EN-US\">Prinz Eugen Strasse 18\/1\/33, A-1040nsb<br \/>\nVIENA<br \/>\nAUSTRIA<br \/>\n+43.1.505.855.511<br \/>\n+43.1.505.855.520<br \/>\n<a href=\"mailto:mprdoiv@yahoo.com\" target=\"_blank\" rel=\"noopener noreferrer\">mprdoiv@yahoo.com<\/a><br \/>\n<\/span><\/p>\n<h2>Consulado Honorario de la Rep\u00fablica Dominicana en Viena<\/h2>\n<p class=\"MsoNormal\">M\u00f6llwaldplatz 5, 1040<br \/>\nVIENA<br \/>\nAUSTRIA<br \/>\n(43-1) 504-6437<br \/>\n(43-1) 505 3236<br \/>\n<a href=\"mailto:consudom.viena@iip.at\" target=\"_blank\" rel=\"noopener noreferrer\">consudom.viena@iip.at<\/a><\/p>\n<h1>Belgica<\/h1>\n<h2>Embajada de la Rep\u00fablica Dominicana ante el Reino de B\u00e9lgica, Secci\u00f3n<br \/>\nConsular<\/h2>\n<p class=\"MsoNormal\"><span lang=\"EN-US\">130-A Avenue Louise, 1050 om<br \/>\nBRUSELAS<br \/>\nBELGICA<br \/>\n011-322-346-4935<br \/>\n011-322-346-5152<br \/>\n<a href=\"mailto:embajadombxl@gmail.com\" target=\"_blank\" rel=\"noopener noreferrer\">embajadombxl@gmail.com<\/a><br \/>\n<\/span><\/p>\n<h2>Consulado General de la Rep\u00fablica Dominicana en Amberes<\/h2>\n<p class=\"MsoNormal\"><span lang=\"EN-US\">Avenida Grotesteenweg 7, 2600c.<br \/>\nAMBERES<br \/>\nBELGICA<br \/>\n011 (32-3) 281-5059<br \/>\n011 (32-3) 281-5121<br \/>\n<a href=\"mailto:consudom.amberes@skynet.be\" target=\"_blank\" rel=\"noopener noreferrer\">consudom.amberes@skynet.be<\/a><br \/>\n<a href=\"http:\/\/www.consudomamberes.be\/\" target=\"_blank\" rel=\"noopener noreferrer\">www.consudomamberes.be<\/a><br \/>\n<\/span><\/p>\n<h1>Chipre<\/h1>\n<h2>Consulado Honorario de la Rep\u00fablica Dominicana en Nicosia<\/h2>\n<p class=\"MsoNormal\"><span lang=\"EN-US\">50 Makarios Avenue, \u201cAlpha House\u201d 1st.<br \/>\nFloor, Office 101, 102, and 104 Nicosia, Cyprus<br \/>\nNICOSIA<br \/>\nCHIPRE<br \/>\n011(3572)275-5171 \\ 011(3572)245-2000<br \/>\n011(3572)275-5935<\/span><\/p>\n<h1>Dinamarca<\/h1>\n<h2>Consulado Honorario de la Rep\u00fablica Dominicana en Copenhague<\/h2>\n<p class=\"MsoNormal\">Frydendalsvej 14, 1809 Frederiksberg C, Denmark<br \/>\nCOPENHAGUE<br \/>\nDINAMARCA<br \/>\n011-45-4043-5775 \/ 2468-2381<br \/>\n<a href=\"mailto:consulrddk@hotmail.com\" target=\"_blank\" rel=\"noopener noreferrer\">consulrddk@hotmail.com<\/a><\/p>\n<h1>Espa\u00f1a<\/h1>\n<h2>Embajada de la Rep\u00fablica Dominicana ante el Reino de Espa\u00f1a<\/h2>\n<p class=\"MsoNormal\">Paseo de la Castellana 30, 1\u00b0 D, 28046<br \/>\nMADRID<br \/>\nESPA\u00d1A<br \/>\n(3491) 431-5395<br \/>\n(3491) 435-8139<br \/>\n<span style=\"font-size: 12.0pt; line-height: 107%; font-family: 'Times New Roman','serif';\"><a href=\"mailto:embrdes@infonegocio.com\" target=\"_blank\" rel=\"noopener noreferrer\">embrdes@infonegocio.com<\/a><\/span><\/p>\n<h2>Consulado General de la Rep\u00fablica Dominicana en Madrid<\/h2>\n<p class=\"MsoNormal\">Calle Paseo de la Castellana 128, Piso 1, 28046<br \/>\nMADRID<br \/>\nESPA\u00d1A<br \/>\n+34 91 431 53 21 \/ 91 435 02 27<br \/>\n+34 91 576 11 68<br \/>\n<a href=\"mailto:info@consularordmadrid.com\" target=\"_blank\" rel=\"noopener noreferrer\">info@consularordmadrid.com<\/a><br \/>\n<a href=\"http:\/\/www.consuladordmadrid.com\/\" target=\"_blank\" rel=\"noopener noreferrer\">www.consuladordmadrid.com\/<\/a><\/p>\n<h2>Consulado General de la Republica Dominicana en Barcelona<\/h2>\n<p class=\"MsoNormal\">Calle Paris 211, 7\u00aa Planta, 08008<br \/>\nBARCELONA<br \/>\nESPA\u00d1A<br \/>\n34 93 237 9213 \/ 34 93 415-5010<br \/>\n+34 93 237 6199<br \/>\nconbar@olivet.com<br \/>\n<a href=\"http:\/\/www.consuladordbarcelona.com\" target=\"_blank\" rel=\"noopener noreferrer\">www.consuladordbarcelona.com<\/a><\/p>\n<h2>Consulado Honorario de la Rep\u00fablica Dominicana en Alicante<\/h2>\n<p class=\"MsoNormal\">Calle Virgen del Socorro, n\u00ba 50 Ofic. 3, \u201cEdificio Mediterraneo\u201d, 03002<br \/>\nALICANTE<br \/>\nESPA\u00d1A<br \/>\n+34 96 515 18 97<br \/>\n+34 96 515 1165<br \/>\n<a href=\"mailto:info@consuladodominicanoalicante.org\" target=\"_blank\" rel=\"noopener noreferrer\">info@consuladodominicanoalicante.org<\/a><br \/>\n<span style=\"font-size: 12.0pt; line-height: 107%; font-family: 'Times New Roman','serif';\"><a href=\"http:\/\/www.ConsuladoDominicanoAlicante.org\" target=\"_blank\" rel=\"noopener noreferrer\">www.ConsuladoDominicanoAlicante.org<\/a><\/span><\/p>\n<h2>Consulado Honorario de la Rep\u00fablica Dominicana en Bilbao<\/h2>\n<p class=\"MsoNormal\">Calle Jos\u00e9 Mar\u00eda Escuza N\u00b0 20 &#8211; 6\u00baA, 48013<br \/>\nBILBAO<br \/>\nESPA\u00d1A<br \/>\n(34) 944 276 388<br \/>\n(34) 944 276 388<br \/>\n<a href=\"mailto:consul@repdom.euskalnet.net\" target=\"_blank\" rel=\"noopener noreferrer\">consul@repdom.euskalnet.net<\/a><br \/>\n<a href=\"http:\/\/www.repdom.es\" target=\"_blank\" rel=\"noopener noreferrer\">www.repdom.es<\/a><\/p>\n<h2>Consulado Honorario de la Rep\u00fablica Dominicana en Palma de Mallorca<\/h2>\n<p class=\"MsoNormal\">Centro Empresarial Globalia Crta. Arenal-Llucmajor Km. 21,5<br \/>\nPol\u00edgono Son Noguera 07620 Llucmajor Mallorca-Baleares<br \/>\nISLAS BALEARES<br \/>\nESPA\u00d1A<br \/>\n(34) 971 17 82 03\/ 178250\/ 178100<br \/>\n(34) 971 17 83 50<\/p>\n<h2>Consulado Honorario de la Rep\u00fablica Dominicana en La Coru\u00f1a<\/h2>\n<p class=\"MsoNormal\">Ave. Finisterre N\u00b0119, 3era. Dcha. Escalera A, 4 Espa\u00f1a, C\/<br \/>\nCarlos III N\u00b03, 27640, Becerrea Lugo<br \/>\nLA CORU\u00d1A<br \/>\nESPA\u00d1A<br \/>\n011 (34-608) 98 78 84<br \/>\n011 (34-982) 36 09 13<\/p>\n<h2>Consulado Honorario de la Rep\u00fablica Dominicana en Pamplona, Prov. Navarra<\/h2>\n<p class=\"MsoNormal\">PAMPLONA, PROV. NAVARRA<br \/>\nESPA\u00d1A<br \/>\n34 663-110838<br \/>\n(34) 948-240340<\/p>\n<h2>Consulado General de la Rep\u00fablica Dominicana en las Islas Canarias<\/h2>\n<p class=\"MsoNormal\">Calle Villalba Herv\u00e1s n\u00ba 9, Piso 9, Puerta 2, 38002<\/p>\n<p>SANTA CRUZ DE TENERIFE<br \/>\nESPA\u00d1A<br \/>\n+34 92 224 0699<br \/>\n+34 92 228 0317<br \/>\n<a href=\"mailto:consulado@consuladordcanarias.com\" target=\"_blank\" rel=\"noopener noreferrer\">consulado@consuladordcanarias.com<\/a><br \/>\n<a href=\"http:\/\/www.consuladordcanarias.com\" target=\"_blank\" rel=\"noopener noreferrer\">www.consuladordcanarias.com<\/a><\/p>\n<h2>Consulado de la Rep\u00fablica Dominicana en Sevilla<\/h2>\n<p class=\"MsoNormal\">Ave. Rep\u00fablica de la Argentina 8, 2do A, Los Remedios. 41011<br \/>\nSEVILLA<br \/>\nESPA\u00d1A<br \/>\n(34) 95 427 4241 \/ 0411<br \/>\n(34-95) 427 00 34<br \/>\n<a href=\"mailto:infodom@consuldomse.es\" target=\"_blank\" rel=\"noopener noreferrer\">infodom@consuldomse.es<\/a><\/p>\n<h2>Consulado Honorario de la Rep\u00fablica Dominicana en Tarragona<\/h2>\n<p class=\"MsoNormal\">Avda. Ram\u00f3n y Cajal N\u00b0 76, 43005<br \/>\nTARRAGONA<br \/>\nESPA\u00d1A<br \/>\n011 (3493) 238-7110 \/ 011 (3497) 724-3884<br \/>\n011 (3493) 415-3197<br \/>\n<a href=\"mailto:gregorigrau@gebira.es\" target=\"_blank\" rel=\"noopener noreferrer\">gregorigrau@gebira.es<\/a><\/p>\n<h2>Consulado de la Rep\u00fablica Dominicana en Valencia<\/h2>\n<p class=\"MsoNormal\">Calle San Vicente M\u00e1rtir #100, Puerta 2, 46007<br \/>\nVALENCIA<br \/>\nESPA\u00d1A<br \/>\n(34) 96 352 1780<br \/>\n(34) 96 394 3293<br \/>\n<a href=\"mailto:consuldomval@hotmail.com\">consuldomval@hotmail.com<\/a><br \/>\n<a href=\"http:\/\/www.consuladordvalencia.com\" target=\"_blank\" rel=\"noopener noreferrer\">www.consuladordvalencia.com<\/a><\/p>\n<h2>Consulado Honorario de la Rep\u00fablica Dominicana en Zaragoza<\/h2>\n<p class=\"MsoNormal\">Avda. Francisco de Goya N\u00ba 1, 6to. Derecha, 50006<br \/>\nZARAGOZA<br \/>\nESPA\u00d1A<br \/>\n011 (34-639) 30 78 94<br \/>\n<a href=\"mailto:abinaderm11@hotmail.com\">abinaderm11@hotmail.com<\/a><\/p>\n<h1>Finlandia<\/h1>\n<h2>Consulado Honorario de la Rep\u00fablica Dominicana en Helsinki<\/h2>\n<p class=\"MsoNormal\">Oy Interpersona Ab Nylandsgatan 17B, FIN-00120, Helsinki<br \/>\nHELSINKI<br \/>\nFINLANDIA<br \/>\n(358) 96802992<br \/>\n(358) 9611972<br \/>\n<a href=\"mailto:mats.kockberg@interpersona.inet.fi\">mats.kockberg@interpersona.inet.fi<\/a><\/p>\n<h1>Francia<\/h1>\n<h2>Embajada de la Rep\u00fablica Dominicana en Francia<\/h2>\n<p class=\"MsoNormal\">45, rue de Courcelles &#8211; 75008 Paris<br \/>\nTel.: 01 53 53 95 95<br \/>\ninfo@embajadadominicana.fr<\/p>\n<h2>Consulado General de Paris<\/h2>\n<p class=\"MsoNormal\">24, rue Vernier \u2013 75017 Paris<br \/>\nT\u00e9l. : +33 1 55 37 10 36<br \/>\n<a href=\"mailto:secretariat@consuldompar.fr\">secretariat@consuldompar.fr<\/a><\/p>\n<h2>Consulado General de Marsella<\/h2>\n<p class=\"MsoNormal\">146 rue Paradis \u2013 13006 Marseille<br \/>\nT\u00e9l. : +33 4 91 57 01 00<br \/>\n<a href=\"mailto:consudom.mar@orange.fr\">consudom.mar@orange.fr<\/a><br \/>\n<a href=\"http:\/\/www.consuladordmarsella.com\" target=\"_blank\" rel=\"noopener noreferrer\">http:\/\/www.consuladordmarsella.com<\/a><\/p>\n<h2>Consulado General de Pointe-\u00e0-Pitre<\/h2>\n<p class=\"MsoNormal\"><span lang=\"EN-US\">12 Rue Henri Becquerel, ZI. Jarry<br \/>\nGuadeloupe F.W.I.<br \/>\nT\u00e9l. : +33 5 90 60 52 10<br \/>\n<a href=\"mailto:consulatgeneraldgaf@gmail.com\" target=\"_blank\" rel=\"noopener noreferrer\">consulatgeneraldgaf@gmail.com<\/a><\/span><\/p>\n<h2>Consulado Honorario de Burdeos<\/h2>\n<p class=\"MsoNormal\">2, Place de la Bourse \u2013 33076 Bordeaux<br \/>\nT\u00e9l. : +33 5 56 79 44 44<br \/>\nFax : +33 5 56 48 62 44<br \/>\n<a href=\"mailto:hervecastelle@bordeaux.cci.fr\" target=\"_blank\" rel=\"noopener noreferrer\">hervecastelle@bordeaux.cci.fr<\/a><\/p>\n<h2>Consulado Honorario de Cayena<\/h2>\n<p class=\"MsoNormal\"><span lang=\"EN-US\">10, avenue L\u00e9opold Heder &#8211; 97300 Cayenne<br \/>\nT\u00e9l. : +33 5 94 28 92 12<br \/>\nCel: +33 6 94 23 33 81<br \/>\nFax : +33 5 94 30 95 98<br \/>\n<a href=\"mailto:roger.parfait@orange.fr\" target=\"_blank\" rel=\"noopener noreferrer\">roger.parfait@orange.fr<\/a><\/span><\/p>\n<h2>Consulado Honorario de Fort-de-France<\/h2>\n<p class=\"MsoNormal\">Zone du Bac \u2013 97220 La Trinit\u00e9<br \/>\nT\u00e9l. : +33 5 96 58 24 24<br \/>\nCel: +33 6 94 23 33 81<br \/>\nFax : +33 5 96 65 78 20<br \/>\n<a href=\"mailto:alex.hdespointes@orange.fr\" target=\"_blank\" rel=\"noopener noreferrer\">alex.hdespointes@orange.fr<\/a><\/p>\n<h2>Consulado Honorario de la Rep\u00fablica Dominicana en Lyon<\/h2>\n<p class=\"MsoNormal\"><span lang=\"EN-US\">16 rue du Murget &#8211; 69680 Chassieu<br \/>\nT\u00e9l. : +33 4 78 90 26 01<br \/>\nCel. : +33 6 18 01 02 18<br \/>\n<a href=\"mailto:berylmaillard@wanadoo.fr\" target=\"_blank\" rel=\"noopener noreferrer\">berylmaillard@wanadoo.fr<\/a><\/span><\/p>\n<h2>Consulado Honorario de M\u00f3naco<\/h2>\n<p class=\"MsoNormal\">&#8221;Europa R\u00e9sidence&#8221;, Place des Moulins, MC 98000 Monaco<br \/>\nT\u00e9l. : +377 93 30 29 14<br \/>\n<a href=\"mailto:jconsulat.repdom@monaco.mc\" target=\"_blank\" rel=\"noopener noreferrer\">jconsulat.repdom@monaco.mc<\/a><\/p>\n<h2>Consulado Honorario de Niza<\/h2>\n<p class=\"MsoNormal\">Le Beau Rivage<br \/>\n107, quai des Etats-Unis &#8211; 06300 Nice<br \/>\nT\u00e9l. : +33 4 93 62 03 16<br \/>\nFax : +33 4 93 62 96 36<br \/>\n<a href=\"mailto:cab.ninon-avocats@orange.fr\" target=\"_blank\" rel=\"noopener noreferrer\">cab.ninon-avocats@orange.fr<\/a><\/p>\n<h1>Grecia<\/h1>\n<h2>Consulado Honorario de la Rep\u00fablica Dominicana en Atenas<\/h2>\n<p class=\"MsoNormal\">118 Mixalakopoulou St. &#8211; 115 27 Athens, Greece<br \/>\nATENAS<br \/>\nGRECIA<br \/>\n+3<span lang=\"EN-US\">0-210 7486948\/ 30 210 7486949<br \/>\n+30-210 7486957<br \/>\n<a href=\"mailto:co2gendom@yahoo.gr\" target=\"_blank\" rel=\"noopener noreferrer\">co2gendom@yahoo.gr<\/a><\/span><\/p>\n<h1>Italia<\/h1>\n<h2>Embajada de la Rep\u00fablica Dominicana en Roma, Secci\u00f3n Consular<\/h2>\n<p class=\"MsoNormal\">Via Pisanelli #1 &#8211; Int. 8, 00196<br \/>\nROMA<br \/>\nITALIA<br \/>\n+39\/06.4543.4789<br \/>\n+39\/06.4544.8452<br \/>\n<a href=\"http:\/\/www.embajadadominicanaitalia.org\" target=\"_blank\" rel=\"noopener noreferrer\">www.embajadadominicanaitalia.org<\/a><\/p>\n<h2>Consulado General de la Rep\u00fablica Dominicana en Mil\u00e1n<\/h2>\n<p class=\"MsoNormal\">V\u00eda, Corso Buenos Aires No.64 Escalera A, tercer piso. Cod. Postal 20124<br \/>\nMILANO<br \/>\nITALIA<br \/>\n011 (39-02) 2024-0965<br \/>\n011 (39-02) 2951-6180<br \/>\n<a href=\"http:\/\/www.consuladodominicanomilano.com\/\" target=\"_blank\" rel=\"noopener noreferrer\">www.consuladodominicanomilano.com<\/a><\/p>\n<h2>Consulado General Honorario de la Rep\u00fablica Dominicana en N\u00e1poles<\/h2>\n<p class=\"MsoNormal\" style=\"line-height: normal;\"><span style=\"font-size: 12.0pt; font-family: 'Times New Roman','serif';\">V\u00eda Generale Orsini, 42, 80132c.<br \/>\nNAPOLES<br \/>\nITALIA<br \/>\n011 (39-081) 764-8867 \/ 76<br \/>\n011 (39-081) 764-0866<br \/>\n<a href=\"mailto:consuladodominicano@katamail.com\" target=\"_blank\" rel=\"noopener noreferrer\">consuladodominicano@katamail.com<\/a><\/span><\/p>\n<h2>Consulado Honorario de la Rep\u00fablica Dominicana en Ancona<\/h2>\n<p class=\"MsoNormal\">V\u00eda Villafranca, no. 4 60121o<br \/>\nANCONA<br \/>\nITALIA<br \/>\n(39) 3388485277<br \/>\n(39) 071 2076697<br \/>\n<a href=\"mailto:ennio.di.foglio@alice.it\"><span style=\"font-size: 12.0pt; line-height: 107%; font-family: 'Times New Roman','serif';\">ennio.di.foglio@alice.it<\/span><\/a><\/p>\n<h2>Consulado Honorario de la Rep\u00fablica Dominicana en Florencia<\/h2>\n<p class=\"MsoNormal\">V\u00eda Marconi 28\/30, 50131om i<br \/>\nFLORENCIA<br \/>\nITALIA<br \/>\n011 (39-055) 553-7145<br \/>\n011 (39-055) 552-0961<\/p>\n<h2>Consulado Honorario de la Rep\u00fablica Dominicana en Tur\u00edn<\/h2>\n<p class=\"MsoNormal\">V\u00eda Gioanetti, 11 10131om in<br \/>\nTUR\u00cdN<br \/>\nITALIA<br \/>\n(390-11) 8193365<br \/>\n(39-011) 819-3365\/5635205<\/p>\n<h2>Consulado Honorario de la Rep\u00fablica Dominicana en Venecia<\/h2>\n<p class=\"MsoNormal\">30135 Venezia Piazzale Roma, 521<br \/>\nVENECIA<br \/>\nITALIA<br \/>\n011 (39-041) 520-0559<br \/>\n011 (39-041) 528-6050<br \/>\n<a href=\"mailto:info@consuldomvenecia.191.it\" target=\"_blank\" rel=\"noopener noreferrer\">info@consuldomvenecia.191.it<\/a><\/p>\n<h1>Vaticano<\/h1>\n<h2>Embajada de la Rep\u00fablica Dominicana ante la Santa Sede<\/h2>\n<p class=\"MsoNormal\">Lungotevere Marzio No. 3, int.6, 2 piso. 00186<br \/>\nROMA<br \/>\nITALIA<br \/>\n(3906) 686-4084<br \/>\n(3906) 686-4084<br \/>\n<a href=\"mailto:embajada.rd@tiscali.it\"><span style=\"font-size: 12.0pt; line-height: 107%; font-family: 'Times New Roman','serif';\">embajada.rd@tiscali.it<\/span><\/a><\/p>\n<h1>Holanda<\/h1>\n<h2>Embajada de la Rep\u00fablica Dominicana ante el Reino de los Paises Bajos<\/h2>\n<p class=\"MsoNormal\">Raamweg 21-22, 2596a<br \/>\nLA HAYA<br \/>\nPAISES BAJOS<br \/>\n+ 31(0) 70 331 75 53<br \/>\n+31(0)70 409 9890<br \/>\n<a href=\"mailto:embajada@embajadadominicana.nl\" target=\"_blank\" rel=\"noopener noreferrer\">embajada@embajadadominicana.nl<\/a><br \/>\n<a href=\"http:\/\/www.embajadadominicana.nl\"><span style=\"font-size: 12.0pt; line-height: 107%; font-family: 'Times New Roman','serif';\">www.embajadadominicana.nl<\/span><\/a><\/p>\n<h2>Consulado General de la Rep\u00fablica Dominicana en \u00c1msterdam<\/h2>\n<div>De Parelvisserslaan 01. 2do. piso.<br \/>\n1183 &nbsp;RH, Amstelveen<\/div>\n<div>EDIFICIO ENERGIEK<\/div>\n<div><span lang=\"EN-US\">PAISES BAJOS<br \/>\n<\/span>(31-20) 6471062<br \/>\n(31-20) 6408300<br \/>\n<a href=\"mailto:consudomamsterdam@gmail.com\">consudomamsterdam@gmail.com<br \/>\n<\/a><span lang=\"EN-US\"><a href=\"https:\/\/www.consuladordholanda.com\" target=\"_blank\" rel=\"noopener noreferrer\">www.consuladordholanda.com<\/a><\/span><\/div>\n<h1>Reino Unido<\/h1>\n<h2>Embajada de la Rep\u00fablica Dominicana en el Reino Unido, Secci\u00f3n Consular<\/h2>\n<p class=\"MsoNormal\">139 Invernes Terrace, Bayswater. W26JFo<br \/>\nLONDRES<br \/>\nREINO UNIDO<br \/>\n+44 (0) 20-7727 7091<br \/>\n+44 (0) 207 727 3693<br \/>\n<a href=\"mailto:info@dominicanembassy.org.uk\" target=\"_blank\" rel=\"noopener noreferrer\">info@dominicanembassy.org.uk<\/a><\/p>\n<h1>Republica Checa<\/h1>\n<h2>Consulado General de la Rep\u00fablica Dominicana en Praga<\/h2>\n<p class=\"MsoNormal\">Nad Strakovkou 2291\/9, Prague 6, Dejvice 160 00<br \/>\nPRAGA<br \/>\nREPUBLICA CHECA<br \/>\n011 (420) 241-40-99-39<br \/>\n011 (420) 224-87-21-34<br \/>\n<a href=\"mailto:consuladodominicanoprg@gmail.com\" target=\"_blank\" rel=\"noopener noreferrer\">consuladodominicanoprg@gmail.com<\/a><br \/>\n<a href=\"mailto:consuladopraga@hotmail.com\" target=\"_blank\" rel=\"noopener noreferrer\">consuladopraga@hotmail.com<\/a><\/p>\n<h1>Rusia<\/h1>\n<h2>Consulado Honorario de la Rep\u00fablica Dominicana en San Petersburgo<\/h2>\n<p class=\"MsoNormal\">Calle Zakharievskaya 3, letra A, oficina 2, 191123<br \/>\nSAN PETERSBURGO<br \/>\nRUSIA<br \/>\n011-7-812-333-2564<br \/>\n011-7-812-333-2564<br \/>\n<a href=\"mailto:domruspb@gmail.com\" target=\"_blank\" rel=\"noopener noreferrer\">domruspb@gmail.com<\/a><\/p>\n<h1>Suecia<\/h1>\n<h2>Embajada de la Rep\u00fablica Dominicana ante el Reino de Suecia, Secci\u00f3n<br \/>\nConsular<\/h2>\n<p class=\"MsoNormal\">Sibyllegatan 13, 4 fl., 11485<br \/>\nESTOCOLMO<br \/>\nSUECIA<br \/>\n(468) 667-4611<br \/>\n(468) 667-5105<br \/>\n<a href=\"mailto:Stockholm@domemb.se\" target=\"_blank\" rel=\"noopener noreferrer\">Stockholm@domemb.se<\/a><\/p>\n<h1>Suiza<\/h1>\n<h2>Embajada de la Rep\u00fablica Dominicana en Suiza, Secci\u00f3n Consular<\/h2>\n<p class=\"MsoNormal\">Weltpoststrasse 4, 3015<br \/>\nBERNA<br \/>\nSUIZA<br \/>\n+41 3135 12562\/ 41 3135 11585<br \/>\n+41 31 351 1587<br \/>\n<a href=\"mailto:scrdberna@hotmail.com\" target=\"_blank\" rel=\"noopener noreferrer\">scrdberna@hotmail.com<\/a><br \/>\n<a href=\"mailto:seccionconsular_embajberna@hotmail.com\" target=\"_blank\" rel=\"noopener noreferrer\">seccionconsular_embajberna@hotmail.com<\/a><\/p>\n<h2>Consulado General Honorario de la Republica Dominicana en Ginebra<\/h2>\n<p class=\"MsoNormal\">16, Rue Grenus, 1201a<br \/>\nGINEBRA<br \/>\nSUIZA<br \/>\n011 (4122) 738-0018<br \/>\n011 (4122) 738-0018<br \/>\n<a href=\"mailto:isabel.cretton@ties.itu.int\" target=\"_blank\" rel=\"noopener noreferrer\">isabel.cretton@ties.itu.int<\/a><\/p>\n<h2>Consulado General de la Rep\u00fablica Dominicana en Zurich<\/h2>\n<p class=\"MsoNormal\"><span lang=\"EN-US\">Lowenstrasse 65, 8001<br \/>\nZURICH<br \/>\nSUIZA<br \/>\n011 (4143) 818-9346<br \/>\n41 43 818 93 46<br \/>\n<a href=\"mailto:infodom@consuldomzh.ch\" target=\"_blank\" rel=\"noopener noreferrer\">infodom@consuldomzh.ch<\/a><br \/>\n<\/span><\/p>\n","protected":false},"excerpt":{"rendered":"<p>Listado de las direcciones y forma de contacto de las Embajadas y Consulados de la Rep\u00fablica Dominicana en Europa. Alemania Embajada de la Rep\u00fablica Dominicana en Alemania, Secci\u00f3n Consular Dessauer Strasse 28-29, 10963 BERLIN ALEMANIA +49 030\/2575 776-0 +49 030\/2575 776-1 embajadom@t-online.de Consulado General de la Rep\u00fablica Dominicana en Frankfurt Stiftstrasse 2, 60313 FRANKFURT AM [&hellip;]<\/p>\n","protected":false},"author":8,"featured_media":0,"comment_status":"closed","ping_status":"open","sticky":false,"template":"","format":"standard","meta":{"site-sidebar-layout":"default","site-content-layout":"","ast-site-content-layout":"default","site-content-style":"default","site-sidebar-style":"default","ast-global-header-display":"","ast-banner-title-visibility":"","ast-main-header-display":"","ast-hfb-above-header-display":"","ast-hfb-below-header-display":"","ast-hfb-mobile-header-display":"","site-post-title":"","ast-breadcrumbs-content":"","ast-featured-img":"","footer-sml-layout":"","ast-disable-related-posts":"","theme-transparent-header-meta":"","adv-header-id-meta":"","stick-header-meta":"","header-above-stick-meta":"","header-main-stick-meta":"","header-below-stick-meta":"","astra-migrate-meta-layouts":"default","ast-page-background-enabled":"default","ast-page-background-meta":{"desktop":{"background-color":"","background-image":"","background-repeat":"repeat","background-position":"center center","background-size":"auto","background-attachment":"scroll","background-type":"","background-media":"","overlay-type":"","overlay-color":"","overlay-opacity":"","overlay-gradient":""},"tablet":{"background-color":"","background-image":"","background-repeat":"repeat","background-position":"center center","background-size":"auto","background-attachment":"scroll","background-type":"","background-media":"","overlay-type":"","overlay-color":"","overlay-opacity":"","overlay-gradient":""},"mobile":{"background-color":"","background-image":"","background-repeat":"repeat","background-position":"center center","background-size":"auto","background-attachment":"scroll","background-type":"","background-media":"","overlay-type":"","overlay-color":"","overlay-opacity":"","overlay-gradient":""}},"ast-content-background-meta":{"desktop":{"background-color":"var(--ast-global-color-5)","background-image":"","background-repeat":"repeat","background-position":"center center","background-size":"auto","background-attachment":"scroll","background-type":"","background-media":"","overlay-type":"","overlay-color":"","overlay-opacity":"","overlay-gradient":""},"tablet":{"background-color":"var(--ast-global-color-5)","background-image":"","background-repeat":"repeat","background-position":"center center","background-size":"auto","background-attachment":"scroll","background-type":"","background-media":"","overlay-type":"","overlay-color":"","overlay-opacity":"","overlay-gradient":""},"mobile":{"background-color":"var(--ast-global-color-5)","background-image":"","background-repeat":"repeat","background-position":"center center","background-size":"auto","background-attachment":"scroll","background-type":"","background-media":"","overlay-type":"","overlay-color":"","overlay-opacity":"","overlay-gradient":""}},"footnotes":""},"categories":[244],"tags":[271,272,245,273,99],"class_list":["post-1915","post","type-post","status-publish","format-standard","hentry","category-enlaces","tag-consulados","tag-embajadas","tag-enlaces","tag-gobierno-de","tag-republica-dominicana"],"yoast_head":"<!-- This site is optimized with the Yoast SEO plugin v27.4 - https:\/\/yoast.com\/product\/yoast-seo-wordpress\/ -->\n<title>Embajadas y Consulados de la Rep\u00fablica Dominicana en Europa - Consulado General de la Rep\u00fablica Dominicana en La Haya, Reino de los Pa\u00edses Bajos<\/title>\n<meta name=\"description\" content=\"Listado de las direcciones y forma de contacto de las Embajadas y Consulados de la Rep\u00fablica Dominicana en Europa.\" \/>\n<meta name=\"robots\" content=\"index, follow, max-snippet:-1, max-image-preview:large, max-video-preview:-1\" \/>\n<link rel=\"canonical\" href=\"https:\/\/nld.mirex.gob.do\/consular\/amsterdam\/embajadas-y-consulados-de-la-republica-dominicana-en-europa\/\" \/>\n<meta property=\"og:locale\" content=\"en_US\" \/>\n<meta property=\"og:type\" content=\"article\" \/>\n<meta property=\"og:title\" content=\"Embajadas y Consulados de la Rep\u00fablica Dominicana en Europa - Consulado General de la Rep\u00fablica Dominicana en La Haya, Reino de los Pa\u00edses Bajos\" \/>\n<meta property=\"og:description\" content=\"Listado de las direcciones y forma de contacto de las Embajadas y Consulados de la Rep\u00fablica Dominicana en Europa.\" \/>\n<meta property=\"og:url\" content=\"https:\/\/nld.mirex.gob.do\/consular\/amsterdam\/embajadas-y-consulados-de-la-republica-dominicana-en-europa\/\" \/>\n<meta property=\"og:site_name\" content=\"Consulado General de la Rep\u00fablica Dominicana en La Haya, Reino de los Pa\u00edses Bajos\" \/>\n<meta property=\"article:published_time\" content=\"2015-05-22T15:45:49+00:00\" \/>\n<meta name=\"author\" content=\"Michael Antonio Melo Andujar\" \/>\n<meta name=\"twitter:card\" content=\"summary_large_image\" \/>\n<meta name=\"twitter:label1\" content=\"Written by\" \/>\n\t<meta name=\"twitter:data1\" content=\"Michael Antonio Melo Andujar\" \/>\n\t<meta name=\"twitter:label2\" content=\"Est. reading time\" \/>\n\t<meta name=\"twitter:data2\" content=\"6 minutes\" \/>\n<script type=\"application\/ld+json\" class=\"yoast-schema-graph\">{\"@context\":\"https:\\\/\\\/schema.org\",\"@graph\":[{\"@type\":\"Article\",\"@id\":\"https:\\\/\\\/nld.mirex.gob.do\\\/consular\\\/amsterdam\\\/embajadas-y-consulados-de-la-republica-dominicana-en-europa\\\/#article\",\"isPartOf\":{\"@id\":\"https:\\\/\\\/nld.mirex.gob.do\\\/consular\\\/amsterdam\\\/embajadas-y-consulados-de-la-republica-dominicana-en-europa\\\/\"},\"author\":{\"name\":\"Michael Antonio Melo Andujar\",\"@id\":\"https:\\\/\\\/nld.mirex.gob.do\\\/consular\\\/amsterdam\\\/#\\\/schema\\\/person\\\/772a9951ade6a7e4ab978b618b619ff8\"},\"headline\":\"Embajadas y Consulados de la Rep\u00fablica Dominicana en Europa\",\"datePublished\":\"2015-05-22T15:45:49+00:00\",\"mainEntityOfPage\":{\"@id\":\"https:\\\/\\\/nld.mirex.gob.do\\\/consular\\\/amsterdam\\\/embajadas-y-consulados-de-la-republica-dominicana-en-europa\\\/\"},\"wordCount\":1196,\"publisher\":{\"@id\":\"https:\\\/\\\/nld.mirex.gob.do\\\/consular\\\/amsterdam\\\/#organization\"},\"keywords\":[\"Consulados\",\"Embajadas\",\"Enlaces\",\"Gobierno de\",\"Rep\u00fablica Dominicana\"],\"articleSection\":[\"Enlaces\"],\"inLanguage\":\"en-US\"},{\"@type\":\"WebPage\",\"@id\":\"https:\\\/\\\/nld.mirex.gob.do\\\/consular\\\/amsterdam\\\/embajadas-y-consulados-de-la-republica-dominicana-en-europa\\\/\",\"url\":\"https:\\\/\\\/nld.mirex.gob.do\\\/consular\\\/amsterdam\\\/embajadas-y-consulados-de-la-republica-dominicana-en-europa\\\/\",\"name\":\"Embajadas y Consulados de la Rep\u00fablica Dominicana en Europa - Consulado General de la Rep\u00fablica Dominicana en La Haya, Reino de los Pa\u00edses Bajos\",\"isPartOf\":{\"@id\":\"https:\\\/\\\/nld.mirex.gob.do\\\/consular\\\/amsterdam\\\/#website\"},\"datePublished\":\"2015-05-22T15:45:49+00:00\",\"description\":\"Listado de las direcciones y forma de contacto de las Embajadas y Consulados de la Rep\u00fablica Dominicana en Europa.\",\"breadcrumb\":{\"@id\":\"https:\\\/\\\/nld.mirex.gob.do\\\/consular\\\/amsterdam\\\/embajadas-y-consulados-de-la-republica-dominicana-en-europa\\\/#breadcrumb\"},\"inLanguage\":\"en-US\",\"potentialAction\":[{\"@type\":\"ReadAction\",\"target\":[\"https:\\\/\\\/nld.mirex.gob.do\\\/consular\\\/amsterdam\\\/embajadas-y-consulados-de-la-republica-dominicana-en-europa\\\/\"]}]},{\"@type\":\"BreadcrumbList\",\"@id\":\"https:\\\/\\\/nld.mirex.gob.do\\\/consular\\\/amsterdam\\\/embajadas-y-consulados-de-la-republica-dominicana-en-europa\\\/#breadcrumb\",\"itemListElement\":[{\"@type\":\"ListItem\",\"position\":1,\"name\":\"Inicio\",\"item\":\"https:\\\/\\\/nld.mirex.gob.do\\\/consular\\\/amsterdam\\\/\"},{\"@type\":\"ListItem\",\"position\":2,\"name\":\"Embajadas y Consulados de la Rep\u00fablica Dominicana en Europa\"}]},{\"@type\":\"WebSite\",\"@id\":\"https:\\\/\\\/nld.mirex.gob.do\\\/consular\\\/amsterdam\\\/#website\",\"url\":\"https:\\\/\\\/nld.mirex.gob.do\\\/consular\\\/amsterdam\\\/\",\"name\":\"Consulado General de la Rep\u00fablica Dominicana en La Haya, Reino de los Pa\u00edses Bajos\",\"description\":\"\",\"publisher\":{\"@id\":\"https:\\\/\\\/nld.mirex.gob.do\\\/consular\\\/amsterdam\\\/#organization\"},\"potentialAction\":[{\"@type\":\"SearchAction\",\"target\":{\"@type\":\"EntryPoint\",\"urlTemplate\":\"https:\\\/\\\/nld.mirex.gob.do\\\/consular\\\/amsterdam\\\/?s={search_term_string}\"},\"query-input\":{\"@type\":\"PropertyValueSpecification\",\"valueRequired\":true,\"valueName\":\"search_term_string\"}}],\"inLanguage\":\"en-US\"},{\"@type\":\"Organization\",\"@id\":\"https:\\\/\\\/nld.mirex.gob.do\\\/consular\\\/amsterdam\\\/#organization\",\"name\":\"Consulado General de la Rep\u00fablica Dominicana en La Haya, Reino de los Pa\u00edses Bajos\",\"url\":\"https:\\\/\\\/nld.mirex.gob.do\\\/consular\\\/amsterdam\\\/\",\"logo\":{\"@type\":\"ImageObject\",\"inLanguage\":\"en-US\",\"@id\":\"https:\\\/\\\/nld.mirex.gob.do\\\/consular\\\/amsterdam\\\/#\\\/schema\\\/logo\\\/image\\\/\",\"url\":\"https:\\\/\\\/nld.mirex.gob.do\\\/consular\\\/amsterdam\\\/wp-content\\\/uploads\\\/2024\\\/04\\\/cropped-consulado_la_haya_reinode_los_Paises_Bajos.jpg\",\"contentUrl\":\"https:\\\/\\\/nld.mirex.gob.do\\\/consular\\\/amsterdam\\\/wp-content\\\/uploads\\\/2024\\\/04\\\/cropped-consulado_la_haya_reinode_los_Paises_Bajos.jpg\",\"width\":999,\"height\":407,\"caption\":\"Consulado General de la Rep\u00fablica Dominicana en La Haya, Reino de los Pa\u00edses Bajos\"},\"image\":{\"@id\":\"https:\\\/\\\/nld.mirex.gob.do\\\/consular\\\/amsterdam\\\/#\\\/schema\\\/logo\\\/image\\\/\"}},{\"@type\":\"Person\",\"@id\":\"https:\\\/\\\/nld.mirex.gob.do\\\/consular\\\/amsterdam\\\/#\\\/schema\\\/person\\\/772a9951ade6a7e4ab978b618b619ff8\",\"name\":\"Michael Antonio Melo Andujar\",\"image\":{\"@type\":\"ImageObject\",\"inLanguage\":\"en-US\",\"@id\":\"https:\\\/\\\/secure.gravatar.com\\\/avatar\\\/f8862d24b6945a30d30c9727ef9dfcd533ee25a18a27afc92991446aeb0e652d?s=96&d=mm&r=g\",\"url\":\"https:\\\/\\\/secure.gravatar.com\\\/avatar\\\/f8862d24b6945a30d30c9727ef9dfcd533ee25a18a27afc92991446aeb0e652d?s=96&d=mm&r=g\",\"contentUrl\":\"https:\\\/\\\/secure.gravatar.com\\\/avatar\\\/f8862d24b6945a30d30c9727ef9dfcd533ee25a18a27afc92991446aeb0e652d?s=96&d=mm&r=g\",\"caption\":\"Michael Antonio Melo Andujar\"}}]}<\/script>\n<!-- \/ Yoast SEO plugin. -->","yoast_head_json":{"title":"Embajadas y Consulados de la Rep\u00fablica Dominicana en Europa - Consulado General de la Rep\u00fablica Dominicana en La Haya, Reino de los Pa\u00edses Bajos","description":"Listado de las direcciones y forma de contacto de las Embajadas y Consulados de la Rep\u00fablica Dominicana en Europa.","robots":{"index":"index","follow":"follow","max-snippet":"max-snippet:-1","max-image-preview":"max-image-preview:large","max-video-preview":"max-video-preview:-1"},"canonical":"https:\/\/nld.mirex.gob.do\/consular\/amsterdam\/embajadas-y-consulados-de-la-republica-dominicana-en-europa\/","og_locale":"en_US","og_type":"article","og_title":"Embajadas y Consulados de la Rep\u00fablica Dominicana en Europa - Consulado General de la Rep\u00fablica Dominicana en La Haya, Reino de los Pa\u00edses Bajos","og_description":"Listado de las direcciones y forma de contacto de las Embajadas y Consulados de la Rep\u00fablica Dominicana en Europa.","og_url":"https:\/\/nld.mirex.gob.do\/consular\/amsterdam\/embajadas-y-consulados-de-la-republica-dominicana-en-europa\/","og_site_name":"Consulado General de la Rep\u00fablica Dominicana en La Haya, Reino de los Pa\u00edses Bajos","article_published_time":"2015-05-22T15:45:49+00:00","author":"Michael Antonio Melo Andujar","twitter_card":"summary_large_image","twitter_misc":{"Written by":"Michael Antonio Melo Andujar","Est. reading time":"6 minutes"},"schema":{"@context":"https:\/\/schema.org","@graph":[{"@type":"Article","@id":"https:\/\/nld.mirex.gob.do\/consular\/amsterdam\/embajadas-y-consulados-de-la-republica-dominicana-en-europa\/#article","isPartOf":{"@id":"https:\/\/nld.mirex.gob.do\/consular\/amsterdam\/embajadas-y-consulados-de-la-republica-dominicana-en-europa\/"},"author":{"name":"Michael Antonio Melo Andujar","@id":"https:\/\/nld.mirex.gob.do\/consular\/amsterdam\/#\/schema\/person\/772a9951ade6a7e4ab978b618b619ff8"},"headline":"Embajadas y Consulados de la Rep\u00fablica Dominicana en Europa","datePublished":"2015-05-22T15:45:49+00:00","mainEntityOfPage":{"@id":"https:\/\/nld.mirex.gob.do\/consular\/amsterdam\/embajadas-y-consulados-de-la-republica-dominicana-en-europa\/"},"wordCount":1196,"publisher":{"@id":"https:\/\/nld.mirex.gob.do\/consular\/amsterdam\/#organization"},"keywords":["Consulados","Embajadas","Enlaces","Gobierno de","Rep\u00fablica Dominicana"],"articleSection":["Enlaces"],"inLanguage":"en-US"},{"@type":"WebPage","@id":"https:\/\/nld.mirex.gob.do\/consular\/amsterdam\/embajadas-y-consulados-de-la-republica-dominicana-en-europa\/","url":"https:\/\/nld.mirex.gob.do\/consular\/amsterdam\/embajadas-y-consulados-de-la-republica-dominicana-en-europa\/","name":"Embajadas y Consulados de la Rep\u00fablica Dominicana en Europa - Consulado General de la Rep\u00fablica Dominicana en La Haya, Reino de los Pa\u00edses Bajos","isPartOf":{"@id":"https:\/\/nld.mirex.gob.do\/consular\/amsterdam\/#website"},"datePublished":"2015-05-22T15:45:49+00:00","description":"Listado de las direcciones y forma de contacto de las Embajadas y Consulados de la Rep\u00fablica Dominicana en Europa.","breadcrumb":{"@id":"https:\/\/nld.mirex.gob.do\/consular\/amsterdam\/embajadas-y-consulados-de-la-republica-dominicana-en-europa\/#breadcrumb"},"inLanguage":"en-US","potentialAction":[{"@type":"ReadAction","target":["https:\/\/nld.mirex.gob.do\/consular\/amsterdam\/embajadas-y-consulados-de-la-republica-dominicana-en-europa\/"]}]},{"@type":"BreadcrumbList","@id":"https:\/\/nld.mirex.gob.do\/consular\/amsterdam\/embajadas-y-consulados-de-la-republica-dominicana-en-europa\/#breadcrumb","itemListElement":[{"@type":"ListItem","position":1,"name":"Inicio","item":"https:\/\/nld.mirex.gob.do\/consular\/amsterdam\/"},{"@type":"ListItem","position":2,"name":"Embajadas y Consulados de la Rep\u00fablica Dominicana en Europa"}]},{"@type":"WebSite","@id":"https:\/\/nld.mirex.gob.do\/consular\/amsterdam\/#website","url":"https:\/\/nld.mirex.gob.do\/consular\/amsterdam\/","name":"Consulado General de la Rep\u00fablica Dominicana en La Haya, Reino de los Pa\u00edses Bajos","description":"","publisher":{"@id":"https:\/\/nld.mirex.gob.do\/consular\/amsterdam\/#organization"},"potentialAction":[{"@type":"SearchAction","target":{"@type":"EntryPoint","urlTemplate":"https:\/\/nld.mirex.gob.do\/consular\/amsterdam\/?s={search_term_string}"},"query-input":{"@type":"PropertyValueSpecification","valueRequired":true,"valueName":"search_term_string"}}],"inLanguage":"en-US"},{"@type":"Organization","@id":"https:\/\/nld.mirex.gob.do\/consular\/amsterdam\/#organization","name":"Consulado General de la Rep\u00fablica Dominicana en La Haya, Reino de los Pa\u00edses Bajos","url":"https:\/\/nld.mirex.gob.do\/consular\/amsterdam\/","logo":{"@type":"ImageObject","inLanguage":"en-US","@id":"https:\/\/nld.mirex.gob.do\/consular\/amsterdam\/#\/schema\/logo\/image\/","url":"https:\/\/nld.mirex.gob.do\/consular\/amsterdam\/wp-content\/uploads\/2024\/04\/cropped-consulado_la_haya_reinode_los_Paises_Bajos.jpg","contentUrl":"https:\/\/nld.mirex.gob.do\/consular\/amsterdam\/wp-content\/uploads\/2024\/04\/cropped-consulado_la_haya_reinode_los_Paises_Bajos.jpg","width":999,"height":407,"caption":"Consulado General de la Rep\u00fablica Dominicana en La Haya, Reino de los Pa\u00edses Bajos"},"image":{"@id":"https:\/\/nld.mirex.gob.do\/consular\/amsterdam\/#\/schema\/logo\/image\/"}},{"@type":"Person","@id":"https:\/\/nld.mirex.gob.do\/consular\/amsterdam\/#\/schema\/person\/772a9951ade6a7e4ab978b618b619ff8","name":"Michael Antonio Melo Andujar","image":{"@type":"ImageObject","inLanguage":"en-US","@id":"https:\/\/secure.gravatar.com\/avatar\/f8862d24b6945a30d30c9727ef9dfcd533ee25a18a27afc92991446aeb0e652d?s=96&d=mm&r=g","url":"https:\/\/secure.gravatar.com\/avatar\/f8862d24b6945a30d30c9727ef9dfcd533ee25a18a27afc92991446aeb0e652d?s=96&d=mm&r=g","contentUrl":"https:\/\/secure.gravatar.com\/avatar\/f8862d24b6945a30d30c9727ef9dfcd533ee25a18a27afc92991446aeb0e652d?s=96&d=mm&r=g","caption":"Michael Antonio Melo Andujar"}}]}},"_links":{"self":[{"href":"https:\/\/nld.mirex.gob.do\/consular\/amsterdam\/wp-json\/wp\/v2\/posts\/1915","targetHints":{"allow":["GET"]}}],"collection":[{"href":"https:\/\/nld.mirex.gob.do\/consular\/amsterdam\/wp-json\/wp\/v2\/posts"}],"about":[{"href":"https:\/\/nld.mirex.gob.do\/consular\/amsterdam\/wp-json\/wp\/v2\/types\/post"}],"author":[{"embeddable":true,"href":"https:\/\/nld.mirex.gob.do\/consular\/amsterdam\/wp-json\/wp\/v2\/users\/8"}],"replies":[{"embeddable":true,"href":"https:\/\/nld.mirex.gob.do\/consular\/amsterdam\/wp-json\/wp\/v2\/comments?post=1915"}],"version-history":[{"count":0,"href":"https:\/\/nld.mirex.gob.do\/consular\/amsterdam\/wp-json\/wp\/v2\/posts\/1915\/revisions"}],"wp:attachment":[{"href":"https:\/\/nld.mirex.gob.do\/consular\/amsterdam\/wp-json\/wp\/v2\/media?parent=1915"}],"wp:term":[{"taxonomy":"category","embeddable":true,"href":"https:\/\/nld.mirex.gob.do\/consular\/amsterdam\/wp-json\/wp\/v2\/categories?post=1915"},{"taxonomy":"post_tag","embeddable":true,"href":"https:\/\/nld.mirex.gob.do\/consular\/amsterdam\/wp-json\/wp\/v2\/tags?post=1915"}],"curies":[{"name":"wp","href":"https:\/\/api.w.org\/{rel}","templated":true}]}}