{"id":1868,"date":"2015-05-20T18:25:36","date_gmt":"2015-05-20T18:25:36","guid":{"rendered":"https:\/\/www.consuladordholanda.com\/?p=1868"},"modified":"2015-05-20T18:25:36","modified_gmt":"2015-05-20T18:25:36","slug":"agroalimentaria-2015-gran-exito-productores-y-ejemplo-alianza-publico-privada","status":"publish","type":"post","link":"https:\/\/nld.mirex.gob.do\/consular\/amsterdam\/agroalimentaria-2015-gran-exito-productores-y-ejemplo-alianza-publico-privada\/","title":{"rendered":"Agroalimentaria 2015: Gran \u00e9xito productores y ejemplo alianza p\u00fablico-privada"},"content":{"rendered":"<p><img fetchpriority=\"high\" decoding=\"async\" class=\"alignnone size-full wp-image-1876\" src=\"https:\/\/www.consuladordholanda.com\/wp-content\/uploads\/2015\/05\/Exito-Agroalimentaria-2015.jpg\" alt=\"Exito-Agroalimentaria-2015\" width=\"1000\" height=\"561\" \/><\/p>\n<p>La quinta versi\u00f3n de la <strong>Feria Internacional de Alimentos, Tabacos y Bebidas, Agroalimentaria 2015<\/strong>, culmin\u00f3 con gran \u00e9xito para los productores dominicanos, con una proyecci\u00f3n de ventas de 357 millones de d\u00f3lares.<\/p>\n<p><strong>Trabajo conjunto<\/strong><\/p>\n<p>As\u00ed lo expresaron el director del Centro de Exportaci\u00f3n e Inversi\u00f3n de la Rep\u00fablica Dominicana (CEI-RD), Jean Alain Rodr\u00edguez y el presidente ejecutivo de la Junta Agroempresarial (JAD), Osmar Ben\u00edtez, quien destac\u00f3 que este logro fue fruto del trabajo en alianza del Gobierno con los productores privados.<\/p>\n<p><strong>Se duplica cantidad de compradores<\/strong><br \/>\n<a href=\"https:\/\/www.consuladordholanda.com\/wp-content\/uploads\/2015\/05\/63009906-780a-4dde-9c39-c1e70206ae7b.jpg\"><img decoding=\"async\" class=\"alignleft size-medium wp-image-1877\" src=\"https:\/\/www.consuladordholanda.com\/wp-content\/uploads\/2015\/05\/63009906-780a-4dde-9c39-c1e70206ae7b-300x169.jpg\" alt=\"63009906-780a-4dde-9c39-c1e70206ae7b\" width=\"300\" height=\"169\" \/><\/a>\u201cEn esta versi\u00f3n pudimos aumentar la promoci\u00f3n, tanto a nivel nacional como internacional, los productos del agro dominicano, duplicando la cantidad de compradores que nos visitaron durante el 2013 y aumentando en m\u00e1s de un 68.44% la proyecci\u00f3n de contratos cerrados durante ese a\u00f1o\u201d, afirm\u00f3 el director del CEI-RD.<\/p>\n<p>En esta ocasi\u00f3n participaron en Agroalimentaria m\u00e1s de 230 compradores procedentes de m\u00e1s de 30 pa\u00edses, a cerrar contratos, a trabajar y negociar con los distintos sectores, superando con creces los 112 compradores internacionales que asistieron a la versi\u00f3n anterior.<\/p>\n<p><strong>M\u00e1s de 3 mil reuniones de negocio<\/strong><br \/>\nResalt\u00f3 que este a\u00f1o hubo m\u00e1s de 3,000 reuniones de negocios, 2,200 de ellas documentadas, lo que permiti\u00f3 enumerar datos con proyecciones de contratos. Esta cifra casi duplica los logrados en la pasada feria, que alcanz\u00f3 las 1,600 reuniones de negocios.<\/p>\n<p><strong>357 millones de d\u00f3lares en cierres de contratos<\/strong><br \/>\n\u201cY esto tuvo como resultado que compar\u00e1ndolo con el 2013 donde se proyectaron cierres de contratos por 212 millones de d\u00f3lares en esta ocasi\u00f3n logramos la impresionante cifra de 357 millones de d\u00f3lares\u201d, recalc\u00f3.<\/p>\n<p><strong>\u00c9xito es cosecha del trabajo del presidente Danilo Medina<\/strong><br \/>\nEl funcionario, quien habl\u00f3 en rueda de prensa en el sal\u00f3n Orlando Mart\u00ednez del Palacio Nacional, resalt\u00f3 que el evento que se desarroll\u00f3 la semana pasada constituy\u00f3 \u201cuna fiesta de alegr\u00eda\u201d y que este \u00e9xito es la cosecha de todo el trabajo que ha sembrado el presidente Danilo Medina en el sector agropecuario.<\/p>\n<p><strong>Productores preparados<\/strong><br \/>\n\u201cHa sido todo un proceso en el que el Gobierno ha preparado a los productores en materia de financiamiento\u201d, subray\u00f3 Rodr\u00edguez, quien tambi\u00e9n resalt\u00f3 el trabajo conjunto de la JAD y del CEI-RD.<\/p>\n<p><strong>Embajadas y consulados dominicanos activos<\/strong><br \/>\nDestac\u00f3 la participaci\u00f3n de las embajadas y los consulados dominicanos en esta iniciativa, en coordinaci\u00f3n con la Canciller\u00eda, de acuerdo a la promesa del presidente Danilo Medina en su campa\u00f1a sobre la integraci\u00f3n de las misiones diplom\u00e1ticas en la promoci\u00f3n de inversiones del exterior al pa\u00eds.<\/p>\n<p><strong>As\u00ed se construye naci\u00f3n<\/strong><br \/>\nMientras, Osmar Ben\u00edtez, presidente ejecutivo de la JAD, expuso que en esta jornada el ejercicio m\u00e1s importante a resaltar es la unidad de esfuerzo entre el Gobierno y los productores privados.<\/p>\n<p>\u201cEsa alianza p\u00fablico-privada es lo que construye naci\u00f3n, es lo que construye sociedad y es lo que construye desarrollo\u201d, dijo.<\/p>\n<p><strong>Pusieron a productores a ganar cuartos<\/strong><br \/>\nA seguidas manifest\u00f3 que el prop\u00f3sito de la actividad productiva \u201ces que el productor gane cuartos, gane billetes y papeletas, eso es lo que nosotros queremos destacar\u201d, reiterando que los resultados de esta feria pronostican ventas por encima de los 357 millones de d\u00f3lares de ventas contratadas.<\/p>\n<p>\u201cY eso, desde el punto de vista de nuestros agricultores, significa billetes, dinero, que es lo que se necesita, que la gente gane dinero para que puedan mejorar sus condiciones de vida\u201d, destac\u00f3.<\/p>\n<p><strong>Cumple promesa de campa\u00f1a<\/strong><br \/>\nBen\u00edtez felicit\u00f3 al presidente Danilo Medina por cumplir el asumido con el sector cuando era candidato a la Presidencia, y acentu\u00f3: \u201cEl Gobierno pas\u00f3 con nota sobresaliente el compromiso que hizo Danilo Medina con el sector agroempresarial\u201d.<\/p>\n<p>Asegur\u00f3 que se han superado las expectativas.<\/p>\n<p>Expres\u00f3 que en Agroalimentaria 2015 participaron 27 grupos asociados de los productores beneficiados con los cr\u00e9ditos otorgados por el Gobierno en las visitas sorpresa que realiza el jefe de Estado, muchos de los que realizaron buenas operaciones con compradores interesados en rubros como aguacates, or\u00e9gano, pi\u00f1a, pimienta y otros renglones.<\/p>\n<p><strong>Mas informaci\u00f3n:<\/strong><\/p>\n<p><a href=\"http:\/\/livestream.com\/PresidenciaRD\/ruedadeprensa110515\" target=\"_blank\" rel=\"noopener\"><img decoding=\"async\" class=\"alignnone wp-image-1880 size-full\" src=\"https:\/\/www.consuladordholanda.com\/wp-content\/uploads\/2015\/05\/video-agroalimentaria-2015.png\" alt=\"video-agroalimentaria-2015\" width=\"641\" height=\"361\" \/><\/a><\/p>\n<p>Video de la rueda de Prensa sobre Agroalimentaria 2015, de preseidencia de gobierno.<\/p>\n<p><a href=\"http:\/\/livestream.com\/PresidenciaRD\/ruedadeprensa110515\" target=\"_blank\" rel=\"noopener\">http:\/\/livestream.com\/PresidenciaRD\/ruedadeprensa110515<\/a><\/p>\n","protected":false},"excerpt":{"rendered":"<p>La quinta versi\u00f3n de la Feria Internacional de Alimentos, Tabacos y Bebidas, Agroalimentaria 2015, culmin\u00f3 con gran \u00e9xito para los productores dominicanos, con una proyecci\u00f3n de ventas de 357 millones de d\u00f3lares. Trabajo conjunto As\u00ed lo expresaron el director del Centro de Exportaci\u00f3n e Inversi\u00f3n de la Rep\u00fablica Dominicana (CEI-RD), Jean Alain Rodr\u00edguez y el [&hellip;]<\/p>\n","protected":false},"author":8,"featured_media":1876,"comment_status":"closed","ping_status":"open","sticky":false,"template":"","format":"standard","meta":{"site-sidebar-layout":"default","site-content-layout":"","ast-site-content-layout":"default","site-content-style":"default","site-sidebar-style":"default","ast-global-header-display":"","ast-banner-title-visibility":"","ast-main-header-display":"","ast-hfb-above-header-display":"","ast-hfb-below-header-display":"","ast-hfb-mobile-header-display":"","site-post-title":"","ast-breadcrumbs-content":"","ast-featured-img":"","footer-sml-layout":"","ast-disable-related-posts":"","theme-transparent-header-meta":"","adv-header-id-meta":"","stick-header-meta":"","header-above-stick-meta":"","header-main-stick-meta":"","header-below-stick-meta":"","astra-migrate-meta-layouts":"default","ast-page-background-enabled":"default","ast-page-background-meta":{"desktop":{"background-color":"","background-image":"","background-repeat":"repeat","background-position":"center center","background-size":"auto","background-attachment":"scroll","background-type":"","background-media":"","overlay-type":"","overlay-color":"","overlay-opacity":"","overlay-gradient":""},"tablet":{"background-color":"","background-image":"","background-repeat":"repeat","background-position":"center center","background-size":"auto","background-attachment":"scroll","background-type":"","background-media":"","overlay-type":"","overlay-color":"","overlay-opacity":"","overlay-gradient":""},"mobile":{"background-color":"","background-image":"","background-repeat":"repeat","background-position":"center center","background-size":"auto","background-attachment":"scroll","background-type":"","background-media":"","overlay-type":"","overlay-color":"","overlay-opacity":"","overlay-gradient":""}},"ast-content-background-meta":{"desktop":{"background-color":"var(--ast-global-color-5)","background-image":"","background-repeat":"repeat","background-position":"center center","background-size":"auto","background-attachment":"scroll","background-type":"","background-media":"","overlay-type":"","overlay-color":"","overlay-opacity":"","overlay-gradient":""},"tablet":{"background-color":"var(--ast-global-color-5)","background-image":"","background-repeat":"repeat","background-position":"center center","background-size":"auto","background-attachment":"scroll","background-type":"","background-media":"","overlay-type":"","overlay-color":"","overlay-opacity":"","overlay-gradient":""},"mobile":{"background-color":"var(--ast-global-color-5)","background-image":"","background-repeat":"repeat","background-position":"center center","background-size":"auto","background-attachment":"scroll","background-type":"","background-media":"","overlay-type":"","overlay-color":"","overlay-opacity":"","overlay-gradient":""}},"footnotes":""},"categories":[51,96,66],"tags":[55,264,265,266,267,99,268],"class_list":["post-1868","post","type-post","status-publish","format-standard","has-post-thumbnail","hentry","category-invertir","category-negocios","category-novedades","tag-agroalimentaria-2015","tag-alimentacion","tag-feria","tag-gobierno","tag-productos-dominicanos","tag-republica-dominicana","tag-rueda-de-prensa"],"yoast_head":"<!-- This site is optimized with the Yoast SEO plugin v27.4 - https:\/\/yoast.com\/product\/yoast-seo-wordpress\/ -->\n<title>Agroalimentaria 2015: Gran \u00e9xito productores y ejemplo alianza p\u00fablico-privada - Consulado General de la Rep\u00fablica Dominicana en La Haya, Reino de los Pa\u00edses Bajos<\/title>\n<meta name=\"description\" content=\"La quinta versi\u00f3n de la Feria Internacional de Alimentos, Tabacos y Bebidas, Agroalimentaria 2015, culmin\u00f3 con gran \u00e9xito para los productores dominicanos, con una proyecci\u00f3n de ventas de 357 millones de d\u00f3lares.\" \/>\n<meta name=\"robots\" content=\"index, follow, max-snippet:-1, max-image-preview:large, max-video-preview:-1\" \/>\n<link rel=\"canonical\" href=\"https:\/\/nld.mirex.gob.do\/consular\/amsterdam\/agroalimentaria-2015-gran-exito-productores-y-ejemplo-alianza-publico-privada\/\" \/>\n<meta property=\"og:locale\" content=\"en_US\" \/>\n<meta property=\"og:type\" content=\"article\" \/>\n<meta property=\"og:title\" content=\"Agroalimentaria 2015: Gran \u00e9xito productores y ejemplo alianza p\u00fablico-privada - Consulado General de la Rep\u00fablica Dominicana en La Haya, Reino de los Pa\u00edses Bajos\" \/>\n<meta property=\"og:description\" content=\"La quinta versi\u00f3n de la Feria Internacional de Alimentos, Tabacos y Bebidas, Agroalimentaria 2015, culmin\u00f3 con gran \u00e9xito para los productores dominicanos, con una proyecci\u00f3n de ventas de 357 millones de d\u00f3lares.\" \/>\n<meta property=\"og:url\" content=\"https:\/\/nld.mirex.gob.do\/consular\/amsterdam\/agroalimentaria-2015-gran-exito-productores-y-ejemplo-alianza-publico-privada\/\" \/>\n<meta property=\"og:site_name\" content=\"Consulado General de la Rep\u00fablica Dominicana en La Haya, Reino de los Pa\u00edses Bajos\" \/>\n<meta property=\"article:published_time\" content=\"2015-05-20T18:25:36+00:00\" \/>\n<meta name=\"author\" content=\"Michael Antonio Melo Andujar\" \/>\n<meta name=\"twitter:card\" content=\"summary_large_image\" \/>\n<meta name=\"twitter:label1\" content=\"Written by\" \/>\n\t<meta name=\"twitter:data1\" content=\"Michael Antonio Melo Andujar\" \/>\n\t<meta name=\"twitter:label2\" content=\"Est. reading time\" \/>\n\t<meta name=\"twitter:data2\" content=\"4 minutes\" \/>\n<script type=\"application\/ld+json\" class=\"yoast-schema-graph\">{\"@context\":\"https:\\\/\\\/schema.org\",\"@graph\":[{\"@type\":\"Article\",\"@id\":\"https:\\\/\\\/nld.mirex.gob.do\\\/consular\\\/amsterdam\\\/agroalimentaria-2015-gran-exito-productores-y-ejemplo-alianza-publico-privada\\\/#article\",\"isPartOf\":{\"@id\":\"https:\\\/\\\/nld.mirex.gob.do\\\/consular\\\/amsterdam\\\/agroalimentaria-2015-gran-exito-productores-y-ejemplo-alianza-publico-privada\\\/\"},\"author\":{\"name\":\"Michael Antonio Melo Andujar\",\"@id\":\"https:\\\/\\\/nld.mirex.gob.do\\\/consular\\\/amsterdam\\\/#\\\/schema\\\/person\\\/772a9951ade6a7e4ab978b618b619ff8\"},\"headline\":\"Agroalimentaria 2015: Gran \u00e9xito productores y ejemplo alianza p\u00fablico-privada\",\"datePublished\":\"2015-05-20T18:25:36+00:00\",\"mainEntityOfPage\":{\"@id\":\"https:\\\/\\\/nld.mirex.gob.do\\\/consular\\\/amsterdam\\\/agroalimentaria-2015-gran-exito-productores-y-ejemplo-alianza-publico-privada\\\/\"},\"wordCount\":714,\"publisher\":{\"@id\":\"https:\\\/\\\/nld.mirex.gob.do\\\/consular\\\/amsterdam\\\/#organization\"},\"image\":{\"@id\":\"https:\\\/\\\/nld.mirex.gob.do\\\/consular\\\/amsterdam\\\/agroalimentaria-2015-gran-exito-productores-y-ejemplo-alianza-publico-privada\\\/#primaryimage\"},\"thumbnailUrl\":\"\",\"keywords\":[\"Agroalimentaria 2015\",\"Alimentaci\u00f3n\",\"Feria\",\"Gobierno\",\"Productos Dominicanos\",\"Rep\u00fablica Dominicana\",\"Rueda de Prensa\"],\"articleSection\":[\"Invertir en la Rep\u00fablica Dominicana\",\"Negocios\",\"Novedades\"],\"inLanguage\":\"en-US\"},{\"@type\":\"WebPage\",\"@id\":\"https:\\\/\\\/nld.mirex.gob.do\\\/consular\\\/amsterdam\\\/agroalimentaria-2015-gran-exito-productores-y-ejemplo-alianza-publico-privada\\\/\",\"url\":\"https:\\\/\\\/nld.mirex.gob.do\\\/consular\\\/amsterdam\\\/agroalimentaria-2015-gran-exito-productores-y-ejemplo-alianza-publico-privada\\\/\",\"name\":\"Agroalimentaria 2015: Gran \u00e9xito productores y ejemplo alianza p\u00fablico-privada - Consulado General de la Rep\u00fablica Dominicana en La Haya, Reino de los Pa\u00edses Bajos\",\"isPartOf\":{\"@id\":\"https:\\\/\\\/nld.mirex.gob.do\\\/consular\\\/amsterdam\\\/#website\"},\"primaryImageOfPage\":{\"@id\":\"https:\\\/\\\/nld.mirex.gob.do\\\/consular\\\/amsterdam\\\/agroalimentaria-2015-gran-exito-productores-y-ejemplo-alianza-publico-privada\\\/#primaryimage\"},\"image\":{\"@id\":\"https:\\\/\\\/nld.mirex.gob.do\\\/consular\\\/amsterdam\\\/agroalimentaria-2015-gran-exito-productores-y-ejemplo-alianza-publico-privada\\\/#primaryimage\"},\"thumbnailUrl\":\"\",\"datePublished\":\"2015-05-20T18:25:36+00:00\",\"description\":\"La quinta versi\u00f3n de la Feria Internacional de Alimentos, Tabacos y Bebidas, Agroalimentaria 2015, culmin\u00f3 con gran \u00e9xito para los productores dominicanos, con una proyecci\u00f3n de ventas de 357 millones de d\u00f3lares.\",\"breadcrumb\":{\"@id\":\"https:\\\/\\\/nld.mirex.gob.do\\\/consular\\\/amsterdam\\\/agroalimentaria-2015-gran-exito-productores-y-ejemplo-alianza-publico-privada\\\/#breadcrumb\"},\"inLanguage\":\"en-US\",\"potentialAction\":[{\"@type\":\"ReadAction\",\"target\":[\"https:\\\/\\\/nld.mirex.gob.do\\\/consular\\\/amsterdam\\\/agroalimentaria-2015-gran-exito-productores-y-ejemplo-alianza-publico-privada\\\/\"]}]},{\"@type\":\"ImageObject\",\"inLanguage\":\"en-US\",\"@id\":\"https:\\\/\\\/nld.mirex.gob.do\\\/consular\\\/amsterdam\\\/agroalimentaria-2015-gran-exito-productores-y-ejemplo-alianza-publico-privada\\\/#primaryimage\",\"url\":\"\",\"contentUrl\":\"\"},{\"@type\":\"BreadcrumbList\",\"@id\":\"https:\\\/\\\/nld.mirex.gob.do\\\/consular\\\/amsterdam\\\/agroalimentaria-2015-gran-exito-productores-y-ejemplo-alianza-publico-privada\\\/#breadcrumb\",\"itemListElement\":[{\"@type\":\"ListItem\",\"position\":1,\"name\":\"Inicio\",\"item\":\"https:\\\/\\\/nld.mirex.gob.do\\\/consular\\\/amsterdam\\\/\"},{\"@type\":\"ListItem\",\"position\":2,\"name\":\"Agroalimentaria 2015: Gran \u00e9xito productores y ejemplo alianza p\u00fablico-privada\"}]},{\"@type\":\"WebSite\",\"@id\":\"https:\\\/\\\/nld.mirex.gob.do\\\/consular\\\/amsterdam\\\/#website\",\"url\":\"https:\\\/\\\/nld.mirex.gob.do\\\/consular\\\/amsterdam\\\/\",\"name\":\"Consulado General de la Rep\u00fablica Dominicana en La Haya, Reino de los Pa\u00edses Bajos\",\"description\":\"\",\"publisher\":{\"@id\":\"https:\\\/\\\/nld.mirex.gob.do\\\/consular\\\/amsterdam\\\/#organization\"},\"potentialAction\":[{\"@type\":\"SearchAction\",\"target\":{\"@type\":\"EntryPoint\",\"urlTemplate\":\"https:\\\/\\\/nld.mirex.gob.do\\\/consular\\\/amsterdam\\\/?s={search_term_string}\"},\"query-input\":{\"@type\":\"PropertyValueSpecification\",\"valueRequired\":true,\"valueName\":\"search_term_string\"}}],\"inLanguage\":\"en-US\"},{\"@type\":\"Organization\",\"@id\":\"https:\\\/\\\/nld.mirex.gob.do\\\/consular\\\/amsterdam\\\/#organization\",\"name\":\"Consulado General de la Rep\u00fablica Dominicana en La Haya, Reino de los Pa\u00edses Bajos\",\"url\":\"https:\\\/\\\/nld.mirex.gob.do\\\/consular\\\/amsterdam\\\/\",\"logo\":{\"@type\":\"ImageObject\",\"inLanguage\":\"en-US\",\"@id\":\"https:\\\/\\\/nld.mirex.gob.do\\\/consular\\\/amsterdam\\\/#\\\/schema\\\/logo\\\/image\\\/\",\"url\":\"https:\\\/\\\/nld.mirex.gob.do\\\/consular\\\/amsterdam\\\/wp-content\\\/uploads\\\/2024\\\/04\\\/cropped-consulado_la_haya_reinode_los_Paises_Bajos.jpg\",\"contentUrl\":\"https:\\\/\\\/nld.mirex.gob.do\\\/consular\\\/amsterdam\\\/wp-content\\\/uploads\\\/2024\\\/04\\\/cropped-consulado_la_haya_reinode_los_Paises_Bajos.jpg\",\"width\":999,\"height\":407,\"caption\":\"Consulado General de la Rep\u00fablica Dominicana en La Haya, Reino de los Pa\u00edses Bajos\"},\"image\":{\"@id\":\"https:\\\/\\\/nld.mirex.gob.do\\\/consular\\\/amsterdam\\\/#\\\/schema\\\/logo\\\/image\\\/\"}},{\"@type\":\"Person\",\"@id\":\"https:\\\/\\\/nld.mirex.gob.do\\\/consular\\\/amsterdam\\\/#\\\/schema\\\/person\\\/772a9951ade6a7e4ab978b618b619ff8\",\"name\":\"Michael Antonio Melo Andujar\",\"image\":{\"@type\":\"ImageObject\",\"inLanguage\":\"en-US\",\"@id\":\"https:\\\/\\\/secure.gravatar.com\\\/avatar\\\/f8862d24b6945a30d30c9727ef9dfcd533ee25a18a27afc92991446aeb0e652d?s=96&d=mm&r=g\",\"url\":\"https:\\\/\\\/secure.gravatar.com\\\/avatar\\\/f8862d24b6945a30d30c9727ef9dfcd533ee25a18a27afc92991446aeb0e652d?s=96&d=mm&r=g\",\"contentUrl\":\"https:\\\/\\\/secure.gravatar.com\\\/avatar\\\/f8862d24b6945a30d30c9727ef9dfcd533ee25a18a27afc92991446aeb0e652d?s=96&d=mm&r=g\",\"caption\":\"Michael Antonio Melo Andujar\"}}]}<\/script>\n<!-- \/ Yoast SEO plugin. -->","yoast_head_json":{"title":"Agroalimentaria 2015: Gran \u00e9xito productores y ejemplo alianza p\u00fablico-privada - Consulado General de la Rep\u00fablica Dominicana en La Haya, Reino de los Pa\u00edses Bajos","description":"La quinta versi\u00f3n de la Feria Internacional de Alimentos, Tabacos y Bebidas, Agroalimentaria 2015, culmin\u00f3 con gran \u00e9xito para los productores dominicanos, con una proyecci\u00f3n de ventas de 357 millones de d\u00f3lares.","robots":{"index":"index","follow":"follow","max-snippet":"max-snippet:-1","max-image-preview":"max-image-preview:large","max-video-preview":"max-video-preview:-1"},"canonical":"https:\/\/nld.mirex.gob.do\/consular\/amsterdam\/agroalimentaria-2015-gran-exito-productores-y-ejemplo-alianza-publico-privada\/","og_locale":"en_US","og_type":"article","og_title":"Agroalimentaria 2015: Gran \u00e9xito productores y ejemplo alianza p\u00fablico-privada - Consulado General de la Rep\u00fablica Dominicana en La Haya, Reino de los Pa\u00edses Bajos","og_description":"La quinta versi\u00f3n de la Feria Internacional de Alimentos, Tabacos y Bebidas, Agroalimentaria 2015, culmin\u00f3 con gran \u00e9xito para los productores dominicanos, con una proyecci\u00f3n de ventas de 357 millones de d\u00f3lares.","og_url":"https:\/\/nld.mirex.gob.do\/consular\/amsterdam\/agroalimentaria-2015-gran-exito-productores-y-ejemplo-alianza-publico-privada\/","og_site_name":"Consulado General de la Rep\u00fablica Dominicana en La Haya, Reino de los Pa\u00edses Bajos","article_published_time":"2015-05-20T18:25:36+00:00","author":"Michael Antonio Melo Andujar","twitter_card":"summary_large_image","twitter_misc":{"Written by":"Michael Antonio Melo Andujar","Est. reading time":"4 minutes"},"schema":{"@context":"https:\/\/schema.org","@graph":[{"@type":"Article","@id":"https:\/\/nld.mirex.gob.do\/consular\/amsterdam\/agroalimentaria-2015-gran-exito-productores-y-ejemplo-alianza-publico-privada\/#article","isPartOf":{"@id":"https:\/\/nld.mirex.gob.do\/consular\/amsterdam\/agroalimentaria-2015-gran-exito-productores-y-ejemplo-alianza-publico-privada\/"},"author":{"name":"Michael Antonio Melo Andujar","@id":"https:\/\/nld.mirex.gob.do\/consular\/amsterdam\/#\/schema\/person\/772a9951ade6a7e4ab978b618b619ff8"},"headline":"Agroalimentaria 2015: Gran \u00e9xito productores y ejemplo alianza p\u00fablico-privada","datePublished":"2015-05-20T18:25:36+00:00","mainEntityOfPage":{"@id":"https:\/\/nld.mirex.gob.do\/consular\/amsterdam\/agroalimentaria-2015-gran-exito-productores-y-ejemplo-alianza-publico-privada\/"},"wordCount":714,"publisher":{"@id":"https:\/\/nld.mirex.gob.do\/consular\/amsterdam\/#organization"},"image":{"@id":"https:\/\/nld.mirex.gob.do\/consular\/amsterdam\/agroalimentaria-2015-gran-exito-productores-y-ejemplo-alianza-publico-privada\/#primaryimage"},"thumbnailUrl":"","keywords":["Agroalimentaria 2015","Alimentaci\u00f3n","Feria","Gobierno","Productos Dominicanos","Rep\u00fablica Dominicana","Rueda de Prensa"],"articleSection":["Invertir en la Rep\u00fablica Dominicana","Negocios","Novedades"],"inLanguage":"en-US"},{"@type":"WebPage","@id":"https:\/\/nld.mirex.gob.do\/consular\/amsterdam\/agroalimentaria-2015-gran-exito-productores-y-ejemplo-alianza-publico-privada\/","url":"https:\/\/nld.mirex.gob.do\/consular\/amsterdam\/agroalimentaria-2015-gran-exito-productores-y-ejemplo-alianza-publico-privada\/","name":"Agroalimentaria 2015: Gran \u00e9xito productores y ejemplo alianza p\u00fablico-privada - Consulado General de la Rep\u00fablica Dominicana en La Haya, Reino de los Pa\u00edses Bajos","isPartOf":{"@id":"https:\/\/nld.mirex.gob.do\/consular\/amsterdam\/#website"},"primaryImageOfPage":{"@id":"https:\/\/nld.mirex.gob.do\/consular\/amsterdam\/agroalimentaria-2015-gran-exito-productores-y-ejemplo-alianza-publico-privada\/#primaryimage"},"image":{"@id":"https:\/\/nld.mirex.gob.do\/consular\/amsterdam\/agroalimentaria-2015-gran-exito-productores-y-ejemplo-alianza-publico-privada\/#primaryimage"},"thumbnailUrl":"","datePublished":"2015-05-20T18:25:36+00:00","description":"La quinta versi\u00f3n de la Feria Internacional de Alimentos, Tabacos y Bebidas, Agroalimentaria 2015, culmin\u00f3 con gran \u00e9xito para los productores dominicanos, con una proyecci\u00f3n de ventas de 357 millones de d\u00f3lares.","breadcrumb":{"@id":"https:\/\/nld.mirex.gob.do\/consular\/amsterdam\/agroalimentaria-2015-gran-exito-productores-y-ejemplo-alianza-publico-privada\/#breadcrumb"},"inLanguage":"en-US","potentialAction":[{"@type":"ReadAction","target":["https:\/\/nld.mirex.gob.do\/consular\/amsterdam\/agroalimentaria-2015-gran-exito-productores-y-ejemplo-alianza-publico-privada\/"]}]},{"@type":"ImageObject","inLanguage":"en-US","@id":"https:\/\/nld.mirex.gob.do\/consular\/amsterdam\/agroalimentaria-2015-gran-exito-productores-y-ejemplo-alianza-publico-privada\/#primaryimage","url":"","contentUrl":""},{"@type":"BreadcrumbList","@id":"https:\/\/nld.mirex.gob.do\/consular\/amsterdam\/agroalimentaria-2015-gran-exito-productores-y-ejemplo-alianza-publico-privada\/#breadcrumb","itemListElement":[{"@type":"ListItem","position":1,"name":"Inicio","item":"https:\/\/nld.mirex.gob.do\/consular\/amsterdam\/"},{"@type":"ListItem","position":2,"name":"Agroalimentaria 2015: Gran \u00e9xito productores y ejemplo alianza p\u00fablico-privada"}]},{"@type":"WebSite","@id":"https:\/\/nld.mirex.gob.do\/consular\/amsterdam\/#website","url":"https:\/\/nld.mirex.gob.do\/consular\/amsterdam\/","name":"Consulado General de la Rep\u00fablica Dominicana en La Haya, Reino de los Pa\u00edses Bajos","description":"","publisher":{"@id":"https:\/\/nld.mirex.gob.do\/consular\/amsterdam\/#organization"},"potentialAction":[{"@type":"SearchAction","target":{"@type":"EntryPoint","urlTemplate":"https:\/\/nld.mirex.gob.do\/consular\/amsterdam\/?s={search_term_string}"},"query-input":{"@type":"PropertyValueSpecification","valueRequired":true,"valueName":"search_term_string"}}],"inLanguage":"en-US"},{"@type":"Organization","@id":"https:\/\/nld.mirex.gob.do\/consular\/amsterdam\/#organization","name":"Consulado General de la Rep\u00fablica Dominicana en La Haya, Reino de los Pa\u00edses Bajos","url":"https:\/\/nld.mirex.gob.do\/consular\/amsterdam\/","logo":{"@type":"ImageObject","inLanguage":"en-US","@id":"https:\/\/nld.mirex.gob.do\/consular\/amsterdam\/#\/schema\/logo\/image\/","url":"https:\/\/nld.mirex.gob.do\/consular\/amsterdam\/wp-content\/uploads\/2024\/04\/cropped-consulado_la_haya_reinode_los_Paises_Bajos.jpg","contentUrl":"https:\/\/nld.mirex.gob.do\/consular\/amsterdam\/wp-content\/uploads\/2024\/04\/cropped-consulado_la_haya_reinode_los_Paises_Bajos.jpg","width":999,"height":407,"caption":"Consulado General de la Rep\u00fablica Dominicana en La Haya, Reino de los Pa\u00edses Bajos"},"image":{"@id":"https:\/\/nld.mirex.gob.do\/consular\/amsterdam\/#\/schema\/logo\/image\/"}},{"@type":"Person","@id":"https:\/\/nld.mirex.gob.do\/consular\/amsterdam\/#\/schema\/person\/772a9951ade6a7e4ab978b618b619ff8","name":"Michael Antonio Melo Andujar","image":{"@type":"ImageObject","inLanguage":"en-US","@id":"https:\/\/secure.gravatar.com\/avatar\/f8862d24b6945a30d30c9727ef9dfcd533ee25a18a27afc92991446aeb0e652d?s=96&d=mm&r=g","url":"https:\/\/secure.gravatar.com\/avatar\/f8862d24b6945a30d30c9727ef9dfcd533ee25a18a27afc92991446aeb0e652d?s=96&d=mm&r=g","contentUrl":"https:\/\/secure.gravatar.com\/avatar\/f8862d24b6945a30d30c9727ef9dfcd533ee25a18a27afc92991446aeb0e652d?s=96&d=mm&r=g","caption":"Michael Antonio Melo Andujar"}}]}},"_links":{"self":[{"href":"https:\/\/nld.mirex.gob.do\/consular\/amsterdam\/wp-json\/wp\/v2\/posts\/1868","targetHints":{"allow":["GET"]}}],"collection":[{"href":"https:\/\/nld.mirex.gob.do\/consular\/amsterdam\/wp-json\/wp\/v2\/posts"}],"about":[{"href":"https:\/\/nld.mirex.gob.do\/consular\/amsterdam\/wp-json\/wp\/v2\/types\/post"}],"author":[{"embeddable":true,"href":"https:\/\/nld.mirex.gob.do\/consular\/amsterdam\/wp-json\/wp\/v2\/users\/8"}],"replies":[{"embeddable":true,"href":"https:\/\/nld.mirex.gob.do\/consular\/amsterdam\/wp-json\/wp\/v2\/comments?post=1868"}],"version-history":[{"count":0,"href":"https:\/\/nld.mirex.gob.do\/consular\/amsterdam\/wp-json\/wp\/v2\/posts\/1868\/revisions"}],"wp:featuredmedia":[{"embeddable":true,"href":"https:\/\/nld.mirex.gob.do\/consular\/amsterdam\/wp-json\/"}],"wp:attachment":[{"href":"https:\/\/nld.mirex.gob.do\/consular\/amsterdam\/wp-json\/wp\/v2\/media?parent=1868"}],"wp:term":[{"taxonomy":"category","embeddable":true,"href":"https:\/\/nld.mirex.gob.do\/consular\/amsterdam\/wp-json\/wp\/v2\/categories?post=1868"},{"taxonomy":"post_tag","embeddable":true,"href":"https:\/\/nld.mirex.gob.do\/consular\/amsterdam\/wp-json\/wp\/v2\/tags?post=1868"}],"curies":[{"name":"wp","href":"https:\/\/api.w.org\/{rel}","templated":true}]}}