{"id":1798,"date":"2015-02-25T10:53:16","date_gmt":"2015-02-25T10:53:16","guid":{"rendered":"https:\/\/www.consuladordholanda.com\/?p=1798"},"modified":"2015-02-25T10:53:16","modified_gmt":"2015-02-25T10:53:16","slug":"convocatoria-a-la-fiesta-de-la-independencia-dominicana-apoyando-lo-nuestro-2015","status":"publish","type":"post","link":"https:\/\/nld.mirex.gob.do\/consular\/amsterdam\/convocatoria-a-la-fiesta-de-la-independencia-dominicana-apoyando-lo-nuestro-2015\/","title":{"rendered":"Convocatoria a la Fiesta de la Independencia Dominicana &#8220;Apoyando lo nuestro&#8221; 2015"},"content":{"rendered":"<p>El Consulado General de la Rep\u00fablica Dominicana en \u00c1msterdam &#8211; P\u00edses Bajos, colabora y te invita a participar en\u00a0 la Fiesta de la Independencia Dominicana &#8220;Apoyando lo nuestro&#8221; 2015.<\/p>\n<figure id=\"attachment_1799\" aria-describedby=\"caption-attachment-1799\" style=\"width: 550px\" class=\"wp-caption alignnone\"><a href=\"https:\/\/www.consuladordholanda.com\/wp-content\/uploads\/2015\/05\/cartel-web-550.jpg\"><img fetchpriority=\"high\" decoding=\"async\" class=\"size-full wp-image-1799\" src=\"https:\/\/www.consuladordholanda.com\/wp-content\/uploads\/2015\/05\/cartel-web-550.jpg\" alt=\"Cartel de la Fiesta de la Independencia Dominicana Apoyando lo nuestro 2015\" width=\"550\" height=\"781\" srcset=\"https:\/\/nld.mirex.gob.do\/consular\/amsterdam\/wp-content\/uploads\/2015\/05\/cartel-web-550.jpg 550w, https:\/\/nld.mirex.gob.do\/consular\/amsterdam\/wp-content\/uploads\/2015\/05\/cartel-web-550-211x300.jpg 211w\" sizes=\"(max-width: 550px) 100vw, 550px\" \/><\/a><figcaption id=\"caption-attachment-1799\" class=\"wp-caption-text\">Cartel de la Fiesta de la Independencia Dominicana Apoyando lo nuestro 2015<\/figcaption><\/figure>\n","protected":false},"excerpt":{"rendered":"<p>El Consulado General de la Rep\u00fablica Dominicana en \u00c1msterdam &#8211; P\u00edses Bajos, colabora y te invita a participar en\u00a0 la Fiesta de la Independencia Dominicana &#8220;Apoyando lo nuestro&#8221; 2015.<\/p>\n","protected":false},"author":8,"featured_media":1799,"comment_status":"closed","ping_status":"open","sticky":false,"template":"","format":"standard","meta":{"site-sidebar-layout":"default","site-content-layout":"","ast-site-content-layout":"default","site-content-style":"default","site-sidebar-style":"default","ast-global-header-display":"","ast-banner-title-visibility":"","ast-main-header-display":"","ast-hfb-above-header-display":"","ast-hfb-below-header-display":"","ast-hfb-mobile-header-display":"","site-post-title":"","ast-breadcrumbs-content":"","ast-featured-img":"","footer-sml-layout":"","ast-disable-related-posts":"","theme-transparent-header-meta":"","adv-header-id-meta":"","stick-header-meta":"","header-above-stick-meta":"","header-main-stick-meta":"","header-below-stick-meta":"","astra-migrate-meta-layouts":"default","ast-page-background-enabled":"default","ast-page-background-meta":{"desktop":{"background-color":"","background-image":"","background-repeat":"repeat","background-position":"center center","background-size":"auto","background-attachment":"scroll","background-type":"","background-media":"","overlay-type":"","overlay-color":"","overlay-opacity":"","overlay-gradient":""},"tablet":{"background-color":"","background-image":"","background-repeat":"repeat","background-position":"center center","background-size":"auto","background-attachment":"scroll","background-type":"","background-media":"","overlay-type":"","overlay-color":"","overlay-opacity":"","overlay-gradient":""},"mobile":{"background-color":"","background-image":"","background-repeat":"repeat","background-position":"center center","background-size":"auto","background-attachment":"scroll","background-type":"","background-media":"","overlay-type":"","overlay-color":"","overlay-opacity":"","overlay-gradient":""}},"ast-content-background-meta":{"desktop":{"background-color":"var(--ast-global-color-5)","background-image":"","background-repeat":"repeat","background-position":"center center","background-size":"auto","background-attachment":"scroll","background-type":"","background-media":"","overlay-type":"","overlay-color":"","overlay-opacity":"","overlay-gradient":""},"tablet":{"background-color":"var(--ast-global-color-5)","background-image":"","background-repeat":"repeat","background-position":"center center","background-size":"auto","background-attachment":"scroll","background-type":"","background-media":"","overlay-type":"","overlay-color":"","overlay-opacity":"","overlay-gradient":""},"mobile":{"background-color":"var(--ast-global-color-5)","background-image":"","background-repeat":"repeat","background-position":"center center","background-size":"auto","background-attachment":"scroll","background-type":"","background-media":"","overlay-type":"","overlay-color":"","overlay-opacity":"","overlay-gradient":""}},"footnotes":""},"categories":[101,107],"tags":[108],"class_list":["post-1798","post","type-post","status-publish","format-standard","has-post-thumbnail","hentry","category-actividades","category-cultura","tag-cultura"],"yoast_head":"<!-- This site is optimized with the Yoast SEO plugin v27.4 - https:\/\/yoast.com\/product\/yoast-seo-wordpress\/ -->\n<title>Convocatoria a la Fiesta de la Independencia Dominicana &quot;Apoyando lo nuestro&quot; 2015 - Consulado General de la Rep\u00fablica Dominicana en La Haya, Reino de los Pa\u00edses Bajos<\/title>\n<meta name=\"description\" content=\"El Consulado General de la Rep\u00fablica Dominicana en \u00c1msterdam - P\u00edses Bajos, colabora y te invita a participar en la Fiesta de la Independencia Dominicana &quot;Apoyando lo nuestro&quot; 2015.\" \/>\n<meta name=\"robots\" content=\"index, follow, max-snippet:-1, max-image-preview:large, max-video-preview:-1\" \/>\n<link rel=\"canonical\" href=\"https:\/\/nld.mirex.gob.do\/consular\/amsterdam\/convocatoria-a-la-fiesta-de-la-independencia-dominicana-apoyando-lo-nuestro-2015\/\" \/>\n<meta property=\"og:locale\" content=\"en_US\" \/>\n<meta property=\"og:type\" content=\"article\" \/>\n<meta property=\"og:title\" content=\"Convocatoria a la Fiesta de la Independencia Dominicana &quot;Apoyando lo nuestro&quot; 2015 - Consulado General de la Rep\u00fablica Dominicana en La Haya, Reino de los Pa\u00edses Bajos\" \/>\n<meta property=\"og:description\" content=\"El Consulado General de la Rep\u00fablica Dominicana en \u00c1msterdam - P\u00edses Bajos, colabora y te invita a participar en la Fiesta de la Independencia Dominicana &quot;Apoyando lo nuestro&quot; 2015.\" \/>\n<meta property=\"og:url\" content=\"https:\/\/nld.mirex.gob.do\/consular\/amsterdam\/convocatoria-a-la-fiesta-de-la-independencia-dominicana-apoyando-lo-nuestro-2015\/\" \/>\n<meta property=\"og:site_name\" content=\"Consulado General de la Rep\u00fablica Dominicana en La Haya, Reino de los Pa\u00edses Bajos\" \/>\n<meta property=\"article:published_time\" content=\"2015-02-25T10:53:16+00:00\" \/>\n<meta property=\"og:image\" content=\"https:\/\/nld.mirex.gob.do\/consular\/amsterdam\/wp-content\/uploads\/2015\/05\/cartel-web-550.jpg\" \/>\n\t<meta property=\"og:image:width\" content=\"550\" \/>\n\t<meta property=\"og:image:height\" content=\"781\" \/>\n\t<meta property=\"og:image:type\" content=\"image\/jpeg\" \/>\n<meta name=\"author\" content=\"Michael Antonio Melo Andujar\" \/>\n<meta name=\"twitter:card\" content=\"summary_large_image\" \/>\n<meta name=\"twitter:label1\" content=\"Written by\" \/>\n\t<meta name=\"twitter:data1\" content=\"Michael Antonio Melo Andujar\" \/>\n<script type=\"application\/ld+json\" class=\"yoast-schema-graph\">{\"@context\":\"https:\\\/\\\/schema.org\",\"@graph\":[{\"@type\":\"Article\",\"@id\":\"https:\\\/\\\/nld.mirex.gob.do\\\/consular\\\/amsterdam\\\/convocatoria-a-la-fiesta-de-la-independencia-dominicana-apoyando-lo-nuestro-2015\\\/#article\",\"isPartOf\":{\"@id\":\"https:\\\/\\\/nld.mirex.gob.do\\\/consular\\\/amsterdam\\\/convocatoria-a-la-fiesta-de-la-independencia-dominicana-apoyando-lo-nuestro-2015\\\/\"},\"author\":{\"name\":\"Michael Antonio Melo Andujar\",\"@id\":\"https:\\\/\\\/nld.mirex.gob.do\\\/consular\\\/amsterdam\\\/#\\\/schema\\\/person\\\/772a9951ade6a7e4ab978b618b619ff8\"},\"headline\":\"Convocatoria a la Fiesta de la Independencia Dominicana &#8220;Apoyando lo nuestro&#8221; 2015\",\"datePublished\":\"2015-02-25T10:53:16+00:00\",\"mainEntityOfPage\":{\"@id\":\"https:\\\/\\\/nld.mirex.gob.do\\\/consular\\\/amsterdam\\\/convocatoria-a-la-fiesta-de-la-independencia-dominicana-apoyando-lo-nuestro-2015\\\/\"},\"wordCount\":59,\"publisher\":{\"@id\":\"https:\\\/\\\/nld.mirex.gob.do\\\/consular\\\/amsterdam\\\/#organization\"},\"image\":{\"@id\":\"https:\\\/\\\/nld.mirex.gob.do\\\/consular\\\/amsterdam\\\/convocatoria-a-la-fiesta-de-la-independencia-dominicana-apoyando-lo-nuestro-2015\\\/#primaryimage\"},\"thumbnailUrl\":\"https:\\\/\\\/nld.mirex.gob.do\\\/consular\\\/amsterdam\\\/wp-content\\\/uploads\\\/2015\\\/05\\\/cartel-web-550.jpg\",\"keywords\":[\"Cultura\"],\"articleSection\":[\"Actividades\",\"Cultura\"],\"inLanguage\":\"en-US\"},{\"@type\":\"WebPage\",\"@id\":\"https:\\\/\\\/nld.mirex.gob.do\\\/consular\\\/amsterdam\\\/convocatoria-a-la-fiesta-de-la-independencia-dominicana-apoyando-lo-nuestro-2015\\\/\",\"url\":\"https:\\\/\\\/nld.mirex.gob.do\\\/consular\\\/amsterdam\\\/convocatoria-a-la-fiesta-de-la-independencia-dominicana-apoyando-lo-nuestro-2015\\\/\",\"name\":\"Convocatoria a la Fiesta de la Independencia Dominicana \\\"Apoyando lo nuestro\\\" 2015 - Consulado General de la Rep\u00fablica Dominicana en La Haya, Reino de los Pa\u00edses Bajos\",\"isPartOf\":{\"@id\":\"https:\\\/\\\/nld.mirex.gob.do\\\/consular\\\/amsterdam\\\/#website\"},\"primaryImageOfPage\":{\"@id\":\"https:\\\/\\\/nld.mirex.gob.do\\\/consular\\\/amsterdam\\\/convocatoria-a-la-fiesta-de-la-independencia-dominicana-apoyando-lo-nuestro-2015\\\/#primaryimage\"},\"image\":{\"@id\":\"https:\\\/\\\/nld.mirex.gob.do\\\/consular\\\/amsterdam\\\/convocatoria-a-la-fiesta-de-la-independencia-dominicana-apoyando-lo-nuestro-2015\\\/#primaryimage\"},\"thumbnailUrl\":\"https:\\\/\\\/nld.mirex.gob.do\\\/consular\\\/amsterdam\\\/wp-content\\\/uploads\\\/2015\\\/05\\\/cartel-web-550.jpg\",\"datePublished\":\"2015-02-25T10:53:16+00:00\",\"description\":\"El Consulado General de la Rep\u00fablica Dominicana en \u00c1msterdam - P\u00edses Bajos, colabora y te invita a participar en la Fiesta de la Independencia Dominicana \\\"Apoyando lo nuestro\\\" 2015.\",\"breadcrumb\":{\"@id\":\"https:\\\/\\\/nld.mirex.gob.do\\\/consular\\\/amsterdam\\\/convocatoria-a-la-fiesta-de-la-independencia-dominicana-apoyando-lo-nuestro-2015\\\/#breadcrumb\"},\"inLanguage\":\"en-US\",\"potentialAction\":[{\"@type\":\"ReadAction\",\"target\":[\"https:\\\/\\\/nld.mirex.gob.do\\\/consular\\\/amsterdam\\\/convocatoria-a-la-fiesta-de-la-independencia-dominicana-apoyando-lo-nuestro-2015\\\/\"]}]},{\"@type\":\"ImageObject\",\"inLanguage\":\"en-US\",\"@id\":\"https:\\\/\\\/nld.mirex.gob.do\\\/consular\\\/amsterdam\\\/convocatoria-a-la-fiesta-de-la-independencia-dominicana-apoyando-lo-nuestro-2015\\\/#primaryimage\",\"url\":\"https:\\\/\\\/nld.mirex.gob.do\\\/consular\\\/amsterdam\\\/wp-content\\\/uploads\\\/2015\\\/05\\\/cartel-web-550.jpg\",\"contentUrl\":\"https:\\\/\\\/nld.mirex.gob.do\\\/consular\\\/amsterdam\\\/wp-content\\\/uploads\\\/2015\\\/05\\\/cartel-web-550.jpg\",\"width\":550,\"height\":781,\"caption\":\"Cartel de la Fiesta de la Independencia Dominicana Apoyando lo nuestro 2015\"},{\"@type\":\"BreadcrumbList\",\"@id\":\"https:\\\/\\\/nld.mirex.gob.do\\\/consular\\\/amsterdam\\\/convocatoria-a-la-fiesta-de-la-independencia-dominicana-apoyando-lo-nuestro-2015\\\/#breadcrumb\",\"itemListElement\":[{\"@type\":\"ListItem\",\"position\":1,\"name\":\"Inicio\",\"item\":\"https:\\\/\\\/nld.mirex.gob.do\\\/consular\\\/amsterdam\\\/\"},{\"@type\":\"ListItem\",\"position\":2,\"name\":\"Convocatoria a la Fiesta de la Independencia Dominicana &#8220;Apoyando lo nuestro&#8221; 2015\"}]},{\"@type\":\"WebSite\",\"@id\":\"https:\\\/\\\/nld.mirex.gob.do\\\/consular\\\/amsterdam\\\/#website\",\"url\":\"https:\\\/\\\/nld.mirex.gob.do\\\/consular\\\/amsterdam\\\/\",\"name\":\"Consulado General de la Rep\u00fablica Dominicana en La Haya, Reino de los Pa\u00edses Bajos\",\"description\":\"\",\"publisher\":{\"@id\":\"https:\\\/\\\/nld.mirex.gob.do\\\/consular\\\/amsterdam\\\/#organization\"},\"potentialAction\":[{\"@type\":\"SearchAction\",\"target\":{\"@type\":\"EntryPoint\",\"urlTemplate\":\"https:\\\/\\\/nld.mirex.gob.do\\\/consular\\\/amsterdam\\\/?s={search_term_string}\"},\"query-input\":{\"@type\":\"PropertyValueSpecification\",\"valueRequired\":true,\"valueName\":\"search_term_string\"}}],\"inLanguage\":\"en-US\"},{\"@type\":\"Organization\",\"@id\":\"https:\\\/\\\/nld.mirex.gob.do\\\/consular\\\/amsterdam\\\/#organization\",\"name\":\"Consulado General de la Rep\u00fablica Dominicana en La Haya, Reino de los Pa\u00edses Bajos\",\"url\":\"https:\\\/\\\/nld.mirex.gob.do\\\/consular\\\/amsterdam\\\/\",\"logo\":{\"@type\":\"ImageObject\",\"inLanguage\":\"en-US\",\"@id\":\"https:\\\/\\\/nld.mirex.gob.do\\\/consular\\\/amsterdam\\\/#\\\/schema\\\/logo\\\/image\\\/\",\"url\":\"https:\\\/\\\/nld.mirex.gob.do\\\/consular\\\/amsterdam\\\/wp-content\\\/uploads\\\/2024\\\/04\\\/cropped-consulado_la_haya_reinode_los_Paises_Bajos.jpg\",\"contentUrl\":\"https:\\\/\\\/nld.mirex.gob.do\\\/consular\\\/amsterdam\\\/wp-content\\\/uploads\\\/2024\\\/04\\\/cropped-consulado_la_haya_reinode_los_Paises_Bajos.jpg\",\"width\":999,\"height\":407,\"caption\":\"Consulado General de la Rep\u00fablica Dominicana en La Haya, Reino de los Pa\u00edses Bajos\"},\"image\":{\"@id\":\"https:\\\/\\\/nld.mirex.gob.do\\\/consular\\\/amsterdam\\\/#\\\/schema\\\/logo\\\/image\\\/\"}},{\"@type\":\"Person\",\"@id\":\"https:\\\/\\\/nld.mirex.gob.do\\\/consular\\\/amsterdam\\\/#\\\/schema\\\/person\\\/772a9951ade6a7e4ab978b618b619ff8\",\"name\":\"Michael Antonio Melo Andujar\",\"image\":{\"@type\":\"ImageObject\",\"inLanguage\":\"en-US\",\"@id\":\"https:\\\/\\\/secure.gravatar.com\\\/avatar\\\/f8862d24b6945a30d30c9727ef9dfcd533ee25a18a27afc92991446aeb0e652d?s=96&d=mm&r=g\",\"url\":\"https:\\\/\\\/secure.gravatar.com\\\/avatar\\\/f8862d24b6945a30d30c9727ef9dfcd533ee25a18a27afc92991446aeb0e652d?s=96&d=mm&r=g\",\"contentUrl\":\"https:\\\/\\\/secure.gravatar.com\\\/avatar\\\/f8862d24b6945a30d30c9727ef9dfcd533ee25a18a27afc92991446aeb0e652d?s=96&d=mm&r=g\",\"caption\":\"Michael Antonio Melo Andujar\"}}]}<\/script>\n<!-- \/ Yoast SEO plugin. -->","yoast_head_json":{"title":"Convocatoria a la Fiesta de la Independencia Dominicana \"Apoyando lo nuestro\" 2015 - Consulado General de la Rep\u00fablica Dominicana en La Haya, Reino de los Pa\u00edses Bajos","description":"El Consulado General de la Rep\u00fablica Dominicana en \u00c1msterdam - P\u00edses Bajos, colabora y te invita a participar en la Fiesta de la Independencia Dominicana \"Apoyando lo nuestro\" 2015.","robots":{"index":"index","follow":"follow","max-snippet":"max-snippet:-1","max-image-preview":"max-image-preview:large","max-video-preview":"max-video-preview:-1"},"canonical":"https:\/\/nld.mirex.gob.do\/consular\/amsterdam\/convocatoria-a-la-fiesta-de-la-independencia-dominicana-apoyando-lo-nuestro-2015\/","og_locale":"en_US","og_type":"article","og_title":"Convocatoria a la Fiesta de la Independencia Dominicana \"Apoyando lo nuestro\" 2015 - Consulado General de la Rep\u00fablica Dominicana en La Haya, Reino de los Pa\u00edses Bajos","og_description":"El Consulado General de la Rep\u00fablica Dominicana en \u00c1msterdam - P\u00edses Bajos, colabora y te invita a participar en la Fiesta de la Independencia Dominicana \"Apoyando lo nuestro\" 2015.","og_url":"https:\/\/nld.mirex.gob.do\/consular\/amsterdam\/convocatoria-a-la-fiesta-de-la-independencia-dominicana-apoyando-lo-nuestro-2015\/","og_site_name":"Consulado General de la Rep\u00fablica Dominicana en La Haya, Reino de los Pa\u00edses Bajos","article_published_time":"2015-02-25T10:53:16+00:00","og_image":[{"width":550,"height":781,"url":"https:\/\/nld.mirex.gob.do\/consular\/amsterdam\/wp-content\/uploads\/2015\/05\/cartel-web-550.jpg","type":"image\/jpeg"}],"author":"Michael Antonio Melo Andujar","twitter_card":"summary_large_image","twitter_misc":{"Written by":"Michael Antonio Melo Andujar"},"schema":{"@context":"https:\/\/schema.org","@graph":[{"@type":"Article","@id":"https:\/\/nld.mirex.gob.do\/consular\/amsterdam\/convocatoria-a-la-fiesta-de-la-independencia-dominicana-apoyando-lo-nuestro-2015\/#article","isPartOf":{"@id":"https:\/\/nld.mirex.gob.do\/consular\/amsterdam\/convocatoria-a-la-fiesta-de-la-independencia-dominicana-apoyando-lo-nuestro-2015\/"},"author":{"name":"Michael Antonio Melo Andujar","@id":"https:\/\/nld.mirex.gob.do\/consular\/amsterdam\/#\/schema\/person\/772a9951ade6a7e4ab978b618b619ff8"},"headline":"Convocatoria a la Fiesta de la Independencia Dominicana &#8220;Apoyando lo nuestro&#8221; 2015","datePublished":"2015-02-25T10:53:16+00:00","mainEntityOfPage":{"@id":"https:\/\/nld.mirex.gob.do\/consular\/amsterdam\/convocatoria-a-la-fiesta-de-la-independencia-dominicana-apoyando-lo-nuestro-2015\/"},"wordCount":59,"publisher":{"@id":"https:\/\/nld.mirex.gob.do\/consular\/amsterdam\/#organization"},"image":{"@id":"https:\/\/nld.mirex.gob.do\/consular\/amsterdam\/convocatoria-a-la-fiesta-de-la-independencia-dominicana-apoyando-lo-nuestro-2015\/#primaryimage"},"thumbnailUrl":"https:\/\/nld.mirex.gob.do\/consular\/amsterdam\/wp-content\/uploads\/2015\/05\/cartel-web-550.jpg","keywords":["Cultura"],"articleSection":["Actividades","Cultura"],"inLanguage":"en-US"},{"@type":"WebPage","@id":"https:\/\/nld.mirex.gob.do\/consular\/amsterdam\/convocatoria-a-la-fiesta-de-la-independencia-dominicana-apoyando-lo-nuestro-2015\/","url":"https:\/\/nld.mirex.gob.do\/consular\/amsterdam\/convocatoria-a-la-fiesta-de-la-independencia-dominicana-apoyando-lo-nuestro-2015\/","name":"Convocatoria a la Fiesta de la Independencia Dominicana \"Apoyando lo nuestro\" 2015 - Consulado General de la Rep\u00fablica Dominicana en La Haya, Reino de los Pa\u00edses Bajos","isPartOf":{"@id":"https:\/\/nld.mirex.gob.do\/consular\/amsterdam\/#website"},"primaryImageOfPage":{"@id":"https:\/\/nld.mirex.gob.do\/consular\/amsterdam\/convocatoria-a-la-fiesta-de-la-independencia-dominicana-apoyando-lo-nuestro-2015\/#primaryimage"},"image":{"@id":"https:\/\/nld.mirex.gob.do\/consular\/amsterdam\/convocatoria-a-la-fiesta-de-la-independencia-dominicana-apoyando-lo-nuestro-2015\/#primaryimage"},"thumbnailUrl":"https:\/\/nld.mirex.gob.do\/consular\/amsterdam\/wp-content\/uploads\/2015\/05\/cartel-web-550.jpg","datePublished":"2015-02-25T10:53:16+00:00","description":"El Consulado General de la Rep\u00fablica Dominicana en \u00c1msterdam - P\u00edses Bajos, colabora y te invita a participar en la Fiesta de la Independencia Dominicana \"Apoyando lo nuestro\" 2015.","breadcrumb":{"@id":"https:\/\/nld.mirex.gob.do\/consular\/amsterdam\/convocatoria-a-la-fiesta-de-la-independencia-dominicana-apoyando-lo-nuestro-2015\/#breadcrumb"},"inLanguage":"en-US","potentialAction":[{"@type":"ReadAction","target":["https:\/\/nld.mirex.gob.do\/consular\/amsterdam\/convocatoria-a-la-fiesta-de-la-independencia-dominicana-apoyando-lo-nuestro-2015\/"]}]},{"@type":"ImageObject","inLanguage":"en-US","@id":"https:\/\/nld.mirex.gob.do\/consular\/amsterdam\/convocatoria-a-la-fiesta-de-la-independencia-dominicana-apoyando-lo-nuestro-2015\/#primaryimage","url":"https:\/\/nld.mirex.gob.do\/consular\/amsterdam\/wp-content\/uploads\/2015\/05\/cartel-web-550.jpg","contentUrl":"https:\/\/nld.mirex.gob.do\/consular\/amsterdam\/wp-content\/uploads\/2015\/05\/cartel-web-550.jpg","width":550,"height":781,"caption":"Cartel de la Fiesta de la Independencia Dominicana Apoyando lo nuestro 2015"},{"@type":"BreadcrumbList","@id":"https:\/\/nld.mirex.gob.do\/consular\/amsterdam\/convocatoria-a-la-fiesta-de-la-independencia-dominicana-apoyando-lo-nuestro-2015\/#breadcrumb","itemListElement":[{"@type":"ListItem","position":1,"name":"Inicio","item":"https:\/\/nld.mirex.gob.do\/consular\/amsterdam\/"},{"@type":"ListItem","position":2,"name":"Convocatoria a la Fiesta de la Independencia Dominicana &#8220;Apoyando lo nuestro&#8221; 2015"}]},{"@type":"WebSite","@id":"https:\/\/nld.mirex.gob.do\/consular\/amsterdam\/#website","url":"https:\/\/nld.mirex.gob.do\/consular\/amsterdam\/","name":"Consulado General de la Rep\u00fablica Dominicana en La Haya, Reino de los Pa\u00edses Bajos","description":"","publisher":{"@id":"https:\/\/nld.mirex.gob.do\/consular\/amsterdam\/#organization"},"potentialAction":[{"@type":"SearchAction","target":{"@type":"EntryPoint","urlTemplate":"https:\/\/nld.mirex.gob.do\/consular\/amsterdam\/?s={search_term_string}"},"query-input":{"@type":"PropertyValueSpecification","valueRequired":true,"valueName":"search_term_string"}}],"inLanguage":"en-US"},{"@type":"Organization","@id":"https:\/\/nld.mirex.gob.do\/consular\/amsterdam\/#organization","name":"Consulado General de la Rep\u00fablica Dominicana en La Haya, Reino de los Pa\u00edses Bajos","url":"https:\/\/nld.mirex.gob.do\/consular\/amsterdam\/","logo":{"@type":"ImageObject","inLanguage":"en-US","@id":"https:\/\/nld.mirex.gob.do\/consular\/amsterdam\/#\/schema\/logo\/image\/","url":"https:\/\/nld.mirex.gob.do\/consular\/amsterdam\/wp-content\/uploads\/2024\/04\/cropped-consulado_la_haya_reinode_los_Paises_Bajos.jpg","contentUrl":"https:\/\/nld.mirex.gob.do\/consular\/amsterdam\/wp-content\/uploads\/2024\/04\/cropped-consulado_la_haya_reinode_los_Paises_Bajos.jpg","width":999,"height":407,"caption":"Consulado General de la Rep\u00fablica Dominicana en La Haya, Reino de los Pa\u00edses Bajos"},"image":{"@id":"https:\/\/nld.mirex.gob.do\/consular\/amsterdam\/#\/schema\/logo\/image\/"}},{"@type":"Person","@id":"https:\/\/nld.mirex.gob.do\/consular\/amsterdam\/#\/schema\/person\/772a9951ade6a7e4ab978b618b619ff8","name":"Michael Antonio Melo Andujar","image":{"@type":"ImageObject","inLanguage":"en-US","@id":"https:\/\/secure.gravatar.com\/avatar\/f8862d24b6945a30d30c9727ef9dfcd533ee25a18a27afc92991446aeb0e652d?s=96&d=mm&r=g","url":"https:\/\/secure.gravatar.com\/avatar\/f8862d24b6945a30d30c9727ef9dfcd533ee25a18a27afc92991446aeb0e652d?s=96&d=mm&r=g","contentUrl":"https:\/\/secure.gravatar.com\/avatar\/f8862d24b6945a30d30c9727ef9dfcd533ee25a18a27afc92991446aeb0e652d?s=96&d=mm&r=g","caption":"Michael Antonio Melo Andujar"}}]}},"_links":{"self":[{"href":"https:\/\/nld.mirex.gob.do\/consular\/amsterdam\/wp-json\/wp\/v2\/posts\/1798","targetHints":{"allow":["GET"]}}],"collection":[{"href":"https:\/\/nld.mirex.gob.do\/consular\/amsterdam\/wp-json\/wp\/v2\/posts"}],"about":[{"href":"https:\/\/nld.mirex.gob.do\/consular\/amsterdam\/wp-json\/wp\/v2\/types\/post"}],"author":[{"embeddable":true,"href":"https:\/\/nld.mirex.gob.do\/consular\/amsterdam\/wp-json\/wp\/v2\/users\/8"}],"replies":[{"embeddable":true,"href":"https:\/\/nld.mirex.gob.do\/consular\/amsterdam\/wp-json\/wp\/v2\/comments?post=1798"}],"version-history":[{"count":0,"href":"https:\/\/nld.mirex.gob.do\/consular\/amsterdam\/wp-json\/wp\/v2\/posts\/1798\/revisions"}],"wp:featuredmedia":[{"embeddable":true,"href":"https:\/\/nld.mirex.gob.do\/consular\/amsterdam\/wp-json\/wp\/v2\/media\/1799"}],"wp:attachment":[{"href":"https:\/\/nld.mirex.gob.do\/consular\/amsterdam\/wp-json\/wp\/v2\/media?parent=1798"}],"wp:term":[{"taxonomy":"category","embeddable":true,"href":"https:\/\/nld.mirex.gob.do\/consular\/amsterdam\/wp-json\/wp\/v2\/categories?post=1798"},{"taxonomy":"post_tag","embeddable":true,"href":"https:\/\/nld.mirex.gob.do\/consular\/amsterdam\/wp-json\/wp\/v2\/tags?post=1798"}],"curies":[{"name":"wp","href":"https:\/\/api.w.org\/{rel}","templated":true}]}}