{"id":1505,"date":"2015-04-13T09:30:41","date_gmt":"2015-04-13T09:30:41","guid":{"rendered":"https:\/\/www.consuladordholanda.com\/?p=1505"},"modified":"2015-04-13T09:30:41","modified_gmt":"2015-04-13T09:30:41","slug":"mapa-de-los-avances-del-plan-de-alfabetizacion-quisqueya-aprende-contigo","status":"publish","type":"post","link":"https:\/\/nld.mirex.gob.do\/consular\/amsterdam\/mapa-de-los-avances-del-plan-de-alfabetizacion-quisqueya-aprende-contigo\/","title":{"rendered":"Avances del Plan de alfabetizaci\u00f3n Quisqueya aprende contigo"},"content":{"rendered":"<h2>Mapa de los avances del Plan de alfabetizaci\u00f3n &#8220;Quisqueya aprende contigo&#8221; &#8211; Abril 2015<\/h2>\n<p><a href=\"https:\/\/www.consuladordholanda.com\/wp-content\/uploads\/2015\/04\/plan-quisqueya-aprende-contigo-mapa-avances-a-nivel-provincial-mapa.jpg\"><img fetchpriority=\"high\" decoding=\"async\" class=\"alignnone size-full wp-image-1507\" src=\"https:\/\/www.consuladordholanda.com\/wp-content\/uploads\/2015\/04\/plan-quisqueya-aprende-contigo-mapa-avances-a-nivel-provincial-mapa.jpg\" alt=\"plan-quisqueya-aprende-contigo-mapa-avances-a-nivel-provincial-mapa\" width=\"594\" height=\"460\" srcset=\"https:\/\/nld.mirex.gob.do\/consular\/amsterdam\/wp-content\/uploads\/2015\/04\/plan-quisqueya-aprende-contigo-mapa-avances-a-nivel-provincial-mapa.jpg 594w, https:\/\/nld.mirex.gob.do\/consular\/amsterdam\/wp-content\/uploads\/2015\/04\/plan-quisqueya-aprende-contigo-mapa-avances-a-nivel-provincial-mapa-300x232.jpg 300w\" sizes=\"(max-width: 594px) 100vw, 594px\" \/><\/a><\/p>\n<p>El Plan de Alfabetizaci\u00f3n Nacional Quisqueya aprende contigo, avanza imparable, a fecha de abril de 2015, el alcance esta cerca del 98% de la meta propuesta. De un total de 851,396 personas beneficiarias como meta final, se han registrado un total de 833,392 personas beneficiarias. Siendo 54,204 los alfabetizadores capacitados por el MINERD. \u00a1Que nadie se quede fuera!<\/p>\n<p><a href=\"https:\/\/www.consuladordholanda.com\/wp-content\/uploads\/2015\/04\/plan-quisqueya-aprende-contigo-mapa-avances-a-nivel-provincial-tabla-digipep112.jpg\"><img decoding=\"async\" class=\"alignnone size-full wp-image-1509\" src=\"https:\/\/www.consuladordholanda.com\/wp-content\/uploads\/2015\/04\/plan-quisqueya-aprende-contigo-mapa-avances-a-nivel-provincial-tabla-digipep112.jpg\" alt=\"plan-quisqueya-aprende-contigo-mapa-avances-a-nivel-provincial-tabla-digipep112\" width=\"684\" height=\"609\" \/><\/a><\/p>\n<div class=\"itemIntroText\">\n<p>El Plan Nacional de Alfabetizaci\u00f3n Quisqueya Aprende Contigo ya cuenta con 833, 392 personas inscritas en n\u00facleos de alfabetizaci\u00f3n, lo que equivale a un 98% de la poblaci\u00f3n iletrada del pa\u00eds.<\/p>\n<\/div>\n<div class=\"itemFullText\">\n<p>Hasta la fecha el Plan cuenta con 550,158 personas egresadas. De acuerdo al Bolet\u00edn de Alerta Semanal No. 112 de Quisqueya Aprende Contigo se espera que la encuesta ENHOGAR 2015 registre una tasa de analfabetismo menor al 5% a nivel nacional.<\/p>\n<figure id=\"attachment_1516\" aria-describedby=\"caption-attachment-1516\" style=\"width: 654px\" class=\"wp-caption alignnone\"><a href=\"https:\/\/www.consuladordholanda.com\/wp-content\/uploads\/2015\/04\/egresados-quisqueya.jpg\"><img decoding=\"async\" class=\"wp-image-1516 size-full\" src=\"https:\/\/www.consuladordholanda.com\/wp-content\/uploads\/2015\/04\/egresados-quisqueya.jpg\" alt=\"egresados-quisqueya\" width=\"654\" height=\"318\" srcset=\"https:\/\/nld.mirex.gob.do\/consular\/amsterdam\/wp-content\/uploads\/2015\/04\/egresados-quisqueya.jpg 654w, https:\/\/nld.mirex.gob.do\/consular\/amsterdam\/wp-content\/uploads\/2015\/04\/egresados-quisqueya-300x146.jpg 300w\" sizes=\"(max-width: 654px) 100vw, 654px\" \/><\/a><figcaption id=\"caption-attachment-1516\" class=\"wp-caption-text\">Egresados del Plan Quisqueya aprende contigo en la Rep\u00fablica Dominicana<\/figcaption><\/figure>\n<p>El bolet\u00edn se\u00f1ala que en esta fase final es importante unir esfuerzos para rescatar aquellas personas que por alguna raz\u00f3n han abandonado su n\u00facleo de alfabetizaci\u00f3n para que tengan una segunda oportunidad y puedan liberarse del analfabetismo.<\/p>\n<p>El Plan Nacional de Alfabetizaci\u00f3n forma parte de la estrategia Quisqueya Sin Miseria, dise\u00f1ada por el gobierno dominicano para incrementar el alcance de sus pol\u00edticas sociales destinadas a fomentar la inclusi\u00f3n y reducir la pobreza, ejecutada a trav\u00e9s de la Direcci\u00f3n General de Programas Especiales de la Presidencia (DIGEPEP).<\/p>\n<\/div>\n<p><a href=\"https:\/\/www.consuladordholanda.com\/wp-content\/uploads\/2015\/04\/plan-quisqueya-aprende-contigo-mapa-avances-a-nivel-provincial-recuadro-digipep112.jpg\"><img loading=\"lazy\" decoding=\"async\" class=\"alignnone size-large wp-image-1510\" src=\"https:\/\/www.consuladordholanda.com\/wp-content\/uploads\/2015\/04\/plan-quisqueya-aprende-contigo-mapa-avances-a-nivel-provincial-recuadro-digipep112-1024x448.jpg\" alt=\"plan-quisqueya-aprende-contigo-mapa-avances-a-nivel-provincial-recuadro-digipep112\" width=\"720\" height=\"315\" \/><\/a><\/p>\n<p>Fuente oficial, en el siguiente enlace Ud. puede ver el\u00a0 <a href=\"http:\/\/digepep.gob.do\/images\/Boletin_112_pna.pdf\" target=\"_blank\" rel=\"noopener\">Boletin de Alerta Semanal N\u00ba112<\/a>.<\/p>\n","protected":false},"excerpt":{"rendered":"<p>Mapa de los avances del Plan de alfabetizaci\u00f3n &#8220;Quisqueya aprende contigo&#8221; &#8211; Abril 2015 El Plan de Alfabetizaci\u00f3n Nacional Quisqueya aprende contigo, avanza imparable, a fecha de abril de 2015, el alcance esta cerca del 98% de la meta propuesta. De un total de 851,396 personas beneficiarias como meta final, se han registrado un total [&hellip;]<\/p>\n","protected":false},"author":8,"featured_media":1507,"comment_status":"closed","ping_status":"open","sticky":false,"template":"","format":"standard","meta":{"site-sidebar-layout":"default","site-content-layout":"","ast-site-content-layout":"default","site-content-style":"default","site-sidebar-style":"default","ast-global-header-display":"","ast-banner-title-visibility":"","ast-main-header-display":"","ast-hfb-above-header-display":"","ast-hfb-below-header-display":"","ast-hfb-mobile-header-display":"","site-post-title":"","ast-breadcrumbs-content":"","ast-featured-img":"","footer-sml-layout":"","ast-disable-related-posts":"","theme-transparent-header-meta":"","adv-header-id-meta":"","stick-header-meta":"","header-above-stick-meta":"","header-main-stick-meta":"","header-below-stick-meta":"","astra-migrate-meta-layouts":"default","ast-page-background-enabled":"default","ast-page-background-meta":{"desktop":{"background-color":"","background-image":"","background-repeat":"repeat","background-position":"center center","background-size":"auto","background-attachment":"scroll","background-type":"","background-media":"","overlay-type":"","overlay-color":"","overlay-opacity":"","overlay-gradient":""},"tablet":{"background-color":"","background-image":"","background-repeat":"repeat","background-position":"center center","background-size":"auto","background-attachment":"scroll","background-type":"","background-media":"","overlay-type":"","overlay-color":"","overlay-opacity":"","overlay-gradient":""},"mobile":{"background-color":"","background-image":"","background-repeat":"repeat","background-position":"center center","background-size":"auto","background-attachment":"scroll","background-type":"","background-media":"","overlay-type":"","overlay-color":"","overlay-opacity":"","overlay-gradient":""}},"ast-content-background-meta":{"desktop":{"background-color":"var(--ast-global-color-5)","background-image":"","background-repeat":"repeat","background-position":"center center","background-size":"auto","background-attachment":"scroll","background-type":"","background-media":"","overlay-type":"","overlay-color":"","overlay-opacity":"","overlay-gradient":""},"tablet":{"background-color":"var(--ast-global-color-5)","background-image":"","background-repeat":"repeat","background-position":"center center","background-size":"auto","background-attachment":"scroll","background-type":"","background-media":"","overlay-type":"","overlay-color":"","overlay-opacity":"","overlay-gradient":""},"mobile":{"background-color":"var(--ast-global-color-5)","background-image":"","background-repeat":"repeat","background-position":"center center","background-size":"auto","background-attachment":"scroll","background-type":"","background-media":"","overlay-type":"","overlay-color":"","overlay-opacity":"","overlay-gradient":""}},"footnotes":""},"categories":[253],"tags":[251,252,238,254,99],"class_list":["post-1505","post","type-post","status-publish","format-standard","has-post-thumbnail","hentry","category-quisqueya-aprende-contigo","tag-alfabetizacion","tag-digipep","tag-informacion","tag-quisqueya-aprende-contigo","tag-republica-dominicana"],"yoast_head":"<!-- This site is optimized with the Yoast SEO plugin v27.4 - https:\/\/yoast.com\/product\/yoast-seo-wordpress\/ -->\n<title>Avances del Plan de alfabetizaci\u00f3n Quisqueya aprende contigo - Consulado General de la Rep\u00fablica Dominicana en La Haya, Reino de los Pa\u00edses Bajos<\/title>\n<meta name=\"description\" content=\"Mapa de los avances del Plan de alfabetizaci\u00f3n &quot;Quisqueya aprende contigo&quot; - Abril 2015\" \/>\n<meta name=\"robots\" content=\"index, follow, max-snippet:-1, max-image-preview:large, max-video-preview:-1\" \/>\n<link rel=\"canonical\" href=\"https:\/\/nld.mirex.gob.do\/consular\/amsterdam\/mapa-de-los-avances-del-plan-de-alfabetizacion-quisqueya-aprende-contigo\/\" \/>\n<meta property=\"og:locale\" content=\"en_US\" \/>\n<meta property=\"og:type\" content=\"article\" \/>\n<meta property=\"og:title\" content=\"Avances del Plan de alfabetizaci\u00f3n Quisqueya aprende contigo - Consulado General de la Rep\u00fablica Dominicana en La Haya, Reino de los Pa\u00edses Bajos\" \/>\n<meta property=\"og:description\" content=\"Mapa de los avances del Plan de alfabetizaci\u00f3n &quot;Quisqueya aprende contigo&quot; - Abril 2015\" \/>\n<meta property=\"og:url\" content=\"https:\/\/nld.mirex.gob.do\/consular\/amsterdam\/mapa-de-los-avances-del-plan-de-alfabetizacion-quisqueya-aprende-contigo\/\" \/>\n<meta property=\"og:site_name\" content=\"Consulado General de la Rep\u00fablica Dominicana en La Haya, Reino de los Pa\u00edses Bajos\" \/>\n<meta property=\"article:published_time\" content=\"2015-04-13T09:30:41+00:00\" \/>\n<meta property=\"og:image\" content=\"https:\/\/nld.mirex.gob.do\/consular\/amsterdam\/wp-content\/uploads\/2015\/04\/plan-quisqueya-aprende-contigo-mapa-avances-a-nivel-provincial-mapa.jpg\" \/>\n\t<meta property=\"og:image:width\" content=\"594\" \/>\n\t<meta property=\"og:image:height\" content=\"460\" \/>\n\t<meta property=\"og:image:type\" content=\"image\/jpeg\" \/>\n<meta name=\"author\" content=\"Michael Antonio Melo Andujar\" \/>\n<meta name=\"twitter:card\" content=\"summary_large_image\" \/>\n<meta name=\"twitter:label1\" content=\"Written by\" \/>\n\t<meta name=\"twitter:data1\" content=\"Michael Antonio Melo Andujar\" \/>\n\t<meta name=\"twitter:label2\" content=\"Est. reading time\" \/>\n\t<meta name=\"twitter:data2\" content=\"1 minute\" \/>\n<script type=\"application\/ld+json\" class=\"yoast-schema-graph\">{\"@context\":\"https:\\\/\\\/schema.org\",\"@graph\":[{\"@type\":\"Article\",\"@id\":\"https:\\\/\\\/nld.mirex.gob.do\\\/consular\\\/amsterdam\\\/mapa-de-los-avances-del-plan-de-alfabetizacion-quisqueya-aprende-contigo\\\/#article\",\"isPartOf\":{\"@id\":\"https:\\\/\\\/nld.mirex.gob.do\\\/consular\\\/amsterdam\\\/mapa-de-los-avances-del-plan-de-alfabetizacion-quisqueya-aprende-contigo\\\/\"},\"author\":{\"name\":\"Michael Antonio Melo Andujar\",\"@id\":\"https:\\\/\\\/nld.mirex.gob.do\\\/consular\\\/amsterdam\\\/#\\\/schema\\\/person\\\/772a9951ade6a7e4ab978b618b619ff8\"},\"headline\":\"Avances del Plan de alfabetizaci\u00f3n Quisqueya aprende contigo\",\"datePublished\":\"2015-04-13T09:30:41+00:00\",\"mainEntityOfPage\":{\"@id\":\"https:\\\/\\\/nld.mirex.gob.do\\\/consular\\\/amsterdam\\\/mapa-de-los-avances-del-plan-de-alfabetizacion-quisqueya-aprende-contigo\\\/\"},\"wordCount\":278,\"publisher\":{\"@id\":\"https:\\\/\\\/nld.mirex.gob.do\\\/consular\\\/amsterdam\\\/#organization\"},\"image\":{\"@id\":\"https:\\\/\\\/nld.mirex.gob.do\\\/consular\\\/amsterdam\\\/mapa-de-los-avances-del-plan-de-alfabetizacion-quisqueya-aprende-contigo\\\/#primaryimage\"},\"thumbnailUrl\":\"https:\\\/\\\/nld.mirex.gob.do\\\/consular\\\/amsterdam\\\/wp-content\\\/uploads\\\/2015\\\/04\\\/plan-quisqueya-aprende-contigo-mapa-avances-a-nivel-provincial-mapa.jpg\",\"keywords\":[\"Alfabetizaci\u00f3n\",\"DIGIPEP\",\"Informaci\u00f3n\",\"Quisqueya-aprende-contigo\",\"Rep\u00fablica Dominicana\"],\"articleSection\":[\"Quisqueya aprende contigo\"],\"inLanguage\":\"en-US\"},{\"@type\":\"WebPage\",\"@id\":\"https:\\\/\\\/nld.mirex.gob.do\\\/consular\\\/amsterdam\\\/mapa-de-los-avances-del-plan-de-alfabetizacion-quisqueya-aprende-contigo\\\/\",\"url\":\"https:\\\/\\\/nld.mirex.gob.do\\\/consular\\\/amsterdam\\\/mapa-de-los-avances-del-plan-de-alfabetizacion-quisqueya-aprende-contigo\\\/\",\"name\":\"Avances del Plan de alfabetizaci\u00f3n Quisqueya aprende contigo - Consulado General de la Rep\u00fablica Dominicana en La Haya, Reino de los Pa\u00edses Bajos\",\"isPartOf\":{\"@id\":\"https:\\\/\\\/nld.mirex.gob.do\\\/consular\\\/amsterdam\\\/#website\"},\"primaryImageOfPage\":{\"@id\":\"https:\\\/\\\/nld.mirex.gob.do\\\/consular\\\/amsterdam\\\/mapa-de-los-avances-del-plan-de-alfabetizacion-quisqueya-aprende-contigo\\\/#primaryimage\"},\"image\":{\"@id\":\"https:\\\/\\\/nld.mirex.gob.do\\\/consular\\\/amsterdam\\\/mapa-de-los-avances-del-plan-de-alfabetizacion-quisqueya-aprende-contigo\\\/#primaryimage\"},\"thumbnailUrl\":\"https:\\\/\\\/nld.mirex.gob.do\\\/consular\\\/amsterdam\\\/wp-content\\\/uploads\\\/2015\\\/04\\\/plan-quisqueya-aprende-contigo-mapa-avances-a-nivel-provincial-mapa.jpg\",\"datePublished\":\"2015-04-13T09:30:41+00:00\",\"description\":\"Mapa de los avances del Plan de alfabetizaci\u00f3n \\\"Quisqueya aprende contigo\\\" - Abril 2015\",\"breadcrumb\":{\"@id\":\"https:\\\/\\\/nld.mirex.gob.do\\\/consular\\\/amsterdam\\\/mapa-de-los-avances-del-plan-de-alfabetizacion-quisqueya-aprende-contigo\\\/#breadcrumb\"},\"inLanguage\":\"en-US\",\"potentialAction\":[{\"@type\":\"ReadAction\",\"target\":[\"https:\\\/\\\/nld.mirex.gob.do\\\/consular\\\/amsterdam\\\/mapa-de-los-avances-del-plan-de-alfabetizacion-quisqueya-aprende-contigo\\\/\"]}]},{\"@type\":\"ImageObject\",\"inLanguage\":\"en-US\",\"@id\":\"https:\\\/\\\/nld.mirex.gob.do\\\/consular\\\/amsterdam\\\/mapa-de-los-avances-del-plan-de-alfabetizacion-quisqueya-aprende-contigo\\\/#primaryimage\",\"url\":\"https:\\\/\\\/nld.mirex.gob.do\\\/consular\\\/amsterdam\\\/wp-content\\\/uploads\\\/2015\\\/04\\\/plan-quisqueya-aprende-contigo-mapa-avances-a-nivel-provincial-mapa.jpg\",\"contentUrl\":\"https:\\\/\\\/nld.mirex.gob.do\\\/consular\\\/amsterdam\\\/wp-content\\\/uploads\\\/2015\\\/04\\\/plan-quisqueya-aprende-contigo-mapa-avances-a-nivel-provincial-mapa.jpg\",\"width\":594,\"height\":460},{\"@type\":\"BreadcrumbList\",\"@id\":\"https:\\\/\\\/nld.mirex.gob.do\\\/consular\\\/amsterdam\\\/mapa-de-los-avances-del-plan-de-alfabetizacion-quisqueya-aprende-contigo\\\/#breadcrumb\",\"itemListElement\":[{\"@type\":\"ListItem\",\"position\":1,\"name\":\"Inicio\",\"item\":\"https:\\\/\\\/nld.mirex.gob.do\\\/consular\\\/amsterdam\\\/\"},{\"@type\":\"ListItem\",\"position\":2,\"name\":\"Avances del Plan de alfabetizaci\u00f3n Quisqueya aprende contigo\"}]},{\"@type\":\"WebSite\",\"@id\":\"https:\\\/\\\/nld.mirex.gob.do\\\/consular\\\/amsterdam\\\/#website\",\"url\":\"https:\\\/\\\/nld.mirex.gob.do\\\/consular\\\/amsterdam\\\/\",\"name\":\"Consulado General de la Rep\u00fablica Dominicana en La Haya, Reino de los Pa\u00edses Bajos\",\"description\":\"\",\"publisher\":{\"@id\":\"https:\\\/\\\/nld.mirex.gob.do\\\/consular\\\/amsterdam\\\/#organization\"},\"potentialAction\":[{\"@type\":\"SearchAction\",\"target\":{\"@type\":\"EntryPoint\",\"urlTemplate\":\"https:\\\/\\\/nld.mirex.gob.do\\\/consular\\\/amsterdam\\\/?s={search_term_string}\"},\"query-input\":{\"@type\":\"PropertyValueSpecification\",\"valueRequired\":true,\"valueName\":\"search_term_string\"}}],\"inLanguage\":\"en-US\"},{\"@type\":\"Organization\",\"@id\":\"https:\\\/\\\/nld.mirex.gob.do\\\/consular\\\/amsterdam\\\/#organization\",\"name\":\"Consulado General de la Rep\u00fablica Dominicana en La Haya, Reino de los Pa\u00edses Bajos\",\"url\":\"https:\\\/\\\/nld.mirex.gob.do\\\/consular\\\/amsterdam\\\/\",\"logo\":{\"@type\":\"ImageObject\",\"inLanguage\":\"en-US\",\"@id\":\"https:\\\/\\\/nld.mirex.gob.do\\\/consular\\\/amsterdam\\\/#\\\/schema\\\/logo\\\/image\\\/\",\"url\":\"https:\\\/\\\/nld.mirex.gob.do\\\/consular\\\/amsterdam\\\/wp-content\\\/uploads\\\/2024\\\/04\\\/cropped-consulado_la_haya_reinode_los_Paises_Bajos.jpg\",\"contentUrl\":\"https:\\\/\\\/nld.mirex.gob.do\\\/consular\\\/amsterdam\\\/wp-content\\\/uploads\\\/2024\\\/04\\\/cropped-consulado_la_haya_reinode_los_Paises_Bajos.jpg\",\"width\":999,\"height\":407,\"caption\":\"Consulado General de la Rep\u00fablica Dominicana en La Haya, Reino de los Pa\u00edses Bajos\"},\"image\":{\"@id\":\"https:\\\/\\\/nld.mirex.gob.do\\\/consular\\\/amsterdam\\\/#\\\/schema\\\/logo\\\/image\\\/\"}},{\"@type\":\"Person\",\"@id\":\"https:\\\/\\\/nld.mirex.gob.do\\\/consular\\\/amsterdam\\\/#\\\/schema\\\/person\\\/772a9951ade6a7e4ab978b618b619ff8\",\"name\":\"Michael Antonio Melo Andujar\",\"image\":{\"@type\":\"ImageObject\",\"inLanguage\":\"en-US\",\"@id\":\"https:\\\/\\\/secure.gravatar.com\\\/avatar\\\/f8862d24b6945a30d30c9727ef9dfcd533ee25a18a27afc92991446aeb0e652d?s=96&d=mm&r=g\",\"url\":\"https:\\\/\\\/secure.gravatar.com\\\/avatar\\\/f8862d24b6945a30d30c9727ef9dfcd533ee25a18a27afc92991446aeb0e652d?s=96&d=mm&r=g\",\"contentUrl\":\"https:\\\/\\\/secure.gravatar.com\\\/avatar\\\/f8862d24b6945a30d30c9727ef9dfcd533ee25a18a27afc92991446aeb0e652d?s=96&d=mm&r=g\",\"caption\":\"Michael Antonio Melo Andujar\"}}]}<\/script>\n<!-- \/ Yoast SEO plugin. -->","yoast_head_json":{"title":"Avances del Plan de alfabetizaci\u00f3n Quisqueya aprende contigo - Consulado General de la Rep\u00fablica Dominicana en La Haya, Reino de los Pa\u00edses Bajos","description":"Mapa de los avances del Plan de alfabetizaci\u00f3n \"Quisqueya aprende contigo\" - Abril 2015","robots":{"index":"index","follow":"follow","max-snippet":"max-snippet:-1","max-image-preview":"max-image-preview:large","max-video-preview":"max-video-preview:-1"},"canonical":"https:\/\/nld.mirex.gob.do\/consular\/amsterdam\/mapa-de-los-avances-del-plan-de-alfabetizacion-quisqueya-aprende-contigo\/","og_locale":"en_US","og_type":"article","og_title":"Avances del Plan de alfabetizaci\u00f3n Quisqueya aprende contigo - Consulado General de la Rep\u00fablica Dominicana en La Haya, Reino de los Pa\u00edses Bajos","og_description":"Mapa de los avances del Plan de alfabetizaci\u00f3n \"Quisqueya aprende contigo\" - Abril 2015","og_url":"https:\/\/nld.mirex.gob.do\/consular\/amsterdam\/mapa-de-los-avances-del-plan-de-alfabetizacion-quisqueya-aprende-contigo\/","og_site_name":"Consulado General de la Rep\u00fablica Dominicana en La Haya, Reino de los Pa\u00edses Bajos","article_published_time":"2015-04-13T09:30:41+00:00","og_image":[{"width":594,"height":460,"url":"https:\/\/nld.mirex.gob.do\/consular\/amsterdam\/wp-content\/uploads\/2015\/04\/plan-quisqueya-aprende-contigo-mapa-avances-a-nivel-provincial-mapa.jpg","type":"image\/jpeg"}],"author":"Michael Antonio Melo Andujar","twitter_card":"summary_large_image","twitter_misc":{"Written by":"Michael Antonio Melo Andujar","Est. reading time":"1 minute"},"schema":{"@context":"https:\/\/schema.org","@graph":[{"@type":"Article","@id":"https:\/\/nld.mirex.gob.do\/consular\/amsterdam\/mapa-de-los-avances-del-plan-de-alfabetizacion-quisqueya-aprende-contigo\/#article","isPartOf":{"@id":"https:\/\/nld.mirex.gob.do\/consular\/amsterdam\/mapa-de-los-avances-del-plan-de-alfabetizacion-quisqueya-aprende-contigo\/"},"author":{"name":"Michael Antonio Melo Andujar","@id":"https:\/\/nld.mirex.gob.do\/consular\/amsterdam\/#\/schema\/person\/772a9951ade6a7e4ab978b618b619ff8"},"headline":"Avances del Plan de alfabetizaci\u00f3n Quisqueya aprende contigo","datePublished":"2015-04-13T09:30:41+00:00","mainEntityOfPage":{"@id":"https:\/\/nld.mirex.gob.do\/consular\/amsterdam\/mapa-de-los-avances-del-plan-de-alfabetizacion-quisqueya-aprende-contigo\/"},"wordCount":278,"publisher":{"@id":"https:\/\/nld.mirex.gob.do\/consular\/amsterdam\/#organization"},"image":{"@id":"https:\/\/nld.mirex.gob.do\/consular\/amsterdam\/mapa-de-los-avances-del-plan-de-alfabetizacion-quisqueya-aprende-contigo\/#primaryimage"},"thumbnailUrl":"https:\/\/nld.mirex.gob.do\/consular\/amsterdam\/wp-content\/uploads\/2015\/04\/plan-quisqueya-aprende-contigo-mapa-avances-a-nivel-provincial-mapa.jpg","keywords":["Alfabetizaci\u00f3n","DIGIPEP","Informaci\u00f3n","Quisqueya-aprende-contigo","Rep\u00fablica Dominicana"],"articleSection":["Quisqueya aprende contigo"],"inLanguage":"en-US"},{"@type":"WebPage","@id":"https:\/\/nld.mirex.gob.do\/consular\/amsterdam\/mapa-de-los-avances-del-plan-de-alfabetizacion-quisqueya-aprende-contigo\/","url":"https:\/\/nld.mirex.gob.do\/consular\/amsterdam\/mapa-de-los-avances-del-plan-de-alfabetizacion-quisqueya-aprende-contigo\/","name":"Avances del Plan de alfabetizaci\u00f3n Quisqueya aprende contigo - Consulado General de la Rep\u00fablica Dominicana en La Haya, Reino de los Pa\u00edses Bajos","isPartOf":{"@id":"https:\/\/nld.mirex.gob.do\/consular\/amsterdam\/#website"},"primaryImageOfPage":{"@id":"https:\/\/nld.mirex.gob.do\/consular\/amsterdam\/mapa-de-los-avances-del-plan-de-alfabetizacion-quisqueya-aprende-contigo\/#primaryimage"},"image":{"@id":"https:\/\/nld.mirex.gob.do\/consular\/amsterdam\/mapa-de-los-avances-del-plan-de-alfabetizacion-quisqueya-aprende-contigo\/#primaryimage"},"thumbnailUrl":"https:\/\/nld.mirex.gob.do\/consular\/amsterdam\/wp-content\/uploads\/2015\/04\/plan-quisqueya-aprende-contigo-mapa-avances-a-nivel-provincial-mapa.jpg","datePublished":"2015-04-13T09:30:41+00:00","description":"Mapa de los avances del Plan de alfabetizaci\u00f3n \"Quisqueya aprende contigo\" - Abril 2015","breadcrumb":{"@id":"https:\/\/nld.mirex.gob.do\/consular\/amsterdam\/mapa-de-los-avances-del-plan-de-alfabetizacion-quisqueya-aprende-contigo\/#breadcrumb"},"inLanguage":"en-US","potentialAction":[{"@type":"ReadAction","target":["https:\/\/nld.mirex.gob.do\/consular\/amsterdam\/mapa-de-los-avances-del-plan-de-alfabetizacion-quisqueya-aprende-contigo\/"]}]},{"@type":"ImageObject","inLanguage":"en-US","@id":"https:\/\/nld.mirex.gob.do\/consular\/amsterdam\/mapa-de-los-avances-del-plan-de-alfabetizacion-quisqueya-aprende-contigo\/#primaryimage","url":"https:\/\/nld.mirex.gob.do\/consular\/amsterdam\/wp-content\/uploads\/2015\/04\/plan-quisqueya-aprende-contigo-mapa-avances-a-nivel-provincial-mapa.jpg","contentUrl":"https:\/\/nld.mirex.gob.do\/consular\/amsterdam\/wp-content\/uploads\/2015\/04\/plan-quisqueya-aprende-contigo-mapa-avances-a-nivel-provincial-mapa.jpg","width":594,"height":460},{"@type":"BreadcrumbList","@id":"https:\/\/nld.mirex.gob.do\/consular\/amsterdam\/mapa-de-los-avances-del-plan-de-alfabetizacion-quisqueya-aprende-contigo\/#breadcrumb","itemListElement":[{"@type":"ListItem","position":1,"name":"Inicio","item":"https:\/\/nld.mirex.gob.do\/consular\/amsterdam\/"},{"@type":"ListItem","position":2,"name":"Avances del Plan de alfabetizaci\u00f3n Quisqueya aprende contigo"}]},{"@type":"WebSite","@id":"https:\/\/nld.mirex.gob.do\/consular\/amsterdam\/#website","url":"https:\/\/nld.mirex.gob.do\/consular\/amsterdam\/","name":"Consulado General de la Rep\u00fablica Dominicana en La Haya, Reino de los Pa\u00edses Bajos","description":"","publisher":{"@id":"https:\/\/nld.mirex.gob.do\/consular\/amsterdam\/#organization"},"potentialAction":[{"@type":"SearchAction","target":{"@type":"EntryPoint","urlTemplate":"https:\/\/nld.mirex.gob.do\/consular\/amsterdam\/?s={search_term_string}"},"query-input":{"@type":"PropertyValueSpecification","valueRequired":true,"valueName":"search_term_string"}}],"inLanguage":"en-US"},{"@type":"Organization","@id":"https:\/\/nld.mirex.gob.do\/consular\/amsterdam\/#organization","name":"Consulado General de la Rep\u00fablica Dominicana en La Haya, Reino de los Pa\u00edses Bajos","url":"https:\/\/nld.mirex.gob.do\/consular\/amsterdam\/","logo":{"@type":"ImageObject","inLanguage":"en-US","@id":"https:\/\/nld.mirex.gob.do\/consular\/amsterdam\/#\/schema\/logo\/image\/","url":"https:\/\/nld.mirex.gob.do\/consular\/amsterdam\/wp-content\/uploads\/2024\/04\/cropped-consulado_la_haya_reinode_los_Paises_Bajos.jpg","contentUrl":"https:\/\/nld.mirex.gob.do\/consular\/amsterdam\/wp-content\/uploads\/2024\/04\/cropped-consulado_la_haya_reinode_los_Paises_Bajos.jpg","width":999,"height":407,"caption":"Consulado General de la Rep\u00fablica Dominicana en La Haya, Reino de los Pa\u00edses Bajos"},"image":{"@id":"https:\/\/nld.mirex.gob.do\/consular\/amsterdam\/#\/schema\/logo\/image\/"}},{"@type":"Person","@id":"https:\/\/nld.mirex.gob.do\/consular\/amsterdam\/#\/schema\/person\/772a9951ade6a7e4ab978b618b619ff8","name":"Michael Antonio Melo Andujar","image":{"@type":"ImageObject","inLanguage":"en-US","@id":"https:\/\/secure.gravatar.com\/avatar\/f8862d24b6945a30d30c9727ef9dfcd533ee25a18a27afc92991446aeb0e652d?s=96&d=mm&r=g","url":"https:\/\/secure.gravatar.com\/avatar\/f8862d24b6945a30d30c9727ef9dfcd533ee25a18a27afc92991446aeb0e652d?s=96&d=mm&r=g","contentUrl":"https:\/\/secure.gravatar.com\/avatar\/f8862d24b6945a30d30c9727ef9dfcd533ee25a18a27afc92991446aeb0e652d?s=96&d=mm&r=g","caption":"Michael Antonio Melo Andujar"}}]}},"_links":{"self":[{"href":"https:\/\/nld.mirex.gob.do\/consular\/amsterdam\/wp-json\/wp\/v2\/posts\/1505","targetHints":{"allow":["GET"]}}],"collection":[{"href":"https:\/\/nld.mirex.gob.do\/consular\/amsterdam\/wp-json\/wp\/v2\/posts"}],"about":[{"href":"https:\/\/nld.mirex.gob.do\/consular\/amsterdam\/wp-json\/wp\/v2\/types\/post"}],"author":[{"embeddable":true,"href":"https:\/\/nld.mirex.gob.do\/consular\/amsterdam\/wp-json\/wp\/v2\/users\/8"}],"replies":[{"embeddable":true,"href":"https:\/\/nld.mirex.gob.do\/consular\/amsterdam\/wp-json\/wp\/v2\/comments?post=1505"}],"version-history":[{"count":0,"href":"https:\/\/nld.mirex.gob.do\/consular\/amsterdam\/wp-json\/wp\/v2\/posts\/1505\/revisions"}],"wp:featuredmedia":[{"embeddable":true,"href":"https:\/\/nld.mirex.gob.do\/consular\/amsterdam\/wp-json\/wp\/v2\/media\/1507"}],"wp:attachment":[{"href":"https:\/\/nld.mirex.gob.do\/consular\/amsterdam\/wp-json\/wp\/v2\/media?parent=1505"}],"wp:term":[{"taxonomy":"category","embeddable":true,"href":"https:\/\/nld.mirex.gob.do\/consular\/amsterdam\/wp-json\/wp\/v2\/categories?post=1505"},{"taxonomy":"post_tag","embeddable":true,"href":"https:\/\/nld.mirex.gob.do\/consular\/amsterdam\/wp-json\/wp\/v2\/tags?post=1505"}],"curies":[{"name":"wp","href":"https:\/\/api.w.org\/{rel}","templated":true}]}}